{"id":19809,"date":"2021-05-25T00:00:00","date_gmt":"2021-05-25T00:00:00","guid":{"rendered":"https:\/\/www.isdi.education\/mx\/lo-que-instagram-te-puede-ensenar-de-inclusion-en-el-ambito-laboral\/"},"modified":"2021-05-25T00:00:00","modified_gmt":"2021-05-25T00:00:00","slug":"lo-que-instagram-te-puede-ensenar-de-inclusion-en-el-ambito-laboral","status":"publish","type":"post","link":"https:\/\/www.isdi.education\/mx\/blog\/lo-que-instagram-te-puede-ensenar-de-inclusion-en-el-ambito-laboral","title":{"rendered":"Lo que Instagram te puede ense\u00f1ar de inclusi\u00f3n en el \u00e1mbito laboral"},"content":{"rendered":"<div id=\"07M-wysiwyg-1\" class=\"07M-wysiwyg anchor--link \" data-anchor-content>\n<section class=\"wysiwyg mb-xl\">\n<div class=\"wrapper wrapper--small\">\n<div class=\"wysiwyg__content\">\n<div>\n<p style=\"text-align:justify\"><strong>Por Mauricio Cabrera<\/strong><\/p>\n<p style=\"text-align:justify\">Mientras <strong>Twitter<\/strong> aprieta el acelerador para generar herramientas que lo posicionen como la <a href=\"https:\/\/www.storybaker.co\/p\/twitter-la-superapp-de-los-escritores\" target=\"_blank\" rel=\"noopener\">\u201cs\u00faper app de los escritores\u201d<\/a>, Instagram contin\u00faa enfoc\u00e1ndose en ser m\u00e1s inclusivo y en detonar la diversidad de contenidos tanto en <a target=\"_blank\" href=\"https:\/\/www.instagram.com\/isdi_mx\/reels\/\" rel=\"noopener\"><strong>Reels<\/strong><\/a> -su r\u00e9plica de Tik Tok-, como en <a target=\"_blank\" href=\"https:\/\/www.instagram.com\/isdi_mx\/channel\/\" rel=\"noopener\"><strong>IGTV<\/strong><\/a>, donde busca posicionar la generaci\u00f3n de contenido de larga duraci\u00f3n.<\/p>\n<p style=\"text-align:justify\">El m\u00e1s reciente anuncio de Instagram consisti\u00f3 en el lanzamiento de una funci\u00f3n que permite a los usuarios elegir <a href=\"https:\/\/www.today.com\/popculture\/instagram-lets-users-add-pronouns-new-featured-section-profiles-t218139#:~:text=Instead%20of%20using%20up%20precious,%2Fher%20and%20they%2Fthem.\" target=\"_blank\" rel=\"noopener\">bajo qu\u00e9 pronombre <\/a>quieren ser identificados en la plataforma, con lo que se busca reducir la fricci\u00f3n entre usuarios y contribuir a que cada quien pueda elegir c\u00f3mo quiere que se refieran a ell@s dentro de la red social.<\/p>\n<p style=\"text-align:justify\"><a target=\"_blank\" href=\"https:\/\/www.instagram.com\/isdi_mx\/\" rel=\"noopener\"><strong>Instagram<\/strong><\/a> ha dado a conocer que por ahora est\u00e1 funci\u00f3n se encuentra disponible solo en ciertos mercados, pero planea habilitarla a la brevedad para el resto de sus usuarios.<\/p>\n<p style=\"text-align:justify\">Vale decir que este movimiento de Instagram no se produce de forma aislada. Aqu\u00ed una serie de empresas que han realizado anuncios semejantes bajo el contexto social en que nos encontramos.<\/p>\n<p style=\"text-align:justify\"><strong>1)<\/strong> <strong>OkCupid: <\/strong>esta app de citas ha puesto especial \u00e9nfasis en este punto, habilitando no solo los pronombres (he \/ him \/ she \/ her \/ they \/ them), sino tambi\u00e9n 22 alternativas de g\u00e9nero distintas y 13 opciones de preferencia sexual.<\/p>\n<p style=\"text-align:justify\"><strong>2)<\/strong> <strong>Lyft: <\/strong>la principal competencia de Uber en Estados Unidos tambi\u00e9n ha habilitado una funcionalidad que permite a pasajeros elegir c\u00f3mo quieren ser identificados. De acuerdo con la propia empresa, el desarrollo del producto incluir\u00e1 que los propios conductores puedan elegir su pronombre, adem\u00e1s de recibir apoyo recurrente en torno al proceso legal que han de seguir para adoptar su nombre e identidad.\u00a0<\/p>\n<h4 style=\"text-align:justify\"><strong>\u00bfQu\u00e9 se puede aprender del anuncio de Instagram?\u00a0<\/strong><\/h4>\n<p style=\"text-align:justify\">\u25ba Debe habilitarse una alternativa para que tus empleados\/colaboradores hagan un statement p\u00fablico respecto a c\u00f3mo quieren ser reconocidos<\/p>\n<p style=\"text-align:justify\">\u25ba Dicha opci\u00f3n no tiene por qu\u00e9 estar escrita en piedra, debe permitirse que el colaborador tome sus decisiones libremente y en el momento que quiera\u00a0<\/p>\n<p style=\"text-align:justify\">\u25ba Debe generarse informaci\u00f3n y un ambiente de apoyo legal para personas que est\u00e9n viviendo su propio proceso de transformaci\u00f3n de identidad.<\/p>\n<\/div><\/div>\n<\/p><\/div>\n<\/section><\/div>\n","protected":false},"excerpt":{"rendered":"<p>Por Mauricio Cabrera Mientras Twitter aprieta el acelerador para generar herramientas que lo posicionen como la \u201cs\u00faper app de los escritores\u201d, Instagram contin\u00faa enfoc\u00e1ndose en ser m\u00e1s inclusivo y en detonar la diversidad de contenidos tanto en Reels -su r\u00e9plica de Tik Tok-, como en IGTV, donde busca posicionar la generaci\u00f3n de contenido de larga&#8230;<\/p>\n","protected":false},"author":1,"featured_media":19808,"comment_status":"open","ping_status":"open","sticky":false,"template":"","format":"standard","meta":{"_acf_changed":false,"footnotes":""},"categories":[52],"tags":[],"class_list":["post-19809","post","type-post","status-publish","format-standard","has-post-thumbnail","hentry","category-social-media"],"acf":[],"yoast_head":"<!-- This site is optimized with the Yoast SEO plugin v27.4 - https:\/\/yoast.com\/product\/yoast-seo-wordpress\/ -->\n<title>Lo que Instagram te puede ense\u00f1ar de inclusi\u00f3n en el \u00e1mbito laboral<\/title>\n<meta name=\"robots\" content=\"index, follow, max-snippet:-1, max-image-preview:large, max-video-preview:-1\" \/>\n<link rel=\"canonical\" href=\"https:\/\/www.isdi.education\/mx\/blog\/lo-que-instagram-te-puede-ensenar-de-inclusion-en-el-ambito-laboral\" \/>\n<meta property=\"og:locale\" content=\"es_MX\" \/>\n<meta property=\"og:type\" content=\"article\" \/>\n<meta property=\"og:title\" content=\"Lo que Instagram te puede ense\u00f1ar de inclusi\u00f3n en el \u00e1mbito laboral\" \/>\n<meta property=\"og:description\" content=\"Por Mauricio Cabrera Mientras Twitter aprieta el acelerador para generar herramientas que lo posicionen como la \u201cs\u00faper app de los escritores\u201d, Instagram contin\u00faa enfoc\u00e1ndose en ser m\u00e1s inclusivo y en detonar la diversidad de contenidos tanto en Reels -su r\u00e9plica de Tik Tok-, como en IGTV, donde busca posicionar la generaci\u00f3n de contenido de larga...\" \/>\n<meta property=\"og:url\" content=\"https:\/\/www.isdi.education\/mx\/blog\/lo-que-instagram-te-puede-ensenar-de-inclusion-en-el-ambito-laboral\" \/>\n<meta property=\"og:site_name\" content=\"ISDI Mexico\" \/>\n<meta property=\"article:published_time\" content=\"2021-05-25T00:00:00+00:00\" \/>\n<meta property=\"og:image\" content=\"https:\/\/www.isdi.education\/mx\/wp-content\/uploads\/sites\/5\/2024\/03\/1080-insta20thumb.jpg\" \/>\n\t<meta property=\"og:image:width\" content=\"600\" \/>\n\t<meta property=\"og:image:height\" content=\"400\" \/>\n\t<meta property=\"og:image:type\" content=\"image\/jpeg\" \/>\n<meta name=\"twitter:card\" content=\"summary_large_image\" \/>\n<meta name=\"twitter:label1\" content=\"Escrito por\" \/>\n\t<meta name=\"twitter:data1\" content=\"\" \/>\n\t<meta name=\"twitter:label2\" content=\"Tiempo de lectura\" \/>\n\t<meta name=\"twitter:data2\" content=\"2 minutos\" \/>\n<script type=\"application\/ld+json\" class=\"yoast-schema-graph\">{\"@context\":\"https:\\\/\\\/schema.org\",\"@graph\":[{\"@type\":\"Article\",\"@id\":\"https:\\\/\\\/www.isdi.education\\\/mx\\\/blog\\\/lo-que-instagram-te-puede-ensenar-de-inclusion-en-el-ambito-laboral#article\",\"isPartOf\":{\"@id\":\"https:\\\/\\\/www.isdi.education\\\/mx\\\/blog\\\/lo-que-instagram-te-puede-ensenar-de-inclusion-en-el-ambito-laboral\"},\"author\":{\"name\":\"\",\"@id\":\"\"},\"headline\":\"Lo que Instagram te puede ense\u00f1ar de inclusi\u00f3n en el \u00e1mbito laboral\",\"datePublished\":\"2021-05-25T00:00:00+00:00\",\"mainEntityOfPage\":{\"@id\":\"https:\\\/\\\/www.isdi.education\\\/mx\\\/blog\\\/lo-que-instagram-te-puede-ensenar-de-inclusion-en-el-ambito-laboral\"},\"wordCount\":381,\"commentCount\":0,\"publisher\":{\"@id\":\"https:\\\/\\\/www.isdi.education\\\/mx\\\/#organization\"},\"image\":{\"@id\":\"https:\\\/\\\/www.isdi.education\\\/mx\\\/blog\\\/lo-que-instagram-te-puede-ensenar-de-inclusion-en-el-ambito-laboral#primaryimage\"},\"thumbnailUrl\":\"https:\\\/\\\/www.isdi.education\\\/mx\\\/wp-content\\\/uploads\\\/sites\\\/5\\\/2024\\\/03\\\/1080-insta20thumb.jpg\",\"articleSection\":[\"Social Media\"],\"inLanguage\":\"es\",\"potentialAction\":[{\"@type\":\"CommentAction\",\"name\":\"Comment\",\"target\":[\"https:\\\/\\\/www.isdi.education\\\/mx\\\/blog\\\/lo-que-instagram-te-puede-ensenar-de-inclusion-en-el-ambito-laboral#respond\"]}]},{\"@type\":\"WebPage\",\"@id\":\"https:\\\/\\\/www.isdi.education\\\/mx\\\/blog\\\/lo-que-instagram-te-puede-ensenar-de-inclusion-en-el-ambito-laboral\",\"url\":\"https:\\\/\\\/www.isdi.education\\\/mx\\\/blog\\\/lo-que-instagram-te-puede-ensenar-de-inclusion-en-el-ambito-laboral\",\"name\":\"Lo que Instagram te puede ense\u00f1ar de inclusi\u00f3n en el \u00e1mbito laboral\",\"isPartOf\":{\"@id\":\"https:\\\/\\\/www.isdi.education\\\/mx\\\/#website\"},\"primaryImageOfPage\":{\"@id\":\"https:\\\/\\\/www.isdi.education\\\/mx\\\/blog\\\/lo-que-instagram-te-puede-ensenar-de-inclusion-en-el-ambito-laboral#primaryimage\"},\"image\":{\"@id\":\"https:\\\/\\\/www.isdi.education\\\/mx\\\/blog\\\/lo-que-instagram-te-puede-ensenar-de-inclusion-en-el-ambito-laboral#primaryimage\"},\"thumbnailUrl\":\"https:\\\/\\\/www.isdi.education\\\/mx\\\/wp-content\\\/uploads\\\/sites\\\/5\\\/2024\\\/03\\\/1080-insta20thumb.jpg\",\"datePublished\":\"2021-05-25T00:00:00+00:00\",\"breadcrumb\":{\"@id\":\"https:\\\/\\\/www.isdi.education\\\/mx\\\/blog\\\/lo-que-instagram-te-puede-ensenar-de-inclusion-en-el-ambito-laboral#breadcrumb\"},\"inLanguage\":\"es\",\"potentialAction\":[{\"@type\":\"ReadAction\",\"target\":[\"https:\\\/\\\/www.isdi.education\\\/mx\\\/blog\\\/lo-que-instagram-te-puede-ensenar-de-inclusion-en-el-ambito-laboral\"]}]},{\"@type\":\"ImageObject\",\"inLanguage\":\"es\",\"@id\":\"https:\\\/\\\/www.isdi.education\\\/mx\\\/blog\\\/lo-que-instagram-te-puede-ensenar-de-inclusion-en-el-ambito-laboral#primaryimage\",\"url\":\"https:\\\/\\\/www.isdi.education\\\/mx\\\/wp-content\\\/uploads\\\/sites\\\/5\\\/2024\\\/03\\\/1080-insta20thumb.jpg\",\"contentUrl\":\"https:\\\/\\\/www.isdi.education\\\/mx\\\/wp-content\\\/uploads\\\/sites\\\/5\\\/2024\\\/03\\\/1080-insta20thumb.jpg\",\"width\":600,\"height\":400,\"caption\":\"Lo que Instagram te puede ense\u00f1ar de inclusi\u00f3n en el \u00e1mbito laboral\"},{\"@type\":\"BreadcrumbList\",\"@id\":\"https:\\\/\\\/www.isdi.education\\\/mx\\\/blog\\\/lo-que-instagram-te-puede-ensenar-de-inclusion-en-el-ambito-laboral#breadcrumb\",\"itemListElement\":[{\"@type\":\"ListItem\",\"position\":1,\"name\":\"Portada\",\"item\":\"https:\\\/\\\/www.isdi.education\\\/mx\\\/\"},{\"@type\":\"ListItem\",\"position\":2,\"name\":\"Lo que Instagram te puede ense\u00f1ar de inclusi\u00f3n en el \u00e1mbito laboral\"}]},{\"@type\":\"WebSite\",\"@id\":\"https:\\\/\\\/www.isdi.education\\\/mx\\\/#website\",\"url\":\"https:\\\/\\\/www.isdi.education\\\/mx\\\/\",\"name\":\"ISDI Mexico\",\"description\":\"Descubre la formaci\u00f3n que te abrir\u00e1 las puertas a la era digital. Entra a formar parte de la primera escuela de negocios y direcci\u00f3n nativa digital.\",\"publisher\":{\"@id\":\"https:\\\/\\\/www.isdi.education\\\/mx\\\/#organization\"},\"inLanguage\":\"es\"},{\"@type\":\"Organization\",\"@id\":\"https:\\\/\\\/www.isdi.education\\\/mx\\\/#organization\",\"name\":\"ISDI Mexico\",\"url\":\"https:\\\/\\\/www.isdi.education\\\/mx\\\/\",\"logo\":{\"@type\":\"ImageObject\",\"inLanguage\":\"es\",\"@id\":\"https:\\\/\\\/www.isdi.education\\\/mx\\\/#\\\/schema\\\/logo\\\/image\\\/\",\"url\":\"https:\\\/\\\/www.isdi.education\\\/mx\\\/wp-content\\\/uploads\\\/sites\\\/5\\\/2023\\\/12\\\/logoISDI-blanco.svg\",\"contentUrl\":\"https:\\\/\\\/www.isdi.education\\\/mx\\\/wp-content\\\/uploads\\\/sites\\\/5\\\/2023\\\/12\\\/logoISDI-blanco.svg\",\"width\":79,\"height\":100,\"caption\":\"ISDI Mexico\"},\"image\":{\"@id\":\"https:\\\/\\\/www.isdi.education\\\/mx\\\/#\\\/schema\\\/logo\\\/image\\\/\"}},{\"@type\":\"Person\",\"@id\":\"\",\"url\":\"https:\\\/\\\/www.isdi.education\\\/mx\\\/author\"}]}<\/script>\n<!-- \/ Yoast SEO plugin. -->","yoast_head_json":{"title":"Lo que Instagram te puede ense\u00f1ar de inclusi\u00f3n en el \u00e1mbito laboral","robots":{"index":"index","follow":"follow","max-snippet":"max-snippet:-1","max-image-preview":"max-image-preview:large","max-video-preview":"max-video-preview:-1"},"canonical":"https:\/\/www.isdi.education\/mx\/blog\/lo-que-instagram-te-puede-ensenar-de-inclusion-en-el-ambito-laboral","og_locale":"es_MX","og_type":"article","og_title":"Lo que Instagram te puede ense\u00f1ar de inclusi\u00f3n en el \u00e1mbito laboral","og_description":"Por Mauricio Cabrera Mientras Twitter aprieta el acelerador para generar herramientas que lo posicionen como la \u201cs\u00faper app de los escritores\u201d, Instagram contin\u00faa enfoc\u00e1ndose en ser m\u00e1s inclusivo y en detonar la diversidad de contenidos tanto en Reels -su r\u00e9plica de Tik Tok-, como en IGTV, donde busca posicionar la generaci\u00f3n de contenido de larga...","og_url":"https:\/\/www.isdi.education\/mx\/blog\/lo-que-instagram-te-puede-ensenar-de-inclusion-en-el-ambito-laboral","og_site_name":"ISDI Mexico","article_published_time":"2021-05-25T00:00:00+00:00","og_image":[{"width":600,"height":400,"url":"https:\/\/www.isdi.education\/mx\/wp-content\/uploads\/sites\/5\/2024\/03\/1080-insta20thumb.jpg","type":"image\/jpeg"}],"twitter_card":"summary_large_image","twitter_misc":{"Escrito por":"","Tiempo de lectura":"2 minutos"},"schema":{"@context":"https:\/\/schema.org","@graph":[{"@type":"Article","@id":"https:\/\/www.isdi.education\/mx\/blog\/lo-que-instagram-te-puede-ensenar-de-inclusion-en-el-ambito-laboral#article","isPartOf":{"@id":"https:\/\/www.isdi.education\/mx\/blog\/lo-que-instagram-te-puede-ensenar-de-inclusion-en-el-ambito-laboral"},"author":{"name":"","@id":""},"headline":"Lo que Instagram te puede ense\u00f1ar de inclusi\u00f3n en el \u00e1mbito laboral","datePublished":"2021-05-25T00:00:00+00:00","mainEntityOfPage":{"@id":"https:\/\/www.isdi.education\/mx\/blog\/lo-que-instagram-te-puede-ensenar-de-inclusion-en-el-ambito-laboral"},"wordCount":381,"commentCount":0,"publisher":{"@id":"https:\/\/www.isdi.education\/mx\/#organization"},"image":{"@id":"https:\/\/www.isdi.education\/mx\/blog\/lo-que-instagram-te-puede-ensenar-de-inclusion-en-el-ambito-laboral#primaryimage"},"thumbnailUrl":"https:\/\/www.isdi.education\/mx\/wp-content\/uploads\/sites\/5\/2024\/03\/1080-insta20thumb.jpg","articleSection":["Social Media"],"inLanguage":"es","potentialAction":[{"@type":"CommentAction","name":"Comment","target":["https:\/\/www.isdi.education\/mx\/blog\/lo-que-instagram-te-puede-ensenar-de-inclusion-en-el-ambito-laboral#respond"]}]},{"@type":"WebPage","@id":"https:\/\/www.isdi.education\/mx\/blog\/lo-que-instagram-te-puede-ensenar-de-inclusion-en-el-ambito-laboral","url":"https:\/\/www.isdi.education\/mx\/blog\/lo-que-instagram-te-puede-ensenar-de-inclusion-en-el-ambito-laboral","name":"Lo que Instagram te puede ense\u00f1ar de inclusi\u00f3n en el \u00e1mbito laboral","isPartOf":{"@id":"https:\/\/www.isdi.education\/mx\/#website"},"primaryImageOfPage":{"@id":"https:\/\/www.isdi.education\/mx\/blog\/lo-que-instagram-te-puede-ensenar-de-inclusion-en-el-ambito-laboral#primaryimage"},"image":{"@id":"https:\/\/www.isdi.education\/mx\/blog\/lo-que-instagram-te-puede-ensenar-de-inclusion-en-el-ambito-laboral#primaryimage"},"thumbnailUrl":"https:\/\/www.isdi.education\/mx\/wp-content\/uploads\/sites\/5\/2024\/03\/1080-insta20thumb.jpg","datePublished":"2021-05-25T00:00:00+00:00","breadcrumb":{"@id":"https:\/\/www.isdi.education\/mx\/blog\/lo-que-instagram-te-puede-ensenar-de-inclusion-en-el-ambito-laboral#breadcrumb"},"inLanguage":"es","potentialAction":[{"@type":"ReadAction","target":["https:\/\/www.isdi.education\/mx\/blog\/lo-que-instagram-te-puede-ensenar-de-inclusion-en-el-ambito-laboral"]}]},{"@type":"ImageObject","inLanguage":"es","@id":"https:\/\/www.isdi.education\/mx\/blog\/lo-que-instagram-te-puede-ensenar-de-inclusion-en-el-ambito-laboral#primaryimage","url":"https:\/\/www.isdi.education\/mx\/wp-content\/uploads\/sites\/5\/2024\/03\/1080-insta20thumb.jpg","contentUrl":"https:\/\/www.isdi.education\/mx\/wp-content\/uploads\/sites\/5\/2024\/03\/1080-insta20thumb.jpg","width":600,"height":400,"caption":"Lo que Instagram te puede ense\u00f1ar de inclusi\u00f3n en el \u00e1mbito laboral"},{"@type":"BreadcrumbList","@id":"https:\/\/www.isdi.education\/mx\/blog\/lo-que-instagram-te-puede-ensenar-de-inclusion-en-el-ambito-laboral#breadcrumb","itemListElement":[{"@type":"ListItem","position":1,"name":"Portada","item":"https:\/\/www.isdi.education\/mx\/"},{"@type":"ListItem","position":2,"name":"Lo que Instagram te puede ense\u00f1ar de inclusi\u00f3n en el \u00e1mbito laboral"}]},{"@type":"WebSite","@id":"https:\/\/www.isdi.education\/mx\/#website","url":"https:\/\/www.isdi.education\/mx\/","name":"ISDI Mexico","description":"Descubre la formaci\u00f3n que te abrir\u00e1 las puertas a la era digital. Entra a formar parte de la primera escuela de negocios y direcci\u00f3n nativa digital.","publisher":{"@id":"https:\/\/www.isdi.education\/mx\/#organization"},"inLanguage":"es"},{"@type":"Organization","@id":"https:\/\/www.isdi.education\/mx\/#organization","name":"ISDI Mexico","url":"https:\/\/www.isdi.education\/mx\/","logo":{"@type":"ImageObject","inLanguage":"es","@id":"https:\/\/www.isdi.education\/mx\/#\/schema\/logo\/image\/","url":"https:\/\/www.isdi.education\/mx\/wp-content\/uploads\/sites\/5\/2023\/12\/logoISDI-blanco.svg","contentUrl":"https:\/\/www.isdi.education\/mx\/wp-content\/uploads\/sites\/5\/2023\/12\/logoISDI-blanco.svg","width":79,"height":100,"caption":"ISDI Mexico"},"image":{"@id":"https:\/\/www.isdi.education\/mx\/#\/schema\/logo\/image\/"}},{"@type":"Person","@id":"","url":"https:\/\/www.isdi.education\/mx\/author"}]}},"_links":{"self":[{"href":"https:\/\/www.isdi.education\/mx\/wp-json\/wp\/v2\/posts\/19809","targetHints":{"allow":["GET"]}}],"collection":[{"href":"https:\/\/www.isdi.education\/mx\/wp-json\/wp\/v2\/posts"}],"about":[{"href":"https:\/\/www.isdi.education\/mx\/wp-json\/wp\/v2\/types\/post"}],"author":[{"embeddable":true,"href":"https:\/\/www.isdi.education\/mx\/wp-json\/wp\/v2\/users\/1"}],"replies":[{"embeddable":true,"href":"https:\/\/www.isdi.education\/mx\/wp-json\/wp\/v2\/comments?post=19809"}],"version-history":[{"count":0,"href":"https:\/\/www.isdi.education\/mx\/wp-json\/wp\/v2\/posts\/19809\/revisions"}],"wp:featuredmedia":[{"embeddable":true,"href":"https:\/\/www.isdi.education\/mx\/wp-json\/wp\/v2\/media\/19808"}],"wp:attachment":[{"href":"https:\/\/www.isdi.education\/mx\/wp-json\/wp\/v2\/media?parent=19809"}],"wp:term":[{"taxonomy":"category","embeddable":true,"href":"https:\/\/www.isdi.education\/mx\/wp-json\/wp\/v2\/categories?post=19809"},{"taxonomy":"post_tag","embeddable":true,"href":"https:\/\/www.isdi.education\/mx\/wp-json\/wp\/v2\/tags?post=19809"}],"curies":[{"name":"wp","href":"https:\/\/api.w.org\/{rel}","templated":true}]}}