{"id":19733,"date":"2020-06-25T00:00:00","date_gmt":"2020-06-25T00:00:00","guid":{"rendered":"https:\/\/www.isdi.education\/mx\/que-la-inteligencia-artificial-no-te-deje-sin-trabajo\/"},"modified":"2020-06-25T00:00:00","modified_gmt":"2020-06-25T00:00:00","slug":"que-la-inteligencia-artificial-no-te-deje-sin-trabajo","status":"publish","type":"post","link":"https:\/\/www.isdi.education\/mx\/blog\/que-la-inteligencia-artificial-no-te-deje-sin-trabajo","title":{"rendered":"Que la inteligencia artificial no te deje sin trabajo"},"content":{"rendered":"<div id=\"07M-wysiwyg-1\" class=\"07M-wysiwyg anchor--link \" data-anchor-content>\n<section class=\"wysiwyg mb-xl\">\n<div class=\"wrapper wrapper--small\">\n<p class=\"t-small mb-xs\">\n<div class=\"wysiwyg__content\">\n<div>\n<p class=\"rtejustify\"><strong>Por Redacci\u00f3n ISDI<\/strong><\/p>\n<p class=\"rtejustify\">Si eres contador, administrador de empresas o incluso abogado, podr\u00edas pensar que la <strong>inteligencia artificial<\/strong> o la <strong>automatizaci\u00f3n<\/strong> van a quitarte el trabajo, o peor a\u00fan, que estos conceptos no son relevantes para ti pues no impactan a tu industria de ninguna manera. Cualquiera de las dos acepciones, no podr\u00edan estar m\u00e1s equivocadas.<\/p>\n<p class=\"rtejustify\">Si bien la <strong>tecnolog\u00eda<\/strong> no desplazar\u00e1 por completo servicios profesionales como los mencionados, su impacto ya ha comenzado a ser evidente, por ello es importante que aprendas las formas en las que podr\u00edas sacarle provecho, mejorando tu empresa, incrementando tu revenue, n\u00famero de clientes o incluso hasta redireccionando tu negocio hacia aristas que ni siquiera hab\u00edas considerado.<\/p>\n<p class=\"rtejustify\">Primero hay que entender que la tecnolog\u00eda no es tu enemiga, al contrario, es una aliada dentro de las nuevas formas de hacer negocios. La automatizaci\u00f3n sirve para eliminar la fricci\u00f3n, reducir costos, acelerar procesos y en general, mejorar la eficiencia de un negocio.<\/p>\n<p class=\"rtejustify\">Las nuevas tecnolog\u00edas de <strong>transformaci\u00f3n digital<\/strong> como la automatizaci\u00f3n y la <strong>data<\/strong>, son aliados que pueden ayudar a catapultar una firma de contables o un bufete de abogados a niveles insospechados.<\/p>\n<p class=\"rtejustify\">Gran parte del trabajo realizado por las empresas en estos sectores es buscar y compilar datos. Su trabajo mejorar\u00eda enormemente y se acelerar\u00eda si la recuperaci\u00f3n de datos pudiera automatizarse, si las bases de datos fueran compatibles y si se pudieran interrogar varias bases de datos simult\u00e1neamente.<\/p>\n<blockquote>\n<p class=\"rtejustify\"><strong>La tecnolog\u00eda no es tu enemiga, es una aliada dentro de las nuevas formas de hacer negocios<\/strong><\/p>\n<\/blockquote>\n<p class=\"rtejustify\">Las bases de datos tradicionales no se comunican entre s\u00ed, son obsoletas, muchas veces incompletas, desactualizadas e incluso pueden aun estar en papel, sin captura digital, lo que puede hacer el trabajo m\u00e1s complicado.<\/p>\n<p class=\"rtejustify\">En un art\u00edculo recientemente publicado por Forbes se habla de un nuevo tipo de base de datos llamado knowledge graph (gr\u00e1fico de conocimiento), introducido por Google en sus operaciones de b\u00fasqueda en 2012, en el cual los gr\u00e1ficos de conocimiento vinculan trillizos de informaci\u00f3n: sujeto, objeto y la relaci\u00f3n entre ellos; permiti\u00e9ndole obtener respuestas precisas a preguntas ricas y complejas para soluciones de negocios y estrategias.<\/p>\n<p class=\"rtejustify\">El inconveniente que presentan los gr\u00e1ficos de conocimiento es que requieren mucho tiempo y son caros de poblar, por ello es m\u00e1s recomendable el uso de procesamiento del lenguaje natural (natural lenguaje pocessing) o sistemas PNL como el BERT de Google, que permiten que los gr\u00e1ficos de conocimiento se llenen autom\u00e1ticamente, avanzando en cuerpos gigantes de texto y tablas, buscando y extrayendo datos relevantes, pero no estructurados.<\/p>\n<p class=\"rtejustify\">La data y los resultados de su an\u00e1lisis puede abrir nuevas puertas y oportunidades de negocio, eficientando significativamente los procesos y funciones de las empresas o incluso los peque\u00f1os negocios que buscan crecer.<\/p>\n<p class=\"rtejustify\">\u00bfPero c\u00f3mo puedes hacerlo si no tienes conocimiento de estas tecnolog\u00edas ni nada sobre el mundo digital? Para poder incorporar estas herramientas no es necesario ser un experto ni un geek. Eso s\u00ed, es indispensable -sobre todo frente a la nueva normalidad post pandemia- educarse y actualizarse con formaciones especializadas como las que ofrecemos en <strong>ISDI<\/strong>.<\/p>\n<p class=\"rtejustify\">Desde un <strong>MIB<\/strong> con el cual podr\u00e1s comenzar a tener las bases y obtener el entendimiento del ecosistema digital, pasando por un <strong>DIBEX<\/strong> para perfiles mucho m\u00e1s ejecutivos y experimentados que desean transformar sus negocios y tienen la habilidad de tomar decisiones asertivas que afecten positivamente sus organizaciones, hasta un <strong>GMAX<\/strong> con el que podr\u00e1n convertirse en expertos en los productos de anal\u00edtica y marketing de Google; hasta un <strong>DTES<\/strong> para preparar a los ejecutivos de Recursos Humanos a que tengan los conocimientos necesarios para identificar las nuevas necesidades de las empresas y puedan reclutar los talentos adecuados para subsanar esas necesidades.<\/p>\n<p class=\"rtejustify\">Ll\u00e1manos al <strong>55 4080 4585<\/strong>, conoce nuestra oferta educativa y descubre como cualquier negocio puede beneficiarse del mundo de la Transformaci\u00f3n Digital.<\/p>\n<\/div><\/div>\n<\/p><\/div>\n<\/section><\/div>\n","protected":false},"excerpt":{"rendered":"<p>\u00bfC\u00f3mo sacar provecho de la tecnolog\u00eda para ciertos servicios profesionales?<\/p>\n","protected":false},"author":1,"featured_media":19732,"comment_status":"open","ping_status":"open","sticky":false,"template":"","format":"standard","meta":{"_acf_changed":false,"footnotes":""},"categories":[50],"tags":[],"class_list":["post-19733","post","type-post","status-publish","format-standard","has-post-thumbnail","hentry","category-tecnologia"],"acf":[],"yoast_head":"<!-- This site is optimized with the Yoast SEO plugin v27.4 - https:\/\/yoast.com\/product\/yoast-seo-wordpress\/ -->\n<title>Que la inteligencia artificial no te deje sin trabajo<\/title>\n<meta name=\"robots\" content=\"index, follow, max-snippet:-1, max-image-preview:large, max-video-preview:-1\" \/>\n<link rel=\"canonical\" href=\"https:\/\/www.isdi.education\/mx\/blog\/que-la-inteligencia-artificial-no-te-deje-sin-trabajo\" \/>\n<meta property=\"og:locale\" content=\"es_MX\" \/>\n<meta property=\"og:type\" content=\"article\" \/>\n<meta property=\"og:title\" content=\"Que la inteligencia artificial no te deje sin trabajo\" \/>\n<meta property=\"og:description\" content=\"\u00bfC\u00f3mo sacar provecho de la tecnolog\u00eda para ciertos servicios profesionales?\" \/>\n<meta property=\"og:url\" content=\"https:\/\/www.isdi.education\/mx\/blog\/que-la-inteligencia-artificial-no-te-deje-sin-trabajo\" \/>\n<meta property=\"og:site_name\" content=\"ISDI Mexico\" \/>\n<meta property=\"article:published_time\" content=\"2020-06-25T00:00:00+00:00\" \/>\n<meta property=\"og:image\" content=\"https:\/\/www.isdi.education\/mx\/wp-content\/uploads\/sites\/5\/2024\/03\/587-charles-deluvio-zgn2cg9qbvu-unsplash.jpg\" \/>\n\t<meta property=\"og:image:width\" content=\"600\" \/>\n\t<meta property=\"og:image:height\" content=\"400\" \/>\n\t<meta property=\"og:image:type\" content=\"image\/jpeg\" \/>\n<meta name=\"twitter:card\" content=\"summary_large_image\" \/>\n<meta name=\"twitter:label1\" content=\"Escrito por\" \/>\n\t<meta name=\"twitter:data1\" content=\"\" \/>\n\t<meta name=\"twitter:label2\" content=\"Tiempo de lectura\" \/>\n\t<meta name=\"twitter:data2\" content=\"3 minutos\" \/>\n<script type=\"application\/ld+json\" class=\"yoast-schema-graph\">{\"@context\":\"https:\\\/\\\/schema.org\",\"@graph\":[{\"@type\":\"Article\",\"@id\":\"https:\\\/\\\/www.isdi.education\\\/mx\\\/blog\\\/que-la-inteligencia-artificial-no-te-deje-sin-trabajo#article\",\"isPartOf\":{\"@id\":\"https:\\\/\\\/www.isdi.education\\\/mx\\\/blog\\\/que-la-inteligencia-artificial-no-te-deje-sin-trabajo\"},\"author\":{\"name\":\"\",\"@id\":\"\"},\"headline\":\"Que la inteligencia artificial no te deje sin trabajo\",\"datePublished\":\"2020-06-25T00:00:00+00:00\",\"mainEntityOfPage\":{\"@id\":\"https:\\\/\\\/www.isdi.education\\\/mx\\\/blog\\\/que-la-inteligencia-artificial-no-te-deje-sin-trabajo\"},\"wordCount\":680,\"commentCount\":0,\"publisher\":{\"@id\":\"https:\\\/\\\/www.isdi.education\\\/mx\\\/#organization\"},\"image\":{\"@id\":\"https:\\\/\\\/www.isdi.education\\\/mx\\\/blog\\\/que-la-inteligencia-artificial-no-te-deje-sin-trabajo#primaryimage\"},\"thumbnailUrl\":\"https:\\\/\\\/www.isdi.education\\\/mx\\\/wp-content\\\/uploads\\\/sites\\\/5\\\/2024\\\/03\\\/587-charles-deluvio-zgn2cg9qbvu-unsplash.jpg\",\"articleSection\":[\"Tecnolog\u00eda\"],\"inLanguage\":\"es\",\"potentialAction\":[{\"@type\":\"CommentAction\",\"name\":\"Comment\",\"target\":[\"https:\\\/\\\/www.isdi.education\\\/mx\\\/blog\\\/que-la-inteligencia-artificial-no-te-deje-sin-trabajo#respond\"]}]},{\"@type\":\"WebPage\",\"@id\":\"https:\\\/\\\/www.isdi.education\\\/mx\\\/blog\\\/que-la-inteligencia-artificial-no-te-deje-sin-trabajo\",\"url\":\"https:\\\/\\\/www.isdi.education\\\/mx\\\/blog\\\/que-la-inteligencia-artificial-no-te-deje-sin-trabajo\",\"name\":\"Que la inteligencia artificial no te deje sin trabajo\",\"isPartOf\":{\"@id\":\"https:\\\/\\\/www.isdi.education\\\/mx\\\/#website\"},\"primaryImageOfPage\":{\"@id\":\"https:\\\/\\\/www.isdi.education\\\/mx\\\/blog\\\/que-la-inteligencia-artificial-no-te-deje-sin-trabajo#primaryimage\"},\"image\":{\"@id\":\"https:\\\/\\\/www.isdi.education\\\/mx\\\/blog\\\/que-la-inteligencia-artificial-no-te-deje-sin-trabajo#primaryimage\"},\"thumbnailUrl\":\"https:\\\/\\\/www.isdi.education\\\/mx\\\/wp-content\\\/uploads\\\/sites\\\/5\\\/2024\\\/03\\\/587-charles-deluvio-zgn2cg9qbvu-unsplash.jpg\",\"datePublished\":\"2020-06-25T00:00:00+00:00\",\"breadcrumb\":{\"@id\":\"https:\\\/\\\/www.isdi.education\\\/mx\\\/blog\\\/que-la-inteligencia-artificial-no-te-deje-sin-trabajo#breadcrumb\"},\"inLanguage\":\"es\",\"potentialAction\":[{\"@type\":\"ReadAction\",\"target\":[\"https:\\\/\\\/www.isdi.education\\\/mx\\\/blog\\\/que-la-inteligencia-artificial-no-te-deje-sin-trabajo\"]}]},{\"@type\":\"ImageObject\",\"inLanguage\":\"es\",\"@id\":\"https:\\\/\\\/www.isdi.education\\\/mx\\\/blog\\\/que-la-inteligencia-artificial-no-te-deje-sin-trabajo#primaryimage\",\"url\":\"https:\\\/\\\/www.isdi.education\\\/mx\\\/wp-content\\\/uploads\\\/sites\\\/5\\\/2024\\\/03\\\/587-charles-deluvio-zgn2cg9qbvu-unsplash.jpg\",\"contentUrl\":\"https:\\\/\\\/www.isdi.education\\\/mx\\\/wp-content\\\/uploads\\\/sites\\\/5\\\/2024\\\/03\\\/587-charles-deluvio-zgn2cg9qbvu-unsplash.jpg\",\"width\":600,\"height\":400,\"caption\":\"Que la inteligencia artificial no te deje sin trabajo\"},{\"@type\":\"BreadcrumbList\",\"@id\":\"https:\\\/\\\/www.isdi.education\\\/mx\\\/blog\\\/que-la-inteligencia-artificial-no-te-deje-sin-trabajo#breadcrumb\",\"itemListElement\":[{\"@type\":\"ListItem\",\"position\":1,\"name\":\"Portada\",\"item\":\"https:\\\/\\\/www.isdi.education\\\/mx\\\/\"},{\"@type\":\"ListItem\",\"position\":2,\"name\":\"Que la inteligencia artificial no te deje sin trabajo\"}]},{\"@type\":\"WebSite\",\"@id\":\"https:\\\/\\\/www.isdi.education\\\/mx\\\/#website\",\"url\":\"https:\\\/\\\/www.isdi.education\\\/mx\\\/\",\"name\":\"ISDI Mexico\",\"description\":\"Descubre la formaci\u00f3n que te abrir\u00e1 las puertas a la era digital. Entra a formar parte de la primera escuela de negocios y direcci\u00f3n nativa digital.\",\"publisher\":{\"@id\":\"https:\\\/\\\/www.isdi.education\\\/mx\\\/#organization\"},\"inLanguage\":\"es\"},{\"@type\":\"Organization\",\"@id\":\"https:\\\/\\\/www.isdi.education\\\/mx\\\/#organization\",\"name\":\"ISDI Mexico\",\"url\":\"https:\\\/\\\/www.isdi.education\\\/mx\\\/\",\"logo\":{\"@type\":\"ImageObject\",\"inLanguage\":\"es\",\"@id\":\"https:\\\/\\\/www.isdi.education\\\/mx\\\/#\\\/schema\\\/logo\\\/image\\\/\",\"url\":\"https:\\\/\\\/www.isdi.education\\\/mx\\\/wp-content\\\/uploads\\\/sites\\\/5\\\/2023\\\/12\\\/logoISDI-blanco.svg\",\"contentUrl\":\"https:\\\/\\\/www.isdi.education\\\/mx\\\/wp-content\\\/uploads\\\/sites\\\/5\\\/2023\\\/12\\\/logoISDI-blanco.svg\",\"width\":79,\"height\":100,\"caption\":\"ISDI Mexico\"},\"image\":{\"@id\":\"https:\\\/\\\/www.isdi.education\\\/mx\\\/#\\\/schema\\\/logo\\\/image\\\/\"}},{\"@type\":\"Person\",\"@id\":\"\",\"url\":\"https:\\\/\\\/www.isdi.education\\\/mx\\\/author\"}]}<\/script>\n<!-- \/ Yoast SEO plugin. -->","yoast_head_json":{"title":"Que la inteligencia artificial no te deje sin trabajo","robots":{"index":"index","follow":"follow","max-snippet":"max-snippet:-1","max-image-preview":"max-image-preview:large","max-video-preview":"max-video-preview:-1"},"canonical":"https:\/\/www.isdi.education\/mx\/blog\/que-la-inteligencia-artificial-no-te-deje-sin-trabajo","og_locale":"es_MX","og_type":"article","og_title":"Que la inteligencia artificial no te deje sin trabajo","og_description":"\u00bfC\u00f3mo sacar provecho de la tecnolog\u00eda para ciertos servicios profesionales?","og_url":"https:\/\/www.isdi.education\/mx\/blog\/que-la-inteligencia-artificial-no-te-deje-sin-trabajo","og_site_name":"ISDI Mexico","article_published_time":"2020-06-25T00:00:00+00:00","og_image":[{"width":600,"height":400,"url":"https:\/\/www.isdi.education\/mx\/wp-content\/uploads\/sites\/5\/2024\/03\/587-charles-deluvio-zgn2cg9qbvu-unsplash.jpg","type":"image\/jpeg"}],"twitter_card":"summary_large_image","twitter_misc":{"Escrito por":"","Tiempo de lectura":"3 minutos"},"schema":{"@context":"https:\/\/schema.org","@graph":[{"@type":"Article","@id":"https:\/\/www.isdi.education\/mx\/blog\/que-la-inteligencia-artificial-no-te-deje-sin-trabajo#article","isPartOf":{"@id":"https:\/\/www.isdi.education\/mx\/blog\/que-la-inteligencia-artificial-no-te-deje-sin-trabajo"},"author":{"name":"","@id":""},"headline":"Que la inteligencia artificial no te deje sin trabajo","datePublished":"2020-06-25T00:00:00+00:00","mainEntityOfPage":{"@id":"https:\/\/www.isdi.education\/mx\/blog\/que-la-inteligencia-artificial-no-te-deje-sin-trabajo"},"wordCount":680,"commentCount":0,"publisher":{"@id":"https:\/\/www.isdi.education\/mx\/#organization"},"image":{"@id":"https:\/\/www.isdi.education\/mx\/blog\/que-la-inteligencia-artificial-no-te-deje-sin-trabajo#primaryimage"},"thumbnailUrl":"https:\/\/www.isdi.education\/mx\/wp-content\/uploads\/sites\/5\/2024\/03\/587-charles-deluvio-zgn2cg9qbvu-unsplash.jpg","articleSection":["Tecnolog\u00eda"],"inLanguage":"es","potentialAction":[{"@type":"CommentAction","name":"Comment","target":["https:\/\/www.isdi.education\/mx\/blog\/que-la-inteligencia-artificial-no-te-deje-sin-trabajo#respond"]}]},{"@type":"WebPage","@id":"https:\/\/www.isdi.education\/mx\/blog\/que-la-inteligencia-artificial-no-te-deje-sin-trabajo","url":"https:\/\/www.isdi.education\/mx\/blog\/que-la-inteligencia-artificial-no-te-deje-sin-trabajo","name":"Que la inteligencia artificial no te deje sin trabajo","isPartOf":{"@id":"https:\/\/www.isdi.education\/mx\/#website"},"primaryImageOfPage":{"@id":"https:\/\/www.isdi.education\/mx\/blog\/que-la-inteligencia-artificial-no-te-deje-sin-trabajo#primaryimage"},"image":{"@id":"https:\/\/www.isdi.education\/mx\/blog\/que-la-inteligencia-artificial-no-te-deje-sin-trabajo#primaryimage"},"thumbnailUrl":"https:\/\/www.isdi.education\/mx\/wp-content\/uploads\/sites\/5\/2024\/03\/587-charles-deluvio-zgn2cg9qbvu-unsplash.jpg","datePublished":"2020-06-25T00:00:00+00:00","breadcrumb":{"@id":"https:\/\/www.isdi.education\/mx\/blog\/que-la-inteligencia-artificial-no-te-deje-sin-trabajo#breadcrumb"},"inLanguage":"es","potentialAction":[{"@type":"ReadAction","target":["https:\/\/www.isdi.education\/mx\/blog\/que-la-inteligencia-artificial-no-te-deje-sin-trabajo"]}]},{"@type":"ImageObject","inLanguage":"es","@id":"https:\/\/www.isdi.education\/mx\/blog\/que-la-inteligencia-artificial-no-te-deje-sin-trabajo#primaryimage","url":"https:\/\/www.isdi.education\/mx\/wp-content\/uploads\/sites\/5\/2024\/03\/587-charles-deluvio-zgn2cg9qbvu-unsplash.jpg","contentUrl":"https:\/\/www.isdi.education\/mx\/wp-content\/uploads\/sites\/5\/2024\/03\/587-charles-deluvio-zgn2cg9qbvu-unsplash.jpg","width":600,"height":400,"caption":"Que la inteligencia artificial no te deje sin trabajo"},{"@type":"BreadcrumbList","@id":"https:\/\/www.isdi.education\/mx\/blog\/que-la-inteligencia-artificial-no-te-deje-sin-trabajo#breadcrumb","itemListElement":[{"@type":"ListItem","position":1,"name":"Portada","item":"https:\/\/www.isdi.education\/mx\/"},{"@type":"ListItem","position":2,"name":"Que la inteligencia artificial no te deje sin trabajo"}]},{"@type":"WebSite","@id":"https:\/\/www.isdi.education\/mx\/#website","url":"https:\/\/www.isdi.education\/mx\/","name":"ISDI Mexico","description":"Descubre la formaci\u00f3n que te abrir\u00e1 las puertas a la era digital. Entra a formar parte de la primera escuela de negocios y direcci\u00f3n nativa digital.","publisher":{"@id":"https:\/\/www.isdi.education\/mx\/#organization"},"inLanguage":"es"},{"@type":"Organization","@id":"https:\/\/www.isdi.education\/mx\/#organization","name":"ISDI Mexico","url":"https:\/\/www.isdi.education\/mx\/","logo":{"@type":"ImageObject","inLanguage":"es","@id":"https:\/\/www.isdi.education\/mx\/#\/schema\/logo\/image\/","url":"https:\/\/www.isdi.education\/mx\/wp-content\/uploads\/sites\/5\/2023\/12\/logoISDI-blanco.svg","contentUrl":"https:\/\/www.isdi.education\/mx\/wp-content\/uploads\/sites\/5\/2023\/12\/logoISDI-blanco.svg","width":79,"height":100,"caption":"ISDI Mexico"},"image":{"@id":"https:\/\/www.isdi.education\/mx\/#\/schema\/logo\/image\/"}},{"@type":"Person","@id":"","url":"https:\/\/www.isdi.education\/mx\/author"}]}},"_links":{"self":[{"href":"https:\/\/www.isdi.education\/mx\/wp-json\/wp\/v2\/posts\/19733","targetHints":{"allow":["GET"]}}],"collection":[{"href":"https:\/\/www.isdi.education\/mx\/wp-json\/wp\/v2\/posts"}],"about":[{"href":"https:\/\/www.isdi.education\/mx\/wp-json\/wp\/v2\/types\/post"}],"author":[{"embeddable":true,"href":"https:\/\/www.isdi.education\/mx\/wp-json\/wp\/v2\/users\/1"}],"replies":[{"embeddable":true,"href":"https:\/\/www.isdi.education\/mx\/wp-json\/wp\/v2\/comments?post=19733"}],"version-history":[{"count":0,"href":"https:\/\/www.isdi.education\/mx\/wp-json\/wp\/v2\/posts\/19733\/revisions"}],"wp:featuredmedia":[{"embeddable":true,"href":"https:\/\/www.isdi.education\/mx\/wp-json\/wp\/v2\/media\/19732"}],"wp:attachment":[{"href":"https:\/\/www.isdi.education\/mx\/wp-json\/wp\/v2\/media?parent=19733"}],"wp:term":[{"taxonomy":"category","embeddable":true,"href":"https:\/\/www.isdi.education\/mx\/wp-json\/wp\/v2\/categories?post=19733"},{"taxonomy":"post_tag","embeddable":true,"href":"https:\/\/www.isdi.education\/mx\/wp-json\/wp\/v2\/tags?post=19733"}],"curies":[{"name":"wp","href":"https:\/\/api.w.org\/{rel}","templated":true}]}}