{"id":19677,"date":"2020-08-27T00:00:00","date_gmt":"2020-08-27T00:00:00","guid":{"rendered":"https:\/\/www.isdi.education\/mx\/post-covid-personas\/"},"modified":"2020-08-27T00:00:00","modified_gmt":"2020-08-27T00:00:00","slug":"post-covid-personas","status":"publish","type":"post","link":"https:\/\/www.isdi.education\/mx\/blog\/post-covid-personas","title":{"rendered":"Post-Covid Personas"},"content":{"rendered":"<div id=\"07M-wysiwyg-1\" class=\"07M-wysiwyg anchor--link \" data-anchor-content>\n<section class=\"wysiwyg mb-xl\">\n<div class=\"wrapper wrapper--small\">\n<p class=\"t-small mb-xs\">\n<div class=\"wysiwyg__content\">\n<div>\n<p class=\"rtejustify\"><strong>Por Mauricio Cabrera<\/strong><\/p>\n<p class=\"rtejustify\">Ante circunstancias semejantes, resultados diferentes. Si bien el confinamiento puso a clientes y marcas en situaciones parecidas, la reacci\u00f3n de cada individuo ha sido distinta tanto en su modo de asumir riesgos y tomar medidas frente a la pandemia como en lo que respecta a la visi\u00f3n que tiene del mundo una vez que \u00e9ste va descubriendo una nueva normalidad en el que es posible regresar a las calles y retomar actividades que se mantuvieron cerradas durante el pico de la pandemia.\u00a0<\/p>\n<p class=\"rtejustify\">Para entender los distintos tipos de comportamiento y pensamiento de las personas tras el confinamiento, Huge, empresa especializada en <strong>Customer Experience<\/strong>, desarroll\u00f3 una serie de perfiles que permitir\u00e1n a las marcas desarrollar estrategias de empat\u00eda a partir de la categor\u00eda a la que pertenezca un cliente o consumidor.\u00a0<\/p>\n<p class=\"rtejustify\">En el trazado de los cinco perfiles distintos que Huge identific\u00f3 se presentan notables coincidencias con respecto al modo en que en M\u00e9xico, por ejemplo, se ha asumido el riesgo de la pandemia y la necesidad de volver a las calles para reactivar la vida econ\u00f3mica del pa\u00eds.\u00a0<\/p>\n<p class=\"rtejustify\">De acuerdo con este reporte, en Estados Unidos existe un v\u00ednculo entre la filiaci\u00f3n pol\u00edtica y la gravedad o no que se le asigna a la pandemia, donde los republicanos manifiestan un rechazo a las medidas de sanidad y los dem\u00f3cratas expresan su rechazo al modo en que ciertos sectores de la poblaci\u00f3n han minimizado el riesgo. En M\u00e9xico el escenario es semejante acorde al gobierno en turno y a las creencias que tienen, con los partidarios del presidente llamando a retomar actividades cuanto antes y con los seguidores de la oposici\u00f3n considerando que la batalla para detener la pandemia se ha caracterizado por la irresponsabilidad.\u00a0<\/p>\n<p class=\"rtejustify\">A continuaci\u00f3n, les presento la categorizaci\u00f3n que realiz\u00f3 Huge y una serie de observaciones que sobre las mismas a\u00f1ado para poder trasladarlas a nuestros distintos mercados.\u00a0<\/p>\n<h3 class=\"rtejustify\"><strong>Post Isolation Personas\u00a0<\/strong><\/h3>\n<ul>\n<li class=\"rtejustify\"><strong>Band-Aid Rippers<\/strong><\/li>\n<\/ul>\n<p class=\"rtejustify\">Son aquellos que exigen la reapertura de todos los negocios y de todas las actividades. Con frecuencia son calificados por el resto como irresponsables. En su favor, ha de decirse que no es que no se sientan preocupados por la amenaza de un rebrote, sino que su modo de asumir la vida los lleva a pensar m\u00e1s en el deseo de vivir sin tanta alteraci\u00f3n a la que siempre hab\u00eda sido su normalidad. Este grupo se compone principalmente de gente que no ha sufrido una afectaci\u00f3n de forma directa en aspectos humanos, es decir, relacionada a la muerte de un ser querido.\u00a0<\/p>\n<ul>\n<li class=\"rtejustify\"><strong>Trapped Butterflies<\/strong><\/li>\n<\/ul>\n<p class=\"rtejustify\">Su motivaci\u00f3n no es tanto econ\u00f3mica ni pol\u00edtica, es m\u00e1s bien que est\u00e1n cansados de no poder interactuar como lo hac\u00edan antes de la pandemia. Ellos est\u00e1n cansados del aislamiento y si bien entienden los riesgos y la necesidad de prevenir cualquier tipo de contagio, est\u00e1n esperando cualquier oportunidad para poder reunirse con su familia, amigos y compa\u00f1eros de trabajo. Para ellos el contacto humano es una necesidad creciente tras tantas semanas en el confinamiento.\u00a0<\/p>\n<ul>\n<li class=\"rtejustify\"><strong>Polite Optimists<\/strong><\/li>\n<\/ul>\n<p class=\"rtejustify\">Este grupo prefiere que los dos primeros funjan como conejillos de indias. Est\u00e1 esperando a que el n\u00famero de casos positivos se reduzca y a que los trapped butterflies y los band-aid rippers demuestren que es posible volver a las calles sin correr grandes riesgos. Para este grupo es muy importante que todas sus experiencias de compra y de interacci\u00f3n social est\u00e9n abrazados de fuertes protocolos de sanidad.\u00a0<\/p>\n<ul>\n<li class=\"rtejustify\"><strong>Eggshell Walkers<\/strong><\/li>\n<\/ul>\n<p class=\"rtejustify\">Son renuentes a retomar la vida en las calles. Este grupo con frecuencia tiene miembros de su familia que pudieran estar m\u00e1s expuestos al contagio y a una gravedad mayor a partir de la edad o factores m\u00e9dicos que se ha comprobado que influyen en el \u00edndice de letalidad del virus. No tienen intenciones de salir y esperar\u00e1n a que los casos se reduzcan de forma significativa para retomar su vida.\u00a0<\/p>\n<ul>\n<li class=\"rtejustify\"><strong>Fulfilled Homebodies<\/strong><\/li>\n<\/ul>\n<p class=\"rtejustify\">Ni siquiera se plantean el regreso a las calles. Frente al confinamiento han concluido que m\u00e1s all\u00e1 de las medidas que debieron tomar para prevenir un contagio, el aislamiento signific\u00f3 una oportunidad para estar con sus seres queridos y para darse cuenta que la vida social no es una necesidad tan grande como imaginaban. Para ellos la vida nunca volver\u00e1 a ser la misma. Y si bien lo hacen por convicci\u00f3n, tambi\u00e9n se registra que son los que mayor nivel de ansiedad registran.\u00a0<\/p>\n<p class=\"rtejustify\">Para marcas y negocios ser\u00e1 medular crear distintas estrategias de acercamiento con clientes que a partir de sus experiencias y aprendizajes durante la pandemia han decidido asumir posturas distintas de cara a la nueva normalidad.\u00a0<\/p>\n<\/div><\/div>\n<\/p><\/div>\n<\/section><\/div>\n","protected":false},"excerpt":{"rendered":"<p>Tipolog\u00eda de los consumidores tras la pandemia.<\/p>\n","protected":false},"author":1,"featured_media":19676,"comment_status":"open","ping_status":"open","sticky":false,"template":"","format":"standard","meta":{"_acf_changed":false,"footnotes":""},"categories":[51],"tags":[],"class_list":["post-19677","post","type-post","status-publish","format-standard","has-post-thumbnail","hentry","category-sin-categoria"],"acf":[],"yoast_head":"<!-- This site is optimized with the Yoast SEO plugin v27.4 - https:\/\/yoast.com\/product\/yoast-seo-wordpress\/ -->\n<title>Post-Covid Personas<\/title>\n<meta name=\"robots\" content=\"index, follow, max-snippet:-1, max-image-preview:large, max-video-preview:-1\" \/>\n<link rel=\"canonical\" href=\"https:\/\/www.isdi.education\/mx\/blog\/post-covid-personas\" \/>\n<meta property=\"og:locale\" content=\"es_MX\" \/>\n<meta property=\"og:type\" content=\"article\" \/>\n<meta property=\"og:title\" content=\"Post-Covid Personas\" \/>\n<meta property=\"og:description\" content=\"Tipolog\u00eda de los consumidores tras la pandemia.\" \/>\n<meta property=\"og:url\" content=\"https:\/\/www.isdi.education\/mx\/blog\/post-covid-personas\" \/>\n<meta property=\"og:site_name\" content=\"ISDI Mexico\" \/>\n<meta property=\"article:published_time\" content=\"2020-08-27T00:00:00+00:00\" \/>\n<meta property=\"og:image\" content=\"https:\/\/www.isdi.education\/mx\/wp-content\/uploads\/sites\/5\/2024\/03\/559-istock-1217632901.jpg\" \/>\n\t<meta property=\"og:image:width\" content=\"600\" \/>\n\t<meta property=\"og:image:height\" content=\"400\" \/>\n\t<meta property=\"og:image:type\" content=\"image\/jpeg\" \/>\n<meta name=\"twitter:card\" content=\"summary_large_image\" \/>\n<meta name=\"twitter:label1\" content=\"Escrito por\" \/>\n\t<meta name=\"twitter:data1\" content=\"\" \/>\n\t<meta name=\"twitter:label2\" content=\"Tiempo de lectura\" \/>\n\t<meta name=\"twitter:data2\" content=\"4 minutos\" \/>\n<script type=\"application\/ld+json\" class=\"yoast-schema-graph\">{\"@context\":\"https:\\\/\\\/schema.org\",\"@graph\":[{\"@type\":\"Article\",\"@id\":\"https:\\\/\\\/www.isdi.education\\\/mx\\\/blog\\\/post-covid-personas#article\",\"isPartOf\":{\"@id\":\"https:\\\/\\\/www.isdi.education\\\/mx\\\/blog\\\/post-covid-personas\"},\"author\":{\"name\":\"\",\"@id\":\"\"},\"headline\":\"Post-Covid Personas\",\"datePublished\":\"2020-08-27T00:00:00+00:00\",\"mainEntityOfPage\":{\"@id\":\"https:\\\/\\\/www.isdi.education\\\/mx\\\/blog\\\/post-covid-personas\"},\"wordCount\":802,\"commentCount\":0,\"publisher\":{\"@id\":\"https:\\\/\\\/www.isdi.education\\\/mx\\\/#organization\"},\"image\":{\"@id\":\"https:\\\/\\\/www.isdi.education\\\/mx\\\/blog\\\/post-covid-personas#primaryimage\"},\"thumbnailUrl\":\"https:\\\/\\\/www.isdi.education\\\/mx\\\/wp-content\\\/uploads\\\/sites\\\/5\\\/2024\\\/03\\\/559-istock-1217632901.jpg\",\"inLanguage\":\"es\",\"potentialAction\":[{\"@type\":\"CommentAction\",\"name\":\"Comment\",\"target\":[\"https:\\\/\\\/www.isdi.education\\\/mx\\\/blog\\\/post-covid-personas#respond\"]}]},{\"@type\":\"WebPage\",\"@id\":\"https:\\\/\\\/www.isdi.education\\\/mx\\\/blog\\\/post-covid-personas\",\"url\":\"https:\\\/\\\/www.isdi.education\\\/mx\\\/blog\\\/post-covid-personas\",\"name\":\"Post-Covid Personas\",\"isPartOf\":{\"@id\":\"https:\\\/\\\/www.isdi.education\\\/mx\\\/#website\"},\"primaryImageOfPage\":{\"@id\":\"https:\\\/\\\/www.isdi.education\\\/mx\\\/blog\\\/post-covid-personas#primaryimage\"},\"image\":{\"@id\":\"https:\\\/\\\/www.isdi.education\\\/mx\\\/blog\\\/post-covid-personas#primaryimage\"},\"thumbnailUrl\":\"https:\\\/\\\/www.isdi.education\\\/mx\\\/wp-content\\\/uploads\\\/sites\\\/5\\\/2024\\\/03\\\/559-istock-1217632901.jpg\",\"datePublished\":\"2020-08-27T00:00:00+00:00\",\"breadcrumb\":{\"@id\":\"https:\\\/\\\/www.isdi.education\\\/mx\\\/blog\\\/post-covid-personas#breadcrumb\"},\"inLanguage\":\"es\",\"potentialAction\":[{\"@type\":\"ReadAction\",\"target\":[\"https:\\\/\\\/www.isdi.education\\\/mx\\\/blog\\\/post-covid-personas\"]}]},{\"@type\":\"ImageObject\",\"inLanguage\":\"es\",\"@id\":\"https:\\\/\\\/www.isdi.education\\\/mx\\\/blog\\\/post-covid-personas#primaryimage\",\"url\":\"https:\\\/\\\/www.isdi.education\\\/mx\\\/wp-content\\\/uploads\\\/sites\\\/5\\\/2024\\\/03\\\/559-istock-1217632901.jpg\",\"contentUrl\":\"https:\\\/\\\/www.isdi.education\\\/mx\\\/wp-content\\\/uploads\\\/sites\\\/5\\\/2024\\\/03\\\/559-istock-1217632901.jpg\",\"width\":600,\"height\":400,\"caption\":\"Post-Covid Personas\"},{\"@type\":\"BreadcrumbList\",\"@id\":\"https:\\\/\\\/www.isdi.education\\\/mx\\\/blog\\\/post-covid-personas#breadcrumb\",\"itemListElement\":[{\"@type\":\"ListItem\",\"position\":1,\"name\":\"Portada\",\"item\":\"https:\\\/\\\/www.isdi.education\\\/mx\\\/\"},{\"@type\":\"ListItem\",\"position\":2,\"name\":\"Post-Covid Personas\"}]},{\"@type\":\"WebSite\",\"@id\":\"https:\\\/\\\/www.isdi.education\\\/mx\\\/#website\",\"url\":\"https:\\\/\\\/www.isdi.education\\\/mx\\\/\",\"name\":\"ISDI Mexico\",\"description\":\"Descubre la formaci\u00f3n que te abrir\u00e1 las puertas a la era digital. Entra a formar parte de la primera escuela de negocios y direcci\u00f3n nativa digital.\",\"publisher\":{\"@id\":\"https:\\\/\\\/www.isdi.education\\\/mx\\\/#organization\"},\"inLanguage\":\"es\"},{\"@type\":\"Organization\",\"@id\":\"https:\\\/\\\/www.isdi.education\\\/mx\\\/#organization\",\"name\":\"ISDI Mexico\",\"url\":\"https:\\\/\\\/www.isdi.education\\\/mx\\\/\",\"logo\":{\"@type\":\"ImageObject\",\"inLanguage\":\"es\",\"@id\":\"https:\\\/\\\/www.isdi.education\\\/mx\\\/#\\\/schema\\\/logo\\\/image\\\/\",\"url\":\"https:\\\/\\\/www.isdi.education\\\/mx\\\/wp-content\\\/uploads\\\/sites\\\/5\\\/2023\\\/12\\\/logoISDI-blanco.svg\",\"contentUrl\":\"https:\\\/\\\/www.isdi.education\\\/mx\\\/wp-content\\\/uploads\\\/sites\\\/5\\\/2023\\\/12\\\/logoISDI-blanco.svg\",\"width\":79,\"height\":100,\"caption\":\"ISDI Mexico\"},\"image\":{\"@id\":\"https:\\\/\\\/www.isdi.education\\\/mx\\\/#\\\/schema\\\/logo\\\/image\\\/\"}},{\"@type\":\"Person\",\"@id\":\"\",\"url\":\"https:\\\/\\\/www.isdi.education\\\/mx\\\/author\"}]}<\/script>\n<!-- \/ Yoast SEO plugin. -->","yoast_head_json":{"title":"Post-Covid Personas","robots":{"index":"index","follow":"follow","max-snippet":"max-snippet:-1","max-image-preview":"max-image-preview:large","max-video-preview":"max-video-preview:-1"},"canonical":"https:\/\/www.isdi.education\/mx\/blog\/post-covid-personas","og_locale":"es_MX","og_type":"article","og_title":"Post-Covid Personas","og_description":"Tipolog\u00eda de los consumidores tras la pandemia.","og_url":"https:\/\/www.isdi.education\/mx\/blog\/post-covid-personas","og_site_name":"ISDI Mexico","article_published_time":"2020-08-27T00:00:00+00:00","og_image":[{"width":600,"height":400,"url":"https:\/\/www.isdi.education\/mx\/wp-content\/uploads\/sites\/5\/2024\/03\/559-istock-1217632901.jpg","type":"image\/jpeg"}],"twitter_card":"summary_large_image","twitter_misc":{"Escrito por":"","Tiempo de lectura":"4 minutos"},"schema":{"@context":"https:\/\/schema.org","@graph":[{"@type":"Article","@id":"https:\/\/www.isdi.education\/mx\/blog\/post-covid-personas#article","isPartOf":{"@id":"https:\/\/www.isdi.education\/mx\/blog\/post-covid-personas"},"author":{"name":"","@id":""},"headline":"Post-Covid Personas","datePublished":"2020-08-27T00:00:00+00:00","mainEntityOfPage":{"@id":"https:\/\/www.isdi.education\/mx\/blog\/post-covid-personas"},"wordCount":802,"commentCount":0,"publisher":{"@id":"https:\/\/www.isdi.education\/mx\/#organization"},"image":{"@id":"https:\/\/www.isdi.education\/mx\/blog\/post-covid-personas#primaryimage"},"thumbnailUrl":"https:\/\/www.isdi.education\/mx\/wp-content\/uploads\/sites\/5\/2024\/03\/559-istock-1217632901.jpg","inLanguage":"es","potentialAction":[{"@type":"CommentAction","name":"Comment","target":["https:\/\/www.isdi.education\/mx\/blog\/post-covid-personas#respond"]}]},{"@type":"WebPage","@id":"https:\/\/www.isdi.education\/mx\/blog\/post-covid-personas","url":"https:\/\/www.isdi.education\/mx\/blog\/post-covid-personas","name":"Post-Covid Personas","isPartOf":{"@id":"https:\/\/www.isdi.education\/mx\/#website"},"primaryImageOfPage":{"@id":"https:\/\/www.isdi.education\/mx\/blog\/post-covid-personas#primaryimage"},"image":{"@id":"https:\/\/www.isdi.education\/mx\/blog\/post-covid-personas#primaryimage"},"thumbnailUrl":"https:\/\/www.isdi.education\/mx\/wp-content\/uploads\/sites\/5\/2024\/03\/559-istock-1217632901.jpg","datePublished":"2020-08-27T00:00:00+00:00","breadcrumb":{"@id":"https:\/\/www.isdi.education\/mx\/blog\/post-covid-personas#breadcrumb"},"inLanguage":"es","potentialAction":[{"@type":"ReadAction","target":["https:\/\/www.isdi.education\/mx\/blog\/post-covid-personas"]}]},{"@type":"ImageObject","inLanguage":"es","@id":"https:\/\/www.isdi.education\/mx\/blog\/post-covid-personas#primaryimage","url":"https:\/\/www.isdi.education\/mx\/wp-content\/uploads\/sites\/5\/2024\/03\/559-istock-1217632901.jpg","contentUrl":"https:\/\/www.isdi.education\/mx\/wp-content\/uploads\/sites\/5\/2024\/03\/559-istock-1217632901.jpg","width":600,"height":400,"caption":"Post-Covid Personas"},{"@type":"BreadcrumbList","@id":"https:\/\/www.isdi.education\/mx\/blog\/post-covid-personas#breadcrumb","itemListElement":[{"@type":"ListItem","position":1,"name":"Portada","item":"https:\/\/www.isdi.education\/mx\/"},{"@type":"ListItem","position":2,"name":"Post-Covid Personas"}]},{"@type":"WebSite","@id":"https:\/\/www.isdi.education\/mx\/#website","url":"https:\/\/www.isdi.education\/mx\/","name":"ISDI Mexico","description":"Descubre la formaci\u00f3n que te abrir\u00e1 las puertas a la era digital. Entra a formar parte de la primera escuela de negocios y direcci\u00f3n nativa digital.","publisher":{"@id":"https:\/\/www.isdi.education\/mx\/#organization"},"inLanguage":"es"},{"@type":"Organization","@id":"https:\/\/www.isdi.education\/mx\/#organization","name":"ISDI Mexico","url":"https:\/\/www.isdi.education\/mx\/","logo":{"@type":"ImageObject","inLanguage":"es","@id":"https:\/\/www.isdi.education\/mx\/#\/schema\/logo\/image\/","url":"https:\/\/www.isdi.education\/mx\/wp-content\/uploads\/sites\/5\/2023\/12\/logoISDI-blanco.svg","contentUrl":"https:\/\/www.isdi.education\/mx\/wp-content\/uploads\/sites\/5\/2023\/12\/logoISDI-blanco.svg","width":79,"height":100,"caption":"ISDI Mexico"},"image":{"@id":"https:\/\/www.isdi.education\/mx\/#\/schema\/logo\/image\/"}},{"@type":"Person","@id":"","url":"https:\/\/www.isdi.education\/mx\/author"}]}},"_links":{"self":[{"href":"https:\/\/www.isdi.education\/mx\/wp-json\/wp\/v2\/posts\/19677","targetHints":{"allow":["GET"]}}],"collection":[{"href":"https:\/\/www.isdi.education\/mx\/wp-json\/wp\/v2\/posts"}],"about":[{"href":"https:\/\/www.isdi.education\/mx\/wp-json\/wp\/v2\/types\/post"}],"author":[{"embeddable":true,"href":"https:\/\/www.isdi.education\/mx\/wp-json\/wp\/v2\/users\/1"}],"replies":[{"embeddable":true,"href":"https:\/\/www.isdi.education\/mx\/wp-json\/wp\/v2\/comments?post=19677"}],"version-history":[{"count":0,"href":"https:\/\/www.isdi.education\/mx\/wp-json\/wp\/v2\/posts\/19677\/revisions"}],"wp:featuredmedia":[{"embeddable":true,"href":"https:\/\/www.isdi.education\/mx\/wp-json\/wp\/v2\/media\/19676"}],"wp:attachment":[{"href":"https:\/\/www.isdi.education\/mx\/wp-json\/wp\/v2\/media?parent=19677"}],"wp:term":[{"taxonomy":"category","embeddable":true,"href":"https:\/\/www.isdi.education\/mx\/wp-json\/wp\/v2\/categories?post=19677"},{"taxonomy":"post_tag","embeddable":true,"href":"https:\/\/www.isdi.education\/mx\/wp-json\/wp\/v2\/tags?post=19677"}],"curies":[{"name":"wp","href":"https:\/\/api.w.org\/{rel}","templated":true}]}}