{"id":19639,"date":"2020-09-11T00:00:00","date_gmt":"2020-09-11T00:00:00","guid":{"rendered":"https:\/\/www.isdi.education\/mx\/la-omninarrativa-como-parte-de-la-cultura-organizacional\/"},"modified":"2020-09-11T00:00:00","modified_gmt":"2020-09-11T00:00:00","slug":"la-omninarrativa-como-parte-de-la-cultura-organizacional","status":"publish","type":"post","link":"https:\/\/www.isdi.education\/mx\/blog\/la-omninarrativa-como-parte-de-la-cultura-organizacional","title":{"rendered":"La omninarrativa como parte de la cultura organizacional"},"content":{"rendered":"<div id=\"07M-wysiwyg-1\" class=\"07M-wysiwyg anchor--link \" data-anchor-content>\n<section class=\"wysiwyg mb-xl\">\n<div class=\"wrapper wrapper--small\">\n<p class=\"t-small mb-xs\">\n<div class=\"wysiwyg__content\">\n<div>\n<p class=\"rtejustify\"><strong>Por Mauricio Cabrera<\/strong><\/p>\n<p class=\"rtejustify\">Una misma historia en todos los frentes. La pandemia y los estragos que ha dejado en la econom\u00eda a nivel mundial represent\u00f3 una revalorizaci\u00f3n de la narrativa de las empresas tanto hacia dentro como hacia afuera, es decir, tanto frente a sus empleados como frente a sus consumidores. En este contexto, la narrativa de una empresa y el apego a la misma en cada uno de los potenciales puntos de contacto resulta clave para retener al mejor talento y para acceder a la audiencia deseada sin que \u00e9sta se termine yendo por considerar que una empresa no representa los valores que \u00e9l promueve como persona.\u00a0<\/p>\n<p class=\"rtejustify\">El marketing de prop\u00f3sito y el mindful marketing, las dos grandes tendencias del momento y que seguir\u00e1n vigentes por los pr\u00f3ximos a\u00f1os, llaman a las empresas, como ya lo hemos mencionado en newsletters anteriores, a generar contenido que empatice con los momentos que viven las personas y que lleguen incluso a manifestar posturas claras frente a hechos que a\u00f1os atr\u00e1s hubieran resultado intocables para una marca, pues la apuesta en aquellos tiempos pasaba por no ser parte de la agenda p\u00fablica en lo que respectaba a controversias y pol\u00e9micas.\u00a0<\/p>\n<p class=\"rtejustify\">Si bien hacia afuera se han dado una serie de manifestaciones en tem\u00e1ticas como la discriminaci\u00f3n racial, la lucha por la equidad de g\u00e9nero y el abrazo a la diversidad, no han sido pocos los casos que mencionan una ruptura entre los valores que se pregonan en p\u00fablico y el manejo institucional que se da a casos que parecen atentar contra esos valores, que son relevantes cuando se trata de enviar un mensaje a la sociedad. Frente a esa realidad, comparto aqu\u00ed claves para que la <strong>omnicanalidad<\/strong> u <strong>omninarrativa<\/strong> -como me gusta llamarle-, en verdad se produzca en todos los frentes de nuestras empresas.\u00a0<\/p>\n<h3 class=\"rtejustify\"><strong>1. S\u00e9 aut\u00e9ntico en tus valores<\/strong><\/h3>\n<p class=\"rtejustify\">Parece elemental, pero el \u00fanico modo de generar una narrativa consistente en todos los niveles pasa por garantizar que t\u00fa y tus empleados est\u00e1n alineados respecto a lo que piensa y siente la marca frente a los grandes desaf\u00edos humanos que vivimos\u00a0<\/p>\n<p class=\"rtejustify\">A este respecto pongo como ejemplo a Netflix. En \u201cNo Rules Rules\u201d, libro escrito por Reed Hastings, CEO de Netflix, \u00e9ste relata el proceso que lo llev\u00f3 a descubrir el valor de tener al mejor talento, concepto que \u00e9l descubre como \u201cdensidad de talento\u201d. Si bien son muchas las empresas que aseguran contratar solo al mejor talento, en la pr\u00e1ctica esa m\u00e1xima se convierte en un postulado que no es recordado m\u00e1s que en discursos que pretenden ser inspiradores en la fiesta de fin de a\u00f1o. Netflix, en cambio, lo hace realidad. Y as\u00ed convirti\u00f3 su cultura organizacional en un caso de estudio para todos los que buscan crear una disrupci\u00f3n mayor en una industria tan demandante como la de los contenidos en su relaci\u00f3n con las plataformas tecnol\u00f3gicas.\u00a0<\/p>\n<h3 class=\"rtejustify\"><strong>2. No generes reglas, genera cultura de trabajo<\/strong><\/h3>\n<p class=\"rtejustify\">No importa cu\u00e1ntas reglas redactes, si no construyes una cultura de trabajo que lleve a que tus empleados est\u00e9n contentos con lo que hacen, esos postulados dise\u00f1ados para promover la armon\u00eda entre tu equipo y la buena comunicaci\u00f3n con el cliente se terminar\u00e1n viendo afectados. El mejor talento, independientemente del \u00e1rea en que se desarrolle, abrazar\u00e1 de mejor forma la libertad con responsabilidades que las prohibiciones que le generen una repetici\u00f3n mental sobre lo que puede y sobre lo que no puede hacer.\u00a0<\/p>\n<h3 class=\"rtejustify\"><strong>3. Alinea los valores de lo que el cliente percibe con lo que empleado recibe<\/strong><\/h3>\n<p class=\"rtejustify\">Las corporaciones son con frecuencia un contraste. La gente, a partir de lo que percibe como cliente, convierte aquella marca en un lugar ideal para trabajar. Pero esa misma gente, una vez que logra cumplir con esa aspiraci\u00f3n, asegura sentirse decepcionada por haber pensado que su experiencia ser\u00eda muy distinta a la que al final termin\u00f3 viviendo como trabajador de esa empresa a la que antes admiraba. Si tienes una empresa, piensa en nunca decepcionar ni a la gente que te consume, ni a la gente que te construye. Ambos son los lectores finales de tu narrativa.\u00a0<\/p>\n<h3 class=\"rtejustify\"><strong>4. Dale significado a lo insignificante<\/strong><\/h3>\n<p class=\"rtejustify\">La diferencia de las grandes narrativas, esas que perduran al tiempo y a la tentaci\u00f3n del olvido, es que no se permiten distracciones respecto al mensaje y al mundo al que quieren trasladar a sus clientes y empleados. Cada detalle cuenta. Y es en lo aparentemente insignificante donde las personas se convencen de que una empresa cree en lo que dice creer.<\/p>\n<\/div><\/div>\n<\/p><\/div>\n<\/section><\/div>\n","protected":false},"excerpt":{"rendered":"<p>Claves de la omnicanalidad<\/p>\n","protected":false},"author":1,"featured_media":19638,"comment_status":"open","ping_status":"open","sticky":false,"template":"","format":"standard","meta":{"_acf_changed":false,"footnotes":""},"categories":[51],"tags":[],"class_list":["post-19639","post","type-post","status-publish","format-standard","has-post-thumbnail","hentry","category-sin-categoria"],"acf":[],"yoast_head":"<!-- This site is optimized with the Yoast SEO plugin v27.4 - https:\/\/yoast.com\/product\/yoast-seo-wordpress\/ -->\n<title>La omninarrativa como parte de la cultura organizacional<\/title>\n<meta name=\"robots\" content=\"index, follow, max-snippet:-1, max-image-preview:large, max-video-preview:-1\" \/>\n<link rel=\"canonical\" href=\"https:\/\/www.isdi.education\/mx\/blog\/la-omninarrativa-como-parte-de-la-cultura-organizacional\" \/>\n<meta property=\"og:locale\" content=\"es_MX\" \/>\n<meta property=\"og:type\" content=\"article\" \/>\n<meta property=\"og:title\" content=\"La omninarrativa como parte de la cultura organizacional\" \/>\n<meta property=\"og:description\" content=\"Claves de la omnicanalidad\" \/>\n<meta property=\"og:url\" content=\"https:\/\/www.isdi.education\/mx\/blog\/la-omninarrativa-como-parte-de-la-cultura-organizacional\" \/>\n<meta property=\"og:site_name\" content=\"ISDI Mexico\" \/>\n<meta property=\"article:published_time\" content=\"2020-09-11T00:00:00+00:00\" \/>\n<meta property=\"og:image\" content=\"https:\/\/www.isdi.education\/mx\/wp-content\/uploads\/sites\/5\/2024\/03\/540-istock-693767454.jpg\" \/>\n\t<meta property=\"og:image:width\" content=\"600\" \/>\n\t<meta property=\"og:image:height\" content=\"400\" \/>\n\t<meta property=\"og:image:type\" content=\"image\/jpeg\" \/>\n<meta name=\"twitter:card\" content=\"summary_large_image\" \/>\n<meta name=\"twitter:label1\" content=\"Escrito por\" \/>\n\t<meta name=\"twitter:data1\" content=\"\" \/>\n\t<meta name=\"twitter:label2\" content=\"Tiempo de lectura\" \/>\n\t<meta name=\"twitter:data2\" content=\"4 minutos\" \/>\n<script type=\"application\/ld+json\" class=\"yoast-schema-graph\">{\"@context\":\"https:\\\/\\\/schema.org\",\"@graph\":[{\"@type\":\"Article\",\"@id\":\"https:\\\/\\\/www.isdi.education\\\/mx\\\/blog\\\/la-omninarrativa-como-parte-de-la-cultura-organizacional#article\",\"isPartOf\":{\"@id\":\"https:\\\/\\\/www.isdi.education\\\/mx\\\/blog\\\/la-omninarrativa-como-parte-de-la-cultura-organizacional\"},\"author\":{\"name\":\"\",\"@id\":\"\"},\"headline\":\"La omninarrativa como parte de la cultura organizacional\",\"datePublished\":\"2020-09-11T00:00:00+00:00\",\"mainEntityOfPage\":{\"@id\":\"https:\\\/\\\/www.isdi.education\\\/mx\\\/blog\\\/la-omninarrativa-como-parte-de-la-cultura-organizacional\"},\"wordCount\":787,\"commentCount\":0,\"publisher\":{\"@id\":\"https:\\\/\\\/www.isdi.education\\\/mx\\\/#organization\"},\"image\":{\"@id\":\"https:\\\/\\\/www.isdi.education\\\/mx\\\/blog\\\/la-omninarrativa-como-parte-de-la-cultura-organizacional#primaryimage\"},\"thumbnailUrl\":\"https:\\\/\\\/www.isdi.education\\\/mx\\\/wp-content\\\/uploads\\\/sites\\\/5\\\/2024\\\/03\\\/540-istock-693767454.jpg\",\"inLanguage\":\"es\",\"potentialAction\":[{\"@type\":\"CommentAction\",\"name\":\"Comment\",\"target\":[\"https:\\\/\\\/www.isdi.education\\\/mx\\\/blog\\\/la-omninarrativa-como-parte-de-la-cultura-organizacional#respond\"]}]},{\"@type\":\"WebPage\",\"@id\":\"https:\\\/\\\/www.isdi.education\\\/mx\\\/blog\\\/la-omninarrativa-como-parte-de-la-cultura-organizacional\",\"url\":\"https:\\\/\\\/www.isdi.education\\\/mx\\\/blog\\\/la-omninarrativa-como-parte-de-la-cultura-organizacional\",\"name\":\"La omninarrativa como parte de la cultura organizacional\",\"isPartOf\":{\"@id\":\"https:\\\/\\\/www.isdi.education\\\/mx\\\/#website\"},\"primaryImageOfPage\":{\"@id\":\"https:\\\/\\\/www.isdi.education\\\/mx\\\/blog\\\/la-omninarrativa-como-parte-de-la-cultura-organizacional#primaryimage\"},\"image\":{\"@id\":\"https:\\\/\\\/www.isdi.education\\\/mx\\\/blog\\\/la-omninarrativa-como-parte-de-la-cultura-organizacional#primaryimage\"},\"thumbnailUrl\":\"https:\\\/\\\/www.isdi.education\\\/mx\\\/wp-content\\\/uploads\\\/sites\\\/5\\\/2024\\\/03\\\/540-istock-693767454.jpg\",\"datePublished\":\"2020-09-11T00:00:00+00:00\",\"breadcrumb\":{\"@id\":\"https:\\\/\\\/www.isdi.education\\\/mx\\\/blog\\\/la-omninarrativa-como-parte-de-la-cultura-organizacional#breadcrumb\"},\"inLanguage\":\"es\",\"potentialAction\":[{\"@type\":\"ReadAction\",\"target\":[\"https:\\\/\\\/www.isdi.education\\\/mx\\\/blog\\\/la-omninarrativa-como-parte-de-la-cultura-organizacional\"]}]},{\"@type\":\"ImageObject\",\"inLanguage\":\"es\",\"@id\":\"https:\\\/\\\/www.isdi.education\\\/mx\\\/blog\\\/la-omninarrativa-como-parte-de-la-cultura-organizacional#primaryimage\",\"url\":\"https:\\\/\\\/www.isdi.education\\\/mx\\\/wp-content\\\/uploads\\\/sites\\\/5\\\/2024\\\/03\\\/540-istock-693767454.jpg\",\"contentUrl\":\"https:\\\/\\\/www.isdi.education\\\/mx\\\/wp-content\\\/uploads\\\/sites\\\/5\\\/2024\\\/03\\\/540-istock-693767454.jpg\",\"width\":600,\"height\":400,\"caption\":\"La omninarrativa como parte de la cultura organizacional\"},{\"@type\":\"BreadcrumbList\",\"@id\":\"https:\\\/\\\/www.isdi.education\\\/mx\\\/blog\\\/la-omninarrativa-como-parte-de-la-cultura-organizacional#breadcrumb\",\"itemListElement\":[{\"@type\":\"ListItem\",\"position\":1,\"name\":\"Portada\",\"item\":\"https:\\\/\\\/www.isdi.education\\\/mx\\\/\"},{\"@type\":\"ListItem\",\"position\":2,\"name\":\"La omninarrativa como parte de la cultura organizacional\"}]},{\"@type\":\"WebSite\",\"@id\":\"https:\\\/\\\/www.isdi.education\\\/mx\\\/#website\",\"url\":\"https:\\\/\\\/www.isdi.education\\\/mx\\\/\",\"name\":\"ISDI Mexico\",\"description\":\"Descubre la formaci\u00f3n que te abrir\u00e1 las puertas a la era digital. Entra a formar parte de la primera escuela de negocios y direcci\u00f3n nativa digital.\",\"publisher\":{\"@id\":\"https:\\\/\\\/www.isdi.education\\\/mx\\\/#organization\"},\"inLanguage\":\"es\"},{\"@type\":\"Organization\",\"@id\":\"https:\\\/\\\/www.isdi.education\\\/mx\\\/#organization\",\"name\":\"ISDI Mexico\",\"url\":\"https:\\\/\\\/www.isdi.education\\\/mx\\\/\",\"logo\":{\"@type\":\"ImageObject\",\"inLanguage\":\"es\",\"@id\":\"https:\\\/\\\/www.isdi.education\\\/mx\\\/#\\\/schema\\\/logo\\\/image\\\/\",\"url\":\"https:\\\/\\\/www.isdi.education\\\/mx\\\/wp-content\\\/uploads\\\/sites\\\/5\\\/2023\\\/12\\\/logoISDI-blanco.svg\",\"contentUrl\":\"https:\\\/\\\/www.isdi.education\\\/mx\\\/wp-content\\\/uploads\\\/sites\\\/5\\\/2023\\\/12\\\/logoISDI-blanco.svg\",\"width\":79,\"height\":100,\"caption\":\"ISDI Mexico\"},\"image\":{\"@id\":\"https:\\\/\\\/www.isdi.education\\\/mx\\\/#\\\/schema\\\/logo\\\/image\\\/\"}},{\"@type\":\"Person\",\"@id\":\"\",\"url\":\"https:\\\/\\\/www.isdi.education\\\/mx\\\/author\"}]}<\/script>\n<!-- \/ Yoast SEO plugin. -->","yoast_head_json":{"title":"La omninarrativa como parte de la cultura organizacional","robots":{"index":"index","follow":"follow","max-snippet":"max-snippet:-1","max-image-preview":"max-image-preview:large","max-video-preview":"max-video-preview:-1"},"canonical":"https:\/\/www.isdi.education\/mx\/blog\/la-omninarrativa-como-parte-de-la-cultura-organizacional","og_locale":"es_MX","og_type":"article","og_title":"La omninarrativa como parte de la cultura organizacional","og_description":"Claves de la omnicanalidad","og_url":"https:\/\/www.isdi.education\/mx\/blog\/la-omninarrativa-como-parte-de-la-cultura-organizacional","og_site_name":"ISDI Mexico","article_published_time":"2020-09-11T00:00:00+00:00","og_image":[{"width":600,"height":400,"url":"https:\/\/www.isdi.education\/mx\/wp-content\/uploads\/sites\/5\/2024\/03\/540-istock-693767454.jpg","type":"image\/jpeg"}],"twitter_card":"summary_large_image","twitter_misc":{"Escrito por":"","Tiempo de lectura":"4 minutos"},"schema":{"@context":"https:\/\/schema.org","@graph":[{"@type":"Article","@id":"https:\/\/www.isdi.education\/mx\/blog\/la-omninarrativa-como-parte-de-la-cultura-organizacional#article","isPartOf":{"@id":"https:\/\/www.isdi.education\/mx\/blog\/la-omninarrativa-como-parte-de-la-cultura-organizacional"},"author":{"name":"","@id":""},"headline":"La omninarrativa como parte de la cultura organizacional","datePublished":"2020-09-11T00:00:00+00:00","mainEntityOfPage":{"@id":"https:\/\/www.isdi.education\/mx\/blog\/la-omninarrativa-como-parte-de-la-cultura-organizacional"},"wordCount":787,"commentCount":0,"publisher":{"@id":"https:\/\/www.isdi.education\/mx\/#organization"},"image":{"@id":"https:\/\/www.isdi.education\/mx\/blog\/la-omninarrativa-como-parte-de-la-cultura-organizacional#primaryimage"},"thumbnailUrl":"https:\/\/www.isdi.education\/mx\/wp-content\/uploads\/sites\/5\/2024\/03\/540-istock-693767454.jpg","inLanguage":"es","potentialAction":[{"@type":"CommentAction","name":"Comment","target":["https:\/\/www.isdi.education\/mx\/blog\/la-omninarrativa-como-parte-de-la-cultura-organizacional#respond"]}]},{"@type":"WebPage","@id":"https:\/\/www.isdi.education\/mx\/blog\/la-omninarrativa-como-parte-de-la-cultura-organizacional","url":"https:\/\/www.isdi.education\/mx\/blog\/la-omninarrativa-como-parte-de-la-cultura-organizacional","name":"La omninarrativa como parte de la cultura organizacional","isPartOf":{"@id":"https:\/\/www.isdi.education\/mx\/#website"},"primaryImageOfPage":{"@id":"https:\/\/www.isdi.education\/mx\/blog\/la-omninarrativa-como-parte-de-la-cultura-organizacional#primaryimage"},"image":{"@id":"https:\/\/www.isdi.education\/mx\/blog\/la-omninarrativa-como-parte-de-la-cultura-organizacional#primaryimage"},"thumbnailUrl":"https:\/\/www.isdi.education\/mx\/wp-content\/uploads\/sites\/5\/2024\/03\/540-istock-693767454.jpg","datePublished":"2020-09-11T00:00:00+00:00","breadcrumb":{"@id":"https:\/\/www.isdi.education\/mx\/blog\/la-omninarrativa-como-parte-de-la-cultura-organizacional#breadcrumb"},"inLanguage":"es","potentialAction":[{"@type":"ReadAction","target":["https:\/\/www.isdi.education\/mx\/blog\/la-omninarrativa-como-parte-de-la-cultura-organizacional"]}]},{"@type":"ImageObject","inLanguage":"es","@id":"https:\/\/www.isdi.education\/mx\/blog\/la-omninarrativa-como-parte-de-la-cultura-organizacional#primaryimage","url":"https:\/\/www.isdi.education\/mx\/wp-content\/uploads\/sites\/5\/2024\/03\/540-istock-693767454.jpg","contentUrl":"https:\/\/www.isdi.education\/mx\/wp-content\/uploads\/sites\/5\/2024\/03\/540-istock-693767454.jpg","width":600,"height":400,"caption":"La omninarrativa como parte de la cultura organizacional"},{"@type":"BreadcrumbList","@id":"https:\/\/www.isdi.education\/mx\/blog\/la-omninarrativa-como-parte-de-la-cultura-organizacional#breadcrumb","itemListElement":[{"@type":"ListItem","position":1,"name":"Portada","item":"https:\/\/www.isdi.education\/mx\/"},{"@type":"ListItem","position":2,"name":"La omninarrativa como parte de la cultura organizacional"}]},{"@type":"WebSite","@id":"https:\/\/www.isdi.education\/mx\/#website","url":"https:\/\/www.isdi.education\/mx\/","name":"ISDI Mexico","description":"Descubre la formaci\u00f3n que te abrir\u00e1 las puertas a la era digital. Entra a formar parte de la primera escuela de negocios y direcci\u00f3n nativa digital.","publisher":{"@id":"https:\/\/www.isdi.education\/mx\/#organization"},"inLanguage":"es"},{"@type":"Organization","@id":"https:\/\/www.isdi.education\/mx\/#organization","name":"ISDI Mexico","url":"https:\/\/www.isdi.education\/mx\/","logo":{"@type":"ImageObject","inLanguage":"es","@id":"https:\/\/www.isdi.education\/mx\/#\/schema\/logo\/image\/","url":"https:\/\/www.isdi.education\/mx\/wp-content\/uploads\/sites\/5\/2023\/12\/logoISDI-blanco.svg","contentUrl":"https:\/\/www.isdi.education\/mx\/wp-content\/uploads\/sites\/5\/2023\/12\/logoISDI-blanco.svg","width":79,"height":100,"caption":"ISDI Mexico"},"image":{"@id":"https:\/\/www.isdi.education\/mx\/#\/schema\/logo\/image\/"}},{"@type":"Person","@id":"","url":"https:\/\/www.isdi.education\/mx\/author"}]}},"_links":{"self":[{"href":"https:\/\/www.isdi.education\/mx\/wp-json\/wp\/v2\/posts\/19639","targetHints":{"allow":["GET"]}}],"collection":[{"href":"https:\/\/www.isdi.education\/mx\/wp-json\/wp\/v2\/posts"}],"about":[{"href":"https:\/\/www.isdi.education\/mx\/wp-json\/wp\/v2\/types\/post"}],"author":[{"embeddable":true,"href":"https:\/\/www.isdi.education\/mx\/wp-json\/wp\/v2\/users\/1"}],"replies":[{"embeddable":true,"href":"https:\/\/www.isdi.education\/mx\/wp-json\/wp\/v2\/comments?post=19639"}],"version-history":[{"count":0,"href":"https:\/\/www.isdi.education\/mx\/wp-json\/wp\/v2\/posts\/19639\/revisions"}],"wp:featuredmedia":[{"embeddable":true,"href":"https:\/\/www.isdi.education\/mx\/wp-json\/wp\/v2\/media\/19638"}],"wp:attachment":[{"href":"https:\/\/www.isdi.education\/mx\/wp-json\/wp\/v2\/media?parent=19639"}],"wp:term":[{"taxonomy":"category","embeddable":true,"href":"https:\/\/www.isdi.education\/mx\/wp-json\/wp\/v2\/categories?post=19639"},{"taxonomy":"post_tag","embeddable":true,"href":"https:\/\/www.isdi.education\/mx\/wp-json\/wp\/v2\/tags?post=19639"}],"curies":[{"name":"wp","href":"https:\/\/api.w.org\/{rel}","templated":true}]}}