{"id":19633,"date":"2020-06-12T00:00:00","date_gmt":"2020-06-12T00:00:00","guid":{"rendered":"https:\/\/www.isdi.education\/mx\/tendencias-de-trabajo-post-covid-19\/"},"modified":"2020-06-12T00:00:00","modified_gmt":"2020-06-12T00:00:00","slug":"tendencias-de-trabajo-post-covid-19","status":"publish","type":"post","link":"https:\/\/www.isdi.education\/mx\/blog\/tendencias-de-trabajo-post-covid-19","title":{"rendered":"Tendencias de trabajo post COVID-19"},"content":{"rendered":"<div id=\"07M-wysiwyg-1\" class=\"07M-wysiwyg anchor--link \" data-anchor-content>\n<section class=\"wysiwyg mb-xl\">\n<div class=\"wrapper wrapper--small\">\n<p class=\"t-small mb-xs\">\n<div class=\"wysiwyg__content\">\n<div>\n<p class=\"rtejustify\"><strong>Por Mauricio Cabrera<\/strong><\/p>\n<p class=\"rtejustify\">Una nueva realidad econ\u00f3mica implica transformaciones profundas en el modo en que las empresas operan. S\u00ed, en t\u00e9rminos de presupuesto y objetivos, pero tambi\u00e9n respecto a la forma en que se relacionan con sus empleados. Aqu\u00ed las principales tendencias del trabajo una vez que la <strong>nueva normalidad<\/strong> empieza a ser descubierta.\u00a0<\/p>\n<p class=\"rtejustify\"><strong>\u2192 Reducci\u00f3n de esquema de tiempo completo<\/strong><\/p>\n<p class=\"rtejustify\">Ante la inestabilidad propiciada por el alto a la econom\u00eda en la mayor\u00eda de los sectores a nivel mundial, ser\u00e1n cada vez m\u00e1s las empresas que busquen trabajadores temporales, que atiendan proyectos espec\u00edficos y que no impliquen un compromiso a largo plazo, lo que permitir\u00e1 a los empleadores concentrarse en el cumplimiento de objetivos inmediatos sin seguir incrementando sus riesgos en t\u00e9rminos de costos hacia el futuro.\u00a0<\/p>\n<p class=\"rtejustify\">A este respecto, un libro electr\u00f3nico presentado por Gartner menciona que un 32% de las empresas que consider\u00f3 para su reporte sobre el trabajo Post <strong>COVID-19<\/strong>, est\u00e1 prescindiendo de trabajadores de tiempo completo para abrazar hacia un esquema de trabajo temporal.\u00a0<\/p>\n<p class=\"rtejustify\"><strong>\u2192 Adopci\u00f3n a largo plazo del trabajo a distancia\u00a0<\/strong><\/p>\n<p class=\"rtejustify\">Las grandes tecnol\u00f3gicas no son las \u00fanicas que han abrazado una postura respecto al mantenimiento del trabajo a distancia como una din\u00e1mica creciente y permanente. Si Facebook anunci\u00f3 que ya se plantea un futuro post pandemia en el que al menos la mitad de sus empleados trabajar\u00e1 de manera remota, un 48% de los empleados acabar\u00e1 laborando en un esquema semejante, que si bien podr\u00eda incluir algunos d\u00edas de asistencia a oficina, tendr\u00e1 como columna vertebral el trabajo a distancia, lo que activar\u00e1 desaf\u00edos de trabajo colaborativo en l\u00ednea.\u00a0<\/p>\n<p class=\"rtejustify\"><strong>\u2192 El boom de las marcas personales\u00a0<\/strong><\/p>\n<p class=\"rtejustify\">Ante la inestabilidad de las empresas, ser\u00e1n cada vez m\u00e1s los trabajadores que decidan emprender un proyecto que los lleve a la b\u00fasqueda de recursos de forma independiente. Los detonantes de esto se encuentran relacionados a una creciente sensaci\u00f3n de peligro respecto a la posibilidad de perder el empleo y la creciente adopci\u00f3n de los insiders o microinfluencers como alternativa tanto para potenciales anunciantes como para usuarios y empresas que deciden contratarlos para recibir alg\u00fan tipo de consultor\u00eda o servicio.\u00a0<\/p>\n<p class=\"rtejustify\"><strong>\u2192 Redefinici\u00f3n de los apoyos recibidos por una empresa\u00a0<\/strong><\/p>\n<p class=\"rtejustify\">Para aquellas organizaciones que abracen el teletrabajo como una din\u00e1mica permanente, vendr\u00e1 un replanteamiento respecto a los beneficios adicionales que deban recibir sus empleados que, si bien no estar\u00e1n acudiendo a una cafeter\u00eda o exigiendo espacios para relajarse, ahora requerir\u00e1n apoyos para equilibrar su vida laboral con la personal, aguantar el estr\u00e9s a distancia e incluso la sensaci\u00f3n de soledad que pudiera generarles el aislamiento durante su horario laboral.\u00a0<\/p>\n<p class=\"rtejustify\">En cierto modo, la relaci\u00f3n empresa\/empleador se extender\u00e1 al comprender que con este cambio que presenta ahorros evidentes para las empresas ante la posibilidad de contar con un espacio m\u00e1s reducido para el trabajo fijo en oficina, tambi\u00e9n representa la necesidad de realizar nuevas inversiones tanto en materia tecnol\u00f3gica como tambi\u00e9n de asistencia para el bienestar de sus colaboradores.\u00a0<\/p>\n<p class=\"rtejustify\"><strong>\u2192 Mayor preparaci\u00f3n, menos encasillamiento de roles\u00a0<\/strong><\/p>\n<p class=\"rtejustify\">La tendencia ya exist\u00eda, la pandemia solo la aceler\u00f3. Ante las continuas transformaciones que deben afrontar las empresas tanto en sus modelos de negocio como en el modo en que operan, se hace fundamental que las personas clave de sus organizaciones reciban una preparaci\u00f3n constante, que los prepare para que en el momento en que su rol deba ser reconfigurado, cuenten con las herramientas y conocimientos necesarios para ser parte de la nueva era.\u00a0<\/p>\n<p class=\"rtejustify\">Los cambios impulsados por las plataformas digitales, donde con frecuencia una capacidad muy cotizada acaba devalu\u00e1ndose por haber sido sustituida por las m\u00e1quinas, llevan a que las personas deban reunir una serie de habilidades para estar en condiciones de ser parte de los nuevos episodios y desaf\u00edos de las empresas. En resumen, hay que preparar a los empleados en todo aquello que forme y est\u00e9 por formar parte de las principales unidades de negocio de una empresa.\u00a0<\/p>\n<\/div><\/div>\n<\/p><\/div>\n<\/section><\/div>\n","protected":false},"excerpt":{"rendered":"<p>Transformaciones profundas ante la nueva normalidad.<\/p>\n","protected":false},"author":1,"featured_media":19632,"comment_status":"open","ping_status":"open","sticky":false,"template":"","format":"standard","meta":{"_acf_changed":false,"footnotes":""},"categories":[51],"tags":[],"class_list":["post-19633","post","type-post","status-publish","format-standard","has-post-thumbnail","hentry","category-sin-categoria"],"acf":[],"yoast_head":"<!-- This site is optimized with the Yoast SEO plugin v27.4 - https:\/\/yoast.com\/product\/yoast-seo-wordpress\/ -->\n<title>Tendencias de trabajo post COVID-19<\/title>\n<meta name=\"robots\" content=\"index, follow, max-snippet:-1, max-image-preview:large, max-video-preview:-1\" \/>\n<link rel=\"canonical\" href=\"https:\/\/www.isdi.education\/mx\/blog\/tendencias-de-trabajo-post-covid-19\" \/>\n<meta property=\"og:locale\" content=\"es_MX\" \/>\n<meta property=\"og:type\" content=\"article\" \/>\n<meta property=\"og:title\" content=\"Tendencias de trabajo post COVID-19\" \/>\n<meta property=\"og:description\" content=\"Transformaciones profundas ante la nueva normalidad.\" \/>\n<meta property=\"og:url\" content=\"https:\/\/www.isdi.education\/mx\/blog\/tendencias-de-trabajo-post-covid-19\" \/>\n<meta property=\"og:site_name\" content=\"ISDI Mexico\" \/>\n<meta property=\"article:published_time\" content=\"2020-06-12T00:00:00+00:00\" \/>\n<meta property=\"og:image\" content=\"https:\/\/www.isdi.education\/mx\/wp-content\/uploads\/sites\/5\/2024\/03\/537-luke-peters-b6jinerwmz0-unsplash.jpg\" \/>\n\t<meta property=\"og:image:width\" content=\"600\" \/>\n\t<meta property=\"og:image:height\" content=\"400\" \/>\n\t<meta property=\"og:image:type\" content=\"image\/jpeg\" \/>\n<meta name=\"twitter:card\" content=\"summary_large_image\" \/>\n<meta name=\"twitter:label1\" content=\"Escrito por\" \/>\n\t<meta name=\"twitter:data1\" content=\"\" \/>\n\t<meta name=\"twitter:label2\" content=\"Tiempo de lectura\" \/>\n\t<meta name=\"twitter:data2\" content=\"3 minutos\" \/>\n<script type=\"application\/ld+json\" class=\"yoast-schema-graph\">{\"@context\":\"https:\\\/\\\/schema.org\",\"@graph\":[{\"@type\":\"Article\",\"@id\":\"https:\\\/\\\/www.isdi.education\\\/mx\\\/blog\\\/tendencias-de-trabajo-post-covid-19#article\",\"isPartOf\":{\"@id\":\"https:\\\/\\\/www.isdi.education\\\/mx\\\/blog\\\/tendencias-de-trabajo-post-covid-19\"},\"author\":{\"name\":\"\",\"@id\":\"\"},\"headline\":\"Tendencias de trabajo post COVID-19\",\"datePublished\":\"2020-06-12T00:00:00+00:00\",\"mainEntityOfPage\":{\"@id\":\"https:\\\/\\\/www.isdi.education\\\/mx\\\/blog\\\/tendencias-de-trabajo-post-covid-19\"},\"wordCount\":691,\"commentCount\":0,\"publisher\":{\"@id\":\"https:\\\/\\\/www.isdi.education\\\/mx\\\/#organization\"},\"image\":{\"@id\":\"https:\\\/\\\/www.isdi.education\\\/mx\\\/blog\\\/tendencias-de-trabajo-post-covid-19#primaryimage\"},\"thumbnailUrl\":\"https:\\\/\\\/www.isdi.education\\\/mx\\\/wp-content\\\/uploads\\\/sites\\\/5\\\/2024\\\/03\\\/537-luke-peters-b6jinerwmz0-unsplash.jpg\",\"inLanguage\":\"es\",\"potentialAction\":[{\"@type\":\"CommentAction\",\"name\":\"Comment\",\"target\":[\"https:\\\/\\\/www.isdi.education\\\/mx\\\/blog\\\/tendencias-de-trabajo-post-covid-19#respond\"]}]},{\"@type\":\"WebPage\",\"@id\":\"https:\\\/\\\/www.isdi.education\\\/mx\\\/blog\\\/tendencias-de-trabajo-post-covid-19\",\"url\":\"https:\\\/\\\/www.isdi.education\\\/mx\\\/blog\\\/tendencias-de-trabajo-post-covid-19\",\"name\":\"Tendencias de trabajo post COVID-19\",\"isPartOf\":{\"@id\":\"https:\\\/\\\/www.isdi.education\\\/mx\\\/#website\"},\"primaryImageOfPage\":{\"@id\":\"https:\\\/\\\/www.isdi.education\\\/mx\\\/blog\\\/tendencias-de-trabajo-post-covid-19#primaryimage\"},\"image\":{\"@id\":\"https:\\\/\\\/www.isdi.education\\\/mx\\\/blog\\\/tendencias-de-trabajo-post-covid-19#primaryimage\"},\"thumbnailUrl\":\"https:\\\/\\\/www.isdi.education\\\/mx\\\/wp-content\\\/uploads\\\/sites\\\/5\\\/2024\\\/03\\\/537-luke-peters-b6jinerwmz0-unsplash.jpg\",\"datePublished\":\"2020-06-12T00:00:00+00:00\",\"breadcrumb\":{\"@id\":\"https:\\\/\\\/www.isdi.education\\\/mx\\\/blog\\\/tendencias-de-trabajo-post-covid-19#breadcrumb\"},\"inLanguage\":\"es\",\"potentialAction\":[{\"@type\":\"ReadAction\",\"target\":[\"https:\\\/\\\/www.isdi.education\\\/mx\\\/blog\\\/tendencias-de-trabajo-post-covid-19\"]}]},{\"@type\":\"ImageObject\",\"inLanguage\":\"es\",\"@id\":\"https:\\\/\\\/www.isdi.education\\\/mx\\\/blog\\\/tendencias-de-trabajo-post-covid-19#primaryimage\",\"url\":\"https:\\\/\\\/www.isdi.education\\\/mx\\\/wp-content\\\/uploads\\\/sites\\\/5\\\/2024\\\/03\\\/537-luke-peters-b6jinerwmz0-unsplash.jpg\",\"contentUrl\":\"https:\\\/\\\/www.isdi.education\\\/mx\\\/wp-content\\\/uploads\\\/sites\\\/5\\\/2024\\\/03\\\/537-luke-peters-b6jinerwmz0-unsplash.jpg\",\"width\":600,\"height\":400,\"caption\":\"Tendencias de trabajo post COVID-19\"},{\"@type\":\"BreadcrumbList\",\"@id\":\"https:\\\/\\\/www.isdi.education\\\/mx\\\/blog\\\/tendencias-de-trabajo-post-covid-19#breadcrumb\",\"itemListElement\":[{\"@type\":\"ListItem\",\"position\":1,\"name\":\"Portada\",\"item\":\"https:\\\/\\\/www.isdi.education\\\/mx\\\/\"},{\"@type\":\"ListItem\",\"position\":2,\"name\":\"Tendencias de trabajo post COVID-19\"}]},{\"@type\":\"WebSite\",\"@id\":\"https:\\\/\\\/www.isdi.education\\\/mx\\\/#website\",\"url\":\"https:\\\/\\\/www.isdi.education\\\/mx\\\/\",\"name\":\"ISDI Mexico\",\"description\":\"Descubre la formaci\u00f3n que te abrir\u00e1 las puertas a la era digital. Entra a formar parte de la primera escuela de negocios y direcci\u00f3n nativa digital.\",\"publisher\":{\"@id\":\"https:\\\/\\\/www.isdi.education\\\/mx\\\/#organization\"},\"inLanguage\":\"es\"},{\"@type\":\"Organization\",\"@id\":\"https:\\\/\\\/www.isdi.education\\\/mx\\\/#organization\",\"name\":\"ISDI Mexico\",\"url\":\"https:\\\/\\\/www.isdi.education\\\/mx\\\/\",\"logo\":{\"@type\":\"ImageObject\",\"inLanguage\":\"es\",\"@id\":\"https:\\\/\\\/www.isdi.education\\\/mx\\\/#\\\/schema\\\/logo\\\/image\\\/\",\"url\":\"https:\\\/\\\/www.isdi.education\\\/mx\\\/wp-content\\\/uploads\\\/sites\\\/5\\\/2023\\\/12\\\/logoISDI-blanco.svg\",\"contentUrl\":\"https:\\\/\\\/www.isdi.education\\\/mx\\\/wp-content\\\/uploads\\\/sites\\\/5\\\/2023\\\/12\\\/logoISDI-blanco.svg\",\"width\":79,\"height\":100,\"caption\":\"ISDI Mexico\"},\"image\":{\"@id\":\"https:\\\/\\\/www.isdi.education\\\/mx\\\/#\\\/schema\\\/logo\\\/image\\\/\"}},{\"@type\":\"Person\",\"@id\":\"\",\"url\":\"https:\\\/\\\/www.isdi.education\\\/mx\\\/author\"}]}<\/script>\n<!-- \/ Yoast SEO plugin. -->","yoast_head_json":{"title":"Tendencias de trabajo post COVID-19","robots":{"index":"index","follow":"follow","max-snippet":"max-snippet:-1","max-image-preview":"max-image-preview:large","max-video-preview":"max-video-preview:-1"},"canonical":"https:\/\/www.isdi.education\/mx\/blog\/tendencias-de-trabajo-post-covid-19","og_locale":"es_MX","og_type":"article","og_title":"Tendencias de trabajo post COVID-19","og_description":"Transformaciones profundas ante la nueva normalidad.","og_url":"https:\/\/www.isdi.education\/mx\/blog\/tendencias-de-trabajo-post-covid-19","og_site_name":"ISDI Mexico","article_published_time":"2020-06-12T00:00:00+00:00","og_image":[{"width":600,"height":400,"url":"https:\/\/www.isdi.education\/mx\/wp-content\/uploads\/sites\/5\/2024\/03\/537-luke-peters-b6jinerwmz0-unsplash.jpg","type":"image\/jpeg"}],"twitter_card":"summary_large_image","twitter_misc":{"Escrito por":"","Tiempo de lectura":"3 minutos"},"schema":{"@context":"https:\/\/schema.org","@graph":[{"@type":"Article","@id":"https:\/\/www.isdi.education\/mx\/blog\/tendencias-de-trabajo-post-covid-19#article","isPartOf":{"@id":"https:\/\/www.isdi.education\/mx\/blog\/tendencias-de-trabajo-post-covid-19"},"author":{"name":"","@id":""},"headline":"Tendencias de trabajo post COVID-19","datePublished":"2020-06-12T00:00:00+00:00","mainEntityOfPage":{"@id":"https:\/\/www.isdi.education\/mx\/blog\/tendencias-de-trabajo-post-covid-19"},"wordCount":691,"commentCount":0,"publisher":{"@id":"https:\/\/www.isdi.education\/mx\/#organization"},"image":{"@id":"https:\/\/www.isdi.education\/mx\/blog\/tendencias-de-trabajo-post-covid-19#primaryimage"},"thumbnailUrl":"https:\/\/www.isdi.education\/mx\/wp-content\/uploads\/sites\/5\/2024\/03\/537-luke-peters-b6jinerwmz0-unsplash.jpg","inLanguage":"es","potentialAction":[{"@type":"CommentAction","name":"Comment","target":["https:\/\/www.isdi.education\/mx\/blog\/tendencias-de-trabajo-post-covid-19#respond"]}]},{"@type":"WebPage","@id":"https:\/\/www.isdi.education\/mx\/blog\/tendencias-de-trabajo-post-covid-19","url":"https:\/\/www.isdi.education\/mx\/blog\/tendencias-de-trabajo-post-covid-19","name":"Tendencias de trabajo post COVID-19","isPartOf":{"@id":"https:\/\/www.isdi.education\/mx\/#website"},"primaryImageOfPage":{"@id":"https:\/\/www.isdi.education\/mx\/blog\/tendencias-de-trabajo-post-covid-19#primaryimage"},"image":{"@id":"https:\/\/www.isdi.education\/mx\/blog\/tendencias-de-trabajo-post-covid-19#primaryimage"},"thumbnailUrl":"https:\/\/www.isdi.education\/mx\/wp-content\/uploads\/sites\/5\/2024\/03\/537-luke-peters-b6jinerwmz0-unsplash.jpg","datePublished":"2020-06-12T00:00:00+00:00","breadcrumb":{"@id":"https:\/\/www.isdi.education\/mx\/blog\/tendencias-de-trabajo-post-covid-19#breadcrumb"},"inLanguage":"es","potentialAction":[{"@type":"ReadAction","target":["https:\/\/www.isdi.education\/mx\/blog\/tendencias-de-trabajo-post-covid-19"]}]},{"@type":"ImageObject","inLanguage":"es","@id":"https:\/\/www.isdi.education\/mx\/blog\/tendencias-de-trabajo-post-covid-19#primaryimage","url":"https:\/\/www.isdi.education\/mx\/wp-content\/uploads\/sites\/5\/2024\/03\/537-luke-peters-b6jinerwmz0-unsplash.jpg","contentUrl":"https:\/\/www.isdi.education\/mx\/wp-content\/uploads\/sites\/5\/2024\/03\/537-luke-peters-b6jinerwmz0-unsplash.jpg","width":600,"height":400,"caption":"Tendencias de trabajo post COVID-19"},{"@type":"BreadcrumbList","@id":"https:\/\/www.isdi.education\/mx\/blog\/tendencias-de-trabajo-post-covid-19#breadcrumb","itemListElement":[{"@type":"ListItem","position":1,"name":"Portada","item":"https:\/\/www.isdi.education\/mx\/"},{"@type":"ListItem","position":2,"name":"Tendencias de trabajo post COVID-19"}]},{"@type":"WebSite","@id":"https:\/\/www.isdi.education\/mx\/#website","url":"https:\/\/www.isdi.education\/mx\/","name":"ISDI Mexico","description":"Descubre la formaci\u00f3n que te abrir\u00e1 las puertas a la era digital. Entra a formar parte de la primera escuela de negocios y direcci\u00f3n nativa digital.","publisher":{"@id":"https:\/\/www.isdi.education\/mx\/#organization"},"inLanguage":"es"},{"@type":"Organization","@id":"https:\/\/www.isdi.education\/mx\/#organization","name":"ISDI Mexico","url":"https:\/\/www.isdi.education\/mx\/","logo":{"@type":"ImageObject","inLanguage":"es","@id":"https:\/\/www.isdi.education\/mx\/#\/schema\/logo\/image\/","url":"https:\/\/www.isdi.education\/mx\/wp-content\/uploads\/sites\/5\/2023\/12\/logoISDI-blanco.svg","contentUrl":"https:\/\/www.isdi.education\/mx\/wp-content\/uploads\/sites\/5\/2023\/12\/logoISDI-blanco.svg","width":79,"height":100,"caption":"ISDI Mexico"},"image":{"@id":"https:\/\/www.isdi.education\/mx\/#\/schema\/logo\/image\/"}},{"@type":"Person","@id":"","url":"https:\/\/www.isdi.education\/mx\/author"}]}},"_links":{"self":[{"href":"https:\/\/www.isdi.education\/mx\/wp-json\/wp\/v2\/posts\/19633","targetHints":{"allow":["GET"]}}],"collection":[{"href":"https:\/\/www.isdi.education\/mx\/wp-json\/wp\/v2\/posts"}],"about":[{"href":"https:\/\/www.isdi.education\/mx\/wp-json\/wp\/v2\/types\/post"}],"author":[{"embeddable":true,"href":"https:\/\/www.isdi.education\/mx\/wp-json\/wp\/v2\/users\/1"}],"replies":[{"embeddable":true,"href":"https:\/\/www.isdi.education\/mx\/wp-json\/wp\/v2\/comments?post=19633"}],"version-history":[{"count":0,"href":"https:\/\/www.isdi.education\/mx\/wp-json\/wp\/v2\/posts\/19633\/revisions"}],"wp:featuredmedia":[{"embeddable":true,"href":"https:\/\/www.isdi.education\/mx\/wp-json\/wp\/v2\/media\/19632"}],"wp:attachment":[{"href":"https:\/\/www.isdi.education\/mx\/wp-json\/wp\/v2\/media?parent=19633"}],"wp:term":[{"taxonomy":"category","embeddable":true,"href":"https:\/\/www.isdi.education\/mx\/wp-json\/wp\/v2\/categories?post=19633"},{"taxonomy":"post_tag","embeddable":true,"href":"https:\/\/www.isdi.education\/mx\/wp-json\/wp\/v2\/tags?post=19633"}],"curies":[{"name":"wp","href":"https:\/\/api.w.org\/{rel}","templated":true}]}}