{"id":19613,"date":"2019-06-06T00:00:00","date_gmt":"2019-06-06T00:00:00","guid":{"rendered":"https:\/\/www.isdi.education\/mx\/el-desarrollo-ejecutivo-en-la-epoca-de-la-personalizacion\/"},"modified":"2019-06-06T00:00:00","modified_gmt":"2019-06-06T00:00:00","slug":"el-desarrollo-ejecutivo-en-la-epoca-de-la-personalizacion","status":"publish","type":"post","link":"https:\/\/www.isdi.education\/mx\/blog\/el-desarrollo-ejecutivo-en-la-epoca-de-la-personalizacion","title":{"rendered":"El desarrollo ejecutivo en la \u00e9poca de la personalizaci\u00f3n"},"content":{"rendered":"<div id=\"07M-wysiwyg-1\" class=\"07M-wysiwyg anchor--link \" data-anchor-content>\n<section class=\"wysiwyg mb-xl\">\n<div class=\"wrapper wrapper--small\">\n<p class=\"t-small mb-xs\">\n<div class=\"wysiwyg__content\">\n<div>\n<p class=\"rtejustify\">Controlar lo que vemos, escuchamos y leemos representa m\u00e1s que nunca adem\u00e1s de varias oportunidades, un reto para la formaci\u00f3n continua y el <strong>desarrollo ejecutivo<\/strong>.<\/p>\n<p class=\"rtejustify\">\n<p class=\"rtejustify\">De acuerdo con un estudio de The Chief Learning Officer \u2013 Business Intelligence Board, s\u00f3lo el 25 % de las organizaciones involucran a sus colaboradores en la definici\u00f3n detallada de los conocimientos, habilidades y competencias que desarrollar\u00e1n.<\/p>\n<p class=\"rtejustify\">Por otro lado, un estudio realizado por Human Capital Media Research Advisory Group, mostr\u00f3 que los l\u00edderes y directivos tienen en la mayor\u00eda de los casos el control final sobre la toma de decisiones.<\/p>\n<p class=\"rtejustify\">Para crear un <strong>ecosistema de aprendizaje<\/strong> que permita personalizar la experiencia de los empleados es necesario invertir en plataformas que permitan que el conocimiento llegue de forma mucho m\u00e1s inmediata y en las condiciones \u00f3ptimas para su aprovechamiento. Todos criterios en los que a\u00fan en M\u00e9xico se est\u00e1 en pa\u00f1ales.<\/p>\n<p class=\"rtejustify\">El uso de tecnolog\u00edas como el <strong>machine learning<\/strong> y la<strong> inteligencia artificial<\/strong>, permiten cada vez m\u00e1s personalizar el <strong>aprendizaje<\/strong>, por lo que es prioritario en los nuevos negocios, permitirse invertir en tecnolog\u00edas que impulsen el desarrollo y la obtenci\u00f3n de conocimientos y competencias de acuerdo con las funciones, perfiles, intereses y necesidades de los miembros de una empresa, sin importar su jerarqu\u00eda o antig\u00fcedad.<\/p>\n<p class=\"rtejustify\">Ante este panorama y evidente necesidad, \u00bfqu\u00e9 acciones podemos tomar para crear un cambio que impacte nuestro negocio?<\/p>\n<p class=\"rtejustify\">Algunas empresas en Estados Unidos est\u00e1n otorgando a sus empleados hasta 3 mil d\u00f3lares anualmente para que lo inviertan en cursos, programas, diplomados o herramientas que les permitan adquirir una formaci\u00f3n formal avanzada de su inter\u00e9s, con el fin de mejorar sus funciones en la compa\u00f1\u00eda, lo que redit\u00faa adem\u00e1s considerablemente al tener un personal mucho m\u00e1s capacitado y actualizado.<\/p>\n<p class=\"rtejustify\">Otras organizaciones permiten a sus empleados usar hasta 10 % de su tiempo laboral para involucrarse en programas de libre elecci\u00f3n, con el fin de adquirir nuevos conocimientos, competencias y habilidades que benefician a ambas partes.<\/p>\n<p class=\"rtejustify\">Empresas como IBM han optado m\u00e1s por crear pol\u00edticas para la atracci\u00f3n y desarrollo de talento, con lo que m\u00e1s all\u00e1 de tomar en cuentas las \u2018credenciales\u2019 (grados acad\u00e9micos) de las personas, se enfocan en las habilidades y competencias que han desarrollado o son capaces de desarrollar de manera personal para funciones puntuales.<\/p>\n<p class=\"rtejustify\">La demanda, la competencia y la evoluci\u00f3n acelerada del mundo y del mercado de negocios y digital no nos da tregua, y hay que buscar la manera de mantenernos actualizadas. Hoy m\u00e1s que nunca resulta una necesidad imperante que muchas empresas est\u00e1n notando no es solo responsabilidad de sus empleados, sino de ellos mismos, para no solo obtener elementos preparados, sino para crear a los visionarios del ma\u00f1ana que ayudar\u00e1n a llevar sus negocios a otro nivel.<\/p>\n<\/div><\/div>\n<\/p><\/div>\n<\/section><\/div>\n","protected":false},"excerpt":{"rendered":"<p>Se dice que \u201clos colaboradores y ejecutivos en la organizaci\u00f3n tienen la capacidad de elegir lo que desean aprender\u201d, pero esto no es enteramente cierto.<\/p>\n","protected":false},"author":1,"featured_media":19612,"comment_status":"open","ping_status":"open","sticky":false,"template":"","format":"standard","meta":{"_acf_changed":false,"footnotes":""},"categories":[51],"tags":[],"class_list":["post-19613","post","type-post","status-publish","format-standard","has-post-thumbnail","hentry","category-sin-categoria"],"acf":[],"yoast_head":"<!-- This site is optimized with the Yoast SEO plugin v27.4 - https:\/\/yoast.com\/product\/yoast-seo-wordpress\/ -->\n<title>El desarrollo ejecutivo en la \u00e9poca de la personalizaci\u00f3n<\/title>\n<meta name=\"robots\" content=\"index, follow, max-snippet:-1, max-image-preview:large, max-video-preview:-1\" \/>\n<link rel=\"canonical\" href=\"https:\/\/www.isdi.education\/mx\/blog\/el-desarrollo-ejecutivo-en-la-epoca-de-la-personalizacion\" \/>\n<meta property=\"og:locale\" content=\"es_MX\" \/>\n<meta property=\"og:type\" content=\"article\" \/>\n<meta property=\"og:title\" content=\"El desarrollo ejecutivo en la \u00e9poca de la personalizaci\u00f3n\" \/>\n<meta property=\"og:description\" content=\"Se dice que \u201clos colaboradores y ejecutivos en la organizaci\u00f3n tienen la capacidad de elegir lo que desean aprender\u201d, pero esto no es enteramente cierto.\" \/>\n<meta property=\"og:url\" content=\"https:\/\/www.isdi.education\/mx\/blog\/el-desarrollo-ejecutivo-en-la-epoca-de-la-personalizacion\" \/>\n<meta property=\"og:site_name\" content=\"ISDI Mexico\" \/>\n<meta property=\"article:published_time\" content=\"2019-06-06T00:00:00+00:00\" \/>\n<meta property=\"og:image\" content=\"https:\/\/www.isdi.education\/mx\/wp-content\/uploads\/sites\/5\/2024\/03\/527-helloquence-61189-unsplash.jpg\" \/>\n\t<meta property=\"og:image:width\" content=\"600\" \/>\n\t<meta property=\"og:image:height\" content=\"400\" \/>\n\t<meta property=\"og:image:type\" content=\"image\/jpeg\" \/>\n<meta name=\"twitter:card\" content=\"summary_large_image\" \/>\n<meta name=\"twitter:label1\" content=\"Escrito por\" \/>\n\t<meta name=\"twitter:data1\" content=\"\" \/>\n\t<meta name=\"twitter:label2\" content=\"Tiempo de lectura\" \/>\n\t<meta name=\"twitter:data2\" content=\"2 minutos\" \/>\n<script type=\"application\/ld+json\" class=\"yoast-schema-graph\">{\"@context\":\"https:\\\/\\\/schema.org\",\"@graph\":[{\"@type\":\"Article\",\"@id\":\"https:\\\/\\\/www.isdi.education\\\/mx\\\/blog\\\/el-desarrollo-ejecutivo-en-la-epoca-de-la-personalizacion#article\",\"isPartOf\":{\"@id\":\"https:\\\/\\\/www.isdi.education\\\/mx\\\/blog\\\/el-desarrollo-ejecutivo-en-la-epoca-de-la-personalizacion\"},\"author\":{\"name\":\"\",\"@id\":\"\"},\"headline\":\"El desarrollo ejecutivo en la \u00e9poca de la personalizaci\u00f3n\",\"datePublished\":\"2019-06-06T00:00:00+00:00\",\"mainEntityOfPage\":{\"@id\":\"https:\\\/\\\/www.isdi.education\\\/mx\\\/blog\\\/el-desarrollo-ejecutivo-en-la-epoca-de-la-personalizacion\"},\"wordCount\":495,\"commentCount\":0,\"publisher\":{\"@id\":\"https:\\\/\\\/www.isdi.education\\\/mx\\\/#organization\"},\"image\":{\"@id\":\"https:\\\/\\\/www.isdi.education\\\/mx\\\/blog\\\/el-desarrollo-ejecutivo-en-la-epoca-de-la-personalizacion#primaryimage\"},\"thumbnailUrl\":\"https:\\\/\\\/www.isdi.education\\\/mx\\\/wp-content\\\/uploads\\\/sites\\\/5\\\/2024\\\/03\\\/527-helloquence-61189-unsplash.jpg\",\"inLanguage\":\"es\",\"potentialAction\":[{\"@type\":\"CommentAction\",\"name\":\"Comment\",\"target\":[\"https:\\\/\\\/www.isdi.education\\\/mx\\\/blog\\\/el-desarrollo-ejecutivo-en-la-epoca-de-la-personalizacion#respond\"]}]},{\"@type\":\"WebPage\",\"@id\":\"https:\\\/\\\/www.isdi.education\\\/mx\\\/blog\\\/el-desarrollo-ejecutivo-en-la-epoca-de-la-personalizacion\",\"url\":\"https:\\\/\\\/www.isdi.education\\\/mx\\\/blog\\\/el-desarrollo-ejecutivo-en-la-epoca-de-la-personalizacion\",\"name\":\"El desarrollo ejecutivo en la \u00e9poca de la personalizaci\u00f3n\",\"isPartOf\":{\"@id\":\"https:\\\/\\\/www.isdi.education\\\/mx\\\/#website\"},\"primaryImageOfPage\":{\"@id\":\"https:\\\/\\\/www.isdi.education\\\/mx\\\/blog\\\/el-desarrollo-ejecutivo-en-la-epoca-de-la-personalizacion#primaryimage\"},\"image\":{\"@id\":\"https:\\\/\\\/www.isdi.education\\\/mx\\\/blog\\\/el-desarrollo-ejecutivo-en-la-epoca-de-la-personalizacion#primaryimage\"},\"thumbnailUrl\":\"https:\\\/\\\/www.isdi.education\\\/mx\\\/wp-content\\\/uploads\\\/sites\\\/5\\\/2024\\\/03\\\/527-helloquence-61189-unsplash.jpg\",\"datePublished\":\"2019-06-06T00:00:00+00:00\",\"breadcrumb\":{\"@id\":\"https:\\\/\\\/www.isdi.education\\\/mx\\\/blog\\\/el-desarrollo-ejecutivo-en-la-epoca-de-la-personalizacion#breadcrumb\"},\"inLanguage\":\"es\",\"potentialAction\":[{\"@type\":\"ReadAction\",\"target\":[\"https:\\\/\\\/www.isdi.education\\\/mx\\\/blog\\\/el-desarrollo-ejecutivo-en-la-epoca-de-la-personalizacion\"]}]},{\"@type\":\"ImageObject\",\"inLanguage\":\"es\",\"@id\":\"https:\\\/\\\/www.isdi.education\\\/mx\\\/blog\\\/el-desarrollo-ejecutivo-en-la-epoca-de-la-personalizacion#primaryimage\",\"url\":\"https:\\\/\\\/www.isdi.education\\\/mx\\\/wp-content\\\/uploads\\\/sites\\\/5\\\/2024\\\/03\\\/527-helloquence-61189-unsplash.jpg\",\"contentUrl\":\"https:\\\/\\\/www.isdi.education\\\/mx\\\/wp-content\\\/uploads\\\/sites\\\/5\\\/2024\\\/03\\\/527-helloquence-61189-unsplash.jpg\",\"width\":600,\"height\":400,\"caption\":\"El desarrollo ejecutivo en la \u00e9poca de la personalizaci\u00f3n\"},{\"@type\":\"BreadcrumbList\",\"@id\":\"https:\\\/\\\/www.isdi.education\\\/mx\\\/blog\\\/el-desarrollo-ejecutivo-en-la-epoca-de-la-personalizacion#breadcrumb\",\"itemListElement\":[{\"@type\":\"ListItem\",\"position\":1,\"name\":\"Portada\",\"item\":\"https:\\\/\\\/www.isdi.education\\\/mx\\\/\"},{\"@type\":\"ListItem\",\"position\":2,\"name\":\"El desarrollo ejecutivo en la \u00e9poca de la personalizaci\u00f3n\"}]},{\"@type\":\"WebSite\",\"@id\":\"https:\\\/\\\/www.isdi.education\\\/mx\\\/#website\",\"url\":\"https:\\\/\\\/www.isdi.education\\\/mx\\\/\",\"name\":\"ISDI Mexico\",\"description\":\"Descubre la formaci\u00f3n que te abrir\u00e1 las puertas a la era digital. Entra a formar parte de la primera escuela de negocios y direcci\u00f3n nativa digital.\",\"publisher\":{\"@id\":\"https:\\\/\\\/www.isdi.education\\\/mx\\\/#organization\"},\"inLanguage\":\"es\"},{\"@type\":\"Organization\",\"@id\":\"https:\\\/\\\/www.isdi.education\\\/mx\\\/#organization\",\"name\":\"ISDI Mexico\",\"url\":\"https:\\\/\\\/www.isdi.education\\\/mx\\\/\",\"logo\":{\"@type\":\"ImageObject\",\"inLanguage\":\"es\",\"@id\":\"https:\\\/\\\/www.isdi.education\\\/mx\\\/#\\\/schema\\\/logo\\\/image\\\/\",\"url\":\"https:\\\/\\\/www.isdi.education\\\/mx\\\/wp-content\\\/uploads\\\/sites\\\/5\\\/2023\\\/12\\\/logoISDI-blanco.svg\",\"contentUrl\":\"https:\\\/\\\/www.isdi.education\\\/mx\\\/wp-content\\\/uploads\\\/sites\\\/5\\\/2023\\\/12\\\/logoISDI-blanco.svg\",\"width\":79,\"height\":100,\"caption\":\"ISDI Mexico\"},\"image\":{\"@id\":\"https:\\\/\\\/www.isdi.education\\\/mx\\\/#\\\/schema\\\/logo\\\/image\\\/\"}},{\"@type\":\"Person\",\"@id\":\"\",\"url\":\"https:\\\/\\\/www.isdi.education\\\/mx\\\/author\"}]}<\/script>\n<!-- \/ Yoast SEO plugin. -->","yoast_head_json":{"title":"El desarrollo ejecutivo en la \u00e9poca de la personalizaci\u00f3n","robots":{"index":"index","follow":"follow","max-snippet":"max-snippet:-1","max-image-preview":"max-image-preview:large","max-video-preview":"max-video-preview:-1"},"canonical":"https:\/\/www.isdi.education\/mx\/blog\/el-desarrollo-ejecutivo-en-la-epoca-de-la-personalizacion","og_locale":"es_MX","og_type":"article","og_title":"El desarrollo ejecutivo en la \u00e9poca de la personalizaci\u00f3n","og_description":"Se dice que \u201clos colaboradores y ejecutivos en la organizaci\u00f3n tienen la capacidad de elegir lo que desean aprender\u201d, pero esto no es enteramente cierto.","og_url":"https:\/\/www.isdi.education\/mx\/blog\/el-desarrollo-ejecutivo-en-la-epoca-de-la-personalizacion","og_site_name":"ISDI Mexico","article_published_time":"2019-06-06T00:00:00+00:00","og_image":[{"width":600,"height":400,"url":"https:\/\/www.isdi.education\/mx\/wp-content\/uploads\/sites\/5\/2024\/03\/527-helloquence-61189-unsplash.jpg","type":"image\/jpeg"}],"twitter_card":"summary_large_image","twitter_misc":{"Escrito por":"","Tiempo de lectura":"2 minutos"},"schema":{"@context":"https:\/\/schema.org","@graph":[{"@type":"Article","@id":"https:\/\/www.isdi.education\/mx\/blog\/el-desarrollo-ejecutivo-en-la-epoca-de-la-personalizacion#article","isPartOf":{"@id":"https:\/\/www.isdi.education\/mx\/blog\/el-desarrollo-ejecutivo-en-la-epoca-de-la-personalizacion"},"author":{"name":"","@id":""},"headline":"El desarrollo ejecutivo en la \u00e9poca de la personalizaci\u00f3n","datePublished":"2019-06-06T00:00:00+00:00","mainEntityOfPage":{"@id":"https:\/\/www.isdi.education\/mx\/blog\/el-desarrollo-ejecutivo-en-la-epoca-de-la-personalizacion"},"wordCount":495,"commentCount":0,"publisher":{"@id":"https:\/\/www.isdi.education\/mx\/#organization"},"image":{"@id":"https:\/\/www.isdi.education\/mx\/blog\/el-desarrollo-ejecutivo-en-la-epoca-de-la-personalizacion#primaryimage"},"thumbnailUrl":"https:\/\/www.isdi.education\/mx\/wp-content\/uploads\/sites\/5\/2024\/03\/527-helloquence-61189-unsplash.jpg","inLanguage":"es","potentialAction":[{"@type":"CommentAction","name":"Comment","target":["https:\/\/www.isdi.education\/mx\/blog\/el-desarrollo-ejecutivo-en-la-epoca-de-la-personalizacion#respond"]}]},{"@type":"WebPage","@id":"https:\/\/www.isdi.education\/mx\/blog\/el-desarrollo-ejecutivo-en-la-epoca-de-la-personalizacion","url":"https:\/\/www.isdi.education\/mx\/blog\/el-desarrollo-ejecutivo-en-la-epoca-de-la-personalizacion","name":"El desarrollo ejecutivo en la \u00e9poca de la personalizaci\u00f3n","isPartOf":{"@id":"https:\/\/www.isdi.education\/mx\/#website"},"primaryImageOfPage":{"@id":"https:\/\/www.isdi.education\/mx\/blog\/el-desarrollo-ejecutivo-en-la-epoca-de-la-personalizacion#primaryimage"},"image":{"@id":"https:\/\/www.isdi.education\/mx\/blog\/el-desarrollo-ejecutivo-en-la-epoca-de-la-personalizacion#primaryimage"},"thumbnailUrl":"https:\/\/www.isdi.education\/mx\/wp-content\/uploads\/sites\/5\/2024\/03\/527-helloquence-61189-unsplash.jpg","datePublished":"2019-06-06T00:00:00+00:00","breadcrumb":{"@id":"https:\/\/www.isdi.education\/mx\/blog\/el-desarrollo-ejecutivo-en-la-epoca-de-la-personalizacion#breadcrumb"},"inLanguage":"es","potentialAction":[{"@type":"ReadAction","target":["https:\/\/www.isdi.education\/mx\/blog\/el-desarrollo-ejecutivo-en-la-epoca-de-la-personalizacion"]}]},{"@type":"ImageObject","inLanguage":"es","@id":"https:\/\/www.isdi.education\/mx\/blog\/el-desarrollo-ejecutivo-en-la-epoca-de-la-personalizacion#primaryimage","url":"https:\/\/www.isdi.education\/mx\/wp-content\/uploads\/sites\/5\/2024\/03\/527-helloquence-61189-unsplash.jpg","contentUrl":"https:\/\/www.isdi.education\/mx\/wp-content\/uploads\/sites\/5\/2024\/03\/527-helloquence-61189-unsplash.jpg","width":600,"height":400,"caption":"El desarrollo ejecutivo en la \u00e9poca de la personalizaci\u00f3n"},{"@type":"BreadcrumbList","@id":"https:\/\/www.isdi.education\/mx\/blog\/el-desarrollo-ejecutivo-en-la-epoca-de-la-personalizacion#breadcrumb","itemListElement":[{"@type":"ListItem","position":1,"name":"Portada","item":"https:\/\/www.isdi.education\/mx\/"},{"@type":"ListItem","position":2,"name":"El desarrollo ejecutivo en la \u00e9poca de la personalizaci\u00f3n"}]},{"@type":"WebSite","@id":"https:\/\/www.isdi.education\/mx\/#website","url":"https:\/\/www.isdi.education\/mx\/","name":"ISDI Mexico","description":"Descubre la formaci\u00f3n que te abrir\u00e1 las puertas a la era digital. Entra a formar parte de la primera escuela de negocios y direcci\u00f3n nativa digital.","publisher":{"@id":"https:\/\/www.isdi.education\/mx\/#organization"},"inLanguage":"es"},{"@type":"Organization","@id":"https:\/\/www.isdi.education\/mx\/#organization","name":"ISDI Mexico","url":"https:\/\/www.isdi.education\/mx\/","logo":{"@type":"ImageObject","inLanguage":"es","@id":"https:\/\/www.isdi.education\/mx\/#\/schema\/logo\/image\/","url":"https:\/\/www.isdi.education\/mx\/wp-content\/uploads\/sites\/5\/2023\/12\/logoISDI-blanco.svg","contentUrl":"https:\/\/www.isdi.education\/mx\/wp-content\/uploads\/sites\/5\/2023\/12\/logoISDI-blanco.svg","width":79,"height":100,"caption":"ISDI Mexico"},"image":{"@id":"https:\/\/www.isdi.education\/mx\/#\/schema\/logo\/image\/"}},{"@type":"Person","@id":"","url":"https:\/\/www.isdi.education\/mx\/author"}]}},"_links":{"self":[{"href":"https:\/\/www.isdi.education\/mx\/wp-json\/wp\/v2\/posts\/19613","targetHints":{"allow":["GET"]}}],"collection":[{"href":"https:\/\/www.isdi.education\/mx\/wp-json\/wp\/v2\/posts"}],"about":[{"href":"https:\/\/www.isdi.education\/mx\/wp-json\/wp\/v2\/types\/post"}],"author":[{"embeddable":true,"href":"https:\/\/www.isdi.education\/mx\/wp-json\/wp\/v2\/users\/1"}],"replies":[{"embeddable":true,"href":"https:\/\/www.isdi.education\/mx\/wp-json\/wp\/v2\/comments?post=19613"}],"version-history":[{"count":0,"href":"https:\/\/www.isdi.education\/mx\/wp-json\/wp\/v2\/posts\/19613\/revisions"}],"wp:featuredmedia":[{"embeddable":true,"href":"https:\/\/www.isdi.education\/mx\/wp-json\/wp\/v2\/media\/19612"}],"wp:attachment":[{"href":"https:\/\/www.isdi.education\/mx\/wp-json\/wp\/v2\/media?parent=19613"}],"wp:term":[{"taxonomy":"category","embeddable":true,"href":"https:\/\/www.isdi.education\/mx\/wp-json\/wp\/v2\/categories?post=19613"},{"taxonomy":"post_tag","embeddable":true,"href":"https:\/\/www.isdi.education\/mx\/wp-json\/wp\/v2\/tags?post=19613"}],"curies":[{"name":"wp","href":"https:\/\/api.w.org\/{rel}","templated":true}]}}