{"id":19575,"date":"2020-05-08T00:00:00","date_gmt":"2020-05-08T00:00:00","guid":{"rendered":"https:\/\/www.isdi.education\/mx\/guia-para-comprender-analizar-y-festejar-el-dia-de-las-madres\/"},"modified":"2020-05-08T00:00:00","modified_gmt":"2020-05-08T00:00:00","slug":"guia-para-comprender-analizar-y-festejar-el-dia-de-las-madres","status":"publish","type":"post","link":"https:\/\/www.isdi.education\/mx\/blog\/guia-para-comprender-analizar-y-festejar-el-dia-de-las-madres","title":{"rendered":"Comprender, analizar y festejar el D\u00eda de las Madres"},"content":{"rendered":"<div id=\"07M-wysiwyg-1\" class=\"07M-wysiwyg anchor--link \" data-anchor-content>\n<section class=\"wysiwyg mb-xl\">\n<div class=\"wrapper wrapper--small\">\n<p class=\"t-small mb-xs\">\n<div class=\"wysiwyg__content\">\n<div>\n<p class=\"rtejustify\"><strong>Por Mauricio Cabrera<\/strong><\/p>\n<p class=\"rtejustify\">Este 10 de mayo\u00a0querer a la madres del mundo\u00a0significa no abrazar, no tocar y no besar. El respeto a la sana distancia ante su m\u00e1s grande prueba de fuego. En ese tablero, de amor incondicional y distancia obligada, se generan desaf\u00edos para marcas y negocios que a su manera buscar\u00e1n abrazar a las madres a trav\u00e9s de los que planean festejarla. Con las piezas del tablero fuera de lugar ante la pandemia del COVID-19, estos son los escenarios que se presentan:<\/p>\n<p class=\"rtejustify\"><strong>E-commerce, el principal beneficiado de la celebraci\u00f3n del D\u00eda de las Madres en cuarentena<\/strong><\/p>\n<p class=\"rtejustify\">El e-commerce sigue capitalizando su momento en medio de la crisis. Si ya les hab\u00edamos contado que su penetraci\u00f3n en M\u00e9xico se adelantar\u00eda dos a\u00f1os a partir de la adopci\u00f3n obligada por las medidas de aislamiento, ahora aparece como el conducto natural para que miles de negocios puedan reducir las p\u00e9rdidas que provocar\u00e1 un D\u00eda de las Madres sin actividad en establecimientos f\u00edsicos.<\/p>\n<p class=\"rtejustify\">De acuerdo con la Confederaci\u00f3n de C\u00e1maras Nacionales de Comercio, Servicio y Turismo (CONCANACO), hasta antes del Coronavirus se esperaba una derrama econ\u00f3mica en el D\u00eda de las Madres de 48 mil millones de pesos, cifra que se ver\u00e1 reducida hasta en un 80%, lo que representa una p\u00e9rdida de 36 mil millones de pesos.<\/p>\n<p class=\"rtejustify\">La adopci\u00f3n del e-commerce servir\u00e1 como efecto paliativo, aunque no como una respuesta absoluta a los problemas de las empresas. La CONCANACO estima que el e-commerce lograr\u00e1 rescatar entre el 20 y el 25% de la derrama que se pronosticaba hasta antes de que se declarara la emergencia sanitaria en el pa\u00eds.<\/p>\n<p class=\"rtejustify\">Frente al panorama actual, se estima que el comercio electr\u00f3nico en M\u00e9xico genere 12 mil millones de pesos durante el D\u00eda de las Madres.<\/p>\n<p class=\"rtejustify\">Respecto a las categor\u00edas que resultan m\u00e1s atractivas para el D\u00eda de las Madres v\u00eda comercio electr\u00f3nico mencion\u00f3 la venta de ropa y accesorios con un 47% de la venta; joyer\u00eda y relojes con un 15%; y flores, tarjetas y regalos varios con un 11%.<\/p>\n<p class=\"rtejustify\">Si nos queremos aferrar a los datos positivos, la consultora Kantar World Panel concluy\u00f3 que M\u00e9xico es el pa\u00eds latinoamericano que m\u00e1s ha sumado compradores en l\u00ednea durante la pandemia con un crecimiento del 500%.<\/p>\n<p class=\"rtejustify\"><strong>La industria de las flores se marchita a nivel mundial\u00a0<\/strong><\/p>\n<p class=\"rtejustify\">Si la industria de los juguetes en M\u00e9xico pas\u00f3 de ganar 300 millones de d\u00f3lares a solo 30 millones en los primeros cuatro meses del 2020, principalmente ante las afectaciones en el D\u00eda del Ni\u00f1o, la de las flores no deja de padecer el efecto del COVID-19 a nivel mundial. Aqu\u00ed cifras que te permitir\u00e1n entender la dimensi\u00f3n del problema:\u00a0<\/p>\n<ul>\n<li class=\"rtejustify\">En Holanda, el mayor exportador de flores en el mundo, con un valor de m\u00e1s de cuatro mil millones de d\u00f3lares, se han destruido m\u00e1s de 400 millones de flores, entre ellos 140 millones de tulipanes, ante la baja demanda<\/li>\n<\/ul>\n<ul>\n<li class=\"rtejustify\">Si otras industrias miden sus da\u00f1os ante el Coronavirus por trimestre, para la de las flores tanto el D\u00eda de la Amistad como el D\u00eda de las Madres representan el 60% de sus ingresos anuales<\/li>\n<\/ul>\n<ul>\n<li class=\"rtejustify\">El impacto a la industria de las flores no pasa s\u00f3lo por los d\u00edas mencionados, sino tambi\u00e9n por la ausencia de bodas, fiestas, e incluso funerales en toda forma ante la contingencia sanitaria\u00a0<\/li>\n<\/ul>\n<ul>\n<li class=\"rtejustify\">Durante abril, la venta de flores en Estados Unidos se hundi\u00f3 en un 80% de acuerdo al Departamento Exterior de Agricultura\u00a0<\/li>\n<\/ul>\n<p class=\"rtejustify\"><strong>Recomendaciones para tu negocio durante el D\u00eda de las Madres<\/strong><\/p>\n<ol>\n<li class=\"rtejustify\"><strong>Garantiza que tienes el stock suficiente<\/strong> para surtir los pedidos que te lleguen<\/li>\n<li class=\"rtejustify\">Desarrolla una <strong>estrategia de e-mailing y redes sociales<\/strong> que te permita estar presente como alternativa para clientes potenciales\u00a0<\/li>\n<li class=\"rtejustify\">Ofrece <strong>cupones de descuento y beneficios <\/strong>que puedan ser utilizados una vez que concluya la pandemia\u00a0<\/li>\n<li class=\"rtejustify\">Reconoce la creatividad de tus clientes mediante la <strong>generaci\u00f3n de desaf\u00edos<\/strong> que promuevan contenido generado por los usuarios\u00a0<\/li>\n<li class=\"rtejustify\">Incluye un<strong> obsequio adicional al pedido realizado<\/strong> por el cliente como una se\u00f1al de empat\u00eda frente a los tiempos que vivimos\u00a0<\/li>\n<li class=\"rtejustify\">Eval\u00faa si tu negocio y la industria en que est\u00e1s puede capitalizar la coyuntura del D\u00eda de las Madres para detonar una<strong> propuesta de contenidos y servicios fijos<\/strong>, que te conviertan en una marca activa en la vida de tus usuarios independientemente de la temporada<\/li>\n<\/ol>\n<\/div><\/div>\n<\/p><\/div>\n<\/section><\/div>\n","protected":false},"excerpt":{"rendered":"<p>El impacto de la pandemia ante una de las fechas m\u00e1s redituables del a\u00f1o.<\/p>\n","protected":false},"author":1,"featured_media":19574,"comment_status":"open","ping_status":"open","sticky":false,"template":"","format":"standard","meta":{"_acf_changed":false,"footnotes":""},"categories":[39],"tags":[],"class_list":["post-19575","post","type-post","status-publish","format-standard","has-post-thumbnail","hentry","category-ecommerce"],"acf":[],"yoast_head":"<!-- This site is optimized with the Yoast SEO plugin v27.4 - https:\/\/yoast.com\/product\/yoast-seo-wordpress\/ -->\n<title>Comprender, analizar y festejar el D\u00eda de las Madres<\/title>\n<meta name=\"robots\" content=\"index, follow, max-snippet:-1, max-image-preview:large, max-video-preview:-1\" \/>\n<link rel=\"canonical\" href=\"https:\/\/www.isdi.education\/mx\/blog\/guia-para-comprender-analizar-y-festejar-el-dia-de-las-madres\" \/>\n<meta property=\"og:locale\" content=\"es_MX\" \/>\n<meta property=\"og:type\" content=\"article\" \/>\n<meta property=\"og:title\" content=\"Comprender, analizar y festejar el D\u00eda de las Madres\" \/>\n<meta property=\"og:description\" content=\"El impacto de la pandemia ante una de las fechas m\u00e1s redituables del a\u00f1o.\" \/>\n<meta property=\"og:url\" content=\"https:\/\/www.isdi.education\/mx\/blog\/guia-para-comprender-analizar-y-festejar-el-dia-de-las-madres\" \/>\n<meta property=\"og:site_name\" content=\"ISDI Mexico\" \/>\n<meta property=\"article:published_time\" content=\"2020-05-08T00:00:00+00:00\" \/>\n<meta property=\"og:image\" content=\"https:\/\/www.isdi.education\/mx\/wp-content\/uploads\/sites\/5\/2024\/03\/508-priscilla-du-preez-gdrtalge2pa-unsplash.jpg\" \/>\n\t<meta property=\"og:image:width\" content=\"600\" \/>\n\t<meta property=\"og:image:height\" content=\"400\" \/>\n\t<meta property=\"og:image:type\" content=\"image\/jpeg\" \/>\n<meta name=\"twitter:card\" content=\"summary_large_image\" \/>\n<meta name=\"twitter:label1\" content=\"Escrito por\" \/>\n\t<meta name=\"twitter:data1\" content=\"\" \/>\n\t<meta name=\"twitter:label2\" content=\"Tiempo de lectura\" \/>\n\t<meta name=\"twitter:data2\" content=\"4 minutos\" \/>\n<script type=\"application\/ld+json\" class=\"yoast-schema-graph\">{\"@context\":\"https:\\\/\\\/schema.org\",\"@graph\":[{\"@type\":\"Article\",\"@id\":\"https:\\\/\\\/www.isdi.education\\\/mx\\\/blog\\\/guia-para-comprender-analizar-y-festejar-el-dia-de-las-madres#article\",\"isPartOf\":{\"@id\":\"https:\\\/\\\/www.isdi.education\\\/mx\\\/blog\\\/guia-para-comprender-analizar-y-festejar-el-dia-de-las-madres\"},\"author\":{\"name\":\"\",\"@id\":\"\"},\"headline\":\"Comprender, analizar y festejar el D\u00eda de las Madres\",\"datePublished\":\"2020-05-08T00:00:00+00:00\",\"mainEntityOfPage\":{\"@id\":\"https:\\\/\\\/www.isdi.education\\\/mx\\\/blog\\\/guia-para-comprender-analizar-y-festejar-el-dia-de-las-madres\"},\"wordCount\":764,\"commentCount\":0,\"publisher\":{\"@id\":\"https:\\\/\\\/www.isdi.education\\\/mx\\\/#organization\"},\"image\":{\"@id\":\"https:\\\/\\\/www.isdi.education\\\/mx\\\/blog\\\/guia-para-comprender-analizar-y-festejar-el-dia-de-las-madres#primaryimage\"},\"thumbnailUrl\":\"https:\\\/\\\/www.isdi.education\\\/mx\\\/wp-content\\\/uploads\\\/sites\\\/5\\\/2024\\\/03\\\/508-priscilla-du-preez-gdrtalge2pa-unsplash.jpg\",\"articleSection\":[\"Ecommerce\"],\"inLanguage\":\"es\",\"potentialAction\":[{\"@type\":\"CommentAction\",\"name\":\"Comment\",\"target\":[\"https:\\\/\\\/www.isdi.education\\\/mx\\\/blog\\\/guia-para-comprender-analizar-y-festejar-el-dia-de-las-madres#respond\"]}]},{\"@type\":\"WebPage\",\"@id\":\"https:\\\/\\\/www.isdi.education\\\/mx\\\/blog\\\/guia-para-comprender-analizar-y-festejar-el-dia-de-las-madres\",\"url\":\"https:\\\/\\\/www.isdi.education\\\/mx\\\/blog\\\/guia-para-comprender-analizar-y-festejar-el-dia-de-las-madres\",\"name\":\"Comprender, analizar y festejar el D\u00eda de las Madres\",\"isPartOf\":{\"@id\":\"https:\\\/\\\/www.isdi.education\\\/mx\\\/#website\"},\"primaryImageOfPage\":{\"@id\":\"https:\\\/\\\/www.isdi.education\\\/mx\\\/blog\\\/guia-para-comprender-analizar-y-festejar-el-dia-de-las-madres#primaryimage\"},\"image\":{\"@id\":\"https:\\\/\\\/www.isdi.education\\\/mx\\\/blog\\\/guia-para-comprender-analizar-y-festejar-el-dia-de-las-madres#primaryimage\"},\"thumbnailUrl\":\"https:\\\/\\\/www.isdi.education\\\/mx\\\/wp-content\\\/uploads\\\/sites\\\/5\\\/2024\\\/03\\\/508-priscilla-du-preez-gdrtalge2pa-unsplash.jpg\",\"datePublished\":\"2020-05-08T00:00:00+00:00\",\"breadcrumb\":{\"@id\":\"https:\\\/\\\/www.isdi.education\\\/mx\\\/blog\\\/guia-para-comprender-analizar-y-festejar-el-dia-de-las-madres#breadcrumb\"},\"inLanguage\":\"es\",\"potentialAction\":[{\"@type\":\"ReadAction\",\"target\":[\"https:\\\/\\\/www.isdi.education\\\/mx\\\/blog\\\/guia-para-comprender-analizar-y-festejar-el-dia-de-las-madres\"]}]},{\"@type\":\"ImageObject\",\"inLanguage\":\"es\",\"@id\":\"https:\\\/\\\/www.isdi.education\\\/mx\\\/blog\\\/guia-para-comprender-analizar-y-festejar-el-dia-de-las-madres#primaryimage\",\"url\":\"https:\\\/\\\/www.isdi.education\\\/mx\\\/wp-content\\\/uploads\\\/sites\\\/5\\\/2024\\\/03\\\/508-priscilla-du-preez-gdrtalge2pa-unsplash.jpg\",\"contentUrl\":\"https:\\\/\\\/www.isdi.education\\\/mx\\\/wp-content\\\/uploads\\\/sites\\\/5\\\/2024\\\/03\\\/508-priscilla-du-preez-gdrtalge2pa-unsplash.jpg\",\"width\":600,\"height\":400,\"caption\":\"Comprender, analizar y festejar el D\u00eda de las Madres\"},{\"@type\":\"BreadcrumbList\",\"@id\":\"https:\\\/\\\/www.isdi.education\\\/mx\\\/blog\\\/guia-para-comprender-analizar-y-festejar-el-dia-de-las-madres#breadcrumb\",\"itemListElement\":[{\"@type\":\"ListItem\",\"position\":1,\"name\":\"Portada\",\"item\":\"https:\\\/\\\/www.isdi.education\\\/mx\\\/\"},{\"@type\":\"ListItem\",\"position\":2,\"name\":\"Comprender, analizar y festejar el D\u00eda de las Madres\"}]},{\"@type\":\"WebSite\",\"@id\":\"https:\\\/\\\/www.isdi.education\\\/mx\\\/#website\",\"url\":\"https:\\\/\\\/www.isdi.education\\\/mx\\\/\",\"name\":\"ISDI Mexico\",\"description\":\"Descubre la formaci\u00f3n que te abrir\u00e1 las puertas a la era digital. Entra a formar parte de la primera escuela de negocios y direcci\u00f3n nativa digital.\",\"publisher\":{\"@id\":\"https:\\\/\\\/www.isdi.education\\\/mx\\\/#organization\"},\"inLanguage\":\"es\"},{\"@type\":\"Organization\",\"@id\":\"https:\\\/\\\/www.isdi.education\\\/mx\\\/#organization\",\"name\":\"ISDI Mexico\",\"url\":\"https:\\\/\\\/www.isdi.education\\\/mx\\\/\",\"logo\":{\"@type\":\"ImageObject\",\"inLanguage\":\"es\",\"@id\":\"https:\\\/\\\/www.isdi.education\\\/mx\\\/#\\\/schema\\\/logo\\\/image\\\/\",\"url\":\"https:\\\/\\\/www.isdi.education\\\/mx\\\/wp-content\\\/uploads\\\/sites\\\/5\\\/2023\\\/12\\\/logoISDI-blanco.svg\",\"contentUrl\":\"https:\\\/\\\/www.isdi.education\\\/mx\\\/wp-content\\\/uploads\\\/sites\\\/5\\\/2023\\\/12\\\/logoISDI-blanco.svg\",\"width\":79,\"height\":100,\"caption\":\"ISDI Mexico\"},\"image\":{\"@id\":\"https:\\\/\\\/www.isdi.education\\\/mx\\\/#\\\/schema\\\/logo\\\/image\\\/\"}},{\"@type\":\"Person\",\"@id\":\"\",\"url\":\"https:\\\/\\\/www.isdi.education\\\/mx\\\/author\"}]}<\/script>\n<!-- \/ Yoast SEO plugin. -->","yoast_head_json":{"title":"Comprender, analizar y festejar el D\u00eda de las Madres","robots":{"index":"index","follow":"follow","max-snippet":"max-snippet:-1","max-image-preview":"max-image-preview:large","max-video-preview":"max-video-preview:-1"},"canonical":"https:\/\/www.isdi.education\/mx\/blog\/guia-para-comprender-analizar-y-festejar-el-dia-de-las-madres","og_locale":"es_MX","og_type":"article","og_title":"Comprender, analizar y festejar el D\u00eda de las Madres","og_description":"El impacto de la pandemia ante una de las fechas m\u00e1s redituables del a\u00f1o.","og_url":"https:\/\/www.isdi.education\/mx\/blog\/guia-para-comprender-analizar-y-festejar-el-dia-de-las-madres","og_site_name":"ISDI Mexico","article_published_time":"2020-05-08T00:00:00+00:00","og_image":[{"width":600,"height":400,"url":"https:\/\/www.isdi.education\/mx\/wp-content\/uploads\/sites\/5\/2024\/03\/508-priscilla-du-preez-gdrtalge2pa-unsplash.jpg","type":"image\/jpeg"}],"twitter_card":"summary_large_image","twitter_misc":{"Escrito por":"","Tiempo de lectura":"4 minutos"},"schema":{"@context":"https:\/\/schema.org","@graph":[{"@type":"Article","@id":"https:\/\/www.isdi.education\/mx\/blog\/guia-para-comprender-analizar-y-festejar-el-dia-de-las-madres#article","isPartOf":{"@id":"https:\/\/www.isdi.education\/mx\/blog\/guia-para-comprender-analizar-y-festejar-el-dia-de-las-madres"},"author":{"name":"","@id":""},"headline":"Comprender, analizar y festejar el D\u00eda de las Madres","datePublished":"2020-05-08T00:00:00+00:00","mainEntityOfPage":{"@id":"https:\/\/www.isdi.education\/mx\/blog\/guia-para-comprender-analizar-y-festejar-el-dia-de-las-madres"},"wordCount":764,"commentCount":0,"publisher":{"@id":"https:\/\/www.isdi.education\/mx\/#organization"},"image":{"@id":"https:\/\/www.isdi.education\/mx\/blog\/guia-para-comprender-analizar-y-festejar-el-dia-de-las-madres#primaryimage"},"thumbnailUrl":"https:\/\/www.isdi.education\/mx\/wp-content\/uploads\/sites\/5\/2024\/03\/508-priscilla-du-preez-gdrtalge2pa-unsplash.jpg","articleSection":["Ecommerce"],"inLanguage":"es","potentialAction":[{"@type":"CommentAction","name":"Comment","target":["https:\/\/www.isdi.education\/mx\/blog\/guia-para-comprender-analizar-y-festejar-el-dia-de-las-madres#respond"]}]},{"@type":"WebPage","@id":"https:\/\/www.isdi.education\/mx\/blog\/guia-para-comprender-analizar-y-festejar-el-dia-de-las-madres","url":"https:\/\/www.isdi.education\/mx\/blog\/guia-para-comprender-analizar-y-festejar-el-dia-de-las-madres","name":"Comprender, analizar y festejar el D\u00eda de las Madres","isPartOf":{"@id":"https:\/\/www.isdi.education\/mx\/#website"},"primaryImageOfPage":{"@id":"https:\/\/www.isdi.education\/mx\/blog\/guia-para-comprender-analizar-y-festejar-el-dia-de-las-madres#primaryimage"},"image":{"@id":"https:\/\/www.isdi.education\/mx\/blog\/guia-para-comprender-analizar-y-festejar-el-dia-de-las-madres#primaryimage"},"thumbnailUrl":"https:\/\/www.isdi.education\/mx\/wp-content\/uploads\/sites\/5\/2024\/03\/508-priscilla-du-preez-gdrtalge2pa-unsplash.jpg","datePublished":"2020-05-08T00:00:00+00:00","breadcrumb":{"@id":"https:\/\/www.isdi.education\/mx\/blog\/guia-para-comprender-analizar-y-festejar-el-dia-de-las-madres#breadcrumb"},"inLanguage":"es","potentialAction":[{"@type":"ReadAction","target":["https:\/\/www.isdi.education\/mx\/blog\/guia-para-comprender-analizar-y-festejar-el-dia-de-las-madres"]}]},{"@type":"ImageObject","inLanguage":"es","@id":"https:\/\/www.isdi.education\/mx\/blog\/guia-para-comprender-analizar-y-festejar-el-dia-de-las-madres#primaryimage","url":"https:\/\/www.isdi.education\/mx\/wp-content\/uploads\/sites\/5\/2024\/03\/508-priscilla-du-preez-gdrtalge2pa-unsplash.jpg","contentUrl":"https:\/\/www.isdi.education\/mx\/wp-content\/uploads\/sites\/5\/2024\/03\/508-priscilla-du-preez-gdrtalge2pa-unsplash.jpg","width":600,"height":400,"caption":"Comprender, analizar y festejar el D\u00eda de las Madres"},{"@type":"BreadcrumbList","@id":"https:\/\/www.isdi.education\/mx\/blog\/guia-para-comprender-analizar-y-festejar-el-dia-de-las-madres#breadcrumb","itemListElement":[{"@type":"ListItem","position":1,"name":"Portada","item":"https:\/\/www.isdi.education\/mx\/"},{"@type":"ListItem","position":2,"name":"Comprender, analizar y festejar el D\u00eda de las Madres"}]},{"@type":"WebSite","@id":"https:\/\/www.isdi.education\/mx\/#website","url":"https:\/\/www.isdi.education\/mx\/","name":"ISDI Mexico","description":"Descubre la formaci\u00f3n que te abrir\u00e1 las puertas a la era digital. Entra a formar parte de la primera escuela de negocios y direcci\u00f3n nativa digital.","publisher":{"@id":"https:\/\/www.isdi.education\/mx\/#organization"},"inLanguage":"es"},{"@type":"Organization","@id":"https:\/\/www.isdi.education\/mx\/#organization","name":"ISDI Mexico","url":"https:\/\/www.isdi.education\/mx\/","logo":{"@type":"ImageObject","inLanguage":"es","@id":"https:\/\/www.isdi.education\/mx\/#\/schema\/logo\/image\/","url":"https:\/\/www.isdi.education\/mx\/wp-content\/uploads\/sites\/5\/2023\/12\/logoISDI-blanco.svg","contentUrl":"https:\/\/www.isdi.education\/mx\/wp-content\/uploads\/sites\/5\/2023\/12\/logoISDI-blanco.svg","width":79,"height":100,"caption":"ISDI Mexico"},"image":{"@id":"https:\/\/www.isdi.education\/mx\/#\/schema\/logo\/image\/"}},{"@type":"Person","@id":"","url":"https:\/\/www.isdi.education\/mx\/author"}]}},"_links":{"self":[{"href":"https:\/\/www.isdi.education\/mx\/wp-json\/wp\/v2\/posts\/19575","targetHints":{"allow":["GET"]}}],"collection":[{"href":"https:\/\/www.isdi.education\/mx\/wp-json\/wp\/v2\/posts"}],"about":[{"href":"https:\/\/www.isdi.education\/mx\/wp-json\/wp\/v2\/types\/post"}],"author":[{"embeddable":true,"href":"https:\/\/www.isdi.education\/mx\/wp-json\/wp\/v2\/users\/1"}],"replies":[{"embeddable":true,"href":"https:\/\/www.isdi.education\/mx\/wp-json\/wp\/v2\/comments?post=19575"}],"version-history":[{"count":0,"href":"https:\/\/www.isdi.education\/mx\/wp-json\/wp\/v2\/posts\/19575\/revisions"}],"wp:featuredmedia":[{"embeddable":true,"href":"https:\/\/www.isdi.education\/mx\/wp-json\/wp\/v2\/media\/19574"}],"wp:attachment":[{"href":"https:\/\/www.isdi.education\/mx\/wp-json\/wp\/v2\/media?parent=19575"}],"wp:term":[{"taxonomy":"category","embeddable":true,"href":"https:\/\/www.isdi.education\/mx\/wp-json\/wp\/v2\/categories?post=19575"},{"taxonomy":"post_tag","embeddable":true,"href":"https:\/\/www.isdi.education\/mx\/wp-json\/wp\/v2\/tags?post=19575"}],"curies":[{"name":"wp","href":"https:\/\/api.w.org\/{rel}","templated":true}]}}