{"id":19513,"date":"2020-08-14T00:00:00","date_gmt":"2020-08-14T00:00:00","guid":{"rendered":"https:\/\/www.isdi.education\/mx\/reinventa-el-liderazgo-en-tiempos-de-crisis\/"},"modified":"2020-08-14T00:00:00","modified_gmt":"2020-08-14T00:00:00","slug":"reinventa-el-liderazgo-en-tiempos-de-crisis","status":"publish","type":"post","link":"https:\/\/www.isdi.education\/mx\/blog\/reinventa-el-liderazgo-en-tiempos-de-crisis","title":{"rendered":"Reinventa el liderazgo en tiempos de crisis"},"content":{"rendered":"<div id=\"07M-wysiwyg-1\" class=\"07M-wysiwyg anchor--link \" data-anchor-content>\n<section class=\"wysiwyg mb-xl\">\n<div class=\"wrapper wrapper--small\">\n<p class=\"t-small mb-xs\">\n<div class=\"wysiwyg__content\">\n<div>\n<p class=\"rtejustify\"><strong>Por Fabi\u00e1n Lira<\/strong><\/p>\n<p class=\"rtejustify\">El panorama para muchos de los negocios y las grandes organizaciones luce incierto. Sin embargo, seguimos aprendiendo de empresas que invirtieron en <strong>innovaci\u00f3n<\/strong> y que obtuvieron un crecimiento y rendimiento superiores despu\u00e9s de la crisis.<\/p>\n<p class=\"rtejustify\">Con estos ejemplos y aprendizajes es inevitable pensar que aquellos que a\u00fan no dieron el paso a la digitalizaci\u00f3n o invirtieron en innovaci\u00f3n antes de la pandemia, est\u00e1n a tiempo para reinventarse, y la forma de hacerlo es comenzando por su liderazgo.<\/p>\n<p class=\"rtejustify\">De acuerdo con reportes de Forbes, en una reciente encuesta realizada por Mc Kinsey, &#8220;m\u00e1s del 90 por ciento de los ejecutivos dijeron que esperaban que las consecuencias de <strong>COVID-19<\/strong> cambien fundamentalmente la forma en que hacen negocios durante los pr\u00f3ximos cinco a\u00f1os&#8221;.<\/p>\n<p class=\"rtejustify\">Menos del 30% de los ejecutivos encuestados expresaron sentirse seguros de que est\u00e1n preparados para enfrentar los cambios que se aproximan.<\/p>\n<p class=\"rtejustify\">Si bien los negocios deben enfocarse en sobrevivir, sus l\u00edderes deben prepararse para sacar lo mejor de la crisis identificando oportunidades y explorando la transformaci\u00f3n digital para promover y ser parte de la supervivencia misma de la organizaci\u00f3n.<\/p>\n<p class=\"rtejustify\"><strong>1. <\/strong>Para hacerlo es importante primeramente <strong>aceptar la nueva normalidad<\/strong>, reconocer los cambios en el mundo y las nuevas formas de hacer negocios para poder contribuir al cambio de mindset y exploraci\u00f3n de nuevas oportunidad y adopci\u00f3n de nuevas tecnolog\u00edas que hagan a las organizaciones y sus equipos m\u00e1s adaptables y preparados.<\/p>\n<p class=\"rtejustify\">Es fundamental no culpar al COVID-19, responsabilizarse de las fallas de liderazgo y falta de preparaci\u00f3n para poder identificar m\u00e1s f\u00e1cilmente errores y \u00e1reas de crecimiento, mejora y oportunidad para poder avanzar.<\/p>\n<p class=\"rtejustify\"><strong>2. <\/strong>En segundo lugar, es importante <strong>resetear y reconstruir<\/strong>. Una vez que hayas aceptado las fallas est\u00e1s listo para empezar desde cero, y muchas veces comenzar from scratch es lo mejor que un negocio puede hacer.<\/p>\n<p class=\"rtejustify\">Reinventarse con base en los aprendizajes solo ayudar\u00e1 a la organizaci\u00f3n a evolucionar y crecer con cimientos mucho m\u00e1s fuertes. Esto significa que tambi\u00e9n debes cambiar tus proyecciones y expectativas, todo eso ya qued\u00f3 atr\u00e1s, y debes ser consciente de ellos para fijar los correctos nuevos objetivos y retos de la empresa, tus equipos y tu liderazgo.<\/p>\n<p class=\"rtejustify\"><strong>3. <\/strong>Finalmente es importante mantener una <strong>mentalidad de cambio y adaptabilidad constante<\/strong>. Debes ser consciente de que los cambios que estamos experimentando tras la pandemia, no son pasajeros, muchos ser\u00e1n permanentes y uno de ellos es que la transformaci\u00f3n de los negocios, los consumidores y sus h\u00e1bitos, as\u00ed como la naturaleza de muchos productos y servicios deber\u00e1n seguir evolucionando a un paso mucho m\u00e1s acelerado del esperado y al que est\u00e1bamos habituados, de lo contrario, todo lo construido con los dos incisos anteriores no habr\u00e1 servido de nada.<\/p>\n<p class=\"rtejustify\">Cambia y contin\u00faa cambiando. Realiza revisiones constantes, verifica data, replantea metas y objetivos, impulsa la evoluci\u00f3n de estrategias y mantente a la vanguardia en el ecosistema digital.<\/p>\n<p class=\"rtejustify\">Para preparar mejores l\u00edderes que tengan una visi\u00f3n clara para la transformaci\u00f3n digital de los negocios, no hay como el <strong>DIBEX<\/strong>, el programa ejecutivo que les\u00a0permitir\u00e1 dirigir la digitalizaci\u00f3n de la organizaci\u00f3n para su mejor proyecci\u00f3n y adaptabilidad a los retos de la nueva realidad digital.<\/p>\n<\/div><\/div>\n<\/p><\/div>\n<\/section><\/div>\n","protected":false},"excerpt":{"rendered":"<p>Tips para un mejor liderazgo post crisis.<\/p>\n","protected":false},"author":1,"featured_media":19512,"comment_status":"open","ping_status":"open","sticky":false,"template":"","format":"standard","meta":{"_acf_changed":false,"footnotes":""},"categories":[47],"tags":[],"class_list":["post-19513","post","type-post","status-publish","format-standard","has-post-thumbnail","hentry","category-actualidad-digital"],"acf":[],"yoast_head":"<!-- This site is optimized with the Yoast SEO plugin v27.4 - https:\/\/yoast.com\/product\/yoast-seo-wordpress\/ -->\n<title>Reinventa el liderazgo en tiempos de crisis<\/title>\n<meta name=\"robots\" content=\"index, follow, max-snippet:-1, max-image-preview:large, max-video-preview:-1\" \/>\n<link rel=\"canonical\" href=\"https:\/\/www.isdi.education\/mx\/blog\/reinventa-el-liderazgo-en-tiempos-de-crisis\" \/>\n<meta property=\"og:locale\" content=\"es_MX\" \/>\n<meta property=\"og:type\" content=\"article\" \/>\n<meta property=\"og:title\" content=\"Reinventa el liderazgo en tiempos de crisis\" \/>\n<meta property=\"og:description\" content=\"Tips para un mejor liderazgo post crisis.\" \/>\n<meta property=\"og:url\" content=\"https:\/\/www.isdi.education\/mx\/blog\/reinventa-el-liderazgo-en-tiempos-de-crisis\" \/>\n<meta property=\"og:site_name\" content=\"ISDI Mexico\" \/>\n<meta property=\"article:published_time\" content=\"2020-08-14T00:00:00+00:00\" \/>\n<meta property=\"og:image\" content=\"https:\/\/www.isdi.education\/mx\/wp-content\/uploads\/sites\/5\/2024\/03\/477-istock-1182967368.jpg\" \/>\n\t<meta property=\"og:image:width\" content=\"600\" \/>\n\t<meta property=\"og:image:height\" content=\"400\" \/>\n\t<meta property=\"og:image:type\" content=\"image\/jpeg\" \/>\n<meta name=\"twitter:card\" content=\"summary_large_image\" \/>\n<meta name=\"twitter:label1\" content=\"Escrito por\" \/>\n\t<meta name=\"twitter:data1\" content=\"\" \/>\n\t<meta name=\"twitter:label2\" content=\"Tiempo de lectura\" \/>\n\t<meta name=\"twitter:data2\" content=\"3 minutos\" \/>\n<script type=\"application\/ld+json\" class=\"yoast-schema-graph\">{\"@context\":\"https:\\\/\\\/schema.org\",\"@graph\":[{\"@type\":\"Article\",\"@id\":\"https:\\\/\\\/www.isdi.education\\\/mx\\\/blog\\\/reinventa-el-liderazgo-en-tiempos-de-crisis#article\",\"isPartOf\":{\"@id\":\"https:\\\/\\\/www.isdi.education\\\/mx\\\/blog\\\/reinventa-el-liderazgo-en-tiempos-de-crisis\"},\"author\":{\"name\":\"\",\"@id\":\"\"},\"headline\":\"Reinventa el liderazgo en tiempos de crisis\",\"datePublished\":\"2020-08-14T00:00:00+00:00\",\"mainEntityOfPage\":{\"@id\":\"https:\\\/\\\/www.isdi.education\\\/mx\\\/blog\\\/reinventa-el-liderazgo-en-tiempos-de-crisis\"},\"wordCount\":563,\"commentCount\":0,\"publisher\":{\"@id\":\"https:\\\/\\\/www.isdi.education\\\/mx\\\/#organization\"},\"image\":{\"@id\":\"https:\\\/\\\/www.isdi.education\\\/mx\\\/blog\\\/reinventa-el-liderazgo-en-tiempos-de-crisis#primaryimage\"},\"thumbnailUrl\":\"https:\\\/\\\/www.isdi.education\\\/mx\\\/wp-content\\\/uploads\\\/sites\\\/5\\\/2024\\\/03\\\/477-istock-1182967368.jpg\",\"articleSection\":[\"Actualidad Digital\"],\"inLanguage\":\"es\",\"potentialAction\":[{\"@type\":\"CommentAction\",\"name\":\"Comment\",\"target\":[\"https:\\\/\\\/www.isdi.education\\\/mx\\\/blog\\\/reinventa-el-liderazgo-en-tiempos-de-crisis#respond\"]}]},{\"@type\":\"WebPage\",\"@id\":\"https:\\\/\\\/www.isdi.education\\\/mx\\\/blog\\\/reinventa-el-liderazgo-en-tiempos-de-crisis\",\"url\":\"https:\\\/\\\/www.isdi.education\\\/mx\\\/blog\\\/reinventa-el-liderazgo-en-tiempos-de-crisis\",\"name\":\"Reinventa el liderazgo en tiempos de crisis\",\"isPartOf\":{\"@id\":\"https:\\\/\\\/www.isdi.education\\\/mx\\\/#website\"},\"primaryImageOfPage\":{\"@id\":\"https:\\\/\\\/www.isdi.education\\\/mx\\\/blog\\\/reinventa-el-liderazgo-en-tiempos-de-crisis#primaryimage\"},\"image\":{\"@id\":\"https:\\\/\\\/www.isdi.education\\\/mx\\\/blog\\\/reinventa-el-liderazgo-en-tiempos-de-crisis#primaryimage\"},\"thumbnailUrl\":\"https:\\\/\\\/www.isdi.education\\\/mx\\\/wp-content\\\/uploads\\\/sites\\\/5\\\/2024\\\/03\\\/477-istock-1182967368.jpg\",\"datePublished\":\"2020-08-14T00:00:00+00:00\",\"breadcrumb\":{\"@id\":\"https:\\\/\\\/www.isdi.education\\\/mx\\\/blog\\\/reinventa-el-liderazgo-en-tiempos-de-crisis#breadcrumb\"},\"inLanguage\":\"es\",\"potentialAction\":[{\"@type\":\"ReadAction\",\"target\":[\"https:\\\/\\\/www.isdi.education\\\/mx\\\/blog\\\/reinventa-el-liderazgo-en-tiempos-de-crisis\"]}]},{\"@type\":\"ImageObject\",\"inLanguage\":\"es\",\"@id\":\"https:\\\/\\\/www.isdi.education\\\/mx\\\/blog\\\/reinventa-el-liderazgo-en-tiempos-de-crisis#primaryimage\",\"url\":\"https:\\\/\\\/www.isdi.education\\\/mx\\\/wp-content\\\/uploads\\\/sites\\\/5\\\/2024\\\/03\\\/477-istock-1182967368.jpg\",\"contentUrl\":\"https:\\\/\\\/www.isdi.education\\\/mx\\\/wp-content\\\/uploads\\\/sites\\\/5\\\/2024\\\/03\\\/477-istock-1182967368.jpg\",\"width\":600,\"height\":400,\"caption\":\"Reinventa el liderazgo en tiempos de crisis\"},{\"@type\":\"BreadcrumbList\",\"@id\":\"https:\\\/\\\/www.isdi.education\\\/mx\\\/blog\\\/reinventa-el-liderazgo-en-tiempos-de-crisis#breadcrumb\",\"itemListElement\":[{\"@type\":\"ListItem\",\"position\":1,\"name\":\"Portada\",\"item\":\"https:\\\/\\\/www.isdi.education\\\/mx\\\/\"},{\"@type\":\"ListItem\",\"position\":2,\"name\":\"Reinventa el liderazgo en tiempos de crisis\"}]},{\"@type\":\"WebSite\",\"@id\":\"https:\\\/\\\/www.isdi.education\\\/mx\\\/#website\",\"url\":\"https:\\\/\\\/www.isdi.education\\\/mx\\\/\",\"name\":\"ISDI Mexico\",\"description\":\"Descubre la formaci\u00f3n que te abrir\u00e1 las puertas a la era digital. Entra a formar parte de la primera escuela de negocios y direcci\u00f3n nativa digital.\",\"publisher\":{\"@id\":\"https:\\\/\\\/www.isdi.education\\\/mx\\\/#organization\"},\"inLanguage\":\"es\"},{\"@type\":\"Organization\",\"@id\":\"https:\\\/\\\/www.isdi.education\\\/mx\\\/#organization\",\"name\":\"ISDI Mexico\",\"url\":\"https:\\\/\\\/www.isdi.education\\\/mx\\\/\",\"logo\":{\"@type\":\"ImageObject\",\"inLanguage\":\"es\",\"@id\":\"https:\\\/\\\/www.isdi.education\\\/mx\\\/#\\\/schema\\\/logo\\\/image\\\/\",\"url\":\"https:\\\/\\\/www.isdi.education\\\/mx\\\/wp-content\\\/uploads\\\/sites\\\/5\\\/2023\\\/12\\\/logoISDI-blanco.svg\",\"contentUrl\":\"https:\\\/\\\/www.isdi.education\\\/mx\\\/wp-content\\\/uploads\\\/sites\\\/5\\\/2023\\\/12\\\/logoISDI-blanco.svg\",\"width\":79,\"height\":100,\"caption\":\"ISDI Mexico\"},\"image\":{\"@id\":\"https:\\\/\\\/www.isdi.education\\\/mx\\\/#\\\/schema\\\/logo\\\/image\\\/\"}},{\"@type\":\"Person\",\"@id\":\"\",\"url\":\"https:\\\/\\\/www.isdi.education\\\/mx\\\/author\"}]}<\/script>\n<!-- \/ Yoast SEO plugin. -->","yoast_head_json":{"title":"Reinventa el liderazgo en tiempos de crisis","robots":{"index":"index","follow":"follow","max-snippet":"max-snippet:-1","max-image-preview":"max-image-preview:large","max-video-preview":"max-video-preview:-1"},"canonical":"https:\/\/www.isdi.education\/mx\/blog\/reinventa-el-liderazgo-en-tiempos-de-crisis","og_locale":"es_MX","og_type":"article","og_title":"Reinventa el liderazgo en tiempos de crisis","og_description":"Tips para un mejor liderazgo post crisis.","og_url":"https:\/\/www.isdi.education\/mx\/blog\/reinventa-el-liderazgo-en-tiempos-de-crisis","og_site_name":"ISDI Mexico","article_published_time":"2020-08-14T00:00:00+00:00","og_image":[{"width":600,"height":400,"url":"https:\/\/www.isdi.education\/mx\/wp-content\/uploads\/sites\/5\/2024\/03\/477-istock-1182967368.jpg","type":"image\/jpeg"}],"twitter_card":"summary_large_image","twitter_misc":{"Escrito por":"","Tiempo de lectura":"3 minutos"},"schema":{"@context":"https:\/\/schema.org","@graph":[{"@type":"Article","@id":"https:\/\/www.isdi.education\/mx\/blog\/reinventa-el-liderazgo-en-tiempos-de-crisis#article","isPartOf":{"@id":"https:\/\/www.isdi.education\/mx\/blog\/reinventa-el-liderazgo-en-tiempos-de-crisis"},"author":{"name":"","@id":""},"headline":"Reinventa el liderazgo en tiempos de crisis","datePublished":"2020-08-14T00:00:00+00:00","mainEntityOfPage":{"@id":"https:\/\/www.isdi.education\/mx\/blog\/reinventa-el-liderazgo-en-tiempos-de-crisis"},"wordCount":563,"commentCount":0,"publisher":{"@id":"https:\/\/www.isdi.education\/mx\/#organization"},"image":{"@id":"https:\/\/www.isdi.education\/mx\/blog\/reinventa-el-liderazgo-en-tiempos-de-crisis#primaryimage"},"thumbnailUrl":"https:\/\/www.isdi.education\/mx\/wp-content\/uploads\/sites\/5\/2024\/03\/477-istock-1182967368.jpg","articleSection":["Actualidad Digital"],"inLanguage":"es","potentialAction":[{"@type":"CommentAction","name":"Comment","target":["https:\/\/www.isdi.education\/mx\/blog\/reinventa-el-liderazgo-en-tiempos-de-crisis#respond"]}]},{"@type":"WebPage","@id":"https:\/\/www.isdi.education\/mx\/blog\/reinventa-el-liderazgo-en-tiempos-de-crisis","url":"https:\/\/www.isdi.education\/mx\/blog\/reinventa-el-liderazgo-en-tiempos-de-crisis","name":"Reinventa el liderazgo en tiempos de crisis","isPartOf":{"@id":"https:\/\/www.isdi.education\/mx\/#website"},"primaryImageOfPage":{"@id":"https:\/\/www.isdi.education\/mx\/blog\/reinventa-el-liderazgo-en-tiempos-de-crisis#primaryimage"},"image":{"@id":"https:\/\/www.isdi.education\/mx\/blog\/reinventa-el-liderazgo-en-tiempos-de-crisis#primaryimage"},"thumbnailUrl":"https:\/\/www.isdi.education\/mx\/wp-content\/uploads\/sites\/5\/2024\/03\/477-istock-1182967368.jpg","datePublished":"2020-08-14T00:00:00+00:00","breadcrumb":{"@id":"https:\/\/www.isdi.education\/mx\/blog\/reinventa-el-liderazgo-en-tiempos-de-crisis#breadcrumb"},"inLanguage":"es","potentialAction":[{"@type":"ReadAction","target":["https:\/\/www.isdi.education\/mx\/blog\/reinventa-el-liderazgo-en-tiempos-de-crisis"]}]},{"@type":"ImageObject","inLanguage":"es","@id":"https:\/\/www.isdi.education\/mx\/blog\/reinventa-el-liderazgo-en-tiempos-de-crisis#primaryimage","url":"https:\/\/www.isdi.education\/mx\/wp-content\/uploads\/sites\/5\/2024\/03\/477-istock-1182967368.jpg","contentUrl":"https:\/\/www.isdi.education\/mx\/wp-content\/uploads\/sites\/5\/2024\/03\/477-istock-1182967368.jpg","width":600,"height":400,"caption":"Reinventa el liderazgo en tiempos de crisis"},{"@type":"BreadcrumbList","@id":"https:\/\/www.isdi.education\/mx\/blog\/reinventa-el-liderazgo-en-tiempos-de-crisis#breadcrumb","itemListElement":[{"@type":"ListItem","position":1,"name":"Portada","item":"https:\/\/www.isdi.education\/mx\/"},{"@type":"ListItem","position":2,"name":"Reinventa el liderazgo en tiempos de crisis"}]},{"@type":"WebSite","@id":"https:\/\/www.isdi.education\/mx\/#website","url":"https:\/\/www.isdi.education\/mx\/","name":"ISDI Mexico","description":"Descubre la formaci\u00f3n que te abrir\u00e1 las puertas a la era digital. Entra a formar parte de la primera escuela de negocios y direcci\u00f3n nativa digital.","publisher":{"@id":"https:\/\/www.isdi.education\/mx\/#organization"},"inLanguage":"es"},{"@type":"Organization","@id":"https:\/\/www.isdi.education\/mx\/#organization","name":"ISDI Mexico","url":"https:\/\/www.isdi.education\/mx\/","logo":{"@type":"ImageObject","inLanguage":"es","@id":"https:\/\/www.isdi.education\/mx\/#\/schema\/logo\/image\/","url":"https:\/\/www.isdi.education\/mx\/wp-content\/uploads\/sites\/5\/2023\/12\/logoISDI-blanco.svg","contentUrl":"https:\/\/www.isdi.education\/mx\/wp-content\/uploads\/sites\/5\/2023\/12\/logoISDI-blanco.svg","width":79,"height":100,"caption":"ISDI Mexico"},"image":{"@id":"https:\/\/www.isdi.education\/mx\/#\/schema\/logo\/image\/"}},{"@type":"Person","@id":"","url":"https:\/\/www.isdi.education\/mx\/author"}]}},"_links":{"self":[{"href":"https:\/\/www.isdi.education\/mx\/wp-json\/wp\/v2\/posts\/19513","targetHints":{"allow":["GET"]}}],"collection":[{"href":"https:\/\/www.isdi.education\/mx\/wp-json\/wp\/v2\/posts"}],"about":[{"href":"https:\/\/www.isdi.education\/mx\/wp-json\/wp\/v2\/types\/post"}],"author":[{"embeddable":true,"href":"https:\/\/www.isdi.education\/mx\/wp-json\/wp\/v2\/users\/1"}],"replies":[{"embeddable":true,"href":"https:\/\/www.isdi.education\/mx\/wp-json\/wp\/v2\/comments?post=19513"}],"version-history":[{"count":0,"href":"https:\/\/www.isdi.education\/mx\/wp-json\/wp\/v2\/posts\/19513\/revisions"}],"wp:featuredmedia":[{"embeddable":true,"href":"https:\/\/www.isdi.education\/mx\/wp-json\/wp\/v2\/media\/19512"}],"wp:attachment":[{"href":"https:\/\/www.isdi.education\/mx\/wp-json\/wp\/v2\/media?parent=19513"}],"wp:term":[{"taxonomy":"category","embeddable":true,"href":"https:\/\/www.isdi.education\/mx\/wp-json\/wp\/v2\/categories?post=19513"},{"taxonomy":"post_tag","embeddable":true,"href":"https:\/\/www.isdi.education\/mx\/wp-json\/wp\/v2\/tags?post=19513"}],"curies":[{"name":"wp","href":"https:\/\/api.w.org\/{rel}","templated":true}]}}