{"id":19383,"date":"2020-04-17T00:00:00","date_gmt":"2020-04-17T00:00:00","guid":{"rendered":"https:\/\/www.isdi.education\/mx\/asi-consumimos-contenido-en-tiempos-de-coronavirus\/"},"modified":"2020-04-17T00:00:00","modified_gmt":"2020-04-17T00:00:00","slug":"asi-consumimos-contenido-en-tiempos-de-coronavirus","status":"publish","type":"post","link":"https:\/\/www.isdi.education\/mx\/blog\/asi-consumimos-contenido-en-tiempos-de-coronavirus","title":{"rendered":"As\u00ed consumimos contenido en tiempos de Coronavirus"},"content":{"rendered":"<div id=\"07M-wysiwyg-1\" class=\"07M-wysiwyg anchor--link \" data-anchor-content>\n<section class=\"wysiwyg mb-xl\">\n<div class=\"wrapper wrapper--small\">\n<p class=\"t-small mb-xs\">\n<div class=\"wysiwyg__content\">\n<div>\n<p class=\"rtejustify\"><strong>Por Mauricio Cabrera<\/strong><\/p>\n<p class=\"rtejustify\">El cambio no ha sido menor. Del bullicio de las calles a estar en casa. Del commute visto como oportunidad para los generadores de contenido al aislamiento con potencial multitasking. El entorno como parte fundamental del tiempo y el modo en que consumimos contenido en tiempos del <strong>Coronavirus<\/strong>.\u00a0<\/p>\n<p class=\"rtejustify\">El Global Web Index desarroll\u00f3 un reporte que analiza el cambio de h\u00e1bitos de los usuarios durante la cuarentena. Los n\u00fameros que a continuaci\u00f3n presentamos contribuir\u00e1n a desmitificar aquello que d\u00e1bamos por hecho y a reconocer que el entretenimiento, ya sea entre cuatro paredes o en movimiento, siempre resulta una parte fundamental de nuestras vidas.\u00a0<\/p>\n<p class=\"rtejustify\"><strong>\u00a0Aqu\u00ed lo m\u00e1s destacado del Coronavirus Research Reporte de Global Web Index:\u00a0<\/strong><\/p>\n<ul>\n<li class=\"rtejustify\">Aunque para muchos la cuarentena ser\u00eda una oportunidad de aprovechar el tiempo para tomar cursos en l\u00ednea o emprender proyectos, es la segunda categor\u00eda con menor crecimiento, solo por arriba de aquellos que decidieron que \u00e9sta ser\u00eda una buena \u00e9poca para alejarse de Internet. En promedio, solo hubo un 11% de crecimiento en gente que participara en webinars, siendo los millennials los m\u00e1s afectos a ello con un 16% de crecimiento contra el 6% de los boomers y el 9% de la generaci\u00f3n Z y la generaci\u00f3n X\u00a0<\/li>\n<\/ul>\n<ul>\n<li class=\"rtejustify\">Si la gente escuchaba m\u00fasica en su traslado a la oficina, ahora hace lo mismo desde casa. O incluso m\u00e1s. Se estima que el consumo de m\u00fasica increment\u00f3 un 58% a nivel general, siendo la generaci\u00f3n Z con un 71% y los millennials con un 62% los que impulsaron ese aumento en la reproducci\u00f3n de m\u00fasica<\/li>\n<\/ul>\n<ul>\n<li class=\"rtejustify\">Cualquiera asumir\u00eda que el consumo de podcasts explotar\u00eda ante el encierro; sin embargo, es de las categor\u00edas con crecimiento m\u00e1s bajo, marcando un 18% de crecimiento general, siendo los millennials con un 26% los que contribuyen en mayor medida a ese aumento contra el 16% tanto de la generaci\u00f3n Z como de la generaci\u00f3n X. Es importante mencionar la diferencia de mercados, ya que este estudio se realiz\u00f3 en Estados Unidos y en el Reino Unido. En Espa\u00f1a, por ejemplo, se est\u00e1 produciendo un descenso de entre el 10 y el 15% en el consumo de podcasts, cifra semejante a la que reportan podcasters mexicanos. En algunos casos, y aunque las cifras son contradictorias, tambi\u00e9n se habla de un descenso del 20% en descargas de podcasts en los principales shows de la Uni\u00f3n Americana<\/li>\n<\/ul>\n<ul>\n<li class=\"rtejustify\">El deseo de entretenimiento de la gente ha llevado a un boom en la b\u00fasqueda de shows y pel\u00edculas, categor\u00eda que registra un 49% de incremento, con la generaci\u00f3n Z, los millennials y la generaci\u00f3n X aumentando su consumo entre un 51 y un 52%<\/li>\n<\/ul>\n<ul>\n<li class=\"rtejustify\">Como parte natural de estar en casa durante la mayor parte del d\u00eda, el consumo de contenido para realizar ejercicio tambi\u00e9n presenta incrementos considerables, aunque no tan pronunciados como podr\u00eda esperarse. Global Web Index reporta un 18% de crecimiento general, con los millennials como los activos en lo que a eso respecta con un 24%<\/li>\n<\/ul>\n<ul>\n<li class=\"rtejustify\">Los sports, esa tendencia que hoy vive un boom en M\u00e9xico a partir de la transmisi\u00f3n de la primera competencia virtual en la historia de la eLiga MX, presenta crecimientos de entre el 12 y el 20%, con los millennials otra vez como la generaci\u00f3n que encabeza la categor\u00eda<\/li>\n<\/ul>\n<p class=\"rtejustify\"><strong>\u00bfD\u00f3nde nos informamos durante el Coronavirus?\u00a0<\/strong><\/p>\n<p class=\"rtejustify\">El Reuters Institute para el estudio del periodismo tambi\u00e9n present\u00f3 un reporte analizando el modo en que los usuarios de distintas regiones del mundo se informan durante el Coronavirus. Este reporte contempla a Estados Unidos, Espa\u00f1a, Argentina, Reino Unido, Alemania y Corea del Sur. En \u00e9l destaca el hecho que es en los pa\u00edses hispanoparlantes donde las redes sociales son m\u00e1s relevantes en t\u00e9rminos de b\u00fasqueda de informaci\u00f3n en torno al Covid-19. Argentina con un 78% y Espa\u00f1a con un 63% est\u00e1n por encima de Corea del Sur (51%), Estados Unidos, el Reino Unido (47%) y Alemania (41%), en lo que respecta al empleo de plataformas sociales como fuentes informativas.\u00a0<\/p>\n<p class=\"rtejustify\">En todos los casos es el consumo online el de mayor porcentaje de uso, incluyendo social media. La TV mantiene un lugar privilegiado con porcentajes que van del 77% en Argentina al 58% en Estados Unidos. Por su parte, los peri\u00f3dicos se hunden con un m\u00e1ximo de 28% de uso en Argentina, comparado con el 13% de estadounidenses que dijeron haber utilizado un impreso durante la \u00faltima semana para informarse sobre la pandemia mundial.\u00a0<\/p>\n<p class=\"rtejustify\">En cuanto a la confianza que los usuarios sienten al recibir informaci\u00f3n en distintas plataformas, las redes sociales y las aplicaciones de mensajer\u00eda aparecieron en los escalones m\u00e1s bajos. En el caso de Espa\u00f1a con apenas un 23% y un 21% de credibilidad respectivamente, mientras que en Argentina social media registr\u00f3 un 40% de confianza, frente a un 38% de las apps de mensajer\u00eda, donde todos solemos compartir informaci\u00f3n con amigos y familiares.\u00a0<\/p>\n<p class=\"rtejustify\">En M\u00e9xico, en lo particular, se han presentado una serie de ejercicios de verificaci\u00f3n de datos que buscan ayudar al usuario a entender si la informaci\u00f3n que est\u00e1 recibiendo es ver\u00eddica o no. Los dos m\u00e1s conocidos son Verificado de Animal Pol\u00edtico y Animal MX, as\u00ed como Verificovid.<\/p>\n<\/div><\/div>\n<\/p><\/div>\n<\/section><\/div>\n","protected":false},"excerpt":{"rendered":"<p>Los cambios de comportamiento en el consumismo generacional actual.<\/p>\n","protected":false},"author":1,"featured_media":19382,"comment_status":"open","ping_status":"open","sticky":false,"template":"","format":"standard","meta":{"_acf_changed":false,"footnotes":""},"categories":[47],"tags":[],"class_list":["post-19383","post","type-post","status-publish","format-standard","has-post-thumbnail","hentry","category-actualidad-digital"],"acf":[],"yoast_head":"<!-- This site is optimized with the Yoast SEO plugin v27.4 - https:\/\/yoast.com\/product\/yoast-seo-wordpress\/ -->\n<title>As\u00ed consumimos contenido en tiempos de Coronavirus<\/title>\n<meta name=\"robots\" content=\"index, follow, max-snippet:-1, max-image-preview:large, max-video-preview:-1\" \/>\n<link rel=\"canonical\" href=\"https:\/\/www.isdi.education\/mx\/blog\/asi-consumimos-contenido-en-tiempos-de-coronavirus\" \/>\n<meta property=\"og:locale\" content=\"es_MX\" \/>\n<meta property=\"og:type\" content=\"article\" \/>\n<meta property=\"og:title\" content=\"As\u00ed consumimos contenido en tiempos de Coronavirus\" \/>\n<meta property=\"og:description\" content=\"Los cambios de comportamiento en el consumismo generacional actual.\" \/>\n<meta property=\"og:url\" content=\"https:\/\/www.isdi.education\/mx\/blog\/asi-consumimos-contenido-en-tiempos-de-coronavirus\" \/>\n<meta property=\"og:site_name\" content=\"ISDI Mexico\" \/>\n<meta property=\"article:published_time\" content=\"2020-04-17T00:00:00+00:00\" \/>\n<meta property=\"og:image\" content=\"https:\/\/www.isdi.education\/mx\/wp-content\/uploads\/sites\/5\/2024\/03\/412-rami-al-zayat-w33-zg-dnl4-unsplash.jpg\" \/>\n\t<meta property=\"og:image:width\" content=\"600\" \/>\n\t<meta property=\"og:image:height\" content=\"400\" \/>\n\t<meta property=\"og:image:type\" content=\"image\/jpeg\" \/>\n<meta name=\"twitter:card\" content=\"summary_large_image\" \/>\n<meta name=\"twitter:label1\" content=\"Escrito por\" \/>\n\t<meta name=\"twitter:data1\" content=\"\" \/>\n\t<meta name=\"twitter:label2\" content=\"Tiempo de lectura\" \/>\n\t<meta name=\"twitter:data2\" content=\"4 minutos\" \/>\n<script type=\"application\/ld+json\" class=\"yoast-schema-graph\">{\"@context\":\"https:\\\/\\\/schema.org\",\"@graph\":[{\"@type\":\"Article\",\"@id\":\"https:\\\/\\\/www.isdi.education\\\/mx\\\/blog\\\/asi-consumimos-contenido-en-tiempos-de-coronavirus#article\",\"isPartOf\":{\"@id\":\"https:\\\/\\\/www.isdi.education\\\/mx\\\/blog\\\/asi-consumimos-contenido-en-tiempos-de-coronavirus\"},\"author\":{\"name\":\"\",\"@id\":\"\"},\"headline\":\"As\u00ed consumimos contenido en tiempos de Coronavirus\",\"datePublished\":\"2020-04-17T00:00:00+00:00\",\"mainEntityOfPage\":{\"@id\":\"https:\\\/\\\/www.isdi.education\\\/mx\\\/blog\\\/asi-consumimos-contenido-en-tiempos-de-coronavirus\"},\"wordCount\":894,\"commentCount\":0,\"publisher\":{\"@id\":\"https:\\\/\\\/www.isdi.education\\\/mx\\\/#organization\"},\"image\":{\"@id\":\"https:\\\/\\\/www.isdi.education\\\/mx\\\/blog\\\/asi-consumimos-contenido-en-tiempos-de-coronavirus#primaryimage\"},\"thumbnailUrl\":\"https:\\\/\\\/www.isdi.education\\\/mx\\\/wp-content\\\/uploads\\\/sites\\\/5\\\/2024\\\/03\\\/412-rami-al-zayat-w33-zg-dnl4-unsplash.jpg\",\"articleSection\":[\"Actualidad Digital\"],\"inLanguage\":\"es\",\"potentialAction\":[{\"@type\":\"CommentAction\",\"name\":\"Comment\",\"target\":[\"https:\\\/\\\/www.isdi.education\\\/mx\\\/blog\\\/asi-consumimos-contenido-en-tiempos-de-coronavirus#respond\"]}]},{\"@type\":\"WebPage\",\"@id\":\"https:\\\/\\\/www.isdi.education\\\/mx\\\/blog\\\/asi-consumimos-contenido-en-tiempos-de-coronavirus\",\"url\":\"https:\\\/\\\/www.isdi.education\\\/mx\\\/blog\\\/asi-consumimos-contenido-en-tiempos-de-coronavirus\",\"name\":\"As\u00ed consumimos contenido en tiempos de Coronavirus\",\"isPartOf\":{\"@id\":\"https:\\\/\\\/www.isdi.education\\\/mx\\\/#website\"},\"primaryImageOfPage\":{\"@id\":\"https:\\\/\\\/www.isdi.education\\\/mx\\\/blog\\\/asi-consumimos-contenido-en-tiempos-de-coronavirus#primaryimage\"},\"image\":{\"@id\":\"https:\\\/\\\/www.isdi.education\\\/mx\\\/blog\\\/asi-consumimos-contenido-en-tiempos-de-coronavirus#primaryimage\"},\"thumbnailUrl\":\"https:\\\/\\\/www.isdi.education\\\/mx\\\/wp-content\\\/uploads\\\/sites\\\/5\\\/2024\\\/03\\\/412-rami-al-zayat-w33-zg-dnl4-unsplash.jpg\",\"datePublished\":\"2020-04-17T00:00:00+00:00\",\"breadcrumb\":{\"@id\":\"https:\\\/\\\/www.isdi.education\\\/mx\\\/blog\\\/asi-consumimos-contenido-en-tiempos-de-coronavirus#breadcrumb\"},\"inLanguage\":\"es\",\"potentialAction\":[{\"@type\":\"ReadAction\",\"target\":[\"https:\\\/\\\/www.isdi.education\\\/mx\\\/blog\\\/asi-consumimos-contenido-en-tiempos-de-coronavirus\"]}]},{\"@type\":\"ImageObject\",\"inLanguage\":\"es\",\"@id\":\"https:\\\/\\\/www.isdi.education\\\/mx\\\/blog\\\/asi-consumimos-contenido-en-tiempos-de-coronavirus#primaryimage\",\"url\":\"https:\\\/\\\/www.isdi.education\\\/mx\\\/wp-content\\\/uploads\\\/sites\\\/5\\\/2024\\\/03\\\/412-rami-al-zayat-w33-zg-dnl4-unsplash.jpg\",\"contentUrl\":\"https:\\\/\\\/www.isdi.education\\\/mx\\\/wp-content\\\/uploads\\\/sites\\\/5\\\/2024\\\/03\\\/412-rami-al-zayat-w33-zg-dnl4-unsplash.jpg\",\"width\":600,\"height\":400,\"caption\":\"As\u00ed consumimos contenido en tiempos de Coronavirus\"},{\"@type\":\"BreadcrumbList\",\"@id\":\"https:\\\/\\\/www.isdi.education\\\/mx\\\/blog\\\/asi-consumimos-contenido-en-tiempos-de-coronavirus#breadcrumb\",\"itemListElement\":[{\"@type\":\"ListItem\",\"position\":1,\"name\":\"Portada\",\"item\":\"https:\\\/\\\/www.isdi.education\\\/mx\\\/\"},{\"@type\":\"ListItem\",\"position\":2,\"name\":\"As\u00ed consumimos contenido en tiempos de Coronavirus\"}]},{\"@type\":\"WebSite\",\"@id\":\"https:\\\/\\\/www.isdi.education\\\/mx\\\/#website\",\"url\":\"https:\\\/\\\/www.isdi.education\\\/mx\\\/\",\"name\":\"ISDI Mexico\",\"description\":\"Descubre la formaci\u00f3n que te abrir\u00e1 las puertas a la era digital. Entra a formar parte de la primera escuela de negocios y direcci\u00f3n nativa digital.\",\"publisher\":{\"@id\":\"https:\\\/\\\/www.isdi.education\\\/mx\\\/#organization\"},\"inLanguage\":\"es\"},{\"@type\":\"Organization\",\"@id\":\"https:\\\/\\\/www.isdi.education\\\/mx\\\/#organization\",\"name\":\"ISDI Mexico\",\"url\":\"https:\\\/\\\/www.isdi.education\\\/mx\\\/\",\"logo\":{\"@type\":\"ImageObject\",\"inLanguage\":\"es\",\"@id\":\"https:\\\/\\\/www.isdi.education\\\/mx\\\/#\\\/schema\\\/logo\\\/image\\\/\",\"url\":\"https:\\\/\\\/www.isdi.education\\\/mx\\\/wp-content\\\/uploads\\\/sites\\\/5\\\/2023\\\/12\\\/logoISDI-blanco.svg\",\"contentUrl\":\"https:\\\/\\\/www.isdi.education\\\/mx\\\/wp-content\\\/uploads\\\/sites\\\/5\\\/2023\\\/12\\\/logoISDI-blanco.svg\",\"width\":79,\"height\":100,\"caption\":\"ISDI Mexico\"},\"image\":{\"@id\":\"https:\\\/\\\/www.isdi.education\\\/mx\\\/#\\\/schema\\\/logo\\\/image\\\/\"}},{\"@type\":\"Person\",\"@id\":\"\",\"url\":\"https:\\\/\\\/www.isdi.education\\\/mx\\\/author\"}]}<\/script>\n<!-- \/ Yoast SEO plugin. -->","yoast_head_json":{"title":"As\u00ed consumimos contenido en tiempos de Coronavirus","robots":{"index":"index","follow":"follow","max-snippet":"max-snippet:-1","max-image-preview":"max-image-preview:large","max-video-preview":"max-video-preview:-1"},"canonical":"https:\/\/www.isdi.education\/mx\/blog\/asi-consumimos-contenido-en-tiempos-de-coronavirus","og_locale":"es_MX","og_type":"article","og_title":"As\u00ed consumimos contenido en tiempos de Coronavirus","og_description":"Los cambios de comportamiento en el consumismo generacional actual.","og_url":"https:\/\/www.isdi.education\/mx\/blog\/asi-consumimos-contenido-en-tiempos-de-coronavirus","og_site_name":"ISDI Mexico","article_published_time":"2020-04-17T00:00:00+00:00","og_image":[{"width":600,"height":400,"url":"https:\/\/www.isdi.education\/mx\/wp-content\/uploads\/sites\/5\/2024\/03\/412-rami-al-zayat-w33-zg-dnl4-unsplash.jpg","type":"image\/jpeg"}],"twitter_card":"summary_large_image","twitter_misc":{"Escrito por":"","Tiempo de lectura":"4 minutos"},"schema":{"@context":"https:\/\/schema.org","@graph":[{"@type":"Article","@id":"https:\/\/www.isdi.education\/mx\/blog\/asi-consumimos-contenido-en-tiempos-de-coronavirus#article","isPartOf":{"@id":"https:\/\/www.isdi.education\/mx\/blog\/asi-consumimos-contenido-en-tiempos-de-coronavirus"},"author":{"name":"","@id":""},"headline":"As\u00ed consumimos contenido en tiempos de Coronavirus","datePublished":"2020-04-17T00:00:00+00:00","mainEntityOfPage":{"@id":"https:\/\/www.isdi.education\/mx\/blog\/asi-consumimos-contenido-en-tiempos-de-coronavirus"},"wordCount":894,"commentCount":0,"publisher":{"@id":"https:\/\/www.isdi.education\/mx\/#organization"},"image":{"@id":"https:\/\/www.isdi.education\/mx\/blog\/asi-consumimos-contenido-en-tiempos-de-coronavirus#primaryimage"},"thumbnailUrl":"https:\/\/www.isdi.education\/mx\/wp-content\/uploads\/sites\/5\/2024\/03\/412-rami-al-zayat-w33-zg-dnl4-unsplash.jpg","articleSection":["Actualidad Digital"],"inLanguage":"es","potentialAction":[{"@type":"CommentAction","name":"Comment","target":["https:\/\/www.isdi.education\/mx\/blog\/asi-consumimos-contenido-en-tiempos-de-coronavirus#respond"]}]},{"@type":"WebPage","@id":"https:\/\/www.isdi.education\/mx\/blog\/asi-consumimos-contenido-en-tiempos-de-coronavirus","url":"https:\/\/www.isdi.education\/mx\/blog\/asi-consumimos-contenido-en-tiempos-de-coronavirus","name":"As\u00ed consumimos contenido en tiempos de Coronavirus","isPartOf":{"@id":"https:\/\/www.isdi.education\/mx\/#website"},"primaryImageOfPage":{"@id":"https:\/\/www.isdi.education\/mx\/blog\/asi-consumimos-contenido-en-tiempos-de-coronavirus#primaryimage"},"image":{"@id":"https:\/\/www.isdi.education\/mx\/blog\/asi-consumimos-contenido-en-tiempos-de-coronavirus#primaryimage"},"thumbnailUrl":"https:\/\/www.isdi.education\/mx\/wp-content\/uploads\/sites\/5\/2024\/03\/412-rami-al-zayat-w33-zg-dnl4-unsplash.jpg","datePublished":"2020-04-17T00:00:00+00:00","breadcrumb":{"@id":"https:\/\/www.isdi.education\/mx\/blog\/asi-consumimos-contenido-en-tiempos-de-coronavirus#breadcrumb"},"inLanguage":"es","potentialAction":[{"@type":"ReadAction","target":["https:\/\/www.isdi.education\/mx\/blog\/asi-consumimos-contenido-en-tiempos-de-coronavirus"]}]},{"@type":"ImageObject","inLanguage":"es","@id":"https:\/\/www.isdi.education\/mx\/blog\/asi-consumimos-contenido-en-tiempos-de-coronavirus#primaryimage","url":"https:\/\/www.isdi.education\/mx\/wp-content\/uploads\/sites\/5\/2024\/03\/412-rami-al-zayat-w33-zg-dnl4-unsplash.jpg","contentUrl":"https:\/\/www.isdi.education\/mx\/wp-content\/uploads\/sites\/5\/2024\/03\/412-rami-al-zayat-w33-zg-dnl4-unsplash.jpg","width":600,"height":400,"caption":"As\u00ed consumimos contenido en tiempos de Coronavirus"},{"@type":"BreadcrumbList","@id":"https:\/\/www.isdi.education\/mx\/blog\/asi-consumimos-contenido-en-tiempos-de-coronavirus#breadcrumb","itemListElement":[{"@type":"ListItem","position":1,"name":"Portada","item":"https:\/\/www.isdi.education\/mx\/"},{"@type":"ListItem","position":2,"name":"As\u00ed consumimos contenido en tiempos de Coronavirus"}]},{"@type":"WebSite","@id":"https:\/\/www.isdi.education\/mx\/#website","url":"https:\/\/www.isdi.education\/mx\/","name":"ISDI Mexico","description":"Descubre la formaci\u00f3n que te abrir\u00e1 las puertas a la era digital. Entra a formar parte de la primera escuela de negocios y direcci\u00f3n nativa digital.","publisher":{"@id":"https:\/\/www.isdi.education\/mx\/#organization"},"inLanguage":"es"},{"@type":"Organization","@id":"https:\/\/www.isdi.education\/mx\/#organization","name":"ISDI Mexico","url":"https:\/\/www.isdi.education\/mx\/","logo":{"@type":"ImageObject","inLanguage":"es","@id":"https:\/\/www.isdi.education\/mx\/#\/schema\/logo\/image\/","url":"https:\/\/www.isdi.education\/mx\/wp-content\/uploads\/sites\/5\/2023\/12\/logoISDI-blanco.svg","contentUrl":"https:\/\/www.isdi.education\/mx\/wp-content\/uploads\/sites\/5\/2023\/12\/logoISDI-blanco.svg","width":79,"height":100,"caption":"ISDI Mexico"},"image":{"@id":"https:\/\/www.isdi.education\/mx\/#\/schema\/logo\/image\/"}},{"@type":"Person","@id":"","url":"https:\/\/www.isdi.education\/mx\/author"}]}},"_links":{"self":[{"href":"https:\/\/www.isdi.education\/mx\/wp-json\/wp\/v2\/posts\/19383","targetHints":{"allow":["GET"]}}],"collection":[{"href":"https:\/\/www.isdi.education\/mx\/wp-json\/wp\/v2\/posts"}],"about":[{"href":"https:\/\/www.isdi.education\/mx\/wp-json\/wp\/v2\/types\/post"}],"author":[{"embeddable":true,"href":"https:\/\/www.isdi.education\/mx\/wp-json\/wp\/v2\/users\/1"}],"replies":[{"embeddable":true,"href":"https:\/\/www.isdi.education\/mx\/wp-json\/wp\/v2\/comments?post=19383"}],"version-history":[{"count":0,"href":"https:\/\/www.isdi.education\/mx\/wp-json\/wp\/v2\/posts\/19383\/revisions"}],"wp:featuredmedia":[{"embeddable":true,"href":"https:\/\/www.isdi.education\/mx\/wp-json\/wp\/v2\/media\/19382"}],"wp:attachment":[{"href":"https:\/\/www.isdi.education\/mx\/wp-json\/wp\/v2\/media?parent=19383"}],"wp:term":[{"taxonomy":"category","embeddable":true,"href":"https:\/\/www.isdi.education\/mx\/wp-json\/wp\/v2\/categories?post=19383"},{"taxonomy":"post_tag","embeddable":true,"href":"https:\/\/www.isdi.education\/mx\/wp-json\/wp\/v2\/tags?post=19383"}],"curies":[{"name":"wp","href":"https:\/\/api.w.org\/{rel}","templated":true}]}}