{"id":47624,"date":"2026-04-28T12:29:45","date_gmt":"2026-04-28T10:29:45","guid":{"rendered":"https:\/\/www.isdi.education\/es\/?p=47624"},"modified":"2026-04-28T12:30:02","modified_gmt":"2026-04-28T10:30:02","slug":"el-perfil-profesional-que-exigira-el-negocio-digital","status":"publish","type":"post","link":"https:\/\/www.isdi.education\/es\/blog\/el-perfil-profesional-que-exigira-el-negocio-digital","title":{"rendered":"El perfil profesional que exigir\u00e1 el negocio digital"},"content":{"rendered":"<p><span style=\"font-weight: 400\">Durante a\u00f1os, la formaci\u00f3n se ha construido bajo una l\u00f3gica com\u00fan: preparar a profesionales para gestionar organizaciones desde \u00e1reas como estrategia, finanzas u operaciones.<\/span><\/p>\n<p><span style=\"font-weight: 400\">Sin embargo, este enfoque empieza a quedarse corto en un contexto donde el crecimiento de las compa\u00f1\u00edas depende cada vez m\u00e1s de su capacidad para construir y escalar.<\/span><\/p>\n<p><span style=\"font-weight: 400\">Esto introduce una distinci\u00f3n clave que muchas veces se pasa por alto: no todos los perfiles en las empresas necesitar\u00e1n la misma formaci\u00f3n, porque no todos operar\u00e1n el negocio de la misma manera.<\/span><\/p>\n<h3><b>\u00bfQu\u00e9 le est\u00e1 pasando a las empresas?<\/b><\/h3>\n<p><span style=\"font-weight: 400\">La mayor\u00eda de las organizaciones ya han definido una estrategia digital. El problema aparece en la ejecuci\u00f3n.<\/span><\/p>\n<p><span style=\"font-weight: 400\">Seg\u00fan el informe \u201cUnlocking success in digital transformations\u201d de McKinsey &amp; Company, m\u00e1s del 70 % de las empresas digitales no alcanzan sus objetivos. No por falta de visi\u00f3n, sino por la dificultad de llevar esa estrategia al terreno operativo.<\/span><\/p>\n<p><span style=\"font-weight: 400\">Este gap suele aparecer cuando los perfiles responsables no dominan las palancas que hoy lo impulsan:<\/span><\/p>\n<ul>\n<li style=\"font-weight: 400\"><span style=\"font-weight: 400\">Producto digital<\/span><\/li>\n<li style=\"font-weight: 400\"><span style=\"font-weight: 400\">Datos y m\u00e9tricas<\/span><\/li>\n<li style=\"font-weight: 400\"><span style=\"font-weight: 400\">Tecnolog\u00eda como capacidad de ejecuci\u00f3n<\/span><\/li>\n<\/ul>\n<p>&nbsp;<\/p>\n<p><span style=\"font-weight: 400\">En este contexto, gestionar deja de ser suficiente. El reto pasa por entender c\u00f3mo se construye el negocio desde dentro.<\/span><\/p>\n<h3><b>El cambio de rol: de gestionar \u00e1reas a operar producto digital<\/b><\/h3>\n<p><span style=\"font-weight: 400\">El perfil que demandan hoy muchas organizaciones est\u00e1 m\u00e1s cerca del product mindset que del management tradicional.<\/span><\/p>\n<p><span style=\"font-weight: 400\">Esto no implica convertirse en t\u00e9cnico, sino desarrollar criterio sobre c\u00f3mo se construye valor en entornos digitales.<\/span><\/p>\n<p><span style=\"font-weight: 400\">Hablamos de perfiles capaces de:<\/span><\/p>\n<ul>\n<li style=\"font-weight: 400\"><span style=\"font-weight: 400\">Priorizar funcionalidades en funci\u00f3n del impacto del negocio.<\/span><\/li>\n<li style=\"font-weight: 400\"><span style=\"font-weight: 400\">Interpretar m\u00e9tricas y tomar decisiones en tiempo real.<\/span><\/li>\n<li style=\"font-weight: 400\"><span style=\"font-weight: 400\">Trabajar con equipos de producto, data y tecnolog\u00eda.<\/span><\/li>\n<li style=\"font-weight: 400\"><span style=\"font-weight: 400\">Entender c\u00f3mo escalar un modelo digital.<\/span><\/li>\n<\/ul>\n<p>&nbsp;<\/p>\n<p><span style=\"font-weight: 400\">Este tipo de rol est\u00e1 creciendo de forma acelerada. El informe \u201cJobs on the Rise\u201d de LinkedIn sit\u00faa posiciones como Product Manager o perfiles h\u00edbridos entre negocio y tecnolog\u00eda entre los de mayor demanda.<\/span><\/p>\n<h3><b>Donde fallan muchos programas<\/b><\/h3>\n<p><span style=\"font-weight: 400\">Aqu\u00ed es donde aparece una de las principales limitaciones de la formaci\u00f3n tradicional.<\/span><\/p>\n<p><span style=\"font-weight: 400\">Gran parte de los programas siguen estructurados en torno a \u00e1reas funcionales, con un enfoque que no siempre se traslada al d\u00eda a d\u00eda del negocio digital.<\/span><\/p>\n<p><span style=\"font-weight: 400\">El problema no es el contenido, sino el contexto en el que se aprende. Porque operar un negocio digital implica enfrentarse a situaciones como:<\/span><\/p>\n<ul>\n<li style=\"font-weight: 400\"><span style=\"font-weight: 400\">Tomar decisiones con informaci\u00f3n incompleta.<\/span><\/li>\n<li style=\"font-weight: 400\"><span style=\"font-weight: 400\">Priorizar entre m\u00faltiples variables de impacto.<\/span><\/li>\n<li style=\"font-weight: 400\"><span style=\"font-weight: 400\">Iterar sobre producto en ciclos cortos.<\/span><\/li>\n<li style=\"font-weight: 400\"><span style=\"font-weight: 400\">Ajustar estrategia en funci\u00f3n de datos reales.<\/span><\/li>\n<\/ul>\n<p>&nbsp;<\/p>\n<p><span style=\"font-weight: 400\">Sin este tipo de exposici\u00f3n, el conocimiento dif\u00edcilmente se convierte en capacidad de ejecuci\u00f3n.<\/span><\/p>\n<h3><b>DMBA de ISDI: formar perfiles que operar\u00e1n en el negocio digital<\/b><\/h3>\n<p><span style=\"font-weight: 400\">En este punto es donde el DMBA, Digital MBA de ISDI plantea un enfoque distinto. Es el punto de partida para transformar tu carrera.<\/span><\/p>\n<p><span style=\"font-weight: 400\">No se trata de un MBA tradicional adaptado al entorno digital, sino de un programa dise\u00f1ado para perfiles que trabajan directamente sobre las palancas reales del negocio digital.<\/span><\/p>\n<p><span style=\"font-weight: 400\">El foco no est\u00e1 en \u00e1reas cl\u00e1sicas, sino en capacidades espec\u00edficas como:<\/span><\/p>\n<ul>\n<li style=\"font-weight: 400\"><span style=\"font-weight: 400\">Entender c\u00f3mo se dise\u00f1a, valida y evoluciona un producto digital.<\/span><\/li>\n<li style=\"font-weight: 400\"><span style=\"font-weight: 400\">Trabajar con indicadores reales para tomar decisiones de negocio.<\/span><\/li>\n<li style=\"font-weight: 400\"><span style=\"font-weight: 400\">Utilizar datos como base para priorizar y escalar.<\/span><\/li>\n<li style=\"font-weight: 400\"><span style=\"font-weight: 400\">Comprender c\u00f3mo se construyen negocios escalables.<\/span><\/li>\n<\/ul>\n<p>&nbsp;<\/p>\n<p><span style=\"font-weight: 400\">Este enfoque permite desarrollar un perfil que no solo entiende la transformaci\u00f3n digital, sino que puede participar activamente en su ejecuci\u00f3n.<\/span><\/p>\n<h3><b>Un programa para un tipo de perfil muy concreto<\/b><\/h3>\n<p><span style=\"font-weight: 400\">Esto tambi\u00e9n implica entender bien el encaje del programa.<\/span><\/p>\n<p><span style=\"font-weight: 400\">El DMBA no est\u00e1 pensado para cualquier perfil, sino para profesionales que:<\/span><\/p>\n<ul>\n<li style=\"font-weight: 400\"><span style=\"font-weight: 400\">Quieren evolucionar hacia roles vinculados a producto o negocio digital.<\/span><\/li>\n<li style=\"font-weight: 400\"><span style=\"font-weight: 400\">Necesitan adquirir criterio sobre c\u00f3mo se construye un producto o servicio digital.<\/span><\/li>\n<li style=\"font-weight: 400\"><span style=\"font-weight: 400\">Buscan trabajar m\u00e1s cerca de equipos de tecnolog\u00eda y data.<\/span><\/li>\n<li style=\"font-weight: 400\"><span style=\"font-weight: 400\">Est\u00e1n involucrados en procesos reales de transformaci\u00f3n.<\/span><\/li>\n<\/ul>\n<p>&nbsp;<\/p>\n<p><span style=\"font-weight: 400\">Este punto es clave, porque define tanto el valor del programa como su posicionamiento.<\/span><\/p>\n<h3><b>Conclusi\u00f3n: no es m\u00e1s formaci\u00f3n, es formaci\u00f3n diferente<\/b><\/h3>\n<p><span style=\"font-weight: 400\">El cambio en el mercado no exige simplemente m\u00e1s formaci\u00f3n, sino una formaci\u00f3n distinta.<\/span><\/p>\n<p><span style=\"font-weight: 400\">A medida que el negocio se vuelve digital, las capacidades necesarias para liderarlo tambi\u00e9n cambian.\u00a0<\/span><\/p>\n<p><span style=\"font-weight: 400\">Por eso, la pregunta ya no es qu\u00e9 MBA estudiar, sino qu\u00e9 tipo de profesional necesitas ser dentro de una organizaci\u00f3n que opera en digital. Y a partir de ah\u00ed, elegir la formaci\u00f3n que realmente te prepare para ese rol.<\/span><\/p>\n<div class=\"cta-blog-box\"><div class=\"cta-copy\">Descubre el DMBA y transforma tu futuro digital<\/div>    <div style=\"width: auto; align-self: flex-end; flex-direction: row;\" class=\"elementor-element elementor-element-2e5ed7c e-con-full e-flex e-con e-child\" data-id=\"2e5ed7c\" data-element_type=\"container\" id=\"btnRedBannerDiv\">\n        <div class=\"elementor-element elementor-element-8d35332 btnArrowCircle elementor-mobile-align-left elementor-widget elementor-widget-button\" data-id=\"8d35332\" data-element_type=\"widget\" id=\"btnRedBanner\" data-widget_type=\"button.default\">\n            <div class=\"elementor-widget-container\">\n                    <div class=\"elementor-button-wrapper\">\n                        <a style=\"text-decoration: none !important; background-color:transparent!important; padding-right: 0px;\" class=\"elementor-button elementor-button-link elementor-size-sm\" href=\"https:\/\/www.isdi.education\/es\/programas\/dmba-digital-mba\" target=\"_blank\">\n                            <span class=\"elementor-button-content-wrapper\">\n                                        <span class=\"elementor-button-text\">Ver m\u00e1s<\/span>\n                        <\/span>\n                        <\/a>\n                    <\/div>\n            <\/div>\n        <\/div>\n        <div class=\"elementor-element elementor-element-8fc238b elementor-widget__width-auto btnCircle elementor-view-default elementor-widget elementor-widget-icon\" data-id=\"8fc238b\" data-element_type=\"widget\" data-widget_type=\"icon.default\">\n            <div class=\"elementor-widget-container\">\n                <div class=\"elementor-icon-wrapper\">\n                    <a style=\"cursor:pointer\" class=\"elementor-icon\"  href=\"https:\/\/www.isdi.education\/es\/programas\/dmba-digital-mba\" target=\"_blank\">\n                        <svg xmlns=\"http:\/\/www.w3.org\/2000\/svg\" viewBox=\"0 0 80 20\" style=\"enable-background:new 0 0 80 20;\">\n                            <polygon points=\"9.5,0.5 8.5,1.5 16.2,9.2 0,9.2 0,10.8 16.2,10.8 8.5,18.5 9.5,19.5 19.1,10\"><\/polygon>\n                            <polygon points=\"70.5,0.5 69.4,1.5 77.1,9.2 60.9,9.2 60.9,10.8 77.1,10.8 69.4,18.5 70.5,19.5 80,10\"><\/polygon>\n                        <\/svg>\n                    <\/a>\n                <\/div>\n            <\/div>\n        <\/div>\n    <\/div><\/div><style>\n.single-post .hentry .elementor-widget-theme-post-content a.elementor-icon{\n    font-size:80px!important;\n}\n.cta-blog-box {\n    background-color: #d32f2f;\n    color: white;\n    padding: 30px 40px;\n    display: flex;\n    justify-content: space-between;\n    font-family: 'Helvetica Neue', sans-serif;\n    border-radius: 4px;\n    margin: 20px 0;\n    flex-direction: column;\n}\n.cta-copy {\n    \/*font-size: 18px;\n    line-height: 1.4;\n    font-weight: 300;*\/\n    text-transform: uppercase;\n    font-family: \"PP Neue\", Sans-serif;\n    font-size: 28px;\n    font-weight: 300;\n    line-height: 48px;\n    letter-spacing: -1px;\n}\n.cta-boton {\n    color: white;\n    font-size: 14px;\n    text-decoration: none !important;\n    display: flex;\n    align-items: center;\n    border: none;\n    background: none;\n    cursor: pointer;\n    font-weight: 400;\n}\n.single-post .hentry .elementor-widget-theme-post-content a.cta-boton{\n    text-decoration: none !important;\n    font-size: 80px !important;\n}\n.cta-boton .flecha {\n    display: inline-block;\n    margin-left: 8px;\n    font-size: 18px;\n    transform: translateY(1px);\n}\n.cta-boton:hover .flecha {\n    transform: translateX(3px);\n    transition: transform 0.3s ease;\n}\n@media(max-width: 600px) {\n    .cta-blog-box {\n        flex-direction: column;\n        gap: 20px;\n        text-align: center;\n    }\n}\n<\/style>\n<p>&nbsp;<\/p>\n","protected":false},"excerpt":{"rendered":"<p>Durante a\u00f1os, la formaci\u00f3n se ha construido bajo una l\u00f3gica com\u00fan: preparar a profesionales para gestionar organizaciones desde \u00e1reas como estrategia, finanzas u operaciones. Sin embargo, este enfoque empieza a quedarse corto en un contexto donde el crecimiento de las compa\u00f1\u00edas depende cada vez m\u00e1s de su capacidad para construir y escalar. Esto introduce una&#8230;<\/p>\n","protected":false},"author":20,"featured_media":47625,"comment_status":"closed","ping_status":"closed","sticky":false,"template":"","format":"standard","meta":{"_acf_changed":false,"footnotes":""},"categories":[40],"tags":[],"class_list":["post-47624","post","type-post","status-publish","format-standard","has-post-thumbnail","hentry","category-empresa"],"acf":{"photo_gallery":{"galeria":[[]]}},"yoast_head":"<!-- This site is optimized with the Yoast SEO plugin v27.4 - https:\/\/yoast.com\/product\/yoast-seo-wordpress\/ -->\n<title>El perfil profesional que exigir\u00e1 el negocio digital - ISDI Espa\u00f1a<\/title>\n<meta name=\"description\" content=\"Durante a\u00f1os, la formaci\u00f3n se ha construido bajo una l\u00f3gica com\u00fan: preparar a profesionales para gestionar organizaciones desde \u00e1reas como estrategia, finanzas u operaciones. Sin embargo, este enfoque empieza a quedarse corto en un contexto donde el crecimiento de las compa\u00f1\u00edas depende cada vez m\u00e1s de su capacidad para construir y escalar. Esto introduce una distinci\u00f3n clave que muchas veces se pasa por alto: no todos los perfiles en las empresas necesitar\u00e1n la misma formaci\u00f3n, porque no todos operar\u00e1n el negocio de la misma manera.\" \/>\n<meta name=\"robots\" content=\"index, follow, max-snippet:-1, max-image-preview:large, max-video-preview:-1\" \/>\n<link rel=\"canonical\" href=\"https:\/\/www.isdi.education\/es\/blog\/el-perfil-profesional-que-exigira-el-negocio-digital\" \/>\n<meta property=\"og:locale\" content=\"es_ES\" \/>\n<meta property=\"og:type\" content=\"article\" \/>\n<meta property=\"og:title\" content=\"El perfil profesional que exigir\u00e1 el negocio digital - ISDI Espa\u00f1a\" \/>\n<meta property=\"og:description\" content=\"Durante a\u00f1os, la formaci\u00f3n se ha construido bajo una l\u00f3gica com\u00fan: preparar a profesionales para gestionar organizaciones desde \u00e1reas como estrategia, finanzas u operaciones. Sin embargo, este enfoque empieza a quedarse corto en un contexto donde el crecimiento de las compa\u00f1\u00edas depende cada vez m\u00e1s de su capacidad para construir y escalar. Esto introduce una distinci\u00f3n clave que muchas veces se pasa por alto: no todos los perfiles en las empresas necesitar\u00e1n la misma formaci\u00f3n, porque no todos operar\u00e1n el negocio de la misma manera.\" \/>\n<meta property=\"og:url\" content=\"https:\/\/www.isdi.education\/es\/blog\/el-perfil-profesional-que-exigira-el-negocio-digital\" \/>\n<meta property=\"og:site_name\" content=\"ISDI Espa\u00f1a\" \/>\n<meta property=\"article:publisher\" content=\"https:\/\/www.facebook.com\/isdi.education\" \/>\n<meta property=\"article:published_time\" content=\"2026-04-28T10:29:45+00:00\" \/>\n<meta property=\"article:modified_time\" content=\"2026-04-28T10:30:02+00:00\" \/>\n<meta property=\"og:image\" content=\"https:\/\/www.isdi.education\/es\/wp-content\/uploads\/2026\/04\/IMG_0109-scaled.webp\" \/>\n\t<meta property=\"og:image:width\" content=\"2560\" \/>\n\t<meta property=\"og:image:height\" content=\"1440\" \/>\n\t<meta property=\"og:image:type\" content=\"image\/webp\" \/>\n<meta name=\"author\" content=\"Mat\u00edas Pollier Bouillet\" \/>\n<meta name=\"twitter:card\" content=\"summary_large_image\" \/>\n<meta name=\"twitter:label1\" content=\"Escrito por\" \/>\n\t<meta name=\"twitter:data1\" content=\"Mat\u00edas Pollier Bouillet\" \/>\n\t<meta name=\"twitter:label2\" content=\"Tiempo de lectura\" \/>\n\t<meta name=\"twitter:data2\" content=\"4 minutos\" \/>\n<script type=\"application\/ld+json\" class=\"yoast-schema-graph\">{\"@context\":\"https:\\\/\\\/schema.org\",\"@graph\":[{\"@type\":\"Article\",\"@id\":\"https:\\\/\\\/www.isdi.education\\\/es\\\/blog\\\/el-perfil-profesional-que-exigira-el-negocio-digital#article\",\"isPartOf\":{\"@id\":\"https:\\\/\\\/www.isdi.education\\\/es\\\/blog\\\/el-perfil-profesional-que-exigira-el-negocio-digital\"},\"author\":{\"name\":\"Mat\u00edas Pollier Bouillet\",\"@id\":\"https:\\\/\\\/www.isdi.education\\\/es\\\/#\\\/schema\\\/person\\\/19fabf69d8e9257590f649fc1a1f1b04\"},\"headline\":\"El perfil profesional que exigir\u00e1 el negocio digital\",\"datePublished\":\"2026-04-28T10:29:45+00:00\",\"dateModified\":\"2026-04-28T10:30:02+00:00\",\"mainEntityOfPage\":{\"@id\":\"https:\\\/\\\/www.isdi.education\\\/es\\\/blog\\\/el-perfil-profesional-que-exigira-el-negocio-digital\"},\"wordCount\":804,\"publisher\":{\"@id\":\"https:\\\/\\\/www.isdi.education\\\/es\\\/#organization\"},\"image\":{\"@id\":\"https:\\\/\\\/www.isdi.education\\\/es\\\/blog\\\/el-perfil-profesional-que-exigira-el-negocio-digital#primaryimage\"},\"thumbnailUrl\":\"https:\\\/\\\/www.isdi.education\\\/es\\\/wp-content\\\/uploads\\\/2026\\\/04\\\/IMG_0109-scaled.webp\",\"articleSection\":[\"Empresa\"],\"inLanguage\":\"es\"},{\"@type\":\"WebPage\",\"@id\":\"https:\\\/\\\/www.isdi.education\\\/es\\\/blog\\\/el-perfil-profesional-que-exigira-el-negocio-digital\",\"url\":\"https:\\\/\\\/www.isdi.education\\\/es\\\/blog\\\/el-perfil-profesional-que-exigira-el-negocio-digital\",\"name\":\"El perfil profesional que exigir\u00e1 el negocio digital - ISDI Espa\u00f1a\",\"isPartOf\":{\"@id\":\"https:\\\/\\\/www.isdi.education\\\/es\\\/#website\"},\"primaryImageOfPage\":{\"@id\":\"https:\\\/\\\/www.isdi.education\\\/es\\\/blog\\\/el-perfil-profesional-que-exigira-el-negocio-digital#primaryimage\"},\"image\":{\"@id\":\"https:\\\/\\\/www.isdi.education\\\/es\\\/blog\\\/el-perfil-profesional-que-exigira-el-negocio-digital#primaryimage\"},\"thumbnailUrl\":\"https:\\\/\\\/www.isdi.education\\\/es\\\/wp-content\\\/uploads\\\/2026\\\/04\\\/IMG_0109-scaled.webp\",\"datePublished\":\"2026-04-28T10:29:45+00:00\",\"dateModified\":\"2026-04-28T10:30:02+00:00\",\"description\":\"Durante a\u00f1os, la formaci\u00f3n se ha construido bajo una l\u00f3gica com\u00fan: preparar a profesionales para gestionar organizaciones desde \u00e1reas como estrategia, finanzas u operaciones. Sin embargo, este enfoque empieza a quedarse corto en un contexto donde el crecimiento de las compa\u00f1\u00edas depende cada vez m\u00e1s de su capacidad para construir y escalar. Esto introduce una distinci\u00f3n clave que muchas veces se pasa por alto: no todos los perfiles en las empresas necesitar\u00e1n la misma formaci\u00f3n, porque no todos operar\u00e1n el negocio de la misma manera.\",\"breadcrumb\":{\"@id\":\"https:\\\/\\\/www.isdi.education\\\/es\\\/blog\\\/el-perfil-profesional-que-exigira-el-negocio-digital#breadcrumb\"},\"inLanguage\":\"es\",\"potentialAction\":[{\"@type\":\"ReadAction\",\"target\":[\"https:\\\/\\\/www.isdi.education\\\/es\\\/blog\\\/el-perfil-profesional-que-exigira-el-negocio-digital\"]}]},{\"@type\":\"ImageObject\",\"inLanguage\":\"es\",\"@id\":\"https:\\\/\\\/www.isdi.education\\\/es\\\/blog\\\/el-perfil-profesional-que-exigira-el-negocio-digital#primaryimage\",\"url\":\"https:\\\/\\\/www.isdi.education\\\/es\\\/wp-content\\\/uploads\\\/2026\\\/04\\\/IMG_0109-scaled.webp\",\"contentUrl\":\"https:\\\/\\\/www.isdi.education\\\/es\\\/wp-content\\\/uploads\\\/2026\\\/04\\\/IMG_0109-scaled.webp\",\"width\":2560,\"height\":1440,\"caption\":\"El perfil profesional que exigir\u00e1 el negocio digital\"},{\"@type\":\"BreadcrumbList\",\"@id\":\"https:\\\/\\\/www.isdi.education\\\/es\\\/blog\\\/el-perfil-profesional-que-exigira-el-negocio-digital#breadcrumb\",\"itemListElement\":[{\"@type\":\"ListItem\",\"position\":1,\"name\":\"Inicio\",\"item\":\"https:\\\/\\\/www.isdi.education\\\/es\\\/\"},{\"@type\":\"ListItem\",\"position\":2,\"name\":\"El perfil profesional que exigir\u00e1 el negocio digital\"}]},{\"@type\":\"WebSite\",\"@id\":\"https:\\\/\\\/www.isdi.education\\\/es\\\/#website\",\"url\":\"https:\\\/\\\/www.isdi.education\\\/es\\\/\",\"name\":\"ISDI Espa\u00f1a | La Escuela de Negocios de la Era Digital\",\"description\":\"Descubre la formaci\u00f3n que te abrir\u00e1 las puertas a la era digital. Entra a formar parte de la primera escuela de negocios y direcci\u00f3n nativa digital.\",\"publisher\":{\"@id\":\"https:\\\/\\\/www.isdi.education\\\/es\\\/#organization\"},\"inLanguage\":\"es\"},{\"@type\":\"Organization\",\"@id\":\"https:\\\/\\\/www.isdi.education\\\/es\\\/#organization\",\"name\":\"ISDI Espa\u00f1a | La Escuela de Negocios de la Era Digital\",\"url\":\"https:\\\/\\\/www.isdi.education\\\/es\\\/\",\"logo\":{\"@type\":\"ImageObject\",\"inLanguage\":\"es\",\"@id\":\"https:\\\/\\\/www.isdi.education\\\/es\\\/#\\\/schema\\\/logo\\\/image\\\/\",\"url\":\"https:\\\/\\\/www.isdi.education\\\/es\\\/wp-content\\\/uploads\\\/2024\\\/02\\\/cropped-Favicon.png\",\"contentUrl\":\"https:\\\/\\\/www.isdi.education\\\/es\\\/wp-content\\\/uploads\\\/2024\\\/02\\\/cropped-Favicon.png\",\"width\":512,\"height\":512,\"caption\":\"ISDI Espa\u00f1a | La Escuela de Negocios de la Era Digital\"},\"image\":{\"@id\":\"https:\\\/\\\/www.isdi.education\\\/es\\\/#\\\/schema\\\/logo\\\/image\\\/\"},\"sameAs\":[\"https:\\\/\\\/www.facebook.com\\\/isdi.education\",\"https:\\\/\\\/www.linkedin.com\\\/school\\\/isdi\\\/?originalSubdomain=es\",\"https:\\\/\\\/www.instagram.com\\\/isdi_edu\\\/?hl=es\",\"https:\\\/\\\/www.tiktok.com\\\/@isdi_edu\",\"https:\\\/\\\/www.youtube.com\\\/user\\\/ISDItv\"]},{\"@type\":\"Person\",\"@id\":\"https:\\\/\\\/www.isdi.education\\\/es\\\/#\\\/schema\\\/person\\\/19fabf69d8e9257590f649fc1a1f1b04\",\"name\":\"Mat\u00edas Pollier Bouillet\",\"image\":{\"@type\":\"ImageObject\",\"inLanguage\":\"es\",\"@id\":\"https:\\\/\\\/www.isdi.education\\\/es\\\/wp-content\\\/litespeed\\\/avatar\\\/1\\\/76d919e9bd75a4169f7fbb3bdc64ca4a.jpg?ver=1777024202\",\"url\":\"https:\\\/\\\/www.isdi.education\\\/es\\\/wp-content\\\/litespeed\\\/avatar\\\/1\\\/76d919e9bd75a4169f7fbb3bdc64ca4a.jpg?ver=1777024202\",\"contentUrl\":\"https:\\\/\\\/www.isdi.education\\\/es\\\/wp-content\\\/litespeed\\\/avatar\\\/1\\\/76d919e9bd75a4169f7fbb3bdc64ca4a.jpg?ver=1777024202\",\"caption\":\"Mat\u00edas Pollier Bouillet\"},\"url\":\"https:\\\/\\\/www.isdi.education\\\/es\\\/author\\\/mati\"}]}<\/script>\n<!-- \/ Yoast SEO plugin. -->","yoast_head_json":{"title":"El perfil profesional que exigir\u00e1 el negocio digital - ISDI Espa\u00f1a","description":"Durante a\u00f1os, la formaci\u00f3n se ha construido bajo una l\u00f3gica com\u00fan: preparar a profesionales para gestionar organizaciones desde \u00e1reas como estrategia, finanzas u operaciones. Sin embargo, este enfoque empieza a quedarse corto en un contexto donde el crecimiento de las compa\u00f1\u00edas depende cada vez m\u00e1s de su capacidad para construir y escalar. Esto introduce una distinci\u00f3n clave que muchas veces se pasa por alto: no todos los perfiles en las empresas necesitar\u00e1n la misma formaci\u00f3n, porque no todos operar\u00e1n el negocio de la misma manera.","robots":{"index":"index","follow":"follow","max-snippet":"max-snippet:-1","max-image-preview":"max-image-preview:large","max-video-preview":"max-video-preview:-1"},"canonical":"https:\/\/www.isdi.education\/es\/blog\/el-perfil-profesional-que-exigira-el-negocio-digital","og_locale":"es_ES","og_type":"article","og_title":"El perfil profesional que exigir\u00e1 el negocio digital - ISDI Espa\u00f1a","og_description":"Durante a\u00f1os, la formaci\u00f3n se ha construido bajo una l\u00f3gica com\u00fan: preparar a profesionales para gestionar organizaciones desde \u00e1reas como estrategia, finanzas u operaciones. Sin embargo, este enfoque empieza a quedarse corto en un contexto donde el crecimiento de las compa\u00f1\u00edas depende cada vez m\u00e1s de su capacidad para construir y escalar. Esto introduce una distinci\u00f3n clave que muchas veces se pasa por alto: no todos los perfiles en las empresas necesitar\u00e1n la misma formaci\u00f3n, porque no todos operar\u00e1n el negocio de la misma manera.","og_url":"https:\/\/www.isdi.education\/es\/blog\/el-perfil-profesional-que-exigira-el-negocio-digital","og_site_name":"ISDI Espa\u00f1a","article_publisher":"https:\/\/www.facebook.com\/isdi.education","article_published_time":"2026-04-28T10:29:45+00:00","article_modified_time":"2026-04-28T10:30:02+00:00","og_image":[{"width":2560,"height":1440,"url":"https:\/\/www.isdi.education\/es\/wp-content\/uploads\/2026\/04\/IMG_0109-scaled.webp","type":"image\/webp"}],"author":"Mat\u00edas Pollier Bouillet","twitter_card":"summary_large_image","twitter_misc":{"Escrito por":"Mat\u00edas Pollier Bouillet","Tiempo de lectura":"4 minutos"},"schema":{"@context":"https:\/\/schema.org","@graph":[{"@type":"Article","@id":"https:\/\/www.isdi.education\/es\/blog\/el-perfil-profesional-que-exigira-el-negocio-digital#article","isPartOf":{"@id":"https:\/\/www.isdi.education\/es\/blog\/el-perfil-profesional-que-exigira-el-negocio-digital"},"author":{"name":"Mat\u00edas Pollier Bouillet","@id":"https:\/\/www.isdi.education\/es\/#\/schema\/person\/19fabf69d8e9257590f649fc1a1f1b04"},"headline":"El perfil profesional que exigir\u00e1 el negocio digital","datePublished":"2026-04-28T10:29:45+00:00","dateModified":"2026-04-28T10:30:02+00:00","mainEntityOfPage":{"@id":"https:\/\/www.isdi.education\/es\/blog\/el-perfil-profesional-que-exigira-el-negocio-digital"},"wordCount":804,"publisher":{"@id":"https:\/\/www.isdi.education\/es\/#organization"},"image":{"@id":"https:\/\/www.isdi.education\/es\/blog\/el-perfil-profesional-que-exigira-el-negocio-digital#primaryimage"},"thumbnailUrl":"https:\/\/www.isdi.education\/es\/wp-content\/uploads\/2026\/04\/IMG_0109-scaled.webp","articleSection":["Empresa"],"inLanguage":"es"},{"@type":"WebPage","@id":"https:\/\/www.isdi.education\/es\/blog\/el-perfil-profesional-que-exigira-el-negocio-digital","url":"https:\/\/www.isdi.education\/es\/blog\/el-perfil-profesional-que-exigira-el-negocio-digital","name":"El perfil profesional que exigir\u00e1 el negocio digital - ISDI Espa\u00f1a","isPartOf":{"@id":"https:\/\/www.isdi.education\/es\/#website"},"primaryImageOfPage":{"@id":"https:\/\/www.isdi.education\/es\/blog\/el-perfil-profesional-que-exigira-el-negocio-digital#primaryimage"},"image":{"@id":"https:\/\/www.isdi.education\/es\/blog\/el-perfil-profesional-que-exigira-el-negocio-digital#primaryimage"},"thumbnailUrl":"https:\/\/www.isdi.education\/es\/wp-content\/uploads\/2026\/04\/IMG_0109-scaled.webp","datePublished":"2026-04-28T10:29:45+00:00","dateModified":"2026-04-28T10:30:02+00:00","description":"Durante a\u00f1os, la formaci\u00f3n se ha construido bajo una l\u00f3gica com\u00fan: preparar a profesionales para gestionar organizaciones desde \u00e1reas como estrategia, finanzas u operaciones. Sin embargo, este enfoque empieza a quedarse corto en un contexto donde el crecimiento de las compa\u00f1\u00edas depende cada vez m\u00e1s de su capacidad para construir y escalar. Esto introduce una distinci\u00f3n clave que muchas veces se pasa por alto: no todos los perfiles en las empresas necesitar\u00e1n la misma formaci\u00f3n, porque no todos operar\u00e1n el negocio de la misma manera.","breadcrumb":{"@id":"https:\/\/www.isdi.education\/es\/blog\/el-perfil-profesional-que-exigira-el-negocio-digital#breadcrumb"},"inLanguage":"es","potentialAction":[{"@type":"ReadAction","target":["https:\/\/www.isdi.education\/es\/blog\/el-perfil-profesional-que-exigira-el-negocio-digital"]}]},{"@type":"ImageObject","inLanguage":"es","@id":"https:\/\/www.isdi.education\/es\/blog\/el-perfil-profesional-que-exigira-el-negocio-digital#primaryimage","url":"https:\/\/www.isdi.education\/es\/wp-content\/uploads\/2026\/04\/IMG_0109-scaled.webp","contentUrl":"https:\/\/www.isdi.education\/es\/wp-content\/uploads\/2026\/04\/IMG_0109-scaled.webp","width":2560,"height":1440,"caption":"El perfil profesional que exigir\u00e1 el negocio digital"},{"@type":"BreadcrumbList","@id":"https:\/\/www.isdi.education\/es\/blog\/el-perfil-profesional-que-exigira-el-negocio-digital#breadcrumb","itemListElement":[{"@type":"ListItem","position":1,"name":"Inicio","item":"https:\/\/www.isdi.education\/es\/"},{"@type":"ListItem","position":2,"name":"El perfil profesional que exigir\u00e1 el negocio digital"}]},{"@type":"WebSite","@id":"https:\/\/www.isdi.education\/es\/#website","url":"https:\/\/www.isdi.education\/es\/","name":"ISDI Espa\u00f1a | La Escuela de Negocios de la Era Digital","description":"Descubre la formaci\u00f3n que te abrir\u00e1 las puertas a la era digital. Entra a formar parte de la primera escuela de negocios y direcci\u00f3n nativa digital.","publisher":{"@id":"https:\/\/www.isdi.education\/es\/#organization"},"inLanguage":"es"},{"@type":"Organization","@id":"https:\/\/www.isdi.education\/es\/#organization","name":"ISDI Espa\u00f1a | La Escuela de Negocios de la Era Digital","url":"https:\/\/www.isdi.education\/es\/","logo":{"@type":"ImageObject","inLanguage":"es","@id":"https:\/\/www.isdi.education\/es\/#\/schema\/logo\/image\/","url":"https:\/\/www.isdi.education\/es\/wp-content\/uploads\/2024\/02\/cropped-Favicon.png","contentUrl":"https:\/\/www.isdi.education\/es\/wp-content\/uploads\/2024\/02\/cropped-Favicon.png","width":512,"height":512,"caption":"ISDI Espa\u00f1a | La Escuela de Negocios de la Era Digital"},"image":{"@id":"https:\/\/www.isdi.education\/es\/#\/schema\/logo\/image\/"},"sameAs":["https:\/\/www.facebook.com\/isdi.education","https:\/\/www.linkedin.com\/school\/isdi\/?originalSubdomain=es","https:\/\/www.instagram.com\/isdi_edu\/?hl=es","https:\/\/www.tiktok.com\/@isdi_edu","https:\/\/www.youtube.com\/user\/ISDItv"]},{"@type":"Person","@id":"https:\/\/www.isdi.education\/es\/#\/schema\/person\/19fabf69d8e9257590f649fc1a1f1b04","name":"Mat\u00edas Pollier Bouillet","image":{"@type":"ImageObject","inLanguage":"es","@id":"https:\/\/www.isdi.education\/es\/wp-content\/litespeed\/avatar\/1\/76d919e9bd75a4169f7fbb3bdc64ca4a.jpg?ver=1777024202","url":"https:\/\/www.isdi.education\/es\/wp-content\/litespeed\/avatar\/1\/76d919e9bd75a4169f7fbb3bdc64ca4a.jpg?ver=1777024202","contentUrl":"https:\/\/www.isdi.education\/es\/wp-content\/litespeed\/avatar\/1\/76d919e9bd75a4169f7fbb3bdc64ca4a.jpg?ver=1777024202","caption":"Mat\u00edas Pollier Bouillet"},"url":"https:\/\/www.isdi.education\/es\/author\/mati"}]}},"_links":{"self":[{"href":"https:\/\/www.isdi.education\/es\/wp-json\/wp\/v2\/posts\/47624","targetHints":{"allow":["GET"]}}],"collection":[{"href":"https:\/\/www.isdi.education\/es\/wp-json\/wp\/v2\/posts"}],"about":[{"href":"https:\/\/www.isdi.education\/es\/wp-json\/wp\/v2\/types\/post"}],"author":[{"embeddable":true,"href":"https:\/\/www.isdi.education\/es\/wp-json\/wp\/v2\/users\/20"}],"replies":[{"embeddable":true,"href":"https:\/\/www.isdi.education\/es\/wp-json\/wp\/v2\/comments?post=47624"}],"version-history":[{"count":1,"href":"https:\/\/www.isdi.education\/es\/wp-json\/wp\/v2\/posts\/47624\/revisions"}],"predecessor-version":[{"id":47626,"href":"https:\/\/www.isdi.education\/es\/wp-json\/wp\/v2\/posts\/47624\/revisions\/47626"}],"wp:featuredmedia":[{"embeddable":true,"href":"https:\/\/www.isdi.education\/es\/wp-json\/wp\/v2\/media\/47625"}],"wp:attachment":[{"href":"https:\/\/www.isdi.education\/es\/wp-json\/wp\/v2\/media?parent=47624"}],"wp:term":[{"taxonomy":"category","embeddable":true,"href":"https:\/\/www.isdi.education\/es\/wp-json\/wp\/v2\/categories?post=47624"},{"taxonomy":"post_tag","embeddable":true,"href":"https:\/\/www.isdi.education\/es\/wp-json\/wp\/v2\/tags?post=47624"}],"curies":[{"name":"wp","href":"https:\/\/api.w.org\/{rel}","templated":true}]}}