{"id":46215,"date":"2026-03-13T11:00:07","date_gmt":"2026-03-13T10:00:07","guid":{"rendered":"https:\/\/www.isdi.education\/es\/?p=46215"},"modified":"2026-03-13T11:01:01","modified_gmt":"2026-03-13T10:01:01","slug":"javier-arenillas-cuando-el-crecimiento-deja-de-ser-una-metrica-y-se-convierte-en-estrategia","status":"publish","type":"post","link":"https:\/\/www.isdi.education\/es\/blog\/javier-arenillas-cuando-el-crecimiento-deja-de-ser-una-metrica-y-se-convierte-en-estrategia","title":{"rendered":"Javier Arenillas: cuando el crecimiento deja de ser una m\u00e9trica y se convierte en estrategia"},"content":{"rendered":"<p><span style=\"font-weight: 400\">En marketing digital hay profesionales que dominan herramientas. Y otros que entienden el sistema completo.<\/span><\/p>\n<p><span style=\"font-weight: 400\">El crecimiento, la medici\u00f3n, la creatividad, la tecnolog\u00eda, el producto, la experiencia de usuario. Todo conectado. <\/span><b>Javier Arenillas<\/b><span style=\"font-weight: 400\"> pertenece claramente a este segundo grupo. Un perfil que ha construido su carrera en el punto donde <\/span><b>los datos dejan de ser reportes y empiezan a convertirse en decisiones<\/b><span style=\"font-weight: 400\">.<\/span><\/p>\n<p><span style=\"font-weight: 400\">Hoy lidera la estrategia global de medios en <\/span><b>Cabify<\/b><span style=\"font-weight: 400\">, una de las plataformas tecnol\u00f3gicas m\u00e1s relevantes del ecosistema digital en Europa y Latinoam\u00e9rica. Pero su recorrido profesional revela algo m\u00e1s interesante: una forma muy concreta de entender el marketing.<\/span><\/p>\n<p><span style=\"font-weight: 400\">Una donde <\/span><b>crecer no es gastar m\u00e1s, sino entender mejor el negocio.<\/b><\/p>\n<h3><b>De la anal\u00edtica a la toma de decisiones<\/b><\/h3>\n<p><span style=\"font-weight: 400\">Antes de que el t\u00e9rmino <\/span><i><span style=\"font-weight: 400\">growth marketing<\/span><\/i><span style=\"font-weight: 400\"> se popularizara en el sector, Javier ya trabajaba en el lugar donde realmente empieza el crecimiento: <\/span><b>los datos<\/b><span style=\"font-weight: 400\">.<\/span><\/p>\n<p><span style=\"font-weight: 400\">Durante sus primeros a\u00f1os en consultor\u00eda digital en <\/span><b>The Cocktail<\/b><span style=\"font-weight: 400\">, particip\u00f3 en proyectos de estrategia y anal\u00edtica para grandes compa\u00f1\u00edas como Santander, BBVA o Telef\u00f3nica. All\u00ed desarroll\u00f3 una visi\u00f3n que marcar\u00eda el resto de su carrera: los datos solo tienen valor cuando ayudan a tomar mejores decisiones.<\/span><\/p>\n<p><span style=\"font-weight: 400\">No se trataba \u00fanicamente de medir tr\u00e1fico o conversiones.<\/span><\/p>\n<p><span style=\"font-weight: 400\">Se trataba de <\/span><b>entender el negocio completo<\/b><span style=\"font-weight: 400\">: qu\u00e9 atrae a los usuarios, qu\u00e9 los convence, qu\u00e9 los hace volver y qu\u00e9 convierte la adquisici\u00f3n en crecimiento sostenible.<\/span><\/p>\n<p><span style=\"font-weight: 400\">Ese enfoque \u2014mezclar anal\u00edtica, producto, tecnolog\u00eda y marketing\u2014 es precisamente lo que hoy define el <\/span><b>growth marketing moderno<\/b><span style=\"font-weight: 400\">.<\/span><\/p>\n<h3><b>Cuando el marketing se convierte en sistema de crecimiento<\/b><\/h3>\n<p><span style=\"font-weight: 400\">Antes de volver a <\/span><b>The Cocktail<\/b><span style=\"font-weight: 400\"> para liderar proyectos de marketing y data activation, Javier pas\u00f3 por diferentes compa\u00f1\u00edas digitales donde pudo aplicar esa mentalidad de crecimiento desde dentro.<\/span><\/p>\n<p><span style=\"font-weight: 400\">En empresas como <\/span><b>Pompeii (en donde fue socio de la empresa en su pleno crecimiento)<\/b><span style=\"font-weight: 400\"> o <\/span><b>Chicfy<\/b><span style=\"font-weight: 400\">, trabaj\u00f3 en el desarrollo de estrategias digitales completas: adquisici\u00f3n, anal\u00edtica, optimizaci\u00f3n de conversi\u00f3n, automatizaci\u00f3n y producto. En ese contexto, el marketing ya no era una funci\u00f3n aislada, sino una <\/span><b>palanca directa de negocio<\/b><span style=\"font-weight: 400\">.<\/span><\/p>\n<p><span style=\"font-weight: 400\">Optimizar un funnel.<\/span><span style=\"font-weight: 400\"><br \/>\n<\/span><span style=\"font-weight: 400\">Reducir el coste de adquisici\u00f3n.<\/span><span style=\"font-weight: 400\"><br \/>\n<\/span><span style=\"font-weight: 400\">Mejorar la conversi\u00f3n.<\/span><span style=\"font-weight: 400\"><br \/>\n<\/span><span style=\"font-weight: 400\">Detectar nuevas oportunidades de crecimiento.<\/span><\/p>\n<p><span style=\"font-weight: 400\">Cada decisi\u00f3n estaba conectada con la siguiente. Y ah\u00ed es donde el marketing deja de ser un conjunto de campa\u00f1as para convertirse en <\/span><b>un sistema de crecimiento continuo<\/b><span style=\"font-weight: 400\">.<\/span><\/p>\n<h3><b>Cabify: escalar el growth a nivel global<\/b><\/h3>\n<p><span style=\"font-weight: 400\">Ese enfoque es el que hoy aplica en <\/span><b>Cabify<\/b><span style=\"font-weight: 400\">, donde actualmente lidera la estrategia global de <\/span><b>media y growth marketing<\/b><span style=\"font-weight: 400\">.<\/span><\/p>\n<p><span style=\"font-weight: 400\">Desde este rol, trabaja en un reto especialmente complejo: coordinar la estrategia de adquisici\u00f3n y crecimiento en m\u00faltiples mercados \u2014Espa\u00f1a, Argentina, Colombia, Chile, Per\u00fa o Uruguay\u2014 con audiencias muy diferentes pero con un mismo objetivo.<\/span><\/p>\n<p><span style=\"font-weight: 400\">Construir crecimiento sostenible.<\/span><\/p>\n<p><span style=\"font-weight: 400\">Para lograrlo, su trabajo conecta equipos de marketing, producto, growth y operaciones en un modelo cada vez m\u00e1s habitual en las compa\u00f1\u00edas tecnol\u00f3gicas: <\/span><b>organizaciones verdaderamente data-driven<\/b><span style=\"font-weight: 400\">.<\/span><\/p>\n<p><span style=\"font-weight: 400\">Donde el marketing no se limita a atraer usuarios, sino que participa activamente en c\u00f3mo se construye el producto, c\u00f3mo se mide su impacto y c\u00f3mo se optimiza cada etapa del funnel.<\/span><\/p>\n<h3><b>Growth marketing: m\u00e1s m\u00e9todo que tendencia<\/b><\/h3>\n<p><span style=\"font-weight: 400\">En los \u00faltimos a\u00f1os, el concepto de growth marketing se ha popularizado en el sector. Pero para Javier la idea es mucho m\u00e1s simple \u2014y mucho m\u00e1s exigente\u2014 de lo que a veces parece.<\/span><\/p>\n<p><span style=\"font-weight: 400\">No se trata de hacks. Se trata de <\/span><b>m\u00e9todo<\/b><span style=\"font-weight: 400\">.<\/span><\/p>\n<p><span style=\"font-weight: 400\">Experimentaci\u00f3n constante, medici\u00f3n rigurosa, optimizaci\u00f3n continua y colaboraci\u00f3n real entre equipos de negocio, producto, tecnolog\u00eda y marketing.<\/span><\/p>\n<p><span style=\"font-weight: 400\">Un enfoque que ha compartido en diferentes eventos y foros del sector, donde suele insistir en una idea sencilla: el verdadero crecimiento no aparece en un dashboard, <\/span><b>aparece cuando las decisiones se toman mejor que antes<\/b><span style=\"font-weight: 400\">.<\/span><\/p>\n<h3><b>Faculty ISDI: ense\u00f1ar growth desde la pr\u00e1ctica<\/b><\/h3>\n<p><span style=\"font-weight: 400\">Desde hace casi una d\u00e9cada, Javier Arenillas forma parte del claustro de <\/span><b>ISDI<\/b><span style=\"font-weight: 400\">, donde dirige el <\/span><b>Programa de Growth Marketing<\/b><span style=\"font-weight: 400\"> y participa como profesor en distintos m\u00e1steres y programas ejecutivos.<\/span><\/p>\n<p><span style=\"font-weight: 400\">Su aportaci\u00f3n encaja perfectamente con el esp\u00edritu de la escuela: profesionales que no ense\u00f1an teor\u00eda abstracta, sino <\/span><b>lo que ocurre realmente dentro de las empresas digitales<\/b><span style=\"font-weight: 400\">.<\/span><\/p>\n<p><span style=\"font-weight: 400\">C\u00f3mo se construyen los sistemas de medici\u00f3n.<\/span><span style=\"font-weight: 400\"><br \/>\n<\/span><span style=\"font-weight: 400\">C\u00f3mo se conecta el marketing con el producto.<\/span><span style=\"font-weight: 400\"><br \/>\n<\/span><span style=\"font-weight: 400\">C\u00f3mo se toman decisiones basadas en datos.<\/span><\/p>\n<p><span style=\"font-weight: 400\">En otras palabras: <\/span><b>c\u00f3mo se construye crecimiento de verdad<\/b><span style=\"font-weight: 400\">.<\/span><\/p>\n<h3><b>Pensar el marketing como un motor de negocio<\/b><\/h3>\n<p><span style=\"font-weight: 400\">En un momento en el que el marketing digital evoluciona a una velocidad enorme \u2014nuevas plataformas, nuevos algoritmos, nuevas herramientas\u2014 el perfil de Javier Arenillas representa algo especialmente valioso.<\/span><\/p>\n<p><span style=\"font-weight: 400\">La capacidad de <\/span><b>mantener el foco en lo que realmente importa<\/b><span style=\"font-weight: 400\">.<\/span><\/p>\n<p><span style=\"font-weight: 400\">Entender el negocio. Conectar datos con decisiones. Y convertir el marketing en un verdadero motor de crecimiento.<\/span><\/p>\n<p><span style=\"font-weight: 400\">Algo que, en el fondo, resume muy bien el esp\u00edritu del proyecto <\/span><b>Faculty de ISDI<\/b><span style=\"font-weight: 400\">: aprender de quienes est\u00e1n construyendo el futuro del negocio digital\u2026 mientras lo est\u00e1n haciendo.<\/span><\/p>\n<div class=\"cta-blog-box\"><div class=\"cta-copy\">Encuentra el programa con m\u00e1s impacto en tu futuro<\/div>    <div style=\"width: auto; align-self: flex-end; flex-direction: row;\" class=\"elementor-element elementor-element-2e5ed7c e-con-full e-flex e-con e-child\" data-id=\"2e5ed7c\" data-element_type=\"container\" id=\"btnRedBannerDiv\">\n        <div class=\"elementor-element elementor-element-8d35332 btnArrowCircle elementor-mobile-align-left elementor-widget elementor-widget-button\" data-id=\"8d35332\" data-element_type=\"widget\" id=\"btnRedBanner\" data-widget_type=\"button.default\">\n            <div class=\"elementor-widget-container\">\n                    <div class=\"elementor-button-wrapper\">\n                        <a style=\"text-decoration: none !important; background-color:transparent!important; padding-right: 0px;\" class=\"elementor-button elementor-button-link elementor-size-sm\" href=\"https:\/\/www.isdi.education\/es\/formacion\/programas-cursos-executive\" target=\"_blank\">\n                            <span class=\"elementor-button-content-wrapper\">\n                                        <span class=\"elementor-button-text\">Ver m\u00e1s<\/span>\n                        <\/span>\n                        <\/a>\n                    <\/div>\n            <\/div>\n        <\/div>\n        <div class=\"elementor-element elementor-element-8fc238b elementor-widget__width-auto btnCircle elementor-view-default elementor-widget elementor-widget-icon\" data-id=\"8fc238b\" data-element_type=\"widget\" data-widget_type=\"icon.default\">\n            <div class=\"elementor-widget-container\">\n                <div class=\"elementor-icon-wrapper\">\n                    <a style=\"cursor:pointer\" class=\"elementor-icon\"  href=\"https:\/\/www.isdi.education\/es\/formacion\/programas-cursos-executive\" target=\"_blank\">\n                        <svg xmlns=\"http:\/\/www.w3.org\/2000\/svg\" viewBox=\"0 0 80 20\" style=\"enable-background:new 0 0 80 20;\">\n                            <polygon points=\"9.5,0.5 8.5,1.5 16.2,9.2 0,9.2 0,10.8 16.2,10.8 8.5,18.5 9.5,19.5 19.1,10\"><\/polygon>\n                            <polygon points=\"70.5,0.5 69.4,1.5 77.1,9.2 60.9,9.2 60.9,10.8 77.1,10.8 69.4,18.5 70.5,19.5 80,10\"><\/polygon>\n                        <\/svg>\n                    <\/a>\n                <\/div>\n            <\/div>\n        <\/div>\n    <\/div><\/div><style>\n.single-post .hentry .elementor-widget-theme-post-content a.elementor-icon{\n    font-size:80px!important;\n}\n.cta-blog-box {\n    background-color: #d32f2f;\n    color: white;\n    padding: 30px 40px;\n    display: flex;\n    justify-content: space-between;\n    font-family: 'Helvetica Neue', sans-serif;\n    border-radius: 4px;\n    margin: 20px 0;\n    flex-direction: column;\n}\n.cta-copy {\n    \/*font-size: 18px;\n    line-height: 1.4;\n    font-weight: 300;*\/\n    text-transform: uppercase;\n    font-family: \"PP Neue\", Sans-serif;\n    font-size: 28px;\n    font-weight: 300;\n    line-height: 48px;\n    letter-spacing: -1px;\n}\n.cta-boton {\n    color: white;\n    font-size: 14px;\n    text-decoration: none !important;\n    display: flex;\n    align-items: center;\n    border: none;\n    background: none;\n    cursor: pointer;\n    font-weight: 400;\n}\n.single-post .hentry .elementor-widget-theme-post-content a.cta-boton{\n    text-decoration: none !important;\n    font-size: 80px !important;\n}\n.cta-boton .flecha {\n    display: inline-block;\n    margin-left: 8px;\n    font-size: 18px;\n    transform: translateY(1px);\n}\n.cta-boton:hover .flecha {\n    transform: translateX(3px);\n    transition: transform 0.3s ease;\n}\n@media(max-width: 600px) {\n    .cta-blog-box {\n        flex-direction: column;\n        gap: 20px;\n        text-align: center;\n    }\n}\n<\/style>\n","protected":false},"excerpt":{"rendered":"<p>En marketing digital hay profesionales que dominan herramientas. Y otros que entienden el sistema completo. El crecimiento, la medici\u00f3n, la creatividad, la tecnolog\u00eda, el producto, la experiencia de usuario. Todo conectado. Javier Arenillas pertenece claramente a este segundo grupo. Un perfil que ha construido su carrera en el punto donde los datos dejan de ser&#8230;<\/p>\n","protected":false},"author":20,"featured_media":46226,"comment_status":"closed","ping_status":"closed","sticky":false,"template":"","format":"standard","meta":{"_acf_changed":false,"footnotes":""},"categories":[77],"tags":[],"class_list":["post-46215","post","type-post","status-publish","format-standard","has-post-thumbnail","hentry","category-blog"],"acf":{"photo_gallery":{"galeria":[[]]}},"yoast_head":"<!-- This site is optimized with the Yoast SEO plugin v27.4 - https:\/\/yoast.com\/product\/yoast-seo-wordpress\/ -->\n<title>Javier Arenillas: cuando el crecimiento deja de ser una m\u00e9trica y se convierte en estrategia - ISDI Espa\u00f1a<\/title>\n<meta name=\"description\" content=\"El crecimiento, la medici\u00f3n, la creatividad, la tecnolog\u00eda, el producto, la experiencia de usuario. Todo conectado. Javier Arenillas pertenece claramente a este segundo grupo. Un perfil que ha construido su carrera en el punto donde los datos dejan de ser reportes y empiezan a convertirse en decisiones.\" \/>\n<meta name=\"robots\" content=\"index, follow, max-snippet:-1, max-image-preview:large, max-video-preview:-1\" \/>\n<link rel=\"canonical\" href=\"https:\/\/www.isdi.education\/es\/blog\/javier-arenillas-cuando-el-crecimiento-deja-de-ser-una-metrica-y-se-convierte-en-estrategia\" \/>\n<meta property=\"og:locale\" content=\"es_ES\" \/>\n<meta property=\"og:type\" content=\"article\" \/>\n<meta property=\"og:title\" content=\"Javier Arenillas: cuando el crecimiento deja de ser una m\u00e9trica y se convierte en estrategia - ISDI Espa\u00f1a\" \/>\n<meta property=\"og:description\" content=\"El crecimiento, la medici\u00f3n, la creatividad, la tecnolog\u00eda, el producto, la experiencia de usuario. Todo conectado. Javier Arenillas pertenece claramente a este segundo grupo. Un perfil que ha construido su carrera en el punto donde los datos dejan de ser reportes y empiezan a convertirse en decisiones.\" \/>\n<meta property=\"og:url\" content=\"https:\/\/www.isdi.education\/es\/blog\/javier-arenillas-cuando-el-crecimiento-deja-de-ser-una-metrica-y-se-convierte-en-estrategia\" \/>\n<meta property=\"og:site_name\" content=\"ISDI Espa\u00f1a\" \/>\n<meta property=\"article:publisher\" content=\"https:\/\/www.facebook.com\/isdi.education\" \/>\n<meta property=\"article:published_time\" content=\"2026-03-13T10:00:07+00:00\" \/>\n<meta property=\"article:modified_time\" content=\"2026-03-13T10:01:01+00:00\" \/>\n<meta property=\"og:image\" content=\"https:\/\/www.isdi.education\/es\/wp-content\/uploads\/2026\/03\/1758291617102-_2_-1.webp\" \/>\n\t<meta property=\"og:image:width\" content=\"800\" \/>\n\t<meta property=\"og:image:height\" content=\"800\" \/>\n\t<meta property=\"og:image:type\" content=\"image\/webp\" \/>\n<meta name=\"author\" content=\"Mat\u00edas Pollier Bouillet\" \/>\n<meta name=\"twitter:card\" content=\"summary_large_image\" \/>\n<meta name=\"twitter:label1\" content=\"Escrito por\" \/>\n\t<meta name=\"twitter:data1\" content=\"Mat\u00edas Pollier Bouillet\" \/>\n\t<meta name=\"twitter:label2\" content=\"Tiempo de lectura\" \/>\n\t<meta name=\"twitter:data2\" content=\"4 minutos\" \/>\n<script type=\"application\/ld+json\" class=\"yoast-schema-graph\">{\"@context\":\"https:\\\/\\\/schema.org\",\"@graph\":[{\"@type\":\"Article\",\"@id\":\"https:\\\/\\\/www.isdi.education\\\/es\\\/blog\\\/javier-arenillas-cuando-el-crecimiento-deja-de-ser-una-metrica-y-se-convierte-en-estrategia#article\",\"isPartOf\":{\"@id\":\"https:\\\/\\\/www.isdi.education\\\/es\\\/blog\\\/javier-arenillas-cuando-el-crecimiento-deja-de-ser-una-metrica-y-se-convierte-en-estrategia\"},\"author\":{\"name\":\"Mat\u00edas Pollier Bouillet\",\"@id\":\"https:\\\/\\\/www.isdi.education\\\/es\\\/#\\\/schema\\\/person\\\/19fabf69d8e9257590f649fc1a1f1b04\"},\"headline\":\"Javier Arenillas: cuando el crecimiento deja de ser una m\u00e9trica y se convierte en estrategia\",\"datePublished\":\"2026-03-13T10:00:07+00:00\",\"dateModified\":\"2026-03-13T10:01:01+00:00\",\"mainEntityOfPage\":{\"@id\":\"https:\\\/\\\/www.isdi.education\\\/es\\\/blog\\\/javier-arenillas-cuando-el-crecimiento-deja-de-ser-una-metrica-y-se-convierte-en-estrategia\"},\"wordCount\":902,\"publisher\":{\"@id\":\"https:\\\/\\\/www.isdi.education\\\/es\\\/#organization\"},\"image\":{\"@id\":\"https:\\\/\\\/www.isdi.education\\\/es\\\/blog\\\/javier-arenillas-cuando-el-crecimiento-deja-de-ser-una-metrica-y-se-convierte-en-estrategia#primaryimage\"},\"thumbnailUrl\":\"https:\\\/\\\/www.isdi.education\\\/es\\\/wp-content\\\/uploads\\\/2026\\\/03\\\/1758291617102-_2_-1.webp\",\"articleSection\":[\"Blog\"],\"inLanguage\":\"es\"},{\"@type\":\"WebPage\",\"@id\":\"https:\\\/\\\/www.isdi.education\\\/es\\\/blog\\\/javier-arenillas-cuando-el-crecimiento-deja-de-ser-una-metrica-y-se-convierte-en-estrategia\",\"url\":\"https:\\\/\\\/www.isdi.education\\\/es\\\/blog\\\/javier-arenillas-cuando-el-crecimiento-deja-de-ser-una-metrica-y-se-convierte-en-estrategia\",\"name\":\"Javier Arenillas: cuando el crecimiento deja de ser una m\u00e9trica y se convierte en estrategia - ISDI Espa\u00f1a\",\"isPartOf\":{\"@id\":\"https:\\\/\\\/www.isdi.education\\\/es\\\/#website\"},\"primaryImageOfPage\":{\"@id\":\"https:\\\/\\\/www.isdi.education\\\/es\\\/blog\\\/javier-arenillas-cuando-el-crecimiento-deja-de-ser-una-metrica-y-se-convierte-en-estrategia#primaryimage\"},\"image\":{\"@id\":\"https:\\\/\\\/www.isdi.education\\\/es\\\/blog\\\/javier-arenillas-cuando-el-crecimiento-deja-de-ser-una-metrica-y-se-convierte-en-estrategia#primaryimage\"},\"thumbnailUrl\":\"https:\\\/\\\/www.isdi.education\\\/es\\\/wp-content\\\/uploads\\\/2026\\\/03\\\/1758291617102-_2_-1.webp\",\"datePublished\":\"2026-03-13T10:00:07+00:00\",\"dateModified\":\"2026-03-13T10:01:01+00:00\",\"description\":\"El crecimiento, la medici\u00f3n, la creatividad, la tecnolog\u00eda, el producto, la experiencia de usuario. Todo conectado. Javier Arenillas pertenece claramente a este segundo grupo. Un perfil que ha construido su carrera en el punto donde los datos dejan de ser reportes y empiezan a convertirse en decisiones.\",\"breadcrumb\":{\"@id\":\"https:\\\/\\\/www.isdi.education\\\/es\\\/blog\\\/javier-arenillas-cuando-el-crecimiento-deja-de-ser-una-metrica-y-se-convierte-en-estrategia#breadcrumb\"},\"inLanguage\":\"es\",\"potentialAction\":[{\"@type\":\"ReadAction\",\"target\":[\"https:\\\/\\\/www.isdi.education\\\/es\\\/blog\\\/javier-arenillas-cuando-el-crecimiento-deja-de-ser-una-metrica-y-se-convierte-en-estrategia\"]}]},{\"@type\":\"ImageObject\",\"inLanguage\":\"es\",\"@id\":\"https:\\\/\\\/www.isdi.education\\\/es\\\/blog\\\/javier-arenillas-cuando-el-crecimiento-deja-de-ser-una-metrica-y-se-convierte-en-estrategia#primaryimage\",\"url\":\"https:\\\/\\\/www.isdi.education\\\/es\\\/wp-content\\\/uploads\\\/2026\\\/03\\\/1758291617102-_2_-1.webp\",\"contentUrl\":\"https:\\\/\\\/www.isdi.education\\\/es\\\/wp-content\\\/uploads\\\/2026\\\/03\\\/1758291617102-_2_-1.webp\",\"width\":800,\"height\":800,\"caption\":\"Javier Arenillas: cuando el crecimiento deja de ser una m\u00e9trica y se convierte en estrategia\"},{\"@type\":\"BreadcrumbList\",\"@id\":\"https:\\\/\\\/www.isdi.education\\\/es\\\/blog\\\/javier-arenillas-cuando-el-crecimiento-deja-de-ser-una-metrica-y-se-convierte-en-estrategia#breadcrumb\",\"itemListElement\":[{\"@type\":\"ListItem\",\"position\":1,\"name\":\"Inicio\",\"item\":\"https:\\\/\\\/www.isdi.education\\\/es\\\/\"},{\"@type\":\"ListItem\",\"position\":2,\"name\":\"Javier Arenillas: cuando el crecimiento deja de ser una m\u00e9trica y se convierte en estrategia\"}]},{\"@type\":\"WebSite\",\"@id\":\"https:\\\/\\\/www.isdi.education\\\/es\\\/#website\",\"url\":\"https:\\\/\\\/www.isdi.education\\\/es\\\/\",\"name\":\"ISDI Espa\u00f1a | La Escuela de Negocios de la Era Digital\",\"description\":\"Descubre la formaci\u00f3n que te abrir\u00e1 las puertas a la era digital. Entra a formar parte de la primera escuela de negocios y direcci\u00f3n nativa digital.\",\"publisher\":{\"@id\":\"https:\\\/\\\/www.isdi.education\\\/es\\\/#organization\"},\"inLanguage\":\"es\"},{\"@type\":\"Organization\",\"@id\":\"https:\\\/\\\/www.isdi.education\\\/es\\\/#organization\",\"name\":\"ISDI Espa\u00f1a | La Escuela de Negocios de la Era Digital\",\"url\":\"https:\\\/\\\/www.isdi.education\\\/es\\\/\",\"logo\":{\"@type\":\"ImageObject\",\"inLanguage\":\"es\",\"@id\":\"https:\\\/\\\/www.isdi.education\\\/es\\\/#\\\/schema\\\/logo\\\/image\\\/\",\"url\":\"https:\\\/\\\/www.isdi.education\\\/es\\\/wp-content\\\/uploads\\\/2024\\\/02\\\/cropped-Favicon.png\",\"contentUrl\":\"https:\\\/\\\/www.isdi.education\\\/es\\\/wp-content\\\/uploads\\\/2024\\\/02\\\/cropped-Favicon.png\",\"width\":512,\"height\":512,\"caption\":\"ISDI Espa\u00f1a | La Escuela de Negocios de la Era Digital\"},\"image\":{\"@id\":\"https:\\\/\\\/www.isdi.education\\\/es\\\/#\\\/schema\\\/logo\\\/image\\\/\"},\"sameAs\":[\"https:\\\/\\\/www.facebook.com\\\/isdi.education\",\"https:\\\/\\\/www.linkedin.com\\\/school\\\/isdi\\\/?originalSubdomain=es\",\"https:\\\/\\\/www.instagram.com\\\/isdi_edu\\\/?hl=es\",\"https:\\\/\\\/www.tiktok.com\\\/@isdi_edu\",\"https:\\\/\\\/www.youtube.com\\\/user\\\/ISDItv\"]},{\"@type\":\"Person\",\"@id\":\"https:\\\/\\\/www.isdi.education\\\/es\\\/#\\\/schema\\\/person\\\/19fabf69d8e9257590f649fc1a1f1b04\",\"name\":\"Mat\u00edas Pollier Bouillet\",\"image\":{\"@type\":\"ImageObject\",\"inLanguage\":\"es\",\"@id\":\"https:\\\/\\\/www.isdi.education\\\/es\\\/wp-content\\\/litespeed\\\/avatar\\\/1\\\/76d919e9bd75a4169f7fbb3bdc64ca4a.jpg?ver=1777024202\",\"url\":\"https:\\\/\\\/www.isdi.education\\\/es\\\/wp-content\\\/litespeed\\\/avatar\\\/1\\\/76d919e9bd75a4169f7fbb3bdc64ca4a.jpg?ver=1777024202\",\"contentUrl\":\"https:\\\/\\\/www.isdi.education\\\/es\\\/wp-content\\\/litespeed\\\/avatar\\\/1\\\/76d919e9bd75a4169f7fbb3bdc64ca4a.jpg?ver=1777024202\",\"caption\":\"Mat\u00edas Pollier Bouillet\"},\"url\":\"https:\\\/\\\/www.isdi.education\\\/es\\\/author\\\/mati\"}]}<\/script>\n<!-- \/ Yoast SEO plugin. -->","yoast_head_json":{"title":"Javier Arenillas: cuando el crecimiento deja de ser una m\u00e9trica y se convierte en estrategia - ISDI Espa\u00f1a","description":"El crecimiento, la medici\u00f3n, la creatividad, la tecnolog\u00eda, el producto, la experiencia de usuario. Todo conectado. Javier Arenillas pertenece claramente a este segundo grupo. Un perfil que ha construido su carrera en el punto donde los datos dejan de ser reportes y empiezan a convertirse en decisiones.","robots":{"index":"index","follow":"follow","max-snippet":"max-snippet:-1","max-image-preview":"max-image-preview:large","max-video-preview":"max-video-preview:-1"},"canonical":"https:\/\/www.isdi.education\/es\/blog\/javier-arenillas-cuando-el-crecimiento-deja-de-ser-una-metrica-y-se-convierte-en-estrategia","og_locale":"es_ES","og_type":"article","og_title":"Javier Arenillas: cuando el crecimiento deja de ser una m\u00e9trica y se convierte en estrategia - ISDI Espa\u00f1a","og_description":"El crecimiento, la medici\u00f3n, la creatividad, la tecnolog\u00eda, el producto, la experiencia de usuario. Todo conectado. Javier Arenillas pertenece claramente a este segundo grupo. Un perfil que ha construido su carrera en el punto donde los datos dejan de ser reportes y empiezan a convertirse en decisiones.","og_url":"https:\/\/www.isdi.education\/es\/blog\/javier-arenillas-cuando-el-crecimiento-deja-de-ser-una-metrica-y-se-convierte-en-estrategia","og_site_name":"ISDI Espa\u00f1a","article_publisher":"https:\/\/www.facebook.com\/isdi.education","article_published_time":"2026-03-13T10:00:07+00:00","article_modified_time":"2026-03-13T10:01:01+00:00","og_image":[{"width":800,"height":800,"url":"https:\/\/www.isdi.education\/es\/wp-content\/uploads\/2026\/03\/1758291617102-_2_-1.webp","type":"image\/webp"}],"author":"Mat\u00edas Pollier Bouillet","twitter_card":"summary_large_image","twitter_misc":{"Escrito por":"Mat\u00edas Pollier Bouillet","Tiempo de lectura":"4 minutos"},"schema":{"@context":"https:\/\/schema.org","@graph":[{"@type":"Article","@id":"https:\/\/www.isdi.education\/es\/blog\/javier-arenillas-cuando-el-crecimiento-deja-de-ser-una-metrica-y-se-convierte-en-estrategia#article","isPartOf":{"@id":"https:\/\/www.isdi.education\/es\/blog\/javier-arenillas-cuando-el-crecimiento-deja-de-ser-una-metrica-y-se-convierte-en-estrategia"},"author":{"name":"Mat\u00edas Pollier Bouillet","@id":"https:\/\/www.isdi.education\/es\/#\/schema\/person\/19fabf69d8e9257590f649fc1a1f1b04"},"headline":"Javier Arenillas: cuando el crecimiento deja de ser una m\u00e9trica y se convierte en estrategia","datePublished":"2026-03-13T10:00:07+00:00","dateModified":"2026-03-13T10:01:01+00:00","mainEntityOfPage":{"@id":"https:\/\/www.isdi.education\/es\/blog\/javier-arenillas-cuando-el-crecimiento-deja-de-ser-una-metrica-y-se-convierte-en-estrategia"},"wordCount":902,"publisher":{"@id":"https:\/\/www.isdi.education\/es\/#organization"},"image":{"@id":"https:\/\/www.isdi.education\/es\/blog\/javier-arenillas-cuando-el-crecimiento-deja-de-ser-una-metrica-y-se-convierte-en-estrategia#primaryimage"},"thumbnailUrl":"https:\/\/www.isdi.education\/es\/wp-content\/uploads\/2026\/03\/1758291617102-_2_-1.webp","articleSection":["Blog"],"inLanguage":"es"},{"@type":"WebPage","@id":"https:\/\/www.isdi.education\/es\/blog\/javier-arenillas-cuando-el-crecimiento-deja-de-ser-una-metrica-y-se-convierte-en-estrategia","url":"https:\/\/www.isdi.education\/es\/blog\/javier-arenillas-cuando-el-crecimiento-deja-de-ser-una-metrica-y-se-convierte-en-estrategia","name":"Javier Arenillas: cuando el crecimiento deja de ser una m\u00e9trica y se convierte en estrategia - ISDI Espa\u00f1a","isPartOf":{"@id":"https:\/\/www.isdi.education\/es\/#website"},"primaryImageOfPage":{"@id":"https:\/\/www.isdi.education\/es\/blog\/javier-arenillas-cuando-el-crecimiento-deja-de-ser-una-metrica-y-se-convierte-en-estrategia#primaryimage"},"image":{"@id":"https:\/\/www.isdi.education\/es\/blog\/javier-arenillas-cuando-el-crecimiento-deja-de-ser-una-metrica-y-se-convierte-en-estrategia#primaryimage"},"thumbnailUrl":"https:\/\/www.isdi.education\/es\/wp-content\/uploads\/2026\/03\/1758291617102-_2_-1.webp","datePublished":"2026-03-13T10:00:07+00:00","dateModified":"2026-03-13T10:01:01+00:00","description":"El crecimiento, la medici\u00f3n, la creatividad, la tecnolog\u00eda, el producto, la experiencia de usuario. Todo conectado. Javier Arenillas pertenece claramente a este segundo grupo. Un perfil que ha construido su carrera en el punto donde los datos dejan de ser reportes y empiezan a convertirse en decisiones.","breadcrumb":{"@id":"https:\/\/www.isdi.education\/es\/blog\/javier-arenillas-cuando-el-crecimiento-deja-de-ser-una-metrica-y-se-convierte-en-estrategia#breadcrumb"},"inLanguage":"es","potentialAction":[{"@type":"ReadAction","target":["https:\/\/www.isdi.education\/es\/blog\/javier-arenillas-cuando-el-crecimiento-deja-de-ser-una-metrica-y-se-convierte-en-estrategia"]}]},{"@type":"ImageObject","inLanguage":"es","@id":"https:\/\/www.isdi.education\/es\/blog\/javier-arenillas-cuando-el-crecimiento-deja-de-ser-una-metrica-y-se-convierte-en-estrategia#primaryimage","url":"https:\/\/www.isdi.education\/es\/wp-content\/uploads\/2026\/03\/1758291617102-_2_-1.webp","contentUrl":"https:\/\/www.isdi.education\/es\/wp-content\/uploads\/2026\/03\/1758291617102-_2_-1.webp","width":800,"height":800,"caption":"Javier Arenillas: cuando el crecimiento deja de ser una m\u00e9trica y se convierte en estrategia"},{"@type":"BreadcrumbList","@id":"https:\/\/www.isdi.education\/es\/blog\/javier-arenillas-cuando-el-crecimiento-deja-de-ser-una-metrica-y-se-convierte-en-estrategia#breadcrumb","itemListElement":[{"@type":"ListItem","position":1,"name":"Inicio","item":"https:\/\/www.isdi.education\/es\/"},{"@type":"ListItem","position":2,"name":"Javier Arenillas: cuando el crecimiento deja de ser una m\u00e9trica y se convierte en estrategia"}]},{"@type":"WebSite","@id":"https:\/\/www.isdi.education\/es\/#website","url":"https:\/\/www.isdi.education\/es\/","name":"ISDI Espa\u00f1a | La Escuela de Negocios de la Era Digital","description":"Descubre la formaci\u00f3n que te abrir\u00e1 las puertas a la era digital. Entra a formar parte de la primera escuela de negocios y direcci\u00f3n nativa digital.","publisher":{"@id":"https:\/\/www.isdi.education\/es\/#organization"},"inLanguage":"es"},{"@type":"Organization","@id":"https:\/\/www.isdi.education\/es\/#organization","name":"ISDI Espa\u00f1a | La Escuela de Negocios de la Era Digital","url":"https:\/\/www.isdi.education\/es\/","logo":{"@type":"ImageObject","inLanguage":"es","@id":"https:\/\/www.isdi.education\/es\/#\/schema\/logo\/image\/","url":"https:\/\/www.isdi.education\/es\/wp-content\/uploads\/2024\/02\/cropped-Favicon.png","contentUrl":"https:\/\/www.isdi.education\/es\/wp-content\/uploads\/2024\/02\/cropped-Favicon.png","width":512,"height":512,"caption":"ISDI Espa\u00f1a | La Escuela de Negocios de la Era Digital"},"image":{"@id":"https:\/\/www.isdi.education\/es\/#\/schema\/logo\/image\/"},"sameAs":["https:\/\/www.facebook.com\/isdi.education","https:\/\/www.linkedin.com\/school\/isdi\/?originalSubdomain=es","https:\/\/www.instagram.com\/isdi_edu\/?hl=es","https:\/\/www.tiktok.com\/@isdi_edu","https:\/\/www.youtube.com\/user\/ISDItv"]},{"@type":"Person","@id":"https:\/\/www.isdi.education\/es\/#\/schema\/person\/19fabf69d8e9257590f649fc1a1f1b04","name":"Mat\u00edas Pollier Bouillet","image":{"@type":"ImageObject","inLanguage":"es","@id":"https:\/\/www.isdi.education\/es\/wp-content\/litespeed\/avatar\/1\/76d919e9bd75a4169f7fbb3bdc64ca4a.jpg?ver=1777024202","url":"https:\/\/www.isdi.education\/es\/wp-content\/litespeed\/avatar\/1\/76d919e9bd75a4169f7fbb3bdc64ca4a.jpg?ver=1777024202","contentUrl":"https:\/\/www.isdi.education\/es\/wp-content\/litespeed\/avatar\/1\/76d919e9bd75a4169f7fbb3bdc64ca4a.jpg?ver=1777024202","caption":"Mat\u00edas Pollier Bouillet"},"url":"https:\/\/www.isdi.education\/es\/author\/mati"}]}},"_links":{"self":[{"href":"https:\/\/www.isdi.education\/es\/wp-json\/wp\/v2\/posts\/46215","targetHints":{"allow":["GET"]}}],"collection":[{"href":"https:\/\/www.isdi.education\/es\/wp-json\/wp\/v2\/posts"}],"about":[{"href":"https:\/\/www.isdi.education\/es\/wp-json\/wp\/v2\/types\/post"}],"author":[{"embeddable":true,"href":"https:\/\/www.isdi.education\/es\/wp-json\/wp\/v2\/users\/20"}],"replies":[{"embeddable":true,"href":"https:\/\/www.isdi.education\/es\/wp-json\/wp\/v2\/comments?post=46215"}],"version-history":[{"count":0,"href":"https:\/\/www.isdi.education\/es\/wp-json\/wp\/v2\/posts\/46215\/revisions"}],"wp:featuredmedia":[{"embeddable":true,"href":"https:\/\/www.isdi.education\/es\/wp-json\/wp\/v2\/media\/46226"}],"wp:attachment":[{"href":"https:\/\/www.isdi.education\/es\/wp-json\/wp\/v2\/media?parent=46215"}],"wp:term":[{"taxonomy":"category","embeddable":true,"href":"https:\/\/www.isdi.education\/es\/wp-json\/wp\/v2\/categories?post=46215"},{"taxonomy":"post_tag","embeddable":true,"href":"https:\/\/www.isdi.education\/es\/wp-json\/wp\/v2\/tags?post=46215"}],"curies":[{"name":"wp","href":"https:\/\/api.w.org\/{rel}","templated":true}]}}