{"id":44489,"date":"2026-01-28T10:44:59","date_gmt":"2026-01-28T09:44:59","guid":{"rendered":"https:\/\/www.isdi.education\/es\/?p=44489"},"modified":"2026-01-28T11:01:15","modified_gmt":"2026-01-28T10:01:15","slug":"liderar_la_transformacion_digital_en_2026","status":"publish","type":"post","link":"https:\/\/www.isdi.education\/es\/blog\/liderar_la_transformacion_digital_en_2026","title":{"rendered":"Liderar la transformaci\u00f3n digital cuando el contexto ya no da tregua"},"content":{"rendered":"<p><span style=\"font-weight: 400\">La incertidumbre ya no es una excepci\u00f3n en la agenda de los directivos, sino el marco habitual desde el que se toman decisiones. Cambios tecnol\u00f3gicos acelerados, presi\u00f3n por resultados a corto plazo, nuevos modelos de negocio y una evoluci\u00f3n constante de las expectativas del talento han convertido el liderazgo en un ejercicio cada vez m\u00e1s complejo.<\/span><\/p>\n<p><span style=\"font-weight: 400\">En este escenario, la transformaci\u00f3n digital ha dejado de ser un proyecto puntual para convertirse en una <\/span><b>responsabilidad permanente del liderazgo<\/b><span style=\"font-weight: 400\">. No se trata solo de adoptar tecnolog\u00eda, sino de entender c\u00f3mo esta redefine la estrategia, la organizaci\u00f3n y la forma de competir.<\/span><\/p>\n<h3><b>El liderazgo digital como capacidad estrat\u00e9gica<\/b><\/h3>\n<p><span style=\"font-weight: 400\">Durante a\u00f1os, el liderazgo digital se asoci\u00f3 err\u00f3neamente al dominio de herramientas o al conocimiento t\u00e9cnico. Hoy, esa visi\u00f3n resulta claramente insuficiente. La tecnolog\u00eda es solo una parte de la ecuaci\u00f3n. El verdadero reto para los directivos est\u00e1 en <\/span><b>interpretar su impacto real en el negocio y liderar ese cambio con criterio<\/b><span style=\"font-weight: 400\">.<\/span><\/p>\n<p><span style=\"font-weight: 400\">Diversos informes internacionales, como el <\/span><i><span style=\"font-weight: 400\">Future of Jobs Report<\/span><\/i><span style=\"font-weight: 400\"> del World Economic Forum, coinciden en se\u00f1alar que habilidades como el pensamiento anal\u00edtico, la toma de decisiones en contextos complejos y el liderazgo adaptativo son ya competencias cr\u00edticas para los perfiles directivos. La raz\u00f3n es clara: la tecnolog\u00eda amplifica el alcance de las decisiones, pero tambi\u00e9n incrementa su complejidad y sus consecuencias.<\/span><\/p>\n<p><span style=\"font-weight: 400\">Liderar en este contexto implica saber priorizar cuando todo parece urgente, decidir con informaci\u00f3n incompleta y guiar a la organizaci\u00f3n en procesos de cambio que no tienen una hoja de ruta cerrada.<\/span><\/p>\n<h3><b>Cuando la transformaci\u00f3n exige algo m\u00e1s que intuici\u00f3n<\/b><\/h3>\n<p><span style=\"font-weight: 400\">Uno de los grandes retos actuales es que muchos directivos deben tomar decisiones sobre \u00e1mbitos (como la inteligencia artificial, el dato, la automatizaci\u00f3n o los nuevos modelos digitales) que no formaban parte de su formaci\u00f3n original. Esto no significa que deban convertirse en expertos t\u00e9cnicos, pero s\u00ed desarrollar <\/span><b>una comprensi\u00f3n suficiente para liderar con criterio<\/b><span style=\"font-weight: 400\">.<\/span><\/p>\n<p><span style=\"font-weight: 400\">Aqu\u00ed es donde la formaci\u00f3n ejecutiva adquiere un nuevo sentido: no como acumulaci\u00f3n de conocimientos, sino como espacio para construir marcos de decisi\u00f3n, entender tendencias desde el negocio y anticipar impactos reales.<\/span><\/p>\n<h3><b>DIBEX: entender para liderar<\/b><\/h3>\n<p><span style=\"font-weight: 400\">Desde esta necesidad nace <\/span><b>DIBEX (Digital Business Executive Program)<\/b><span style=\"font-weight: 400\">, el programa de ISDI orientado a directivos y l\u00edderes que necesitan comprender y liderar la transformaci\u00f3n digital de sus organizaciones desde una perspectiva estrat\u00e9gica.<\/span><\/p>\n<p><span style=\"font-weight: 400\">DIBEX est\u00e1 dise\u00f1ado para abordar preguntas clave que hoy est\u00e1n sobre la mesa de muchos comit\u00e9s de direcci\u00f3n:<\/span><\/p>\n<ul>\n<li style=\"font-weight: 400\"><span style=\"font-weight: 400\">\u00bfC\u00f3mo impacta la tecnolog\u00eda en el modelo de negocio?<\/span><\/li>\n<li style=\"font-weight: 400\"><span style=\"font-weight: 400\">\u00bfQu\u00e9 decisiones estrat\u00e9gicas deben tomarse hoy para no quedarse atr\u00e1s ma\u00f1ana?<\/span><\/li>\n<li style=\"font-weight: 400\"><span style=\"font-weight: 400\">\u00bfC\u00f3mo liderar el cambio organizativo que acompa\u00f1a a la transformaci\u00f3n digital?<\/span><\/li>\n<li style=\"font-weight: 400\"><span style=\"font-weight: 400\">\u00bfQu\u00e9 competencias necesita realmente un directivo en este contexto?<\/span><\/li>\n<\/ul>\n<p>&nbsp;<\/p>\n<p><span style=\"font-weight: 400\">El enfoque del programa combina visi\u00f3n de negocio, an\u00e1lisis de tendencias y aplicaci\u00f3n pr\u00e1ctica, con el objetivo de dotar a los participantes de <\/span><b>criterio y capacidad de liderazgo en entornos digitales complejos<\/b><span style=\"font-weight: 400\">.<\/span><\/p>\n<h3><b>Los eventos DIBEX: un espacio de reflexi\u00f3n aplicada<\/b><\/h3>\n<p><span style=\"font-weight: 400\">En este marco, ISDI celebrar\u00e1 en el mes de febrero <\/span><b>dos eventos presenciales en Madrid y Barcelona<\/b><span style=\"font-weight: 400\">, concebidos como espacios de reflexi\u00f3n y aprendizaje para directivos.<\/span><\/p>\n<p><span style=\"font-weight: 400\">Estos encuentros no son sesiones informativas ni presentaciones de programa. Est\u00e1n planteados como <\/span><b>foros de reflexi\u00f3n aplicada<\/b><span style=\"font-weight: 400\">, donde se abordar\u00e1n los grandes retos del liderazgo digital actual: la toma de decisiones en contextos inciertos, la integraci\u00f3n de tecnolog\u00eda y estrategia, y el papel del directivo como motor de la transformaci\u00f3n.<\/span><\/p>\n<p><span style=\"font-weight: 400\">Durante los eventos se tratar\u00e1n temas como:<\/span><\/p>\n<ul>\n<li style=\"font-weight: 400\"><span style=\"font-weight: 400\">El liderazgo en entornos de cambio constante.<\/span><\/li>\n<li style=\"font-weight: 400\"><span style=\"font-weight: 400\">La relaci\u00f3n entre tecnolog\u00eda, negocio y personas.<\/span><\/li>\n<li style=\"font-weight: 400\"><span style=\"font-weight: 400\">C\u00f3mo anticipar y gestionar el impacto de la digitalizaci\u00f3n en la organizaci\u00f3n.<\/span><\/li>\n<li style=\"font-weight: 400\"><span style=\"font-weight: 400\">Qu\u00e9 aprendizajes est\u00e1n marcando la diferencia en los l\u00edderes que mejor se adaptan al nuevo contexto.<\/span><\/li>\n<\/ul>\n<h3><\/h3>\n<h3><b>La voz de quienes lideran el programa<\/b><\/h3>\n<p><span style=\"font-weight: 400\">Una de las claves que definen el enfoque de los eventos DIBEX es qui\u00e9n lidera las sesiones. En un contexto donde abundan los discursos te\u00f3ricos sobre transformaci\u00f3n digital, ISDI apuesta por una aproximaci\u00f3n distinta: <\/span><b>poner la conversaci\u00f3n en manos de profesionales con una trayectoria consolidada en negocio y liderazgo digital<\/b><span style=\"font-weight: 400\">.<\/span><\/p>\n<p><span style=\"font-weight: 400\">En el caso de <\/span><b>DIBEX Barcelona<\/b><span style=\"font-weight: 400\">, el evento estar\u00e1 liderado por <\/span><b>Frederic Dalmau<\/b><span style=\"font-weight: 400\">, profesional con una amplia experiencia en direcci\u00f3n, transformaci\u00f3n digital y acompa\u00f1amiento a organizaciones en procesos de cambio. A lo largo de su carrera, ha trabajado de forma directa con equipos directivos y empresas en la redefinici\u00f3n de estrategias digitales, modelos de negocio y estructuras organizativas en contextos de alta complejidad.<\/span><\/p>\n<p><span style=\"font-weight: 400\">Su enfoque combina una s\u00f3lida visi\u00f3n estrat\u00e9gica con una comprensi\u00f3n profunda de c\u00f3mo la tecnolog\u00eda impacta realmente en el d\u00eda a d\u00eda de las organizaciones. Esto le permite abordar el liderazgo digital desde una perspectiva muy pr\u00e1ctica: la del directivo que debe tomar decisiones, gestionar resistencias y asegurar que la transformaci\u00f3n genera valor real para el negocio.<\/span><\/p>\n<p><span style=\"font-weight: 400\">Por su parte, <\/span><b>DIBEX Madrid<\/b><span style=\"font-weight: 400\"> estar\u00e1 dirigido por <\/span><b>Daniel Suardiaz<\/b><span style=\"font-weight: 400\">, referente del ecosistema digital y emprendedor con una gran trayectoria liderando proyectos de crecimiento, innovaci\u00f3n y transformaci\u00f3n en entornos digitales. Su experiencia abarca tanto la creaci\u00f3n y escalado de negocios digitales como la direcci\u00f3n de equipos y la toma de decisiones estrat\u00e9gicas en contextos de alta incertidumbre.<\/span><\/p>\n<p><span style=\"font-weight: 400\">Daniel aporta al programa una visi\u00f3n muy conectada con la realidad del mercado y del emprendimiento digital, poniendo especial foco en c\u00f3mo los l\u00edderes pueden anticipar cambios, identificar oportunidades y adaptar sus organizaciones a escenarios en constante evoluci\u00f3n.<\/span><\/p>\n<p><span style=\"font-weight: 400\">Aunque con recorridos profesionales distintos, tanto Frederic Dalmau como Daniel Suardiaz comparten una misma visi\u00f3n del liderazgo digital: <\/span><b>no se trata de dominar la tecnolog\u00eda, sino de entenderla lo suficiente como para liderar su impacto en el negocio<\/b><span style=\"font-weight: 400\">.<\/span><\/p>\n<p><span style=\"font-weight: 400\">Su participaci\u00f3n en los eventos DIBEX permite que las sesiones se articulen desde la experiencia acumulada en proyectos reales, decisiones complejas y aprendizajes obtenidos en primera l\u00ednea. Esto convierte los encuentros en espacios donde se habla de liderazgo digital sin artificios, desde la realidad del directivo y con foco en la toma de decisiones estrat\u00e9gicas.<\/span><\/p>\n<h3><b>Liderar con criterio en tiempos de cambio<\/b><\/h3>\n<p><span style=\"font-weight: 400\">La transformaci\u00f3n digital no es una tendencia pasajera ni un proyecto cerrado. Es un proceso continuo que exige l\u00edderes capaces de entender el contexto, tomar decisiones informadas y guiar a sus organizaciones con visi\u00f3n de largo plazo.<\/span><\/p>\n<p><span style=\"font-weight: 400\">Formarse, reflexionar y anticipar no es una pausa en la agenda del directivo, sino parte esencial de su responsabilidad.<\/span><\/p>\n<p><span style=\"font-weight: 400\">Si te interesa profundizar en c\u00f3mo liderar la transformaci\u00f3n digital desde una perspectiva estrat\u00e9gica y de negocio, puedes conocer m\u00e1s sobre los <\/span><b>eventos DIBEX en Madrid y Barcelona<\/b><span style=\"font-weight: 400\"> y todos sus detalles en:<\/span><\/p>\n<div class=\"cta-blog-box\"><div class=\"cta-copy\">EVENTO DIBEX BARCELONA<\/div>    <div style=\"width: auto; align-self: flex-end; flex-direction: row;\" class=\"elementor-element elementor-element-2e5ed7c e-con-full e-flex e-con e-child\" data-id=\"2e5ed7c\" data-element_type=\"container\" id=\"btnRedBannerDiv\">\n        <div class=\"elementor-element elementor-element-8d35332 btnArrowCircle elementor-mobile-align-left elementor-widget elementor-widget-button\" data-id=\"8d35332\" data-element_type=\"widget\" id=\"btnRedBanner\" data-widget_type=\"button.default\">\n            <div class=\"elementor-widget-container\">\n                    <div class=\"elementor-button-wrapper\">\n                        <a style=\"text-decoration: none !important; background-color:transparent!important; padding-right: 0px;\" class=\"elementor-button elementor-button-link elementor-size-sm\" href=\"https:\/\/masters.isdi.education\/lo_que_necesitas_saber_del_dibex_bcn\/\" target=\"_blank\">\n                            <span class=\"elementor-button-content-wrapper\">\n                                        <span class=\"elementor-button-text\">Ver m\u00e1s<\/span>\n                        <\/span>\n                        <\/a>\n                    <\/div>\n            <\/div>\n        <\/div>\n        <div class=\"elementor-element elementor-element-8fc238b elementor-widget__width-auto btnCircle elementor-view-default elementor-widget elementor-widget-icon\" data-id=\"8fc238b\" data-element_type=\"widget\" data-widget_type=\"icon.default\">\n            <div class=\"elementor-widget-container\">\n                <div class=\"elementor-icon-wrapper\">\n                    <a style=\"cursor:pointer\" class=\"elementor-icon\"  href=\"https:\/\/masters.isdi.education\/lo_que_necesitas_saber_del_dibex_bcn\/\" target=\"_blank\">\n                        <svg xmlns=\"http:\/\/www.w3.org\/2000\/svg\" viewBox=\"0 0 80 20\" style=\"enable-background:new 0 0 80 20;\">\n                            <polygon points=\"9.5,0.5 8.5,1.5 16.2,9.2 0,9.2 0,10.8 16.2,10.8 8.5,18.5 9.5,19.5 19.1,10\"><\/polygon>\n                            <polygon points=\"70.5,0.5 69.4,1.5 77.1,9.2 60.9,9.2 60.9,10.8 77.1,10.8 69.4,18.5 70.5,19.5 80,10\"><\/polygon>\n                        <\/svg>\n                    <\/a>\n                <\/div>\n            <\/div>\n        <\/div>\n    <\/div><\/div><style>\n.single-post .hentry .elementor-widget-theme-post-content a.elementor-icon{\n    font-size:80px!important;\n}\n.cta-blog-box {\n    background-color: #d32f2f;\n    color: white;\n    padding: 30px 40px;\n    display: flex;\n    justify-content: space-between;\n    font-family: 'Helvetica Neue', sans-serif;\n    border-radius: 4px;\n    margin: 20px 0;\n    flex-direction: column;\n}\n.cta-copy {\n    \/*font-size: 18px;\n    line-height: 1.4;\n    font-weight: 300;*\/\n    text-transform: uppercase;\n    font-family: \"PP Neue\", Sans-serif;\n    font-size: 28px;\n    font-weight: 300;\n    line-height: 48px;\n    letter-spacing: -1px;\n}\n.cta-boton {\n    color: white;\n    font-size: 14px;\n    text-decoration: none !important;\n    display: flex;\n    align-items: center;\n    border: none;\n    background: none;\n    cursor: pointer;\n    font-weight: 400;\n}\n.single-post .hentry .elementor-widget-theme-post-content a.cta-boton{\n    text-decoration: none !important;\n    font-size: 80px !important;\n}\n.cta-boton .flecha {\n    display: inline-block;\n    margin-left: 8px;\n    font-size: 18px;\n    transform: translateY(1px);\n}\n.cta-boton:hover .flecha {\n    transform: translateX(3px);\n    transition: transform 0.3s ease;\n}\n@media(max-width: 600px) {\n    .cta-blog-box {\n        flex-direction: column;\n        gap: 20px;\n        text-align: center;\n    }\n}\n<\/style>\n<div class=\"cta-blog-box\"><div class=\"cta-copy\">EVENTO DIBEX MADRID<\/div>    <div style=\"width: auto; align-self: flex-end; flex-direction: row;\" class=\"elementor-element elementor-element-2e5ed7c e-con-full e-flex e-con e-child\" data-id=\"2e5ed7c\" data-element_type=\"container\" id=\"btnRedBannerDiv\">\n        <div class=\"elementor-element elementor-element-8d35332 btnArrowCircle elementor-mobile-align-left elementor-widget elementor-widget-button\" data-id=\"8d35332\" data-element_type=\"widget\" id=\"btnRedBanner\" data-widget_type=\"button.default\">\n            <div class=\"elementor-widget-container\">\n                    <div class=\"elementor-button-wrapper\">\n                        <a style=\"text-decoration: none !important; background-color:transparent!important; padding-right: 0px;\" class=\"elementor-button elementor-button-link elementor-size-sm\" href=\"https:\/\/masters.isdi.education\/todo-lo-que-necesitas-saber-sobre-el-dibex-madrid\/\" target=\"_blank\">\n                            <span class=\"elementor-button-content-wrapper\">\n                                        <span class=\"elementor-button-text\">Ver m\u00e1s<\/span>\n                        <\/span>\n                        <\/a>\n                    <\/div>\n            <\/div>\n        <\/div>\n        <div class=\"elementor-element elementor-element-8fc238b elementor-widget__width-auto btnCircle elementor-view-default elementor-widget elementor-widget-icon\" data-id=\"8fc238b\" data-element_type=\"widget\" data-widget_type=\"icon.default\">\n            <div class=\"elementor-widget-container\">\n                <div class=\"elementor-icon-wrapper\">\n                    <a style=\"cursor:pointer\" class=\"elementor-icon\"  href=\"https:\/\/masters.isdi.education\/todo-lo-que-necesitas-saber-sobre-el-dibex-madrid\/\" target=\"_blank\">\n                        <svg xmlns=\"http:\/\/www.w3.org\/2000\/svg\" viewBox=\"0 0 80 20\" style=\"enable-background:new 0 0 80 20;\">\n                            <polygon points=\"9.5,0.5 8.5,1.5 16.2,9.2 0,9.2 0,10.8 16.2,10.8 8.5,18.5 9.5,19.5 19.1,10\"><\/polygon>\n                            <polygon points=\"70.5,0.5 69.4,1.5 77.1,9.2 60.9,9.2 60.9,10.8 77.1,10.8 69.4,18.5 70.5,19.5 80,10\"><\/polygon>\n                        <\/svg>\n                    <\/a>\n                <\/div>\n            <\/div>\n        <\/div>\n    <\/div><\/div>\n","protected":false},"excerpt":{"rendered":"<p>La incertidumbre ya no es una excepci\u00f3n en la agenda de los directivos, sino el marco habitual desde el que se toman decisiones. Cambios tecnol\u00f3gicos acelerados, presi\u00f3n por resultados a corto plazo, nuevos modelos de negocio y una evoluci\u00f3n constante de las expectativas del talento han convertido el liderazgo en un ejercicio cada vez m\u00e1s&#8230;<\/p>\n","protected":false},"author":20,"featured_media":44500,"comment_status":"closed","ping_status":"closed","sticky":false,"template":"","format":"standard","meta":{"_acf_changed":false,"footnotes":""},"categories":[43],"tags":[],"class_list":["post-44489","post","type-post","status-publish","format-standard","has-post-thumbnail","hentry","category-liderazgo"],"acf":{"photo_gallery":{"galeria":[[]]}},"yoast_head":"<!-- This site is optimized with the Yoast SEO plugin v27.4 - https:\/\/yoast.com\/product\/yoast-seo-wordpress\/ -->\n<title>Liderar la transformaci\u00f3n digital cuando el contexto ya no da tregua - ISDI Espa\u00f1a<\/title>\n<meta name=\"description\" content=\"La incertidumbre ya no es una excepci\u00f3n en la agenda de los directivos, sino el marco habitual desde el que se toman decisiones. Cambios tecnol\u00f3gicos acelerados, presi\u00f3n por resultados a corto plazo, nuevos modelos de negocio y una evoluci\u00f3n constante de las expectativas del talento han convertido el liderazgo en un ejercicio cada vez m\u00e1s complejo.\" \/>\n<meta name=\"robots\" content=\"index, follow, max-snippet:-1, max-image-preview:large, max-video-preview:-1\" \/>\n<link rel=\"canonical\" href=\"https:\/\/www.isdi.education\/es\/blog\/liderar_la_transformacion_digital_en_2026\" \/>\n<meta property=\"og:locale\" content=\"es_ES\" \/>\n<meta property=\"og:type\" content=\"article\" \/>\n<meta property=\"og:title\" content=\"Liderar la transformaci\u00f3n digital cuando el contexto ya no da tregua - ISDI Espa\u00f1a\" \/>\n<meta property=\"og:description\" content=\"La incertidumbre ya no es una excepci\u00f3n en la agenda de los directivos, sino el marco habitual desde el que se toman decisiones. Cambios tecnol\u00f3gicos acelerados, presi\u00f3n por resultados a corto plazo, nuevos modelos de negocio y una evoluci\u00f3n constante de las expectativas del talento han convertido el liderazgo en un ejercicio cada vez m\u00e1s complejo.\" \/>\n<meta property=\"og:url\" content=\"https:\/\/www.isdi.education\/es\/blog\/liderar_la_transformacion_digital_en_2026\" \/>\n<meta property=\"og:site_name\" content=\"ISDI Espa\u00f1a\" \/>\n<meta property=\"article:publisher\" content=\"https:\/\/www.facebook.com\/isdi.education\" \/>\n<meta property=\"article:published_time\" content=\"2026-01-28T09:44:59+00:00\" \/>\n<meta property=\"article:modified_time\" content=\"2026-01-28T10:01:15+00:00\" \/>\n<meta property=\"og:image\" content=\"https:\/\/www.isdi.education\/es\/wp-content\/uploads\/2026\/01\/gemini-2.5-flash-image_IA_liderazgo_data_transformacion_digital_negocio_digital_modelo_original-0_1.webp\" \/>\n\t<meta property=\"og:image:width\" content=\"1024\" \/>\n\t<meta property=\"og:image:height\" content=\"1024\" \/>\n\t<meta property=\"og:image:type\" content=\"image\/webp\" \/>\n<meta name=\"author\" content=\"Mat\u00edas Pollier Bouillet\" \/>\n<meta name=\"twitter:card\" content=\"summary_large_image\" \/>\n<meta name=\"twitter:label1\" content=\"Escrito por\" \/>\n\t<meta name=\"twitter:data1\" content=\"Mat\u00edas Pollier Bouillet\" \/>\n\t<meta name=\"twitter:label2\" content=\"Tiempo de lectura\" \/>\n\t<meta name=\"twitter:data2\" content=\"6 minutos\" \/>\n<script type=\"application\/ld+json\" class=\"yoast-schema-graph\">{\"@context\":\"https:\\\/\\\/schema.org\",\"@graph\":[{\"@type\":\"Article\",\"@id\":\"https:\\\/\\\/www.isdi.education\\\/es\\\/blog\\\/liderar_la_transformacion_digital_en_2026#article\",\"isPartOf\":{\"@id\":\"https:\\\/\\\/www.isdi.education\\\/es\\\/blog\\\/liderar_la_transformacion_digital_en_2026\"},\"author\":{\"name\":\"Mat\u00edas Pollier Bouillet\",\"@id\":\"https:\\\/\\\/www.isdi.education\\\/es\\\/#\\\/schema\\\/person\\\/19fabf69d8e9257590f649fc1a1f1b04\"},\"headline\":\"Liderar la transformaci\u00f3n digital cuando el contexto ya no da tregua\",\"datePublished\":\"2026-01-28T09:44:59+00:00\",\"dateModified\":\"2026-01-28T10:01:15+00:00\",\"mainEntityOfPage\":{\"@id\":\"https:\\\/\\\/www.isdi.education\\\/es\\\/blog\\\/liderar_la_transformacion_digital_en_2026\"},\"wordCount\":1230,\"publisher\":{\"@id\":\"https:\\\/\\\/www.isdi.education\\\/es\\\/#organization\"},\"image\":{\"@id\":\"https:\\\/\\\/www.isdi.education\\\/es\\\/blog\\\/liderar_la_transformacion_digital_en_2026#primaryimage\"},\"thumbnailUrl\":\"https:\\\/\\\/www.isdi.education\\\/es\\\/wp-content\\\/uploads\\\/2026\\\/01\\\/gemini-2.5-flash-image_IA_liderazgo_data_transformacion_digital_negocio_digital_modelo_original-0_1.webp\",\"articleSection\":[\"Liderazgo\"],\"inLanguage\":\"es\"},{\"@type\":\"WebPage\",\"@id\":\"https:\\\/\\\/www.isdi.education\\\/es\\\/blog\\\/liderar_la_transformacion_digital_en_2026\",\"url\":\"https:\\\/\\\/www.isdi.education\\\/es\\\/blog\\\/liderar_la_transformacion_digital_en_2026\",\"name\":\"Liderar la transformaci\u00f3n digital cuando el contexto ya no da tregua - ISDI Espa\u00f1a\",\"isPartOf\":{\"@id\":\"https:\\\/\\\/www.isdi.education\\\/es\\\/#website\"},\"primaryImageOfPage\":{\"@id\":\"https:\\\/\\\/www.isdi.education\\\/es\\\/blog\\\/liderar_la_transformacion_digital_en_2026#primaryimage\"},\"image\":{\"@id\":\"https:\\\/\\\/www.isdi.education\\\/es\\\/blog\\\/liderar_la_transformacion_digital_en_2026#primaryimage\"},\"thumbnailUrl\":\"https:\\\/\\\/www.isdi.education\\\/es\\\/wp-content\\\/uploads\\\/2026\\\/01\\\/gemini-2.5-flash-image_IA_liderazgo_data_transformacion_digital_negocio_digital_modelo_original-0_1.webp\",\"datePublished\":\"2026-01-28T09:44:59+00:00\",\"dateModified\":\"2026-01-28T10:01:15+00:00\",\"description\":\"La incertidumbre ya no es una excepci\u00f3n en la agenda de los directivos, sino el marco habitual desde el que se toman decisiones. Cambios tecnol\u00f3gicos acelerados, presi\u00f3n por resultados a corto plazo, nuevos modelos de negocio y una evoluci\u00f3n constante de las expectativas del talento han convertido el liderazgo en un ejercicio cada vez m\u00e1s complejo.\",\"breadcrumb\":{\"@id\":\"https:\\\/\\\/www.isdi.education\\\/es\\\/blog\\\/liderar_la_transformacion_digital_en_2026#breadcrumb\"},\"inLanguage\":\"es\",\"potentialAction\":[{\"@type\":\"ReadAction\",\"target\":[\"https:\\\/\\\/www.isdi.education\\\/es\\\/blog\\\/liderar_la_transformacion_digital_en_2026\"]}]},{\"@type\":\"ImageObject\",\"inLanguage\":\"es\",\"@id\":\"https:\\\/\\\/www.isdi.education\\\/es\\\/blog\\\/liderar_la_transformacion_digital_en_2026#primaryimage\",\"url\":\"https:\\\/\\\/www.isdi.education\\\/es\\\/wp-content\\\/uploads\\\/2026\\\/01\\\/gemini-2.5-flash-image_IA_liderazgo_data_transformacion_digital_negocio_digital_modelo_original-0_1.webp\",\"contentUrl\":\"https:\\\/\\\/www.isdi.education\\\/es\\\/wp-content\\\/uploads\\\/2026\\\/01\\\/gemini-2.5-flash-image_IA_liderazgo_data_transformacion_digital_negocio_digital_modelo_original-0_1.webp\",\"width\":1024,\"height\":1024,\"caption\":\"Liderar la transformaci\u00f3n digital cuando el contexto ya no da tregua\"},{\"@type\":\"BreadcrumbList\",\"@id\":\"https:\\\/\\\/www.isdi.education\\\/es\\\/blog\\\/liderar_la_transformacion_digital_en_2026#breadcrumb\",\"itemListElement\":[{\"@type\":\"ListItem\",\"position\":1,\"name\":\"Inicio\",\"item\":\"https:\\\/\\\/www.isdi.education\\\/es\\\/\"},{\"@type\":\"ListItem\",\"position\":2,\"name\":\"Liderar la transformaci\u00f3n digital cuando el contexto ya no da tregua\"}]},{\"@type\":\"WebSite\",\"@id\":\"https:\\\/\\\/www.isdi.education\\\/es\\\/#website\",\"url\":\"https:\\\/\\\/www.isdi.education\\\/es\\\/\",\"name\":\"ISDI Espa\u00f1a | La Escuela de Negocios de la Era Digital\",\"description\":\"Descubre la formaci\u00f3n que te abrir\u00e1 las puertas a la era digital. Entra a formar parte de la primera escuela de negocios y direcci\u00f3n nativa digital.\",\"publisher\":{\"@id\":\"https:\\\/\\\/www.isdi.education\\\/es\\\/#organization\"},\"inLanguage\":\"es\"},{\"@type\":\"Organization\",\"@id\":\"https:\\\/\\\/www.isdi.education\\\/es\\\/#organization\",\"name\":\"ISDI Espa\u00f1a | La Escuela de Negocios de la Era Digital\",\"url\":\"https:\\\/\\\/www.isdi.education\\\/es\\\/\",\"logo\":{\"@type\":\"ImageObject\",\"inLanguage\":\"es\",\"@id\":\"https:\\\/\\\/www.isdi.education\\\/es\\\/#\\\/schema\\\/logo\\\/image\\\/\",\"url\":\"https:\\\/\\\/www.isdi.education\\\/es\\\/wp-content\\\/uploads\\\/2024\\\/02\\\/cropped-Favicon.png\",\"contentUrl\":\"https:\\\/\\\/www.isdi.education\\\/es\\\/wp-content\\\/uploads\\\/2024\\\/02\\\/cropped-Favicon.png\",\"width\":512,\"height\":512,\"caption\":\"ISDI Espa\u00f1a | La Escuela de Negocios de la Era Digital\"},\"image\":{\"@id\":\"https:\\\/\\\/www.isdi.education\\\/es\\\/#\\\/schema\\\/logo\\\/image\\\/\"},\"sameAs\":[\"https:\\\/\\\/www.facebook.com\\\/isdi.education\",\"https:\\\/\\\/www.linkedin.com\\\/school\\\/isdi\\\/?originalSubdomain=es\",\"https:\\\/\\\/www.instagram.com\\\/isdi_edu\\\/?hl=es\",\"https:\\\/\\\/www.tiktok.com\\\/@isdi_edu\",\"https:\\\/\\\/www.youtube.com\\\/user\\\/ISDItv\"]},{\"@type\":\"Person\",\"@id\":\"https:\\\/\\\/www.isdi.education\\\/es\\\/#\\\/schema\\\/person\\\/19fabf69d8e9257590f649fc1a1f1b04\",\"name\":\"Mat\u00edas Pollier Bouillet\",\"image\":{\"@type\":\"ImageObject\",\"inLanguage\":\"es\",\"@id\":\"https:\\\/\\\/www.isdi.education\\\/es\\\/wp-content\\\/litespeed\\\/avatar\\\/1\\\/76d919e9bd75a4169f7fbb3bdc64ca4a.jpg?ver=1777024202\",\"url\":\"https:\\\/\\\/www.isdi.education\\\/es\\\/wp-content\\\/litespeed\\\/avatar\\\/1\\\/76d919e9bd75a4169f7fbb3bdc64ca4a.jpg?ver=1777024202\",\"contentUrl\":\"https:\\\/\\\/www.isdi.education\\\/es\\\/wp-content\\\/litespeed\\\/avatar\\\/1\\\/76d919e9bd75a4169f7fbb3bdc64ca4a.jpg?ver=1777024202\",\"caption\":\"Mat\u00edas Pollier Bouillet\"},\"url\":\"https:\\\/\\\/www.isdi.education\\\/es\\\/author\\\/mati\"}]}<\/script>\n<!-- \/ Yoast SEO plugin. -->","yoast_head_json":{"title":"Liderar la transformaci\u00f3n digital cuando el contexto ya no da tregua - ISDI Espa\u00f1a","description":"La incertidumbre ya no es una excepci\u00f3n en la agenda de los directivos, sino el marco habitual desde el que se toman decisiones. Cambios tecnol\u00f3gicos acelerados, presi\u00f3n por resultados a corto plazo, nuevos modelos de negocio y una evoluci\u00f3n constante de las expectativas del talento han convertido el liderazgo en un ejercicio cada vez m\u00e1s complejo.","robots":{"index":"index","follow":"follow","max-snippet":"max-snippet:-1","max-image-preview":"max-image-preview:large","max-video-preview":"max-video-preview:-1"},"canonical":"https:\/\/www.isdi.education\/es\/blog\/liderar_la_transformacion_digital_en_2026","og_locale":"es_ES","og_type":"article","og_title":"Liderar la transformaci\u00f3n digital cuando el contexto ya no da tregua - ISDI Espa\u00f1a","og_description":"La incertidumbre ya no es una excepci\u00f3n en la agenda de los directivos, sino el marco habitual desde el que se toman decisiones. Cambios tecnol\u00f3gicos acelerados, presi\u00f3n por resultados a corto plazo, nuevos modelos de negocio y una evoluci\u00f3n constante de las expectativas del talento han convertido el liderazgo en un ejercicio cada vez m\u00e1s complejo.","og_url":"https:\/\/www.isdi.education\/es\/blog\/liderar_la_transformacion_digital_en_2026","og_site_name":"ISDI Espa\u00f1a","article_publisher":"https:\/\/www.facebook.com\/isdi.education","article_published_time":"2026-01-28T09:44:59+00:00","article_modified_time":"2026-01-28T10:01:15+00:00","og_image":[{"width":1024,"height":1024,"url":"https:\/\/www.isdi.education\/es\/wp-content\/uploads\/2026\/01\/gemini-2.5-flash-image_IA_liderazgo_data_transformacion_digital_negocio_digital_modelo_original-0_1.webp","type":"image\/webp"}],"author":"Mat\u00edas Pollier Bouillet","twitter_card":"summary_large_image","twitter_misc":{"Escrito por":"Mat\u00edas Pollier Bouillet","Tiempo de lectura":"6 minutos"},"schema":{"@context":"https:\/\/schema.org","@graph":[{"@type":"Article","@id":"https:\/\/www.isdi.education\/es\/blog\/liderar_la_transformacion_digital_en_2026#article","isPartOf":{"@id":"https:\/\/www.isdi.education\/es\/blog\/liderar_la_transformacion_digital_en_2026"},"author":{"name":"Mat\u00edas Pollier Bouillet","@id":"https:\/\/www.isdi.education\/es\/#\/schema\/person\/19fabf69d8e9257590f649fc1a1f1b04"},"headline":"Liderar la transformaci\u00f3n digital cuando el contexto ya no da tregua","datePublished":"2026-01-28T09:44:59+00:00","dateModified":"2026-01-28T10:01:15+00:00","mainEntityOfPage":{"@id":"https:\/\/www.isdi.education\/es\/blog\/liderar_la_transformacion_digital_en_2026"},"wordCount":1230,"publisher":{"@id":"https:\/\/www.isdi.education\/es\/#organization"},"image":{"@id":"https:\/\/www.isdi.education\/es\/blog\/liderar_la_transformacion_digital_en_2026#primaryimage"},"thumbnailUrl":"https:\/\/www.isdi.education\/es\/wp-content\/uploads\/2026\/01\/gemini-2.5-flash-image_IA_liderazgo_data_transformacion_digital_negocio_digital_modelo_original-0_1.webp","articleSection":["Liderazgo"],"inLanguage":"es"},{"@type":"WebPage","@id":"https:\/\/www.isdi.education\/es\/blog\/liderar_la_transformacion_digital_en_2026","url":"https:\/\/www.isdi.education\/es\/blog\/liderar_la_transformacion_digital_en_2026","name":"Liderar la transformaci\u00f3n digital cuando el contexto ya no da tregua - ISDI Espa\u00f1a","isPartOf":{"@id":"https:\/\/www.isdi.education\/es\/#website"},"primaryImageOfPage":{"@id":"https:\/\/www.isdi.education\/es\/blog\/liderar_la_transformacion_digital_en_2026#primaryimage"},"image":{"@id":"https:\/\/www.isdi.education\/es\/blog\/liderar_la_transformacion_digital_en_2026#primaryimage"},"thumbnailUrl":"https:\/\/www.isdi.education\/es\/wp-content\/uploads\/2026\/01\/gemini-2.5-flash-image_IA_liderazgo_data_transformacion_digital_negocio_digital_modelo_original-0_1.webp","datePublished":"2026-01-28T09:44:59+00:00","dateModified":"2026-01-28T10:01:15+00:00","description":"La incertidumbre ya no es una excepci\u00f3n en la agenda de los directivos, sino el marco habitual desde el que se toman decisiones. Cambios tecnol\u00f3gicos acelerados, presi\u00f3n por resultados a corto plazo, nuevos modelos de negocio y una evoluci\u00f3n constante de las expectativas del talento han convertido el liderazgo en un ejercicio cada vez m\u00e1s complejo.","breadcrumb":{"@id":"https:\/\/www.isdi.education\/es\/blog\/liderar_la_transformacion_digital_en_2026#breadcrumb"},"inLanguage":"es","potentialAction":[{"@type":"ReadAction","target":["https:\/\/www.isdi.education\/es\/blog\/liderar_la_transformacion_digital_en_2026"]}]},{"@type":"ImageObject","inLanguage":"es","@id":"https:\/\/www.isdi.education\/es\/blog\/liderar_la_transformacion_digital_en_2026#primaryimage","url":"https:\/\/www.isdi.education\/es\/wp-content\/uploads\/2026\/01\/gemini-2.5-flash-image_IA_liderazgo_data_transformacion_digital_negocio_digital_modelo_original-0_1.webp","contentUrl":"https:\/\/www.isdi.education\/es\/wp-content\/uploads\/2026\/01\/gemini-2.5-flash-image_IA_liderazgo_data_transformacion_digital_negocio_digital_modelo_original-0_1.webp","width":1024,"height":1024,"caption":"Liderar la transformaci\u00f3n digital cuando el contexto ya no da tregua"},{"@type":"BreadcrumbList","@id":"https:\/\/www.isdi.education\/es\/blog\/liderar_la_transformacion_digital_en_2026#breadcrumb","itemListElement":[{"@type":"ListItem","position":1,"name":"Inicio","item":"https:\/\/www.isdi.education\/es\/"},{"@type":"ListItem","position":2,"name":"Liderar la transformaci\u00f3n digital cuando el contexto ya no da tregua"}]},{"@type":"WebSite","@id":"https:\/\/www.isdi.education\/es\/#website","url":"https:\/\/www.isdi.education\/es\/","name":"ISDI Espa\u00f1a | La Escuela de Negocios de la Era Digital","description":"Descubre la formaci\u00f3n que te abrir\u00e1 las puertas a la era digital. Entra a formar parte de la primera escuela de negocios y direcci\u00f3n nativa digital.","publisher":{"@id":"https:\/\/www.isdi.education\/es\/#organization"},"inLanguage":"es"},{"@type":"Organization","@id":"https:\/\/www.isdi.education\/es\/#organization","name":"ISDI Espa\u00f1a | La Escuela de Negocios de la Era Digital","url":"https:\/\/www.isdi.education\/es\/","logo":{"@type":"ImageObject","inLanguage":"es","@id":"https:\/\/www.isdi.education\/es\/#\/schema\/logo\/image\/","url":"https:\/\/www.isdi.education\/es\/wp-content\/uploads\/2024\/02\/cropped-Favicon.png","contentUrl":"https:\/\/www.isdi.education\/es\/wp-content\/uploads\/2024\/02\/cropped-Favicon.png","width":512,"height":512,"caption":"ISDI Espa\u00f1a | La Escuela de Negocios de la Era Digital"},"image":{"@id":"https:\/\/www.isdi.education\/es\/#\/schema\/logo\/image\/"},"sameAs":["https:\/\/www.facebook.com\/isdi.education","https:\/\/www.linkedin.com\/school\/isdi\/?originalSubdomain=es","https:\/\/www.instagram.com\/isdi_edu\/?hl=es","https:\/\/www.tiktok.com\/@isdi_edu","https:\/\/www.youtube.com\/user\/ISDItv"]},{"@type":"Person","@id":"https:\/\/www.isdi.education\/es\/#\/schema\/person\/19fabf69d8e9257590f649fc1a1f1b04","name":"Mat\u00edas Pollier Bouillet","image":{"@type":"ImageObject","inLanguage":"es","@id":"https:\/\/www.isdi.education\/es\/wp-content\/litespeed\/avatar\/1\/76d919e9bd75a4169f7fbb3bdc64ca4a.jpg?ver=1777024202","url":"https:\/\/www.isdi.education\/es\/wp-content\/litespeed\/avatar\/1\/76d919e9bd75a4169f7fbb3bdc64ca4a.jpg?ver=1777024202","contentUrl":"https:\/\/www.isdi.education\/es\/wp-content\/litespeed\/avatar\/1\/76d919e9bd75a4169f7fbb3bdc64ca4a.jpg?ver=1777024202","caption":"Mat\u00edas Pollier Bouillet"},"url":"https:\/\/www.isdi.education\/es\/author\/mati"}]}},"_links":{"self":[{"href":"https:\/\/www.isdi.education\/es\/wp-json\/wp\/v2\/posts\/44489","targetHints":{"allow":["GET"]}}],"collection":[{"href":"https:\/\/www.isdi.education\/es\/wp-json\/wp\/v2\/posts"}],"about":[{"href":"https:\/\/www.isdi.education\/es\/wp-json\/wp\/v2\/types\/post"}],"author":[{"embeddable":true,"href":"https:\/\/www.isdi.education\/es\/wp-json\/wp\/v2\/users\/20"}],"replies":[{"embeddable":true,"href":"https:\/\/www.isdi.education\/es\/wp-json\/wp\/v2\/comments?post=44489"}],"version-history":[{"count":0,"href":"https:\/\/www.isdi.education\/es\/wp-json\/wp\/v2\/posts\/44489\/revisions"}],"wp:featuredmedia":[{"embeddable":true,"href":"https:\/\/www.isdi.education\/es\/wp-json\/wp\/v2\/media\/44500"}],"wp:attachment":[{"href":"https:\/\/www.isdi.education\/es\/wp-json\/wp\/v2\/media?parent=44489"}],"wp:term":[{"taxonomy":"category","embeddable":true,"href":"https:\/\/www.isdi.education\/es\/wp-json\/wp\/v2\/categories?post=44489"},{"taxonomy":"post_tag","embeddable":true,"href":"https:\/\/www.isdi.education\/es\/wp-json\/wp\/v2\/tags?post=44489"}],"curies":[{"name":"wp","href":"https:\/\/api.w.org\/{rel}","templated":true}]}}