{"id":44143,"date":"2026-01-22T11:58:04","date_gmt":"2026-01-22T10:58:04","guid":{"rendered":"https:\/\/www.isdi.education\/es\/?p=44143"},"modified":"2026-01-22T13:34:36","modified_gmt":"2026-01-22T12:34:36","slug":"especializarse_sin_perder_relevancia_en_2026","status":"publish","type":"post","link":"https:\/\/www.isdi.education\/es\/blog\/especializarse_sin_perder_relevancia_en_2026","title":{"rendered":"Especializarse sin perder relevancia: el dilema del profesional digital en 2026."},"content":{"rendered":"<p><span style=\"font-weight: 400\">En los \u00faltimos a\u00f1os, la recomendaci\u00f3n ha sido casi un\u00e1nime: especial\u00edzate.<\/span><span style=\"font-weight: 400\"><br \/>\n<\/span><span style=\"font-weight: 400\">Especial\u00edzate en datos, en IA, en marketing digital, en automatizaci\u00f3n. En un entorno cada vez m\u00e1s complejo, la especializaci\u00f3n parec\u00eda la respuesta l\u00f3gica para ganar empleabilidad y proyecci\u00f3n profesional.<\/span><\/p>\n<p><span style=\"font-weight: 400\">Sin embargo, a medida que el mercado madura, empieza a emerger una pregunta m\u00e1s inc\u00f3moda:<\/span><span style=\"font-weight: 400\"><br \/>\n<\/span><b>\u00bfespecializarse en qu\u00e9, y desde qu\u00e9 enfoque?<\/b><\/p>\n<p><span style=\"font-weight: 400\">Porque no toda especializaci\u00f3n genera ventaja. Algunas, de hecho, la erosionan.<\/span><\/p>\n<h3><b>Cuando la especializaci\u00f3n deja de sumar<\/b><\/h3>\n<p><span style=\"font-weight: 400\">En 2026, muchas organizaciones se encuentran con perfiles muy especializados\u2026 que no consiguen generar impacto real. Profesionales con un dominio t\u00e9cnico elevado, pero con dificultades para:<\/span><\/p>\n<ul>\n<li style=\"font-weight: 400\"><span style=\"font-weight: 400\">conectar su trabajo con objetivos de negocio,<\/span><\/li>\n<li style=\"font-weight: 400\"><span style=\"font-weight: 400\">priorizar en entornos de incertidumbre,<\/span><\/li>\n<li style=\"font-weight: 400\"><span style=\"font-weight: 400\">o tomar decisiones m\u00e1s all\u00e1 de su \u00e1rea concreta.<\/span><\/li>\n<\/ul>\n<p>&nbsp;<\/p>\n<p><span style=\"font-weight: 400\">Esto ha generado una paradoja clara: <\/span><b>nunca ha habido tantos especialistas y, sin embargo, sigue habiendo escasez de perfiles capaces de liderar proyectos digitales complejos.<\/b><\/p>\n<p><span style=\"font-weight: 400\">El problema no es la especializaci\u00f3n en s\u00ed, sino el <\/span><b>tipo de especializaci\u00f3n.\u00a0<\/b><\/p>\n<h3><b>Data, IA y marketing: un nuevo n\u00facleo de valor<\/b><\/h3>\n<p><span style=\"font-weight: 400\">Uno de los aprendizajes m\u00e1s claros de los \u00faltimos a\u00f1os es que la especializaci\u00f3n puramente t\u00e9cnica tiene fecha de caducidad. Las herramientas cambian, los modelos evolucionan y muchas tareas se automatizan.<\/span><\/p>\n<p><span style=\"font-weight: 400\">El World Economic Forum, en su <\/span><i><span style=\"font-weight: 400\">Future of Jobs Report 2025<\/span><\/i><span style=\"font-weight: 400\">, lo confirma con claridad. A partir de la opini\u00f3n de m\u00e1s de 1.000 empleadores globales, identifica como cr\u00edticas para los pr\u00f3ximos a\u00f1os competencias como:<\/span><\/p>\n<ul>\n<li style=\"font-weight: 400\"><i><span style=\"font-weight: 400\">analytical thinking<\/span><\/i><span style=\"font-weight: 400\"> (pensamiento anal\u00edtico),<\/span><\/li>\n<li style=\"font-weight: 400\"><i><span style=\"font-weight: 400\">leadership and social influence<\/span><\/i><span style=\"font-weight: 400\"> (liderazgo e influencia social).<\/span><\/li>\n<\/ul>\n<p>&nbsp;<\/p>\n<p><span style=\"font-weight: 400\">Ambas implican algo que va m\u00e1s all\u00e1 del conocimiento t\u00e9cnico: <\/span><b>criterio de decisi\u00f3n, priorizaci\u00f3n y acci\u00f3n en entornos complejos.<\/b><\/p>\n<p><span style=\"font-weight: 400\">El mismo informe se\u00f1ala, adem\u00e1s, que:<\/span><\/p>\n<ul>\n<li style=\"font-weight: 400\"><span style=\"font-weight: 400\">el <\/span><b>85% de los empleadores<\/b><span style=\"font-weight: 400\"> planea priorizar el <\/span><i><span style=\"font-weight: 400\">reskilling<\/span><\/i><span style=\"font-weight: 400\"> y <\/span><i><span style=\"font-weight: 400\">upskilling<\/span><\/i><span style=\"font-weight: 400\"> de sus equipos,<\/span><\/li>\n<li style=\"font-weight: 400\"><span style=\"font-weight: 400\">y el <\/span><b>70% espera contratar talento <\/b><span style=\"font-weight: 400\">con nuevas habilidades vinculadas a an\u00e1lisis, resoluci\u00f3n de problemas y toma de decisiones.<\/span><\/li>\n<\/ul>\n<p>&nbsp;<\/p>\n<p><span style=\"font-weight: 400\">El mensaje es claro: las empresas no buscan solo profesionales que \u201csepan usar\u201d tecnolog\u00eda, sino perfiles capaces de usarla con criterio en contextos reales.<\/span><\/p>\n<h3><b>La especializaci\u00f3n que crea valor hoy<\/b><\/h3>\n<p><span style=\"font-weight: 400\">A la luz de estos cambios, la especializaci\u00f3n que marcar\u00e1 la diferencia en 2026 tiene tres rasgos claros:<\/span><\/p>\n<ol>\n<li style=\"font-weight: 400\"><b>Est\u00e1 conectada con el negocio:<\/b><b><br \/>\n<\/b><span style=\"font-weight: 400\">No se limita a dominar una disciplina, sino a entender c\u00f3mo genera valor econ\u00f3mico, estrat\u00e9gico y organizativo.<\/span><\/li>\n<li style=\"font-weight: 400\"><b>Es aplicable en contextos reales:<\/b><b><br \/>\n<\/b><span style=\"font-weight: 400\">No vive en escenarios ideales, sino en organizaciones con limitaciones, presi\u00f3n y decisiones imperfectas.<\/span><\/li>\n<li style=\"font-weight: 400\"><b>Permite evolucionar:<\/b><b><br \/>\n<\/b><span style=\"font-weight: 400\">No encierra al profesional en un rol est\u00e1tico, sino que le da herramientas para crecer hacia posiciones de mayor impacto y liderazgo.<\/span><\/li>\n<\/ol>\n<p>&nbsp;<\/p>\n<p><span style=\"font-weight: 400\">Por eso, \u00e1reas como datos, IA o marketing digital siguen siendo clave, pero solo cuando se abordan desde una l\u00f3gica de negocio y ejecuci\u00f3n, no desde la acumulaci\u00f3n de conocimientos t\u00e9cnicos.<\/span><\/p>\n<h3><b>El verdadero dilema profesional<\/b><\/h3>\n<p><span style=\"font-weight: 400\">Llegados a este punto, el dilema ya no es si especializarse o no, sino <\/span><b>c\u00f3mo hacerlo sin perder relevancia a medio plazo.<\/b><\/p>\n<p><span style=\"font-weight: 400\">Muchos profesionales intuyen que necesitan profundizar, pero temen quedar encasillados o desconectados de la visi\u00f3n global del negocio. Esa tensi\u00f3n es leg\u00edtima y, bien gestionada, puede convertirse en una ventaja competitiva.<\/span><\/p>\n<p><span style=\"font-weight: 400\">La clave est\u00e1 en elegir formaciones y experiencias que no ense\u00f1en solo qu\u00e9 hacer, sino por qu\u00e9 hacerlo y cu\u00e1ndo hacerlo.<\/span><\/p>\n<h3><b>Una decisi\u00f3n estrat\u00e9gica, no solo acad\u00e9mica<\/b><\/h3>\n<p><span style=\"font-weight: 400\">Especializarse ya no es una decisi\u00f3n acad\u00e9mica. Es una <\/span><b>decisi\u00f3n estrat\u00e9gica de carrera.<\/b><\/p>\n<p><span style=\"font-weight: 400\">No se trata de acumular t\u00edtulos, sino de desarrollar:<\/span><\/p>\n<ul>\n<li style=\"font-weight: 400\"><span style=\"font-weight: 400\">criterio,<\/span><\/li>\n<li style=\"font-weight: 400\"><span style=\"font-weight: 400\">capacidad de ejecuci\u00f3n,<\/span><\/li>\n<li style=\"font-weight: 400\"><span style=\"font-weight: 400\">y visi\u00f3n de impacto.<\/span><\/li>\n<\/ul>\n<p>&nbsp;<\/p>\n<p><span style=\"font-weight: 400\">Los profesionales que entienden este cambio no buscan convertirse en expertos aislados, sino en perfiles capaces de <\/span><b>liderar la intersecci\u00f3n entre tecnolog\u00eda, datos y negocio. <\/b><span style=\"font-weight: 400\">Ah\u00ed es donde hoy se construye la verdadera relevancia profesional.<\/span><\/p>\n<div class=\"cta-blog-box\"><div class=\"cta-copy\">S\u00e9 el l\u00edder transformador que domina la IA en tu empresa<\/div>    <div style=\"width: auto; align-self: flex-end; flex-direction: row;\" class=\"elementor-element elementor-element-2e5ed7c e-con-full e-flex e-con e-child\" data-id=\"2e5ed7c\" data-element_type=\"container\" id=\"btnRedBannerDiv\">\n        <div class=\"elementor-element elementor-element-8d35332 btnArrowCircle elementor-mobile-align-left elementor-widget elementor-widget-button\" data-id=\"8d35332\" data-element_type=\"widget\" id=\"btnRedBanner\" data-widget_type=\"button.default\">\n            <div class=\"elementor-widget-container\">\n                    <div class=\"elementor-button-wrapper\">\n                        <a style=\"text-decoration: none !important; background-color:transparent!important; padding-right: 0px;\" class=\"elementor-button elementor-button-link elementor-size-sm\" href=\"https:\/\/www.isdi.education\/es\/programas\/dibex-digital-business-executive-program\" target=\"_blank\">\n                            <span class=\"elementor-button-content-wrapper\">\n                                        <span class=\"elementor-button-text\">Ver m\u00e1s<\/span>\n                        <\/span>\n                        <\/a>\n                    <\/div>\n            <\/div>\n        <\/div>\n        <div class=\"elementor-element elementor-element-8fc238b elementor-widget__width-auto btnCircle elementor-view-default elementor-widget elementor-widget-icon\" data-id=\"8fc238b\" data-element_type=\"widget\" data-widget_type=\"icon.default\">\n            <div class=\"elementor-widget-container\">\n                <div class=\"elementor-icon-wrapper\">\n                    <a style=\"cursor:pointer\" class=\"elementor-icon\"  href=\"https:\/\/www.isdi.education\/es\/programas\/dibex-digital-business-executive-program\" target=\"_blank\">\n                        <svg xmlns=\"http:\/\/www.w3.org\/2000\/svg\" viewBox=\"0 0 80 20\" style=\"enable-background:new 0 0 80 20;\">\n                            <polygon points=\"9.5,0.5 8.5,1.5 16.2,9.2 0,9.2 0,10.8 16.2,10.8 8.5,18.5 9.5,19.5 19.1,10\"><\/polygon>\n                            <polygon points=\"70.5,0.5 69.4,1.5 77.1,9.2 60.9,9.2 60.9,10.8 77.1,10.8 69.4,18.5 70.5,19.5 80,10\"><\/polygon>\n                        <\/svg>\n                    <\/a>\n                <\/div>\n            <\/div>\n        <\/div>\n    <\/div><\/div><style>\n.single-post .hentry .elementor-widget-theme-post-content a.elementor-icon{\n    font-size:80px!important;\n}\n.cta-blog-box {\n    background-color: #d32f2f;\n    color: white;\n    padding: 30px 40px;\n    display: flex;\n    justify-content: space-between;\n    font-family: 'Helvetica Neue', sans-serif;\n    border-radius: 4px;\n    margin: 20px 0;\n    flex-direction: column;\n}\n.cta-copy {\n    \/*font-size: 18px;\n    line-height: 1.4;\n    font-weight: 300;*\/\n    text-transform: uppercase;\n    font-family: \"PP Neue\", Sans-serif;\n    font-size: 28px;\n    font-weight: 300;\n    line-height: 48px;\n    letter-spacing: -1px;\n}\n.cta-boton {\n    color: white;\n    font-size: 14px;\n    text-decoration: none !important;\n    display: flex;\n    align-items: center;\n    border: none;\n    background: none;\n    cursor: pointer;\n    font-weight: 400;\n}\n.single-post .hentry .elementor-widget-theme-post-content a.cta-boton{\n    text-decoration: none !important;\n    font-size: 80px !important;\n}\n.cta-boton .flecha {\n    display: inline-block;\n    margin-left: 8px;\n    font-size: 18px;\n    transform: translateY(1px);\n}\n.cta-boton:hover .flecha {\n    transform: translateX(3px);\n    transition: transform 0.3s ease;\n}\n@media(max-width: 600px) {\n    .cta-blog-box {\n        flex-direction: column;\n        gap: 20px;\n        text-align: center;\n    }\n}\n<\/style>\n","protected":false},"excerpt":{"rendered":"<p>En los \u00faltimos a\u00f1os, la recomendaci\u00f3n ha sido casi un\u00e1nime: especial\u00edzate. Especial\u00edzate en datos, en IA, en marketing digital, en automatizaci\u00f3n. En un entorno cada vez m\u00e1s complejo, la especializaci\u00f3n parec\u00eda la respuesta l\u00f3gica para ganar empleabilidad y proyecci\u00f3n profesional. Sin embargo, a medida que el mercado madura, empieza a emerger una pregunta m\u00e1s inc\u00f3moda:&#8230;<\/p>\n","protected":false},"author":20,"featured_media":44163,"comment_status":"closed","ping_status":"closed","sticky":false,"template":"","format":"standard","meta":{"_acf_changed":false,"footnotes":""},"categories":[77],"tags":[],"class_list":["post-44143","post","type-post","status-publish","format-standard","has-post-thumbnail","hentry","category-blog"],"acf":{"photo_gallery":{"galeria":[[]]}},"yoast_head":"<!-- This site is optimized with the Yoast SEO plugin v27.4 - https:\/\/yoast.com\/product\/yoast-seo-wordpress\/ -->\n<title>Especializarse sin perder relevancia: el dilema del profesional digital en 2026. - ISDI Espa\u00f1a<\/title>\n<meta name=\"description\" content=\"En los \u00faltimos a\u00f1os, la recomendaci\u00f3n ha sido casi un\u00e1nime: especial\u00edzate.Especial\u00edzate en datos, en IA, en marketing digital, en automatizaci\u00f3n. En un entorno cada vez m\u00e1s complejo, la especializaci\u00f3n parec\u00eda la respuesta l\u00f3gica para ganar empleabilidad y proyecci\u00f3n profesional.\" \/>\n<meta name=\"robots\" content=\"index, follow, max-snippet:-1, max-image-preview:large, max-video-preview:-1\" \/>\n<link rel=\"canonical\" href=\"https:\/\/www.isdi.education\/es\/blog\/especializarse_sin_perder_relevancia_en_2026\" \/>\n<meta property=\"og:locale\" content=\"es_ES\" \/>\n<meta property=\"og:type\" content=\"article\" \/>\n<meta property=\"og:title\" content=\"Especializarse sin perder relevancia: el dilema del profesional digital en 2026. - ISDI Espa\u00f1a\" \/>\n<meta property=\"og:description\" content=\"En los \u00faltimos a\u00f1os, la recomendaci\u00f3n ha sido casi un\u00e1nime: especial\u00edzate.Especial\u00edzate en datos, en IA, en marketing digital, en automatizaci\u00f3n. En un entorno cada vez m\u00e1s complejo, la especializaci\u00f3n parec\u00eda la respuesta l\u00f3gica para ganar empleabilidad y proyecci\u00f3n profesional.\" \/>\n<meta property=\"og:url\" content=\"https:\/\/www.isdi.education\/es\/blog\/especializarse_sin_perder_relevancia_en_2026\" \/>\n<meta property=\"og:site_name\" content=\"ISDI Espa\u00f1a\" \/>\n<meta property=\"article:publisher\" content=\"https:\/\/www.facebook.com\/isdi.education\" \/>\n<meta property=\"article:published_time\" content=\"2026-01-22T10:58:04+00:00\" \/>\n<meta property=\"article:modified_time\" content=\"2026-01-22T12:34:36+00:00\" \/>\n<meta property=\"og:image\" content=\"https:\/\/www.isdi.education\/es\/wp-content\/uploads\/2026\/01\/diverse-people-using-their-phones-1_11zon-scaled.webp\" \/>\n\t<meta property=\"og:image:width\" content=\"2560\" \/>\n\t<meta property=\"og:image:height\" content=\"1693\" \/>\n\t<meta property=\"og:image:type\" content=\"image\/webp\" \/>\n<meta name=\"author\" content=\"Mat\u00edas Pollier Bouillet\" \/>\n<meta name=\"twitter:card\" content=\"summary_large_image\" \/>\n<meta name=\"twitter:label1\" content=\"Escrito por\" \/>\n\t<meta name=\"twitter:data1\" content=\"Mat\u00edas Pollier Bouillet\" \/>\n\t<meta name=\"twitter:label2\" content=\"Tiempo de lectura\" \/>\n\t<meta name=\"twitter:data2\" content=\"4 minutos\" \/>\n<script type=\"application\/ld+json\" class=\"yoast-schema-graph\">{\"@context\":\"https:\\\/\\\/schema.org\",\"@graph\":[{\"@type\":\"Article\",\"@id\":\"https:\\\/\\\/www.isdi.education\\\/es\\\/blog\\\/especializarse_sin_perder_relevancia_en_2026#article\",\"isPartOf\":{\"@id\":\"https:\\\/\\\/www.isdi.education\\\/es\\\/blog\\\/especializarse_sin_perder_relevancia_en_2026\"},\"author\":{\"name\":\"Mat\u00edas Pollier Bouillet\",\"@id\":\"https:\\\/\\\/www.isdi.education\\\/es\\\/#\\\/schema\\\/person\\\/19fabf69d8e9257590f649fc1a1f1b04\"},\"headline\":\"Especializarse sin perder relevancia: el dilema del profesional digital en 2026.\",\"datePublished\":\"2026-01-22T10:58:04+00:00\",\"dateModified\":\"2026-01-22T12:34:36+00:00\",\"mainEntityOfPage\":{\"@id\":\"https:\\\/\\\/www.isdi.education\\\/es\\\/blog\\\/especializarse_sin_perder_relevancia_en_2026\"},\"wordCount\":709,\"publisher\":{\"@id\":\"https:\\\/\\\/www.isdi.education\\\/es\\\/#organization\"},\"image\":{\"@id\":\"https:\\\/\\\/www.isdi.education\\\/es\\\/blog\\\/especializarse_sin_perder_relevancia_en_2026#primaryimage\"},\"thumbnailUrl\":\"https:\\\/\\\/www.isdi.education\\\/es\\\/wp-content\\\/uploads\\\/2026\\\/01\\\/diverse-people-using-their-phones-1_11zon-scaled.webp\",\"articleSection\":[\"Blog\"],\"inLanguage\":\"es\"},{\"@type\":\"WebPage\",\"@id\":\"https:\\\/\\\/www.isdi.education\\\/es\\\/blog\\\/especializarse_sin_perder_relevancia_en_2026\",\"url\":\"https:\\\/\\\/www.isdi.education\\\/es\\\/blog\\\/especializarse_sin_perder_relevancia_en_2026\",\"name\":\"Especializarse sin perder relevancia: el dilema del profesional digital en 2026. - ISDI Espa\u00f1a\",\"isPartOf\":{\"@id\":\"https:\\\/\\\/www.isdi.education\\\/es\\\/#website\"},\"primaryImageOfPage\":{\"@id\":\"https:\\\/\\\/www.isdi.education\\\/es\\\/blog\\\/especializarse_sin_perder_relevancia_en_2026#primaryimage\"},\"image\":{\"@id\":\"https:\\\/\\\/www.isdi.education\\\/es\\\/blog\\\/especializarse_sin_perder_relevancia_en_2026#primaryimage\"},\"thumbnailUrl\":\"https:\\\/\\\/www.isdi.education\\\/es\\\/wp-content\\\/uploads\\\/2026\\\/01\\\/diverse-people-using-their-phones-1_11zon-scaled.webp\",\"datePublished\":\"2026-01-22T10:58:04+00:00\",\"dateModified\":\"2026-01-22T12:34:36+00:00\",\"description\":\"En los \u00faltimos a\u00f1os, la recomendaci\u00f3n ha sido casi un\u00e1nime: especial\u00edzate.Especial\u00edzate en datos, en IA, en marketing digital, en automatizaci\u00f3n. En un entorno cada vez m\u00e1s complejo, la especializaci\u00f3n parec\u00eda la respuesta l\u00f3gica para ganar empleabilidad y proyecci\u00f3n profesional.\",\"breadcrumb\":{\"@id\":\"https:\\\/\\\/www.isdi.education\\\/es\\\/blog\\\/especializarse_sin_perder_relevancia_en_2026#breadcrumb\"},\"inLanguage\":\"es\",\"potentialAction\":[{\"@type\":\"ReadAction\",\"target\":[\"https:\\\/\\\/www.isdi.education\\\/es\\\/blog\\\/especializarse_sin_perder_relevancia_en_2026\"]}]},{\"@type\":\"ImageObject\",\"inLanguage\":\"es\",\"@id\":\"https:\\\/\\\/www.isdi.education\\\/es\\\/blog\\\/especializarse_sin_perder_relevancia_en_2026#primaryimage\",\"url\":\"https:\\\/\\\/www.isdi.education\\\/es\\\/wp-content\\\/uploads\\\/2026\\\/01\\\/diverse-people-using-their-phones-1_11zon-scaled.webp\",\"contentUrl\":\"https:\\\/\\\/www.isdi.education\\\/es\\\/wp-content\\\/uploads\\\/2026\\\/01\\\/diverse-people-using-their-phones-1_11zon-scaled.webp\",\"width\":2560,\"height\":1693,\"caption\":\"Especializarse sin perder relevancia: el dilema del profesional digital en 2026.\"},{\"@type\":\"BreadcrumbList\",\"@id\":\"https:\\\/\\\/www.isdi.education\\\/es\\\/blog\\\/especializarse_sin_perder_relevancia_en_2026#breadcrumb\",\"itemListElement\":[{\"@type\":\"ListItem\",\"position\":1,\"name\":\"Inicio\",\"item\":\"https:\\\/\\\/www.isdi.education\\\/es\\\/\"},{\"@type\":\"ListItem\",\"position\":2,\"name\":\"Especializarse sin perder relevancia: el dilema del profesional digital en 2026.\"}]},{\"@type\":\"WebSite\",\"@id\":\"https:\\\/\\\/www.isdi.education\\\/es\\\/#website\",\"url\":\"https:\\\/\\\/www.isdi.education\\\/es\\\/\",\"name\":\"ISDI Espa\u00f1a | La Escuela de Negocios de la Era Digital\",\"description\":\"Descubre la formaci\u00f3n que te abrir\u00e1 las puertas a la era digital. Entra a formar parte de la primera escuela de negocios y direcci\u00f3n nativa digital.\",\"publisher\":{\"@id\":\"https:\\\/\\\/www.isdi.education\\\/es\\\/#organization\"},\"inLanguage\":\"es\"},{\"@type\":\"Organization\",\"@id\":\"https:\\\/\\\/www.isdi.education\\\/es\\\/#organization\",\"name\":\"ISDI Espa\u00f1a | La Escuela de Negocios de la Era Digital\",\"url\":\"https:\\\/\\\/www.isdi.education\\\/es\\\/\",\"logo\":{\"@type\":\"ImageObject\",\"inLanguage\":\"es\",\"@id\":\"https:\\\/\\\/www.isdi.education\\\/es\\\/#\\\/schema\\\/logo\\\/image\\\/\",\"url\":\"https:\\\/\\\/www.isdi.education\\\/es\\\/wp-content\\\/uploads\\\/2024\\\/02\\\/cropped-Favicon.png\",\"contentUrl\":\"https:\\\/\\\/www.isdi.education\\\/es\\\/wp-content\\\/uploads\\\/2024\\\/02\\\/cropped-Favicon.png\",\"width\":512,\"height\":512,\"caption\":\"ISDI Espa\u00f1a | La Escuela de Negocios de la Era Digital\"},\"image\":{\"@id\":\"https:\\\/\\\/www.isdi.education\\\/es\\\/#\\\/schema\\\/logo\\\/image\\\/\"},\"sameAs\":[\"https:\\\/\\\/www.facebook.com\\\/isdi.education\",\"https:\\\/\\\/www.linkedin.com\\\/school\\\/isdi\\\/?originalSubdomain=es\",\"https:\\\/\\\/www.instagram.com\\\/isdi_edu\\\/?hl=es\",\"https:\\\/\\\/www.tiktok.com\\\/@isdi_edu\",\"https:\\\/\\\/www.youtube.com\\\/user\\\/ISDItv\"]},{\"@type\":\"Person\",\"@id\":\"https:\\\/\\\/www.isdi.education\\\/es\\\/#\\\/schema\\\/person\\\/19fabf69d8e9257590f649fc1a1f1b04\",\"name\":\"Mat\u00edas Pollier Bouillet\",\"image\":{\"@type\":\"ImageObject\",\"inLanguage\":\"es\",\"@id\":\"https:\\\/\\\/www.isdi.education\\\/es\\\/wp-content\\\/litespeed\\\/avatar\\\/1\\\/76d919e9bd75a4169f7fbb3bdc64ca4a.jpg?ver=1777024202\",\"url\":\"https:\\\/\\\/www.isdi.education\\\/es\\\/wp-content\\\/litespeed\\\/avatar\\\/1\\\/76d919e9bd75a4169f7fbb3bdc64ca4a.jpg?ver=1777024202\",\"contentUrl\":\"https:\\\/\\\/www.isdi.education\\\/es\\\/wp-content\\\/litespeed\\\/avatar\\\/1\\\/76d919e9bd75a4169f7fbb3bdc64ca4a.jpg?ver=1777024202\",\"caption\":\"Mat\u00edas Pollier Bouillet\"},\"url\":\"https:\\\/\\\/www.isdi.education\\\/es\\\/author\\\/mati\"}]}<\/script>\n<!-- \/ Yoast SEO plugin. -->","yoast_head_json":{"title":"Especializarse sin perder relevancia: el dilema del profesional digital en 2026. - ISDI Espa\u00f1a","description":"En los \u00faltimos a\u00f1os, la recomendaci\u00f3n ha sido casi un\u00e1nime: especial\u00edzate.Especial\u00edzate en datos, en IA, en marketing digital, en automatizaci\u00f3n. En un entorno cada vez m\u00e1s complejo, la especializaci\u00f3n parec\u00eda la respuesta l\u00f3gica para ganar empleabilidad y proyecci\u00f3n profesional.","robots":{"index":"index","follow":"follow","max-snippet":"max-snippet:-1","max-image-preview":"max-image-preview:large","max-video-preview":"max-video-preview:-1"},"canonical":"https:\/\/www.isdi.education\/es\/blog\/especializarse_sin_perder_relevancia_en_2026","og_locale":"es_ES","og_type":"article","og_title":"Especializarse sin perder relevancia: el dilema del profesional digital en 2026. - ISDI Espa\u00f1a","og_description":"En los \u00faltimos a\u00f1os, la recomendaci\u00f3n ha sido casi un\u00e1nime: especial\u00edzate.Especial\u00edzate en datos, en IA, en marketing digital, en automatizaci\u00f3n. En un entorno cada vez m\u00e1s complejo, la especializaci\u00f3n parec\u00eda la respuesta l\u00f3gica para ganar empleabilidad y proyecci\u00f3n profesional.","og_url":"https:\/\/www.isdi.education\/es\/blog\/especializarse_sin_perder_relevancia_en_2026","og_site_name":"ISDI Espa\u00f1a","article_publisher":"https:\/\/www.facebook.com\/isdi.education","article_published_time":"2026-01-22T10:58:04+00:00","article_modified_time":"2026-01-22T12:34:36+00:00","og_image":[{"width":2560,"height":1693,"url":"https:\/\/www.isdi.education\/es\/wp-content\/uploads\/2026\/01\/diverse-people-using-their-phones-1_11zon-scaled.webp","type":"image\/webp"}],"author":"Mat\u00edas Pollier Bouillet","twitter_card":"summary_large_image","twitter_misc":{"Escrito por":"Mat\u00edas Pollier Bouillet","Tiempo de lectura":"4 minutos"},"schema":{"@context":"https:\/\/schema.org","@graph":[{"@type":"Article","@id":"https:\/\/www.isdi.education\/es\/blog\/especializarse_sin_perder_relevancia_en_2026#article","isPartOf":{"@id":"https:\/\/www.isdi.education\/es\/blog\/especializarse_sin_perder_relevancia_en_2026"},"author":{"name":"Mat\u00edas Pollier Bouillet","@id":"https:\/\/www.isdi.education\/es\/#\/schema\/person\/19fabf69d8e9257590f649fc1a1f1b04"},"headline":"Especializarse sin perder relevancia: el dilema del profesional digital en 2026.","datePublished":"2026-01-22T10:58:04+00:00","dateModified":"2026-01-22T12:34:36+00:00","mainEntityOfPage":{"@id":"https:\/\/www.isdi.education\/es\/blog\/especializarse_sin_perder_relevancia_en_2026"},"wordCount":709,"publisher":{"@id":"https:\/\/www.isdi.education\/es\/#organization"},"image":{"@id":"https:\/\/www.isdi.education\/es\/blog\/especializarse_sin_perder_relevancia_en_2026#primaryimage"},"thumbnailUrl":"https:\/\/www.isdi.education\/es\/wp-content\/uploads\/2026\/01\/diverse-people-using-their-phones-1_11zon-scaled.webp","articleSection":["Blog"],"inLanguage":"es"},{"@type":"WebPage","@id":"https:\/\/www.isdi.education\/es\/blog\/especializarse_sin_perder_relevancia_en_2026","url":"https:\/\/www.isdi.education\/es\/blog\/especializarse_sin_perder_relevancia_en_2026","name":"Especializarse sin perder relevancia: el dilema del profesional digital en 2026. - ISDI Espa\u00f1a","isPartOf":{"@id":"https:\/\/www.isdi.education\/es\/#website"},"primaryImageOfPage":{"@id":"https:\/\/www.isdi.education\/es\/blog\/especializarse_sin_perder_relevancia_en_2026#primaryimage"},"image":{"@id":"https:\/\/www.isdi.education\/es\/blog\/especializarse_sin_perder_relevancia_en_2026#primaryimage"},"thumbnailUrl":"https:\/\/www.isdi.education\/es\/wp-content\/uploads\/2026\/01\/diverse-people-using-their-phones-1_11zon-scaled.webp","datePublished":"2026-01-22T10:58:04+00:00","dateModified":"2026-01-22T12:34:36+00:00","description":"En los \u00faltimos a\u00f1os, la recomendaci\u00f3n ha sido casi un\u00e1nime: especial\u00edzate.Especial\u00edzate en datos, en IA, en marketing digital, en automatizaci\u00f3n. En un entorno cada vez m\u00e1s complejo, la especializaci\u00f3n parec\u00eda la respuesta l\u00f3gica para ganar empleabilidad y proyecci\u00f3n profesional.","breadcrumb":{"@id":"https:\/\/www.isdi.education\/es\/blog\/especializarse_sin_perder_relevancia_en_2026#breadcrumb"},"inLanguage":"es","potentialAction":[{"@type":"ReadAction","target":["https:\/\/www.isdi.education\/es\/blog\/especializarse_sin_perder_relevancia_en_2026"]}]},{"@type":"ImageObject","inLanguage":"es","@id":"https:\/\/www.isdi.education\/es\/blog\/especializarse_sin_perder_relevancia_en_2026#primaryimage","url":"https:\/\/www.isdi.education\/es\/wp-content\/uploads\/2026\/01\/diverse-people-using-their-phones-1_11zon-scaled.webp","contentUrl":"https:\/\/www.isdi.education\/es\/wp-content\/uploads\/2026\/01\/diverse-people-using-their-phones-1_11zon-scaled.webp","width":2560,"height":1693,"caption":"Especializarse sin perder relevancia: el dilema del profesional digital en 2026."},{"@type":"BreadcrumbList","@id":"https:\/\/www.isdi.education\/es\/blog\/especializarse_sin_perder_relevancia_en_2026#breadcrumb","itemListElement":[{"@type":"ListItem","position":1,"name":"Inicio","item":"https:\/\/www.isdi.education\/es\/"},{"@type":"ListItem","position":2,"name":"Especializarse sin perder relevancia: el dilema del profesional digital en 2026."}]},{"@type":"WebSite","@id":"https:\/\/www.isdi.education\/es\/#website","url":"https:\/\/www.isdi.education\/es\/","name":"ISDI Espa\u00f1a | La Escuela de Negocios de la Era Digital","description":"Descubre la formaci\u00f3n que te abrir\u00e1 las puertas a la era digital. Entra a formar parte de la primera escuela de negocios y direcci\u00f3n nativa digital.","publisher":{"@id":"https:\/\/www.isdi.education\/es\/#organization"},"inLanguage":"es"},{"@type":"Organization","@id":"https:\/\/www.isdi.education\/es\/#organization","name":"ISDI Espa\u00f1a | La Escuela de Negocios de la Era Digital","url":"https:\/\/www.isdi.education\/es\/","logo":{"@type":"ImageObject","inLanguage":"es","@id":"https:\/\/www.isdi.education\/es\/#\/schema\/logo\/image\/","url":"https:\/\/www.isdi.education\/es\/wp-content\/uploads\/2024\/02\/cropped-Favicon.png","contentUrl":"https:\/\/www.isdi.education\/es\/wp-content\/uploads\/2024\/02\/cropped-Favicon.png","width":512,"height":512,"caption":"ISDI Espa\u00f1a | La Escuela de Negocios de la Era Digital"},"image":{"@id":"https:\/\/www.isdi.education\/es\/#\/schema\/logo\/image\/"},"sameAs":["https:\/\/www.facebook.com\/isdi.education","https:\/\/www.linkedin.com\/school\/isdi\/?originalSubdomain=es","https:\/\/www.instagram.com\/isdi_edu\/?hl=es","https:\/\/www.tiktok.com\/@isdi_edu","https:\/\/www.youtube.com\/user\/ISDItv"]},{"@type":"Person","@id":"https:\/\/www.isdi.education\/es\/#\/schema\/person\/19fabf69d8e9257590f649fc1a1f1b04","name":"Mat\u00edas Pollier Bouillet","image":{"@type":"ImageObject","inLanguage":"es","@id":"https:\/\/www.isdi.education\/es\/wp-content\/litespeed\/avatar\/1\/76d919e9bd75a4169f7fbb3bdc64ca4a.jpg?ver=1777024202","url":"https:\/\/www.isdi.education\/es\/wp-content\/litespeed\/avatar\/1\/76d919e9bd75a4169f7fbb3bdc64ca4a.jpg?ver=1777024202","contentUrl":"https:\/\/www.isdi.education\/es\/wp-content\/litespeed\/avatar\/1\/76d919e9bd75a4169f7fbb3bdc64ca4a.jpg?ver=1777024202","caption":"Mat\u00edas Pollier Bouillet"},"url":"https:\/\/www.isdi.education\/es\/author\/mati"}]}},"_links":{"self":[{"href":"https:\/\/www.isdi.education\/es\/wp-json\/wp\/v2\/posts\/44143","targetHints":{"allow":["GET"]}}],"collection":[{"href":"https:\/\/www.isdi.education\/es\/wp-json\/wp\/v2\/posts"}],"about":[{"href":"https:\/\/www.isdi.education\/es\/wp-json\/wp\/v2\/types\/post"}],"author":[{"embeddable":true,"href":"https:\/\/www.isdi.education\/es\/wp-json\/wp\/v2\/users\/20"}],"replies":[{"embeddable":true,"href":"https:\/\/www.isdi.education\/es\/wp-json\/wp\/v2\/comments?post=44143"}],"version-history":[{"count":0,"href":"https:\/\/www.isdi.education\/es\/wp-json\/wp\/v2\/posts\/44143\/revisions"}],"wp:featuredmedia":[{"embeddable":true,"href":"https:\/\/www.isdi.education\/es\/wp-json\/wp\/v2\/media\/44163"}],"wp:attachment":[{"href":"https:\/\/www.isdi.education\/es\/wp-json\/wp\/v2\/media?parent=44143"}],"wp:term":[{"taxonomy":"category","embeddable":true,"href":"https:\/\/www.isdi.education\/es\/wp-json\/wp\/v2\/categories?post=44143"},{"taxonomy":"post_tag","embeddable":true,"href":"https:\/\/www.isdi.education\/es\/wp-json\/wp\/v2\/tags?post=44143"}],"curies":[{"name":"wp","href":"https:\/\/api.w.org\/{rel}","templated":true}]}}