{"id":36097,"date":"2025-07-16T14:41:17","date_gmt":"2025-07-16T14:41:17","guid":{"rendered":"https:\/\/www.isdi.education\/es\/?p=36097"},"modified":"2025-07-17T10:52:35","modified_gmt":"2025-07-17T10:52:35","slug":"apple-revolucion-ia","status":"publish","type":"post","link":"https:\/\/www.isdi.education\/es\/blog\/apple-revolucion-ia","title":{"rendered":"Apple acelera su reinvenci\u00f3n impulsada por IA"},"content":{"rendered":"<p><span style=\"font-weight: 400;\">Durante la <\/span><b>WWDC 2025<\/b><span style=\"font-weight: 400;\">, Apple dej\u00f3 claro que su futuro estar\u00e1 profundamente ligado a la inteligencia artificial. Lejos de ser un mero a\u00f1adido, la IA se convierte en el eje de su estrategia tecnol\u00f3gica para redefinir la experiencia del usuario, competir en el terreno de los grandes modelos y reforzar su ecosistema con soluciones propias, locales y seguras.<\/span><\/p>\n<h2><span style=\"font-weight: 400;\">Apple Intelligence: el nuevo coraz\u00f3n del ecosistema<\/span><\/h2>\n<p><span style=\"font-weight: 400;\">La gran protagonista fue <\/span><b>Apple Intelligence<\/b><span style=\"font-weight: 400;\">, una suite de funcionalidades integradas directamente en los dispositivos que incorpora IA generativa y capacidades de an\u00e1lisis contextual en tiempo real. Esta innovaci\u00f3n se apoya en los nuevos chips A18 Pro y M4, lo que permite que muchas de estas funciones se ejecuten <\/span><b>on-device<\/b><span style=\"font-weight: 400;\">, reforzando privacidad y velocidad de respuesta.<\/span><\/p>\n<p><span style=\"font-weight: 400;\">Entre las funciones m\u00e1s destacadas:<\/span><\/p>\n<ul>\n<li style=\"font-weight: 400;\" aria-level=\"1\"><b>Traducci\u00f3n de llamadas en tiempo real<\/b><span style=\"font-weight: 400;\">, una herramienta que act\u00faa como un int\u00e9rprete simult\u00e1neo, ideal para comunicaciones globales.<\/span><\/li>\n<li style=\"font-weight: 400;\" aria-level=\"1\"><b>Res\u00famenes autom\u00e1ticos de textos<\/b><span style=\"font-weight: 400;\">, tanto en emails como en documentos, perfectos para mejorar la productividad.<\/span><\/li>\n<li style=\"font-weight: 400;\" aria-level=\"1\"><b>Generaci\u00f3n de im\u00e1genes personalizadas<\/b><span style=\"font-weight: 400;\">, integradas en apps nativas como Notas o Mensajes.<\/span><\/li>\n<li style=\"font-weight: 400;\" aria-level=\"1\"><b>Visual Intelligence<\/b><span style=\"font-weight: 400;\">, una funcionalidad que identifica elementos en fotos y v\u00eddeos, permitiendo b\u00fasquedas visuales m\u00e1s precisas o edici\u00f3n inteligente de contenido multimedia.<\/span><\/li>\n<\/ul>\n<p>&nbsp;<\/p>\n<p><span style=\"font-weight: 400;\">Todo esto apunta a una experiencia m\u00e1s fluida, con widgets predictivos, asistentes que entienden el contexto del usuario y una interfaz m\u00e1s din\u00e1mica e intuitiva.<\/span><\/p>\n<div class=\"cta-blog-box\"><div class=\"cta-copy\">Lidera la revoluci\u00f3n del dato en tu empresa<\/div>    <div style=\"width: auto; align-self: flex-end; flex-direction: row;\" class=\"elementor-element elementor-element-2e5ed7c e-con-full e-flex e-con e-child\" data-id=\"2e5ed7c\" data-element_type=\"container\" id=\"btnRedBannerDiv\">\n        <div class=\"elementor-element elementor-element-8d35332 btnArrowCircle elementor-mobile-align-left elementor-widget elementor-widget-button\" data-id=\"8d35332\" data-element_type=\"widget\" id=\"btnRedBanner\" data-widget_type=\"button.default\">\n            <div class=\"elementor-widget-container\">\n                    <div class=\"elementor-button-wrapper\">\n                        <a style=\"text-decoration: none !important; background-color:transparent!important; padding-right: 0px;\" class=\"elementor-button elementor-button-link elementor-size-sm\" href=\"https:\/\/www.isdi.education\/es\/programas\/mda-master-data-analysis\" target=\"_blank\">\n                            <span class=\"elementor-button-content-wrapper\">\n                                        <span class=\"elementor-button-text\">Conoce el MDA<\/span>\n                        <\/span>\n                        <\/a>\n                    <\/div>\n            <\/div>\n        <\/div>\n        <div class=\"elementor-element elementor-element-8fc238b elementor-widget__width-auto btnCircle elementor-view-default elementor-widget elementor-widget-icon\" data-id=\"8fc238b\" data-element_type=\"widget\" data-widget_type=\"icon.default\">\n            <div class=\"elementor-widget-container\">\n                <div class=\"elementor-icon-wrapper\">\n                    <a style=\"cursor:pointer\" class=\"elementor-icon\"  href=\"https:\/\/www.isdi.education\/es\/programas\/mda-master-data-analysis\" target=\"_blank\">\n                        <svg xmlns=\"http:\/\/www.w3.org\/2000\/svg\" viewBox=\"0 0 80 20\" style=\"enable-background:new 0 0 80 20;\">\n                            <polygon points=\"9.5,0.5 8.5,1.5 16.2,9.2 0,9.2 0,10.8 16.2,10.8 8.5,18.5 9.5,19.5 19.1,10\"><\/polygon>\n                            <polygon points=\"70.5,0.5 69.4,1.5 77.1,9.2 60.9,9.2 60.9,10.8 77.1,10.8 69.4,18.5 70.5,19.5 80,10\"><\/polygon>\n                        <\/svg>\n                    <\/a>\n                <\/div>\n            <\/div>\n        <\/div>\n    <\/div><\/div><style>\n.single-post .hentry .elementor-widget-theme-post-content a.elementor-icon{\n    font-size:80px!important;\n}\n.cta-blog-box {\n    background-color: #d32f2f;\n    color: white;\n    padding: 30px 40px;\n    display: flex;\n    justify-content: space-between;\n    font-family: 'Helvetica Neue', sans-serif;\n    border-radius: 4px;\n    margin: 20px 0;\n    flex-direction: column;\n}\n.cta-copy {\n    \/*font-size: 18px;\n    line-height: 1.4;\n    font-weight: 300;*\/\n    text-transform: uppercase;\n    font-family: \"PP Neue\", Sans-serif;\n    font-size: 28px;\n    font-weight: 300;\n    line-height: 48px;\n    letter-spacing: -1px;\n}\n.cta-boton {\n    color: white;\n    font-size: 14px;\n    text-decoration: none !important;\n    display: flex;\n    align-items: center;\n    border: none;\n    background: none;\n    cursor: pointer;\n    font-weight: 400;\n}\n.single-post .hentry .elementor-widget-theme-post-content a.cta-boton{\n    text-decoration: none !important;\n    font-size: 80px !important;\n}\n.cta-boton .flecha {\n    display: inline-block;\n    margin-left: 8px;\n    font-size: 18px;\n    transform: translateY(1px);\n}\n.cta-boton:hover .flecha {\n    transform: translateX(3px);\n    transition: transform 0.3s ease;\n}\n@media(max-width: 600px) {\n    .cta-blog-box {\n        flex-direction: column;\n        gap: 20px;\n        text-align: center;\n    }\n}\n<\/style>\n<p>&nbsp;<\/p>\n<h2><span style=\"font-weight: 400;\">Apple apuesta por su propia IA, no por la de otros<\/span><\/h2>\n<p><span style=\"font-weight: 400;\">A diferencia de otros gigantes tecnol\u00f3gicos, Apple ha optado por no depender de modelos externos como Gemini o ChatGPT. En su lugar, impulsa su propia infraestructura generativa, que combina potencia local y, cuando es necesario, computaci\u00f3n en la nube de forma segura y transparente.<\/span><\/p>\n<p><span style=\"font-weight: 400;\">Un movimiento clave en esta direcci\u00f3n es la <\/span><b>negociaci\u00f3n para adquirir Perplexity AI<\/b><span style=\"font-weight: 400;\">, el buscador conversacional que destaca por ofrecer respuestas generadas por IA acompa\u00f1adas de fuentes verificables. Esta adquisici\u00f3n permitir\u00eda a Apple:<\/span><\/p>\n<ul>\n<li style=\"font-weight: 400;\" aria-level=\"1\"><span style=\"font-weight: 400;\">Potenciar <\/span><b>Siri<\/b><span style=\"font-weight: 400;\"> como un verdadero asistente conversacional inteligente.<\/span><\/li>\n<li style=\"font-weight: 400;\" aria-level=\"1\"><span style=\"font-weight: 400;\">Crear una alternativa nativa a <\/span><b>Google Search<\/b><span style=\"font-weight: 400;\"> dentro del ecosistema Apple, tanto en <\/span><b>Safari<\/b><span style=\"font-weight: 400;\"> como en funciones de b\u00fasqueda interna en iOS.<\/span><\/li>\n<li style=\"font-weight: 400;\" aria-level=\"1\"><span style=\"font-weight: 400;\">Ofrecer una experiencia de b\u00fasqueda m\u00e1s transparente y segura, basada en la citaci\u00f3n de fuentes fiables.<\/span><\/li>\n<\/ul>\n<p>&nbsp;<\/p>\n<p><span style=\"font-weight: 400;\">Si se confirma esta compra, Apple reforzar\u00e1 su posici\u00f3n como un actor clave en la IA generativa, con control total sobre la experiencia, la privacidad del usuario y la integraci\u00f3n de sus servicios.<\/span><\/p>\n<h2><span style=\"font-weight: 400;\">Una reinvenci\u00f3n silenciosa pero estrat\u00e9gica<\/span><\/h2>\n<p><span style=\"font-weight: 400;\">Apple est\u00e1 siguiendo su tradicional enfoque incremental: sin promesas exageradas ni demostraciones rimbombantes, pero con una implementaci\u00f3n profunda, controlada y centrada en el usuario final. Este modelo contrasta con la carrera desenfrenada de otros competidores, y le permite ofrecer <\/span><b>tecnolog\u00eda invisible pero \u00fatil<\/b><span style=\"font-weight: 400;\">, que mejora el d\u00eda a d\u00eda sin que el usuario tenga que cambiar radicalmente su forma de interactuar.<\/span><\/p>\n<p><span style=\"font-weight: 400;\">El redise\u00f1o visual de iOS y macOS, el nuevo enfoque predictivo de los widgets, y las herramientas productivas potenciadas por IA, son una muestra de c\u00f3mo Apple entiende el futuro: <\/span><b>m\u00e1s inteligente, pero tambi\u00e9n m\u00e1s personal, local y responsable<\/b><span style=\"font-weight: 400;\">.<\/span><\/p>\n<p><span style=\"font-weight: 400;\">Apple ha entrado de lleno en la era de la inteligencia artificial con una estrategia clara: control total sobre la experiencia del usuario, apuesta por la privacidad, y diferenciaci\u00f3n tecnol\u00f3gica gracias a chips propios y funcionalidades on-device. Con <\/span><b>Apple Intelligence<\/b><span style=\"font-weight: 400;\">, traducci\u00f3n simult\u00e1nea, generaci\u00f3n de im\u00e1genes, res\u00famenes autom\u00e1ticos y una posible alternativa a Google, la compa\u00f1\u00eda redefine su propuesta de valor en el mercado.<\/span><\/p>\n<p><span style=\"font-weight: 400;\">No solo busca competir con los gigantes de la IA: quiere marcar su propio camino. Un camino que sit\u00faa al usuario \u2014y no al modelo de datos\u2014 en el centro.<\/span><\/p>\n","protected":false},"excerpt":{"rendered":"<p>Durante la WWDC 2025, Apple dej\u00f3 claro que su futuro estar\u00e1 profundamente ligado a la inteligencia artificial. Lejos de ser un mero a\u00f1adido, la IA se convierte en el eje de su estrategia tecnol\u00f3gica para redefinir la experiencia del usuario, competir en el terreno de los grandes modelos y reforzar su ecosistema con soluciones propias,&#8230;<\/p>\n","protected":false},"author":23,"featured_media":36098,"comment_status":"closed","ping_status":"closed","sticky":false,"template":"","format":"standard","meta":{"_acf_changed":false,"footnotes":""},"categories":[1],"tags":[],"class_list":["post-36097","post","type-post","status-publish","format-standard","has-post-thumbnail","hentry","category-noticias-isdi"],"acf":{"photo_gallery":{"galeria":[[]]}},"yoast_head":"<!-- This site is optimized with the Yoast SEO plugin v27.4 - https:\/\/yoast.com\/product\/yoast-seo-wordpress\/ -->\n<title>Apple y la revoluci\u00f3n IA 2025<\/title>\n<meta name=\"description\" content=\"Apple lanza &quot;Apple Intelligence&quot; y da un salto en IA generativa. Traducci\u00f3n en tiempo real, im\u00e1genes personalizadas y una Siri m\u00e1s potente est\u00e1n en camino.\" \/>\n<meta name=\"robots\" content=\"index, follow, max-snippet:-1, max-image-preview:large, max-video-preview:-1\" \/>\n<link rel=\"canonical\" href=\"https:\/\/www.isdi.education\/es\/blog\/apple-revolucion-ia\" \/>\n<meta property=\"og:locale\" content=\"es_ES\" \/>\n<meta property=\"og:type\" content=\"article\" \/>\n<meta property=\"og:title\" content=\"Apple y la revoluci\u00f3n IA 2025\" \/>\n<meta property=\"og:description\" content=\"Apple lanza &quot;Apple Intelligence&quot; y da un salto en IA generativa. Traducci\u00f3n en tiempo real, im\u00e1genes personalizadas y una Siri m\u00e1s potente est\u00e1n en camino.\" \/>\n<meta property=\"og:url\" content=\"https:\/\/www.isdi.education\/es\/blog\/apple-revolucion-ia\" \/>\n<meta property=\"og:site_name\" content=\"ISDI Espa\u00f1a\" \/>\n<meta property=\"article:publisher\" content=\"https:\/\/www.facebook.com\/isdi.education\" \/>\n<meta property=\"article:published_time\" content=\"2025-07-16T14:41:17+00:00\" \/>\n<meta property=\"article:modified_time\" content=\"2025-07-17T10:52:35+00:00\" \/>\n<meta property=\"og:image\" content=\"https:\/\/www.isdi.education\/es\/wp-content\/uploads\/2025\/07\/Apple-acelera-su-reinvencion-impulsada-por-IA-scaled.webp\" \/>\n\t<meta property=\"og:image:width\" content=\"2560\" \/>\n\t<meta property=\"og:image:height\" content=\"1708\" \/>\n\t<meta property=\"og:image:type\" content=\"image\/webp\" \/>\n<meta name=\"author\" content=\"infofuturo\" \/>\n<meta name=\"twitter:card\" content=\"summary_large_image\" \/>\n<meta name=\"twitter:label1\" content=\"Escrito por\" \/>\n\t<meta name=\"twitter:data1\" content=\"infofuturo\" \/>\n\t<meta name=\"twitter:label2\" content=\"Tiempo de lectura\" \/>\n\t<meta name=\"twitter:data2\" content=\"3 minutos\" \/>\n<script type=\"application\/ld+json\" class=\"yoast-schema-graph\">{\"@context\":\"https:\\\/\\\/schema.org\",\"@graph\":[{\"@type\":\"Article\",\"@id\":\"https:\\\/\\\/www.isdi.education\\\/es\\\/blog\\\/apple-revolucion-ia#article\",\"isPartOf\":{\"@id\":\"https:\\\/\\\/www.isdi.education\\\/es\\\/blog\\\/apple-revolucion-ia\"},\"author\":{\"name\":\"infofuturo\",\"@id\":\"https:\\\/\\\/www.isdi.education\\\/es\\\/#\\\/schema\\\/person\\\/9f30c33eda685abbcfaabf1e7b9e9f76\"},\"headline\":\"Apple acelera su reinvenci\u00f3n impulsada por IA\",\"datePublished\":\"2025-07-16T14:41:17+00:00\",\"dateModified\":\"2025-07-17T10:52:35+00:00\",\"mainEntityOfPage\":{\"@id\":\"https:\\\/\\\/www.isdi.education\\\/es\\\/blog\\\/apple-revolucion-ia\"},\"wordCount\":674,\"publisher\":{\"@id\":\"https:\\\/\\\/www.isdi.education\\\/es\\\/#organization\"},\"image\":{\"@id\":\"https:\\\/\\\/www.isdi.education\\\/es\\\/blog\\\/apple-revolucion-ia#primaryimage\"},\"thumbnailUrl\":\"https:\\\/\\\/www.isdi.education\\\/es\\\/wp-content\\\/uploads\\\/2025\\\/07\\\/Apple-acelera-su-reinvencion-impulsada-por-IA-scaled.webp\",\"articleSection\":[\"Noticias ISDI\"],\"inLanguage\":\"es\"},{\"@type\":\"WebPage\",\"@id\":\"https:\\\/\\\/www.isdi.education\\\/es\\\/blog\\\/apple-revolucion-ia\",\"url\":\"https:\\\/\\\/www.isdi.education\\\/es\\\/blog\\\/apple-revolucion-ia\",\"name\":\"Apple y la revoluci\u00f3n IA 2025\",\"isPartOf\":{\"@id\":\"https:\\\/\\\/www.isdi.education\\\/es\\\/#website\"},\"primaryImageOfPage\":{\"@id\":\"https:\\\/\\\/www.isdi.education\\\/es\\\/blog\\\/apple-revolucion-ia#primaryimage\"},\"image\":{\"@id\":\"https:\\\/\\\/www.isdi.education\\\/es\\\/blog\\\/apple-revolucion-ia#primaryimage\"},\"thumbnailUrl\":\"https:\\\/\\\/www.isdi.education\\\/es\\\/wp-content\\\/uploads\\\/2025\\\/07\\\/Apple-acelera-su-reinvencion-impulsada-por-IA-scaled.webp\",\"datePublished\":\"2025-07-16T14:41:17+00:00\",\"dateModified\":\"2025-07-17T10:52:35+00:00\",\"description\":\"Apple lanza \\\"Apple Intelligence\\\" y da un salto en IA generativa. Traducci\u00f3n en tiempo real, im\u00e1genes personalizadas y una Siri m\u00e1s potente est\u00e1n en camino.\",\"breadcrumb\":{\"@id\":\"https:\\\/\\\/www.isdi.education\\\/es\\\/blog\\\/apple-revolucion-ia#breadcrumb\"},\"inLanguage\":\"es\",\"potentialAction\":[{\"@type\":\"ReadAction\",\"target\":[\"https:\\\/\\\/www.isdi.education\\\/es\\\/blog\\\/apple-revolucion-ia\"]}]},{\"@type\":\"ImageObject\",\"inLanguage\":\"es\",\"@id\":\"https:\\\/\\\/www.isdi.education\\\/es\\\/blog\\\/apple-revolucion-ia#primaryimage\",\"url\":\"https:\\\/\\\/www.isdi.education\\\/es\\\/wp-content\\\/uploads\\\/2025\\\/07\\\/Apple-acelera-su-reinvencion-impulsada-por-IA-scaled.webp\",\"contentUrl\":\"https:\\\/\\\/www.isdi.education\\\/es\\\/wp-content\\\/uploads\\\/2025\\\/07\\\/Apple-acelera-su-reinvencion-impulsada-por-IA-scaled.webp\",\"width\":2560,\"height\":1708,\"caption\":\"Apple acelera su reinvenci\u00f3n impulsada por IA\"},{\"@type\":\"BreadcrumbList\",\"@id\":\"https:\\\/\\\/www.isdi.education\\\/es\\\/blog\\\/apple-revolucion-ia#breadcrumb\",\"itemListElement\":[{\"@type\":\"ListItem\",\"position\":1,\"name\":\"Inicio\",\"item\":\"https:\\\/\\\/www.isdi.education\\\/es\\\/\"},{\"@type\":\"ListItem\",\"position\":2,\"name\":\"Apple acelera su reinvenci\u00f3n impulsada por IA\"}]},{\"@type\":\"WebSite\",\"@id\":\"https:\\\/\\\/www.isdi.education\\\/es\\\/#website\",\"url\":\"https:\\\/\\\/www.isdi.education\\\/es\\\/\",\"name\":\"ISDI Espa\u00f1a | La Escuela de Negocios de la Era Digital\",\"description\":\"Descubre la formaci\u00f3n que te abrir\u00e1 las puertas a la era digital. Entra a formar parte de la primera escuela de negocios y direcci\u00f3n nativa digital.\",\"publisher\":{\"@id\":\"https:\\\/\\\/www.isdi.education\\\/es\\\/#organization\"},\"inLanguage\":\"es\"},{\"@type\":\"Organization\",\"@id\":\"https:\\\/\\\/www.isdi.education\\\/es\\\/#organization\",\"name\":\"ISDI Espa\u00f1a | La Escuela de Negocios de la Era Digital\",\"url\":\"https:\\\/\\\/www.isdi.education\\\/es\\\/\",\"logo\":{\"@type\":\"ImageObject\",\"inLanguage\":\"es\",\"@id\":\"https:\\\/\\\/www.isdi.education\\\/es\\\/#\\\/schema\\\/logo\\\/image\\\/\",\"url\":\"https:\\\/\\\/www.isdi.education\\\/es\\\/wp-content\\\/uploads\\\/2024\\\/02\\\/cropped-Favicon.png\",\"contentUrl\":\"https:\\\/\\\/www.isdi.education\\\/es\\\/wp-content\\\/uploads\\\/2024\\\/02\\\/cropped-Favicon.png\",\"width\":512,\"height\":512,\"caption\":\"ISDI Espa\u00f1a | La Escuela de Negocios de la Era Digital\"},\"image\":{\"@id\":\"https:\\\/\\\/www.isdi.education\\\/es\\\/#\\\/schema\\\/logo\\\/image\\\/\"},\"sameAs\":[\"https:\\\/\\\/www.facebook.com\\\/isdi.education\",\"https:\\\/\\\/www.linkedin.com\\\/school\\\/isdi\\\/?originalSubdomain=es\",\"https:\\\/\\\/www.instagram.com\\\/isdi_edu\\\/?hl=es\",\"https:\\\/\\\/www.tiktok.com\\\/@isdi_edu\",\"https:\\\/\\\/www.youtube.com\\\/user\\\/ISDItv\"]},{\"@type\":\"Person\",\"@id\":\"https:\\\/\\\/www.isdi.education\\\/es\\\/#\\\/schema\\\/person\\\/9f30c33eda685abbcfaabf1e7b9e9f76\",\"name\":\"infofuturo\",\"image\":{\"@type\":\"ImageObject\",\"inLanguage\":\"es\",\"@id\":\"https:\\\/\\\/www.isdi.education\\\/es\\\/wp-content\\\/litespeed\\\/avatar\\\/1\\\/06e1ec358746bcb8bb25471d95ddc6aa.jpg?ver=1776848319\",\"url\":\"https:\\\/\\\/www.isdi.education\\\/es\\\/wp-content\\\/litespeed\\\/avatar\\\/1\\\/06e1ec358746bcb8bb25471d95ddc6aa.jpg?ver=1776848319\",\"contentUrl\":\"https:\\\/\\\/www.isdi.education\\\/es\\\/wp-content\\\/litespeed\\\/avatar\\\/1\\\/06e1ec358746bcb8bb25471d95ddc6aa.jpg?ver=1776848319\",\"caption\":\"infofuturo\"},\"url\":\"https:\\\/\\\/www.isdi.education\\\/es\\\/author\\\/infofuturo\"}]}<\/script>\n<!-- \/ Yoast SEO plugin. -->","yoast_head_json":{"title":"Apple y la revoluci\u00f3n IA 2025","description":"Apple lanza \"Apple Intelligence\" y da un salto en IA generativa. Traducci\u00f3n en tiempo real, im\u00e1genes personalizadas y una Siri m\u00e1s potente est\u00e1n en camino.","robots":{"index":"index","follow":"follow","max-snippet":"max-snippet:-1","max-image-preview":"max-image-preview:large","max-video-preview":"max-video-preview:-1"},"canonical":"https:\/\/www.isdi.education\/es\/blog\/apple-revolucion-ia","og_locale":"es_ES","og_type":"article","og_title":"Apple y la revoluci\u00f3n IA 2025","og_description":"Apple lanza \"Apple Intelligence\" y da un salto en IA generativa. Traducci\u00f3n en tiempo real, im\u00e1genes personalizadas y una Siri m\u00e1s potente est\u00e1n en camino.","og_url":"https:\/\/www.isdi.education\/es\/blog\/apple-revolucion-ia","og_site_name":"ISDI Espa\u00f1a","article_publisher":"https:\/\/www.facebook.com\/isdi.education","article_published_time":"2025-07-16T14:41:17+00:00","article_modified_time":"2025-07-17T10:52:35+00:00","og_image":[{"width":2560,"height":1708,"url":"https:\/\/www.isdi.education\/es\/wp-content\/uploads\/2025\/07\/Apple-acelera-su-reinvencion-impulsada-por-IA-scaled.webp","type":"image\/webp"}],"author":"infofuturo","twitter_card":"summary_large_image","twitter_misc":{"Escrito por":"infofuturo","Tiempo de lectura":"3 minutos"},"schema":{"@context":"https:\/\/schema.org","@graph":[{"@type":"Article","@id":"https:\/\/www.isdi.education\/es\/blog\/apple-revolucion-ia#article","isPartOf":{"@id":"https:\/\/www.isdi.education\/es\/blog\/apple-revolucion-ia"},"author":{"name":"infofuturo","@id":"https:\/\/www.isdi.education\/es\/#\/schema\/person\/9f30c33eda685abbcfaabf1e7b9e9f76"},"headline":"Apple acelera su reinvenci\u00f3n impulsada por IA","datePublished":"2025-07-16T14:41:17+00:00","dateModified":"2025-07-17T10:52:35+00:00","mainEntityOfPage":{"@id":"https:\/\/www.isdi.education\/es\/blog\/apple-revolucion-ia"},"wordCount":674,"publisher":{"@id":"https:\/\/www.isdi.education\/es\/#organization"},"image":{"@id":"https:\/\/www.isdi.education\/es\/blog\/apple-revolucion-ia#primaryimage"},"thumbnailUrl":"https:\/\/www.isdi.education\/es\/wp-content\/uploads\/2025\/07\/Apple-acelera-su-reinvencion-impulsada-por-IA-scaled.webp","articleSection":["Noticias ISDI"],"inLanguage":"es"},{"@type":"WebPage","@id":"https:\/\/www.isdi.education\/es\/blog\/apple-revolucion-ia","url":"https:\/\/www.isdi.education\/es\/blog\/apple-revolucion-ia","name":"Apple y la revoluci\u00f3n IA 2025","isPartOf":{"@id":"https:\/\/www.isdi.education\/es\/#website"},"primaryImageOfPage":{"@id":"https:\/\/www.isdi.education\/es\/blog\/apple-revolucion-ia#primaryimage"},"image":{"@id":"https:\/\/www.isdi.education\/es\/blog\/apple-revolucion-ia#primaryimage"},"thumbnailUrl":"https:\/\/www.isdi.education\/es\/wp-content\/uploads\/2025\/07\/Apple-acelera-su-reinvencion-impulsada-por-IA-scaled.webp","datePublished":"2025-07-16T14:41:17+00:00","dateModified":"2025-07-17T10:52:35+00:00","description":"Apple lanza \"Apple Intelligence\" y da un salto en IA generativa. Traducci\u00f3n en tiempo real, im\u00e1genes personalizadas y una Siri m\u00e1s potente est\u00e1n en camino.","breadcrumb":{"@id":"https:\/\/www.isdi.education\/es\/blog\/apple-revolucion-ia#breadcrumb"},"inLanguage":"es","potentialAction":[{"@type":"ReadAction","target":["https:\/\/www.isdi.education\/es\/blog\/apple-revolucion-ia"]}]},{"@type":"ImageObject","inLanguage":"es","@id":"https:\/\/www.isdi.education\/es\/blog\/apple-revolucion-ia#primaryimage","url":"https:\/\/www.isdi.education\/es\/wp-content\/uploads\/2025\/07\/Apple-acelera-su-reinvencion-impulsada-por-IA-scaled.webp","contentUrl":"https:\/\/www.isdi.education\/es\/wp-content\/uploads\/2025\/07\/Apple-acelera-su-reinvencion-impulsada-por-IA-scaled.webp","width":2560,"height":1708,"caption":"Apple acelera su reinvenci\u00f3n impulsada por IA"},{"@type":"BreadcrumbList","@id":"https:\/\/www.isdi.education\/es\/blog\/apple-revolucion-ia#breadcrumb","itemListElement":[{"@type":"ListItem","position":1,"name":"Inicio","item":"https:\/\/www.isdi.education\/es\/"},{"@type":"ListItem","position":2,"name":"Apple acelera su reinvenci\u00f3n impulsada por IA"}]},{"@type":"WebSite","@id":"https:\/\/www.isdi.education\/es\/#website","url":"https:\/\/www.isdi.education\/es\/","name":"ISDI Espa\u00f1a | La Escuela de Negocios de la Era Digital","description":"Descubre la formaci\u00f3n que te abrir\u00e1 las puertas a la era digital. Entra a formar parte de la primera escuela de negocios y direcci\u00f3n nativa digital.","publisher":{"@id":"https:\/\/www.isdi.education\/es\/#organization"},"inLanguage":"es"},{"@type":"Organization","@id":"https:\/\/www.isdi.education\/es\/#organization","name":"ISDI Espa\u00f1a | La Escuela de Negocios de la Era Digital","url":"https:\/\/www.isdi.education\/es\/","logo":{"@type":"ImageObject","inLanguage":"es","@id":"https:\/\/www.isdi.education\/es\/#\/schema\/logo\/image\/","url":"https:\/\/www.isdi.education\/es\/wp-content\/uploads\/2024\/02\/cropped-Favicon.png","contentUrl":"https:\/\/www.isdi.education\/es\/wp-content\/uploads\/2024\/02\/cropped-Favicon.png","width":512,"height":512,"caption":"ISDI Espa\u00f1a | La Escuela de Negocios de la Era Digital"},"image":{"@id":"https:\/\/www.isdi.education\/es\/#\/schema\/logo\/image\/"},"sameAs":["https:\/\/www.facebook.com\/isdi.education","https:\/\/www.linkedin.com\/school\/isdi\/?originalSubdomain=es","https:\/\/www.instagram.com\/isdi_edu\/?hl=es","https:\/\/www.tiktok.com\/@isdi_edu","https:\/\/www.youtube.com\/user\/ISDItv"]},{"@type":"Person","@id":"https:\/\/www.isdi.education\/es\/#\/schema\/person\/9f30c33eda685abbcfaabf1e7b9e9f76","name":"infofuturo","image":{"@type":"ImageObject","inLanguage":"es","@id":"https:\/\/www.isdi.education\/es\/wp-content\/litespeed\/avatar\/1\/06e1ec358746bcb8bb25471d95ddc6aa.jpg?ver=1776848319","url":"https:\/\/www.isdi.education\/es\/wp-content\/litespeed\/avatar\/1\/06e1ec358746bcb8bb25471d95ddc6aa.jpg?ver=1776848319","contentUrl":"https:\/\/www.isdi.education\/es\/wp-content\/litespeed\/avatar\/1\/06e1ec358746bcb8bb25471d95ddc6aa.jpg?ver=1776848319","caption":"infofuturo"},"url":"https:\/\/www.isdi.education\/es\/author\/infofuturo"}]}},"_links":{"self":[{"href":"https:\/\/www.isdi.education\/es\/wp-json\/wp\/v2\/posts\/36097","targetHints":{"allow":["GET"]}}],"collection":[{"href":"https:\/\/www.isdi.education\/es\/wp-json\/wp\/v2\/posts"}],"about":[{"href":"https:\/\/www.isdi.education\/es\/wp-json\/wp\/v2\/types\/post"}],"author":[{"embeddable":true,"href":"https:\/\/www.isdi.education\/es\/wp-json\/wp\/v2\/users\/23"}],"replies":[{"embeddable":true,"href":"https:\/\/www.isdi.education\/es\/wp-json\/wp\/v2\/comments?post=36097"}],"version-history":[{"count":0,"href":"https:\/\/www.isdi.education\/es\/wp-json\/wp\/v2\/posts\/36097\/revisions"}],"wp:featuredmedia":[{"embeddable":true,"href":"https:\/\/www.isdi.education\/es\/wp-json\/wp\/v2\/media\/36098"}],"wp:attachment":[{"href":"https:\/\/www.isdi.education\/es\/wp-json\/wp\/v2\/media?parent=36097"}],"wp:term":[{"taxonomy":"category","embeddable":true,"href":"https:\/\/www.isdi.education\/es\/wp-json\/wp\/v2\/categories?post=36097"},{"taxonomy":"post_tag","embeddable":true,"href":"https:\/\/www.isdi.education\/es\/wp-json\/wp\/v2\/tags?post=36097"}],"curies":[{"name":"wp","href":"https:\/\/api.w.org\/{rel}","templated":true}]}}