{"id":36088,"date":"2025-07-16T14:34:01","date_gmt":"2025-07-16T14:34:01","guid":{"rendered":"https:\/\/www.isdi.education\/es\/?p=36088"},"modified":"2025-07-17T10:53:42","modified_gmt":"2025-07-17T10:53:42","slug":"meta-construye-ia-superinteligente","status":"publish","type":"post","link":"https:\/\/www.isdi.education\/es\/blog\/meta-construye-ia-superinteligente","title":{"rendered":"Meta se lanza a construir su propia \u201cIA superinteligente\u201d"},"content":{"rendered":"<p><span style=\"font-weight: 400;\">En junio de 2025, Meta dej\u00f3 claro que no quiere ser cliente en la revoluci\u00f3n de la inteligencia artificial. Quiere liderarla. Bajo la direcci\u00f3n de Mark Zuckerberg, la compa\u00f1\u00eda ha intensificado su apuesta por construir una <\/span><b>IA aut\u00f3noma, generalista y multimodal<\/b><span style=\"font-weight: 400;\">, con la ambici\u00f3n de desarrollar sistemas capaces de razonar y planificar como humanos, e integrarlos en productos cotidianos como WhatsApp, Instagram o los dispositivos Quest.<\/span><\/p>\n<p><span style=\"font-weight: 400;\">Este giro estrat\u00e9gico se refleja en tres movimientos clave: talento, inversi\u00f3n e infraestructura. Meta ha fichado a <\/span><b>Ruoming Pang<\/b><span style=\"font-weight: 400;\">, quien hasta ahora lideraba el desarrollo de grandes modelos ling\u00fc\u00edsticos (LLMs) en Apple, junto con <\/span><b>perfiles clave provenientes de Scale AI, Anthropic y otras startups punteras<\/b><span style=\"font-weight: 400;\">. La guerra por el talento en IA se ha convertido en un frente cr\u00edtico, y Meta ha decidido jugar en serio.<\/span><\/p>\n<h2><span style=\"font-weight: 400;\">Una inversi\u00f3n colosal y sin dependencias<\/span><\/h2>\n<p><span style=\"font-weight: 400;\">Meta est\u00e1 destinando <\/span><b>m\u00e1s de 10.000 millones de d\u00f3lares<\/b><span style=\"font-weight: 400;\"> al entrenamiento de modelos propios y al despliegue de infraestructuras independientes, evitando as\u00ed depender de actores como OpenAI o Google. Esta inversi\u00f3n abarca desde centros de datos hasta chips personalizados, pasando por nuevos datasets y herramientas de entrenamiento optimizadas.<\/span><\/p>\n<p><span style=\"font-weight: 400;\">Zuckerberg ha sido directo en sus declaraciones: OpenAI no es un socio, sino un competidor. La visi\u00f3n de Meta es convertirse en uno de los <\/span><b>tres grandes polos globales de la IA<\/b><span style=\"font-weight: 400;\">, junto a Microsoft-OpenAI y Google DeepMind, construyendo una alternativa soberana que controle todos los eslabones del desarrollo tecnol\u00f3gico.<\/span><\/p>\n<h2><span style=\"font-weight: 400;\">De producto a plataforma de IA<\/span><\/h2>\n<p><span style=\"font-weight: 400;\">La ambici\u00f3n de Meta no se limita a tener un modelo potente. Su verdadero objetivo es <\/span><b>hacer que esta inteligencia sea \u00fatil, ubicua e invisible<\/b><span style=\"font-weight: 400;\"> dentro de sus plataformas. Esto implica que los usuarios podr\u00e1n interactuar con agentes inteligentes dentro de Instagram, pedir ayuda a un asistente en WhatsApp o recibir sugerencias contextuales en sus gafas Quest, todo de forma natural y segura.<\/span><\/p>\n<p><span style=\"font-weight: 400;\">Adem\u00e1s, al entrenar modelos multimodales \u2014capaces de entender texto, imagen, voz y v\u00eddeo simult\u00e1neamente\u2014, Meta quiere redefinir la experiencia digital completa. No solo competir por precisi\u00f3n o velocidad, sino por <\/span><b>relevancia cultural y cercan\u00eda emocional<\/b><span style=\"font-weight: 400;\"> con el usuario.<\/span><\/p>\n<div class=\"cta-blog-box\"><div class=\"cta-copy\">Lleva tu visi\u00f3n ejecutiva al siguiente nivel<\/div>    <div style=\"width: auto; align-self: flex-end; flex-direction: row;\" class=\"elementor-element elementor-element-2e5ed7c e-con-full e-flex e-con e-child\" data-id=\"2e5ed7c\" data-element_type=\"container\" id=\"btnRedBannerDiv\">\n        <div class=\"elementor-element elementor-element-8d35332 btnArrowCircle elementor-mobile-align-left elementor-widget elementor-widget-button\" data-id=\"8d35332\" data-element_type=\"widget\" id=\"btnRedBanner\" data-widget_type=\"button.default\">\n            <div class=\"elementor-widget-container\">\n                    <div class=\"elementor-button-wrapper\">\n                        <a style=\"text-decoration: none !important; background-color:transparent!important; padding-right: 0px;\" class=\"elementor-button elementor-button-link elementor-size-sm\" href=\"https:\/\/www.isdi.education\/es\/programas\/dibex-digital-business-executive-program\" target=\"_blank\">\n                            <span class=\"elementor-button-content-wrapper\">\n                                        <span class=\"elementor-button-text\">F\u00f3rmate con DIBEX<\/span>\n                        <\/span>\n                        <\/a>\n                    <\/div>\n            <\/div>\n        <\/div>\n        <div class=\"elementor-element elementor-element-8fc238b elementor-widget__width-auto btnCircle elementor-view-default elementor-widget elementor-widget-icon\" data-id=\"8fc238b\" data-element_type=\"widget\" data-widget_type=\"icon.default\">\n            <div class=\"elementor-widget-container\">\n                <div class=\"elementor-icon-wrapper\">\n                    <a style=\"cursor:pointer\" class=\"elementor-icon\"  href=\"https:\/\/www.isdi.education\/es\/programas\/dibex-digital-business-executive-program\" target=\"_blank\">\n                        <svg xmlns=\"http:\/\/www.w3.org\/2000\/svg\" viewBox=\"0 0 80 20\" style=\"enable-background:new 0 0 80 20;\">\n                            <polygon points=\"9.5,0.5 8.5,1.5 16.2,9.2 0,9.2 0,10.8 16.2,10.8 8.5,18.5 9.5,19.5 19.1,10\"><\/polygon>\n                            <polygon points=\"70.5,0.5 69.4,1.5 77.1,9.2 60.9,9.2 60.9,10.8 77.1,10.8 69.4,18.5 70.5,19.5 80,10\"><\/polygon>\n                        <\/svg>\n                    <\/a>\n                <\/div>\n            <\/div>\n        <\/div>\n    <\/div><\/div><style>\n.single-post .hentry .elementor-widget-theme-post-content a.elementor-icon{\n    font-size:80px!important;\n}\n.cta-blog-box {\n    background-color: #d32f2f;\n    color: white;\n    padding: 30px 40px;\n    display: flex;\n    justify-content: space-between;\n    font-family: 'Helvetica Neue', sans-serif;\n    border-radius: 4px;\n    margin: 20px 0;\n    flex-direction: column;\n}\n.cta-copy {\n    \/*font-size: 18px;\n    line-height: 1.4;\n    font-weight: 300;*\/\n    text-transform: uppercase;\n    font-family: \"PP Neue\", Sans-serif;\n    font-size: 28px;\n    font-weight: 300;\n    line-height: 48px;\n    letter-spacing: -1px;\n}\n.cta-boton {\n    color: white;\n    font-size: 14px;\n    text-decoration: none !important;\n    display: flex;\n    align-items: center;\n    border: none;\n    background: none;\n    cursor: pointer;\n    font-weight: 400;\n}\n.single-post .hentry .elementor-widget-theme-post-content a.cta-boton{\n    text-decoration: none !important;\n    font-size: 80px !important;\n}\n.cta-boton .flecha {\n    display: inline-block;\n    margin-left: 8px;\n    font-size: 18px;\n    transform: translateY(1px);\n}\n.cta-boton:hover .flecha {\n    transform: translateX(3px);\n    transition: transform 0.3s ease;\n}\n@media(max-width: 600px) {\n    .cta-blog-box {\n        flex-direction: column;\n        gap: 20px;\n        text-align: center;\n    }\n}\n<\/style>\n<h2><span style=\"font-weight: 400;\">Implicaciones: poder tecnol\u00f3gico y social<\/span><\/h2>\n<p><span style=\"font-weight: 400;\">El movimiento de Meta no es solo tecnol\u00f3gico, sino tambi\u00e9n geopol\u00edtico y cultural. Dominar la IA del futuro significar\u00e1 tambi\u00e9n <\/span><b>moldear c\u00f3mo millones de personas se informan, comunican y crean<\/b><span style=\"font-weight: 400;\">. Por eso, esta carrera no es simplemente por modelos m\u00e1s grandes, sino por <\/span><b>influencia y autonom\u00eda a escala global<\/b><span style=\"font-weight: 400;\">.<\/span><\/p>\n<p><span style=\"font-weight: 400;\">El dominio de la inteligencia artificial se est\u00e1 redefiniendo no solo por el tama\u00f1o de los modelos, sino por qui\u00e9n puede integrarlos mejor en su ecosistema, proteger los datos del usuario y escalar su adopci\u00f3n masiva.<\/span><\/p>\n<p><span style=\"font-weight: 400;\">Meta ha pasado de ser un usuario avanzado de inteligencia artificial a querer convertirse en un actor soberano. Con una estrategia clara, recursos ilimitados y control total de la cadena de valor, est\u00e1 sentando las bases para una IA integrada, \u00fatil y aut\u00f3noma que compita directamente con los titanes actuales.<\/span><\/p>\n<p><span style=\"font-weight: 400;\">La carrera por la superinteligencia no es solo tecnol\u00f3gica: es estrat\u00e9gica. Y Meta ya est\u00e1 tomando posiciones para ser protagonista del pr\u00f3ximo gran cambio en el mundo digital.<\/span><\/p>\n","protected":false},"excerpt":{"rendered":"<p>En junio de 2025, Meta dej\u00f3 claro que no quiere ser cliente en la revoluci\u00f3n de la inteligencia artificial. Quiere liderarla. Bajo la direcci\u00f3n de Mark Zuckerberg, la compa\u00f1\u00eda ha intensificado su apuesta por construir una IA aut\u00f3noma, generalista y multimodal, con la ambici\u00f3n de desarrollar sistemas capaces de razonar y planificar como humanos, e&#8230;<\/p>\n","protected":false},"author":23,"featured_media":36089,"comment_status":"closed","ping_status":"closed","sticky":false,"template":"","format":"standard","meta":{"_acf_changed":false,"footnotes":""},"categories":[1],"tags":[],"class_list":["post-36088","post","type-post","status-publish","format-standard","has-post-thumbnail","hentry","category-noticias-isdi"],"acf":{"photo_gallery":{"galeria":[[]]}},"yoast_head":"<!-- This site is optimized with the Yoast SEO plugin v27.4 - https:\/\/yoast.com\/product\/yoast-seo-wordpress\/ -->\n<title>Meta apuesta por IA propia<\/title>\n<meta name=\"description\" content=\"Meta acelera su inversi\u00f3n en IA generalista y desaf\u00eda a OpenAI y Google. Busca liderar la pr\u00f3xima generaci\u00f3n de inteligencia artificial aut\u00f3noma.\" \/>\n<meta name=\"robots\" content=\"index, follow, max-snippet:-1, max-image-preview:large, max-video-preview:-1\" \/>\n<link rel=\"canonical\" href=\"https:\/\/www.isdi.education\/es\/blog\/meta-construye-ia-superinteligente\" \/>\n<meta property=\"og:locale\" content=\"es_ES\" \/>\n<meta property=\"og:type\" content=\"article\" \/>\n<meta property=\"og:title\" content=\"Meta apuesta por IA propia\" \/>\n<meta property=\"og:description\" content=\"Meta acelera su inversi\u00f3n en IA generalista y desaf\u00eda a OpenAI y Google. Busca liderar la pr\u00f3xima generaci\u00f3n de inteligencia artificial aut\u00f3noma.\" \/>\n<meta property=\"og:url\" content=\"https:\/\/www.isdi.education\/es\/blog\/meta-construye-ia-superinteligente\" \/>\n<meta property=\"og:site_name\" content=\"ISDI Espa\u00f1a\" \/>\n<meta property=\"article:publisher\" content=\"https:\/\/www.facebook.com\/isdi.education\" \/>\n<meta property=\"article:published_time\" content=\"2025-07-16T14:34:01+00:00\" \/>\n<meta property=\"article:modified_time\" content=\"2025-07-17T10:53:42+00:00\" \/>\n<meta property=\"og:image\" content=\"https:\/\/www.isdi.education\/es\/wp-content\/uploads\/2025\/07\/IA-superinteligente-scaled.webp\" \/>\n\t<meta property=\"og:image:width\" content=\"2560\" \/>\n\t<meta property=\"og:image:height\" content=\"1344\" \/>\n\t<meta property=\"og:image:type\" content=\"image\/webp\" \/>\n<meta name=\"author\" content=\"infofuturo\" \/>\n<meta name=\"twitter:card\" content=\"summary_large_image\" \/>\n<meta name=\"twitter:label1\" content=\"Escrito por\" \/>\n\t<meta name=\"twitter:data1\" content=\"infofuturo\" \/>\n\t<meta name=\"twitter:label2\" content=\"Tiempo de lectura\" \/>\n\t<meta name=\"twitter:data2\" content=\"3 minutos\" \/>\n<script type=\"application\/ld+json\" class=\"yoast-schema-graph\">{\"@context\":\"https:\\\/\\\/schema.org\",\"@graph\":[{\"@type\":\"Article\",\"@id\":\"https:\\\/\\\/www.isdi.education\\\/es\\\/blog\\\/meta-construye-ia-superinteligente#article\",\"isPartOf\":{\"@id\":\"https:\\\/\\\/www.isdi.education\\\/es\\\/blog\\\/meta-construye-ia-superinteligente\"},\"author\":{\"name\":\"infofuturo\",\"@id\":\"https:\\\/\\\/www.isdi.education\\\/es\\\/#\\\/schema\\\/person\\\/9f30c33eda685abbcfaabf1e7b9e9f76\"},\"headline\":\"Meta se lanza a construir su propia \u201cIA superinteligente\u201d\",\"datePublished\":\"2025-07-16T14:34:01+00:00\",\"dateModified\":\"2025-07-17T10:53:42+00:00\",\"mainEntityOfPage\":{\"@id\":\"https:\\\/\\\/www.isdi.education\\\/es\\\/blog\\\/meta-construye-ia-superinteligente\"},\"wordCount\":581,\"publisher\":{\"@id\":\"https:\\\/\\\/www.isdi.education\\\/es\\\/#organization\"},\"image\":{\"@id\":\"https:\\\/\\\/www.isdi.education\\\/es\\\/blog\\\/meta-construye-ia-superinteligente#primaryimage\"},\"thumbnailUrl\":\"https:\\\/\\\/www.isdi.education\\\/es\\\/wp-content\\\/uploads\\\/2025\\\/07\\\/IA-superinteligente-scaled.webp\",\"articleSection\":[\"Noticias ISDI\"],\"inLanguage\":\"es\"},{\"@type\":\"WebPage\",\"@id\":\"https:\\\/\\\/www.isdi.education\\\/es\\\/blog\\\/meta-construye-ia-superinteligente\",\"url\":\"https:\\\/\\\/www.isdi.education\\\/es\\\/blog\\\/meta-construye-ia-superinteligente\",\"name\":\"Meta apuesta por IA propia\",\"isPartOf\":{\"@id\":\"https:\\\/\\\/www.isdi.education\\\/es\\\/#website\"},\"primaryImageOfPage\":{\"@id\":\"https:\\\/\\\/www.isdi.education\\\/es\\\/blog\\\/meta-construye-ia-superinteligente#primaryimage\"},\"image\":{\"@id\":\"https:\\\/\\\/www.isdi.education\\\/es\\\/blog\\\/meta-construye-ia-superinteligente#primaryimage\"},\"thumbnailUrl\":\"https:\\\/\\\/www.isdi.education\\\/es\\\/wp-content\\\/uploads\\\/2025\\\/07\\\/IA-superinteligente-scaled.webp\",\"datePublished\":\"2025-07-16T14:34:01+00:00\",\"dateModified\":\"2025-07-17T10:53:42+00:00\",\"description\":\"Meta acelera su inversi\u00f3n en IA generalista y desaf\u00eda a OpenAI y Google. Busca liderar la pr\u00f3xima generaci\u00f3n de inteligencia artificial aut\u00f3noma.\",\"breadcrumb\":{\"@id\":\"https:\\\/\\\/www.isdi.education\\\/es\\\/blog\\\/meta-construye-ia-superinteligente#breadcrumb\"},\"inLanguage\":\"es\",\"potentialAction\":[{\"@type\":\"ReadAction\",\"target\":[\"https:\\\/\\\/www.isdi.education\\\/es\\\/blog\\\/meta-construye-ia-superinteligente\"]}]},{\"@type\":\"ImageObject\",\"inLanguage\":\"es\",\"@id\":\"https:\\\/\\\/www.isdi.education\\\/es\\\/blog\\\/meta-construye-ia-superinteligente#primaryimage\",\"url\":\"https:\\\/\\\/www.isdi.education\\\/es\\\/wp-content\\\/uploads\\\/2025\\\/07\\\/IA-superinteligente-scaled.webp\",\"contentUrl\":\"https:\\\/\\\/www.isdi.education\\\/es\\\/wp-content\\\/uploads\\\/2025\\\/07\\\/IA-superinteligente-scaled.webp\",\"width\":2560,\"height\":1344,\"caption\":\"Meta se lanza a construir su propia \u201cIA superinteligente\u201d\"},{\"@type\":\"BreadcrumbList\",\"@id\":\"https:\\\/\\\/www.isdi.education\\\/es\\\/blog\\\/meta-construye-ia-superinteligente#breadcrumb\",\"itemListElement\":[{\"@type\":\"ListItem\",\"position\":1,\"name\":\"Inicio\",\"item\":\"https:\\\/\\\/www.isdi.education\\\/es\\\/\"},{\"@type\":\"ListItem\",\"position\":2,\"name\":\"Meta se lanza a construir su propia \u201cIA superinteligente\u201d\"}]},{\"@type\":\"WebSite\",\"@id\":\"https:\\\/\\\/www.isdi.education\\\/es\\\/#website\",\"url\":\"https:\\\/\\\/www.isdi.education\\\/es\\\/\",\"name\":\"ISDI Espa\u00f1a | La Escuela de Negocios de la Era Digital\",\"description\":\"Descubre la formaci\u00f3n que te abrir\u00e1 las puertas a la era digital. Entra a formar parte de la primera escuela de negocios y direcci\u00f3n nativa digital.\",\"publisher\":{\"@id\":\"https:\\\/\\\/www.isdi.education\\\/es\\\/#organization\"},\"inLanguage\":\"es\"},{\"@type\":\"Organization\",\"@id\":\"https:\\\/\\\/www.isdi.education\\\/es\\\/#organization\",\"name\":\"ISDI Espa\u00f1a | La Escuela de Negocios de la Era Digital\",\"url\":\"https:\\\/\\\/www.isdi.education\\\/es\\\/\",\"logo\":{\"@type\":\"ImageObject\",\"inLanguage\":\"es\",\"@id\":\"https:\\\/\\\/www.isdi.education\\\/es\\\/#\\\/schema\\\/logo\\\/image\\\/\",\"url\":\"https:\\\/\\\/www.isdi.education\\\/es\\\/wp-content\\\/uploads\\\/2024\\\/02\\\/cropped-Favicon.png\",\"contentUrl\":\"https:\\\/\\\/www.isdi.education\\\/es\\\/wp-content\\\/uploads\\\/2024\\\/02\\\/cropped-Favicon.png\",\"width\":512,\"height\":512,\"caption\":\"ISDI Espa\u00f1a | La Escuela de Negocios de la Era Digital\"},\"image\":{\"@id\":\"https:\\\/\\\/www.isdi.education\\\/es\\\/#\\\/schema\\\/logo\\\/image\\\/\"},\"sameAs\":[\"https:\\\/\\\/www.facebook.com\\\/isdi.education\",\"https:\\\/\\\/www.linkedin.com\\\/school\\\/isdi\\\/?originalSubdomain=es\",\"https:\\\/\\\/www.instagram.com\\\/isdi_edu\\\/?hl=es\",\"https:\\\/\\\/www.tiktok.com\\\/@isdi_edu\",\"https:\\\/\\\/www.youtube.com\\\/user\\\/ISDItv\"]},{\"@type\":\"Person\",\"@id\":\"https:\\\/\\\/www.isdi.education\\\/es\\\/#\\\/schema\\\/person\\\/9f30c33eda685abbcfaabf1e7b9e9f76\",\"name\":\"infofuturo\",\"image\":{\"@type\":\"ImageObject\",\"inLanguage\":\"es\",\"@id\":\"https:\\\/\\\/www.isdi.education\\\/es\\\/wp-content\\\/litespeed\\\/avatar\\\/1\\\/06e1ec358746bcb8bb25471d95ddc6aa.jpg?ver=1776848319\",\"url\":\"https:\\\/\\\/www.isdi.education\\\/es\\\/wp-content\\\/litespeed\\\/avatar\\\/1\\\/06e1ec358746bcb8bb25471d95ddc6aa.jpg?ver=1776848319\",\"contentUrl\":\"https:\\\/\\\/www.isdi.education\\\/es\\\/wp-content\\\/litespeed\\\/avatar\\\/1\\\/06e1ec358746bcb8bb25471d95ddc6aa.jpg?ver=1776848319\",\"caption\":\"infofuturo\"},\"url\":\"https:\\\/\\\/www.isdi.education\\\/es\\\/author\\\/infofuturo\"}]}<\/script>\n<!-- \/ Yoast SEO plugin. -->","yoast_head_json":{"title":"Meta apuesta por IA propia","description":"Meta acelera su inversi\u00f3n en IA generalista y desaf\u00eda a OpenAI y Google. Busca liderar la pr\u00f3xima generaci\u00f3n de inteligencia artificial aut\u00f3noma.","robots":{"index":"index","follow":"follow","max-snippet":"max-snippet:-1","max-image-preview":"max-image-preview:large","max-video-preview":"max-video-preview:-1"},"canonical":"https:\/\/www.isdi.education\/es\/blog\/meta-construye-ia-superinteligente","og_locale":"es_ES","og_type":"article","og_title":"Meta apuesta por IA propia","og_description":"Meta acelera su inversi\u00f3n en IA generalista y desaf\u00eda a OpenAI y Google. Busca liderar la pr\u00f3xima generaci\u00f3n de inteligencia artificial aut\u00f3noma.","og_url":"https:\/\/www.isdi.education\/es\/blog\/meta-construye-ia-superinteligente","og_site_name":"ISDI Espa\u00f1a","article_publisher":"https:\/\/www.facebook.com\/isdi.education","article_published_time":"2025-07-16T14:34:01+00:00","article_modified_time":"2025-07-17T10:53:42+00:00","og_image":[{"width":2560,"height":1344,"url":"https:\/\/www.isdi.education\/es\/wp-content\/uploads\/2025\/07\/IA-superinteligente-scaled.webp","type":"image\/webp"}],"author":"infofuturo","twitter_card":"summary_large_image","twitter_misc":{"Escrito por":"infofuturo","Tiempo de lectura":"3 minutos"},"schema":{"@context":"https:\/\/schema.org","@graph":[{"@type":"Article","@id":"https:\/\/www.isdi.education\/es\/blog\/meta-construye-ia-superinteligente#article","isPartOf":{"@id":"https:\/\/www.isdi.education\/es\/blog\/meta-construye-ia-superinteligente"},"author":{"name":"infofuturo","@id":"https:\/\/www.isdi.education\/es\/#\/schema\/person\/9f30c33eda685abbcfaabf1e7b9e9f76"},"headline":"Meta se lanza a construir su propia \u201cIA superinteligente\u201d","datePublished":"2025-07-16T14:34:01+00:00","dateModified":"2025-07-17T10:53:42+00:00","mainEntityOfPage":{"@id":"https:\/\/www.isdi.education\/es\/blog\/meta-construye-ia-superinteligente"},"wordCount":581,"publisher":{"@id":"https:\/\/www.isdi.education\/es\/#organization"},"image":{"@id":"https:\/\/www.isdi.education\/es\/blog\/meta-construye-ia-superinteligente#primaryimage"},"thumbnailUrl":"https:\/\/www.isdi.education\/es\/wp-content\/uploads\/2025\/07\/IA-superinteligente-scaled.webp","articleSection":["Noticias ISDI"],"inLanguage":"es"},{"@type":"WebPage","@id":"https:\/\/www.isdi.education\/es\/blog\/meta-construye-ia-superinteligente","url":"https:\/\/www.isdi.education\/es\/blog\/meta-construye-ia-superinteligente","name":"Meta apuesta por IA propia","isPartOf":{"@id":"https:\/\/www.isdi.education\/es\/#website"},"primaryImageOfPage":{"@id":"https:\/\/www.isdi.education\/es\/blog\/meta-construye-ia-superinteligente#primaryimage"},"image":{"@id":"https:\/\/www.isdi.education\/es\/blog\/meta-construye-ia-superinteligente#primaryimage"},"thumbnailUrl":"https:\/\/www.isdi.education\/es\/wp-content\/uploads\/2025\/07\/IA-superinteligente-scaled.webp","datePublished":"2025-07-16T14:34:01+00:00","dateModified":"2025-07-17T10:53:42+00:00","description":"Meta acelera su inversi\u00f3n en IA generalista y desaf\u00eda a OpenAI y Google. Busca liderar la pr\u00f3xima generaci\u00f3n de inteligencia artificial aut\u00f3noma.","breadcrumb":{"@id":"https:\/\/www.isdi.education\/es\/blog\/meta-construye-ia-superinteligente#breadcrumb"},"inLanguage":"es","potentialAction":[{"@type":"ReadAction","target":["https:\/\/www.isdi.education\/es\/blog\/meta-construye-ia-superinteligente"]}]},{"@type":"ImageObject","inLanguage":"es","@id":"https:\/\/www.isdi.education\/es\/blog\/meta-construye-ia-superinteligente#primaryimage","url":"https:\/\/www.isdi.education\/es\/wp-content\/uploads\/2025\/07\/IA-superinteligente-scaled.webp","contentUrl":"https:\/\/www.isdi.education\/es\/wp-content\/uploads\/2025\/07\/IA-superinteligente-scaled.webp","width":2560,"height":1344,"caption":"Meta se lanza a construir su propia \u201cIA superinteligente\u201d"},{"@type":"BreadcrumbList","@id":"https:\/\/www.isdi.education\/es\/blog\/meta-construye-ia-superinteligente#breadcrumb","itemListElement":[{"@type":"ListItem","position":1,"name":"Inicio","item":"https:\/\/www.isdi.education\/es\/"},{"@type":"ListItem","position":2,"name":"Meta se lanza a construir su propia \u201cIA superinteligente\u201d"}]},{"@type":"WebSite","@id":"https:\/\/www.isdi.education\/es\/#website","url":"https:\/\/www.isdi.education\/es\/","name":"ISDI Espa\u00f1a | La Escuela de Negocios de la Era Digital","description":"Descubre la formaci\u00f3n que te abrir\u00e1 las puertas a la era digital. Entra a formar parte de la primera escuela de negocios y direcci\u00f3n nativa digital.","publisher":{"@id":"https:\/\/www.isdi.education\/es\/#organization"},"inLanguage":"es"},{"@type":"Organization","@id":"https:\/\/www.isdi.education\/es\/#organization","name":"ISDI Espa\u00f1a | La Escuela de Negocios de la Era Digital","url":"https:\/\/www.isdi.education\/es\/","logo":{"@type":"ImageObject","inLanguage":"es","@id":"https:\/\/www.isdi.education\/es\/#\/schema\/logo\/image\/","url":"https:\/\/www.isdi.education\/es\/wp-content\/uploads\/2024\/02\/cropped-Favicon.png","contentUrl":"https:\/\/www.isdi.education\/es\/wp-content\/uploads\/2024\/02\/cropped-Favicon.png","width":512,"height":512,"caption":"ISDI Espa\u00f1a | La Escuela de Negocios de la Era Digital"},"image":{"@id":"https:\/\/www.isdi.education\/es\/#\/schema\/logo\/image\/"},"sameAs":["https:\/\/www.facebook.com\/isdi.education","https:\/\/www.linkedin.com\/school\/isdi\/?originalSubdomain=es","https:\/\/www.instagram.com\/isdi_edu\/?hl=es","https:\/\/www.tiktok.com\/@isdi_edu","https:\/\/www.youtube.com\/user\/ISDItv"]},{"@type":"Person","@id":"https:\/\/www.isdi.education\/es\/#\/schema\/person\/9f30c33eda685abbcfaabf1e7b9e9f76","name":"infofuturo","image":{"@type":"ImageObject","inLanguage":"es","@id":"https:\/\/www.isdi.education\/es\/wp-content\/litespeed\/avatar\/1\/06e1ec358746bcb8bb25471d95ddc6aa.jpg?ver=1776848319","url":"https:\/\/www.isdi.education\/es\/wp-content\/litespeed\/avatar\/1\/06e1ec358746bcb8bb25471d95ddc6aa.jpg?ver=1776848319","contentUrl":"https:\/\/www.isdi.education\/es\/wp-content\/litespeed\/avatar\/1\/06e1ec358746bcb8bb25471d95ddc6aa.jpg?ver=1776848319","caption":"infofuturo"},"url":"https:\/\/www.isdi.education\/es\/author\/infofuturo"}]}},"_links":{"self":[{"href":"https:\/\/www.isdi.education\/es\/wp-json\/wp\/v2\/posts\/36088","targetHints":{"allow":["GET"]}}],"collection":[{"href":"https:\/\/www.isdi.education\/es\/wp-json\/wp\/v2\/posts"}],"about":[{"href":"https:\/\/www.isdi.education\/es\/wp-json\/wp\/v2\/types\/post"}],"author":[{"embeddable":true,"href":"https:\/\/www.isdi.education\/es\/wp-json\/wp\/v2\/users\/23"}],"replies":[{"embeddable":true,"href":"https:\/\/www.isdi.education\/es\/wp-json\/wp\/v2\/comments?post=36088"}],"version-history":[{"count":0,"href":"https:\/\/www.isdi.education\/es\/wp-json\/wp\/v2\/posts\/36088\/revisions"}],"wp:featuredmedia":[{"embeddable":true,"href":"https:\/\/www.isdi.education\/es\/wp-json\/wp\/v2\/media\/36089"}],"wp:attachment":[{"href":"https:\/\/www.isdi.education\/es\/wp-json\/wp\/v2\/media?parent=36088"}],"wp:term":[{"taxonomy":"category","embeddable":true,"href":"https:\/\/www.isdi.education\/es\/wp-json\/wp\/v2\/categories?post=36088"},{"taxonomy":"post_tag","embeddable":true,"href":"https:\/\/www.isdi.education\/es\/wp-json\/wp\/v2\/tags?post=36088"}],"curies":[{"name":"wp","href":"https:\/\/api.w.org\/{rel}","templated":true}]}}