{"id":35770,"date":"2025-07-11T15:02:30","date_gmt":"2025-07-11T15:02:30","guid":{"rendered":"https:\/\/www.isdi.education\/es\/?p=35770"},"modified":"2025-07-22T19:37:28","modified_gmt":"2025-07-22T19:37:28","slug":"graduacion-isdi-2025","status":"publish","type":"post","link":"https:\/\/www.isdi.education\/es\/blog\/graduacion-isdi-2025","title":{"rendered":"Graduaci\u00f3n ISDI 2025: L\u00edderes digitales para un nuevo escenario global"},"content":{"rendered":"<p><span style=\"font-weight: 400;\">La <\/span><b>Gran Gala de Graduaci\u00f3n ISDI 2025<\/b><span style=\"font-weight: 400;\"> reuni\u00f3 el pasado 5 de julio en el Real Casino de Madrid a m\u00e1s de 200 personas entre alumnos, profesores, directores acad\u00e9micos y referentes del ecosistema tecnol\u00f3gico. Un evento que marca el cierre del curso acad\u00e9mico y celebra a una nueva generaci\u00f3n de profesionales digitales, preparados para liderar la transformaci\u00f3n empresarial en un mundo en constante cambio.<\/span><\/p>\n<p><span style=\"font-weight: 400;\">El acto, conducido por <\/span><b>Basola Vall\u00e9s<\/b><span style=\"font-weight: 400;\">, directora general de ISDI, fue una combinaci\u00f3n de emoci\u00f3n, reconocimiento y visi\u00f3n de futuro. La ceremonia puso en valor el esfuerzo de los alumnos y el compromiso de la instituci\u00f3n con la excelencia formativa en disciplinas como marketing digital, datos, tecnolog\u00eda e innovaci\u00f3n.<\/span><\/p>\n<h2><b>Una gala con visi\u00f3n institucional y mensaje de futuro<\/b><\/h2>\n<p><span style=\"font-weight: 400;\">Durante el evento tomaron la palabra representantes de las promociones MDA, DMBA, MDM y MIB, que compartieron su experiencia en el aula y el impacto que ha tenido la formaci\u00f3n en su desarrollo profesional. Fue tambi\u00e9n la ocasi\u00f3n para presentar oficialmente al padrino de la promoci\u00f3n 2024\/2025: <\/span><b>Paco Salcedo<\/b><span style=\"font-weight: 400;\">, presidente de Microsoft Espa\u00f1a.<\/span><\/p>\n<p><span style=\"font-weight: 400;\">El discurso de clausura estuvo a cargo de <\/span><b>Nacho de Pinedo<\/b><span style=\"font-weight: 400;\">, CEO de DIGITALENT Group, quien traslad\u00f3 a los asistentes una reflexi\u00f3n clave:\u00a0 <\/span><span style=\"font-weight: 400;\">\u201cNo estamos en una era de cambio, sino en un cambio de era\u201d.<\/span><span style=\"font-weight: 400;\"><br \/>\n<\/span><\/p>\n<p><span style=\"font-weight: 400;\">Una transformaci\u00f3n impulsada por la inteligencia artificial, que describi\u00f3 como \u201cla nueva frontera\u201d, y por una nueva dimensi\u00f3n global donde la <\/span><b>geotecnolog\u00eda<\/b><span style=\"font-weight: 400;\"> \u2014la intersecci\u00f3n entre avances tecnol\u00f3gicos y el nuevo orden geopol\u00edtico mundial\u2014 se ha convertido en un factor determinante.<\/span><\/p>\n<p><iframe title=\"Un mensaje del Padrino del Acto de Graduaci\u00f3n 2025\" width=\"563\" height=\"1000\" src=\"https:\/\/www.youtube.com\/embed\/Zs7SrRxcOp0?feature=oembed\" frameborder=\"0\" allow=\"accelerometer; autoplay; clipboard-write; encrypted-media; gyroscope; picture-in-picture; web-share\" referrerpolicy=\"strict-origin-when-cross-origin\" allowfullscreen><\/iframe><\/p>\n<p>&nbsp;<\/p>\n<h2><b>Reconocimiento al talento con impacto real<\/b><\/h2>\n<p><span style=\"font-weight: 400;\">Uno de los momentos centrales de la gala fue la entrega de los premios a los <\/span><b>mejores Proyectos Troncales<\/b><span style=\"font-weight: 400;\">, reconocimientos a los trabajos colaborativos desarrollados por los alumnos durante el m\u00e1ster. Estos proyectos ponen en pr\u00e1ctica lo aprendido durante el curso aplic\u00e1ndolo a retos reales de negocio. Entre los premiados:<\/span><\/p>\n<ul>\n<li style=\"font-weight: 400;\" aria-level=\"1\"><b><a href=\"https:\/\/www.isdi.education\/es\/programas\/mda-master-data-analysis\">MDA<\/a> \u2013 Equipo Theano<\/b><b><br \/>\n<\/b><span style=\"font-weight: 400;\"> Modelo predictivo para optimizar la distribuci\u00f3n de bicicletas en Chicago (caso Divvy).<\/span><\/li>\n<li style=\"font-weight: 400;\" aria-level=\"1\"><b><a href=\"https:\/\/www.isdi.education\/es\/programas\/mdm-master-digital-marketing\">MDM<\/a> \u2013 Equipo Rookies<\/b><b><br \/>\n<\/b><span style=\"font-weight: 400;\"> Plan de marketing para aumentar las ventas en el canal delivery propio de Grosso Napoletano.<\/span><\/li>\n<li style=\"font-weight: 400;\" aria-level=\"1\"><b><a href=\"https:\/\/www.isdi.education\/es\/programas\/dmba-digital-mba\">DMBA<\/a> \u2013 Equipo Orion<\/b><b><br \/>\n<\/b><span style=\"font-weight: 400;\"> Proyecto UNOPets: desarrollo de un collar inteligente con IA, geolocalizaci\u00f3n y dise\u00f1o de lujo para UNOde50.<\/span><\/li>\n<li style=\"font-weight: 400;\" aria-level=\"1\"><b><a href=\"https:\/\/www.isdi.education\/es\/programas\/mib\">MIB<\/a> \u2013 Proyecto VODAFONE: NeuroConnect<\/b><b><br \/>\n<\/b><span style=\"font-weight: 400;\"> Soluci\u00f3n basada en interfaces cerebro-computadora (BCI) para mejorar la comunicaci\u00f3n de personas con diversas capacidades.<\/span><\/li>\n<\/ul>\n<p>&nbsp;<\/p>\n<p><span style=\"font-weight: 400;\">Estos proyectos reflejan el esp\u00edritu de ISDI: formar profesionales capaces de aportar soluciones tecnol\u00f3gicas con prop\u00f3sito, impacto y escalabilidad.<\/span><\/p>\n<div class=\"cta-blog-box\"><div class=\"cta-copy\">T\u00fa puedes ser el siguiente<\/div>    <div style=\"width: auto; align-self: flex-end; flex-direction: row;\" class=\"elementor-element elementor-element-2e5ed7c e-con-full e-flex e-con e-child\" data-id=\"2e5ed7c\" data-element_type=\"container\" id=\"btnRedBannerDiv\">\n        <div class=\"elementor-element elementor-element-8d35332 btnArrowCircle elementor-mobile-align-left elementor-widget elementor-widget-button\" data-id=\"8d35332\" data-element_type=\"widget\" id=\"btnRedBanner\" data-widget_type=\"button.default\">\n            <div class=\"elementor-widget-container\">\n                    <div class=\"elementor-button-wrapper\">\n                        <a style=\"text-decoration: none !important; background-color:transparent!important; padding-right: 0px;\" class=\"elementor-button elementor-button-link elementor-size-sm\" href=\"https:\/\/www.isdi.education\/es\/formacion\/programas-master\" target=\"_blank\">\n                            <span class=\"elementor-button-content-wrapper\">\n                                        <span class=\"elementor-button-text\">Descubre los m\u00e1ster de ISDI<\/span>\n                        <\/span>\n                        <\/a>\n                    <\/div>\n            <\/div>\n        <\/div>\n        <div class=\"elementor-element elementor-element-8fc238b elementor-widget__width-auto btnCircle elementor-view-default elementor-widget elementor-widget-icon\" data-id=\"8fc238b\" data-element_type=\"widget\" data-widget_type=\"icon.default\">\n            <div class=\"elementor-widget-container\">\n                <div class=\"elementor-icon-wrapper\">\n                    <a style=\"cursor:pointer\" class=\"elementor-icon\"  href=\"https:\/\/www.isdi.education\/es\/formacion\/programas-master\" target=\"_blank\">\n                        <svg xmlns=\"http:\/\/www.w3.org\/2000\/svg\" viewBox=\"0 0 80 20\" style=\"enable-background:new 0 0 80 20;\">\n                            <polygon points=\"9.5,0.5 8.5,1.5 16.2,9.2 0,9.2 0,10.8 16.2,10.8 8.5,18.5 9.5,19.5 19.1,10\"><\/polygon>\n                            <polygon points=\"70.5,0.5 69.4,1.5 77.1,9.2 60.9,9.2 60.9,10.8 77.1,10.8 69.4,18.5 70.5,19.5 80,10\"><\/polygon>\n                        <\/svg>\n                    <\/a>\n                <\/div>\n            <\/div>\n        <\/div>\n    <\/div><\/div><style>\n.single-post .hentry .elementor-widget-theme-post-content a.elementor-icon{\n    font-size:80px!important;\n}\n.cta-blog-box {\n    background-color: #d32f2f;\n    color: white;\n    padding: 30px 40px;\n    display: flex;\n    justify-content: space-between;\n    font-family: 'Helvetica Neue', sans-serif;\n    border-radius: 4px;\n    margin: 20px 0;\n    flex-direction: column;\n}\n.cta-copy {\n    \/*font-size: 18px;\n    line-height: 1.4;\n    font-weight: 300;*\/\n    text-transform: uppercase;\n    font-family: \"PP Neue\", Sans-serif;\n    font-size: 28px;\n    font-weight: 300;\n    line-height: 48px;\n    letter-spacing: -1px;\n}\n.cta-boton {\n    color: white;\n    font-size: 14px;\n    text-decoration: none !important;\n    display: flex;\n    align-items: center;\n    border: none;\n    background: none;\n    cursor: pointer;\n    font-weight: 400;\n}\n.single-post .hentry .elementor-widget-theme-post-content a.cta-boton{\n    text-decoration: none !important;\n    font-size: 80px !important;\n}\n.cta-boton .flecha {\n    display: inline-block;\n    margin-left: 8px;\n    font-size: 18px;\n    transform: translateY(1px);\n}\n.cta-boton:hover .flecha {\n    transform: translateX(3px);\n    transition: transform 0.3s ease;\n}\n@media(max-width: 600px) {\n    .cta-blog-box {\n        flex-direction: column;\n        gap: 20px;\n        text-align: center;\n    }\n}\n<\/style>\n<h2><b>La formaci\u00f3n digital como motor de transformaci\u00f3n global<\/b><\/h2>\n<p><span style=\"font-weight: 400;\">ISDI contin\u00faa su misi\u00f3n de formar el mejor talento digital en un contexto donde la tecnolog\u00eda redefine industrias, modelos de negocio y estructuras sociales. Como indican las previsiones de AMETIC, la econom\u00eda digital podr\u00eda representar hasta <\/span><b>el 40% del PIB espa\u00f1ol en 2026<\/b><span style=\"font-weight: 400;\">, consolidando su papel como pilar estrat\u00e9gico del pa\u00eds.<\/span><\/p>\n<p><span style=\"font-weight: 400;\">La ceremonia no solo simboliza el cierre de una etapa acad\u00e9mica, sino tambi\u00e9n el inicio de una responsabilidad profesional. Como recordaron los ponentes, los graduados de ISDI no solo est\u00e1n formados para competir, sino tambi\u00e9n para <\/span><b>liderar la evoluci\u00f3n digital<\/b><span style=\"font-weight: 400;\"> de empresas y sectores enteros.<\/span><\/p>\n<p>&nbsp;<\/p>\n<p><b>\u00bfT\u00fa tambi\u00e9n quieres impulsar el cambio?<\/b><\/p>\n<p><span style=\"font-weight: 400;\">La pr\u00f3xima generaci\u00f3n de l\u00edderes digitales se forma hoy.<\/span><span style=\"font-weight: 400;\"><br \/>\n<\/span><span style=\"font-weight: 400;\">Descubre <a href=\"https:\/\/www.isdi.education\/es\/formacion-masters-programas\">nuestros m\u00e1sters y programas en ISDI<\/a> y da el siguiente paso hacia el futuro.<\/span><\/p>\n<p>&nbsp;<\/p>\n","protected":false},"excerpt":{"rendered":"<p>La Gran Gala de Graduaci\u00f3n ISDI 2025 reuni\u00f3 el pasado 5 de julio en el Real Casino de Madrid a m\u00e1s de 200 personas entre alumnos, profesores, directores acad\u00e9micos y referentes del ecosistema tecnol\u00f3gico. Un evento que marca el cierre del curso acad\u00e9mico y celebra a una nueva generaci\u00f3n de profesionales digitales, preparados para liderar&#8230;<\/p>\n","protected":false},"author":23,"featured_media":35771,"comment_status":"closed","ping_status":"closed","sticky":false,"template":"","format":"standard","meta":{"_acf_changed":false,"footnotes":""},"categories":[1],"tags":[],"class_list":["post-35770","post","type-post","status-publish","format-standard","has-post-thumbnail","hentry","category-noticias-isdi"],"acf":{"photo_gallery":{"galeria":[[]]}},"yoast_head":"<!-- This site is optimized with the Yoast SEO plugin v27.4 - https:\/\/yoast.com\/product\/yoast-seo-wordpress\/ -->\n<title>Graduaci\u00f3n ISDI 2025: L\u00edderes digitales para un nuevo escenario global<\/title>\n<meta name=\"description\" content=\"ISDI celebr\u00f3 su graduaci\u00f3n 2025 en Madrid con sus alumnos, directivos y l\u00edderes del sector. Una gala que refuerza su papel en la revoluci\u00f3n digital.\" \/>\n<meta name=\"robots\" content=\"index, follow, max-snippet:-1, max-image-preview:large, max-video-preview:-1\" \/>\n<link rel=\"canonical\" href=\"https:\/\/www.isdi.education\/es\/blog\/graduacion-isdi-2025\" \/>\n<meta property=\"og:locale\" content=\"es_ES\" \/>\n<meta property=\"og:type\" content=\"article\" \/>\n<meta property=\"og:title\" content=\"Graduaci\u00f3n ISDI 2025: L\u00edderes digitales para un nuevo escenario global\" \/>\n<meta property=\"og:description\" content=\"ISDI celebr\u00f3 su graduaci\u00f3n 2025 en Madrid con sus alumnos, directivos y l\u00edderes del sector. Una gala que refuerza su papel en la revoluci\u00f3n digital.\" \/>\n<meta property=\"og:url\" content=\"https:\/\/www.isdi.education\/es\/blog\/graduacion-isdi-2025\" \/>\n<meta property=\"og:site_name\" content=\"ISDI Espa\u00f1a\" \/>\n<meta property=\"article:publisher\" content=\"https:\/\/www.facebook.com\/isdi.education\" \/>\n<meta property=\"article:published_time\" content=\"2025-07-11T15:02:30+00:00\" \/>\n<meta property=\"article:modified_time\" content=\"2025-07-22T19:37:28+00:00\" \/>\n<meta property=\"og:image\" content=\"https:\/\/www.isdi.education\/es\/wp-content\/uploads\/2025\/07\/DSC08369_11zon-scaled.webp\" \/>\n\t<meta property=\"og:image:width\" content=\"2560\" \/>\n\t<meta property=\"og:image:height\" content=\"1707\" \/>\n\t<meta property=\"og:image:type\" content=\"image\/webp\" \/>\n<meta name=\"author\" content=\"infofuturo\" \/>\n<meta name=\"twitter:card\" content=\"summary_large_image\" \/>\n<meta name=\"twitter:label1\" content=\"Escrito por\" \/>\n\t<meta name=\"twitter:data1\" content=\"infofuturo\" \/>\n\t<meta name=\"twitter:label2\" content=\"Tiempo de lectura\" \/>\n\t<meta name=\"twitter:data2\" content=\"3 minutos\" \/>\n<script type=\"application\/ld+json\" class=\"yoast-schema-graph\">{\"@context\":\"https:\\\/\\\/schema.org\",\"@graph\":[{\"@type\":\"Article\",\"@id\":\"https:\\\/\\\/www.isdi.education\\\/es\\\/blog\\\/graduacion-isdi-2025#article\",\"isPartOf\":{\"@id\":\"https:\\\/\\\/www.isdi.education\\\/es\\\/blog\\\/graduacion-isdi-2025\"},\"author\":{\"name\":\"infofuturo\",\"@id\":\"https:\\\/\\\/www.isdi.education\\\/es\\\/#\\\/schema\\\/person\\\/9f30c33eda685abbcfaabf1e7b9e9f76\"},\"headline\":\"Graduaci\u00f3n ISDI 2025: L\u00edderes digitales para un nuevo escenario global\",\"datePublished\":\"2025-07-11T15:02:30+00:00\",\"dateModified\":\"2025-07-22T19:37:28+00:00\",\"mainEntityOfPage\":{\"@id\":\"https:\\\/\\\/www.isdi.education\\\/es\\\/blog\\\/graduacion-isdi-2025\"},\"wordCount\":633,\"publisher\":{\"@id\":\"https:\\\/\\\/www.isdi.education\\\/es\\\/#organization\"},\"image\":{\"@id\":\"https:\\\/\\\/www.isdi.education\\\/es\\\/blog\\\/graduacion-isdi-2025#primaryimage\"},\"thumbnailUrl\":\"https:\\\/\\\/www.isdi.education\\\/es\\\/wp-content\\\/uploads\\\/2025\\\/07\\\/DSC08369_11zon-scaled.webp\",\"articleSection\":[\"Noticias ISDI\"],\"inLanguage\":\"es\"},{\"@type\":\"WebPage\",\"@id\":\"https:\\\/\\\/www.isdi.education\\\/es\\\/blog\\\/graduacion-isdi-2025\",\"url\":\"https:\\\/\\\/www.isdi.education\\\/es\\\/blog\\\/graduacion-isdi-2025\",\"name\":\"Graduaci\u00f3n ISDI 2025: L\u00edderes digitales para un nuevo escenario global\",\"isPartOf\":{\"@id\":\"https:\\\/\\\/www.isdi.education\\\/es\\\/#website\"},\"primaryImageOfPage\":{\"@id\":\"https:\\\/\\\/www.isdi.education\\\/es\\\/blog\\\/graduacion-isdi-2025#primaryimage\"},\"image\":{\"@id\":\"https:\\\/\\\/www.isdi.education\\\/es\\\/blog\\\/graduacion-isdi-2025#primaryimage\"},\"thumbnailUrl\":\"https:\\\/\\\/www.isdi.education\\\/es\\\/wp-content\\\/uploads\\\/2025\\\/07\\\/DSC08369_11zon-scaled.webp\",\"datePublished\":\"2025-07-11T15:02:30+00:00\",\"dateModified\":\"2025-07-22T19:37:28+00:00\",\"description\":\"ISDI celebr\u00f3 su graduaci\u00f3n 2025 en Madrid con sus alumnos, directivos y l\u00edderes del sector. Una gala que refuerza su papel en la revoluci\u00f3n digital.\",\"breadcrumb\":{\"@id\":\"https:\\\/\\\/www.isdi.education\\\/es\\\/blog\\\/graduacion-isdi-2025#breadcrumb\"},\"inLanguage\":\"es\",\"potentialAction\":[{\"@type\":\"ReadAction\",\"target\":[\"https:\\\/\\\/www.isdi.education\\\/es\\\/blog\\\/graduacion-isdi-2025\"]}]},{\"@type\":\"ImageObject\",\"inLanguage\":\"es\",\"@id\":\"https:\\\/\\\/www.isdi.education\\\/es\\\/blog\\\/graduacion-isdi-2025#primaryimage\",\"url\":\"https:\\\/\\\/www.isdi.education\\\/es\\\/wp-content\\\/uploads\\\/2025\\\/07\\\/DSC08369_11zon-scaled.webp\",\"contentUrl\":\"https:\\\/\\\/www.isdi.education\\\/es\\\/wp-content\\\/uploads\\\/2025\\\/07\\\/DSC08369_11zon-scaled.webp\",\"width\":2560,\"height\":1707,\"caption\":\"Graduaci\u00f3n ISDI 2025: L\u00edderes digitales para un nuevo escenario global\"},{\"@type\":\"BreadcrumbList\",\"@id\":\"https:\\\/\\\/www.isdi.education\\\/es\\\/blog\\\/graduacion-isdi-2025#breadcrumb\",\"itemListElement\":[{\"@type\":\"ListItem\",\"position\":1,\"name\":\"Inicio\",\"item\":\"https:\\\/\\\/www.isdi.education\\\/es\\\/\"},{\"@type\":\"ListItem\",\"position\":2,\"name\":\"Graduaci\u00f3n ISDI 2025: L\u00edderes digitales para un nuevo escenario global\"}]},{\"@type\":\"WebSite\",\"@id\":\"https:\\\/\\\/www.isdi.education\\\/es\\\/#website\",\"url\":\"https:\\\/\\\/www.isdi.education\\\/es\\\/\",\"name\":\"ISDI Espa\u00f1a | La Escuela de Negocios de la Era Digital\",\"description\":\"Descubre la formaci\u00f3n que te abrir\u00e1 las puertas a la era digital. Entra a formar parte de la primera escuela de negocios y direcci\u00f3n nativa digital.\",\"publisher\":{\"@id\":\"https:\\\/\\\/www.isdi.education\\\/es\\\/#organization\"},\"inLanguage\":\"es\"},{\"@type\":\"Organization\",\"@id\":\"https:\\\/\\\/www.isdi.education\\\/es\\\/#organization\",\"name\":\"ISDI Espa\u00f1a | La Escuela de Negocios de la Era Digital\",\"url\":\"https:\\\/\\\/www.isdi.education\\\/es\\\/\",\"logo\":{\"@type\":\"ImageObject\",\"inLanguage\":\"es\",\"@id\":\"https:\\\/\\\/www.isdi.education\\\/es\\\/#\\\/schema\\\/logo\\\/image\\\/\",\"url\":\"https:\\\/\\\/www.isdi.education\\\/es\\\/wp-content\\\/uploads\\\/2024\\\/02\\\/cropped-Favicon.png\",\"contentUrl\":\"https:\\\/\\\/www.isdi.education\\\/es\\\/wp-content\\\/uploads\\\/2024\\\/02\\\/cropped-Favicon.png\",\"width\":512,\"height\":512,\"caption\":\"ISDI Espa\u00f1a | La Escuela de Negocios de la Era Digital\"},\"image\":{\"@id\":\"https:\\\/\\\/www.isdi.education\\\/es\\\/#\\\/schema\\\/logo\\\/image\\\/\"},\"sameAs\":[\"https:\\\/\\\/www.facebook.com\\\/isdi.education\",\"https:\\\/\\\/www.linkedin.com\\\/school\\\/isdi\\\/?originalSubdomain=es\",\"https:\\\/\\\/www.instagram.com\\\/isdi_edu\\\/?hl=es\",\"https:\\\/\\\/www.tiktok.com\\\/@isdi_edu\",\"https:\\\/\\\/www.youtube.com\\\/user\\\/ISDItv\"]},{\"@type\":\"Person\",\"@id\":\"https:\\\/\\\/www.isdi.education\\\/es\\\/#\\\/schema\\\/person\\\/9f30c33eda685abbcfaabf1e7b9e9f76\",\"name\":\"infofuturo\",\"image\":{\"@type\":\"ImageObject\",\"inLanguage\":\"es\",\"@id\":\"https:\\\/\\\/www.isdi.education\\\/es\\\/wp-content\\\/litespeed\\\/avatar\\\/1\\\/06e1ec358746bcb8bb25471d95ddc6aa.jpg?ver=1777453142\",\"url\":\"https:\\\/\\\/www.isdi.education\\\/es\\\/wp-content\\\/litespeed\\\/avatar\\\/1\\\/06e1ec358746bcb8bb25471d95ddc6aa.jpg?ver=1777453142\",\"contentUrl\":\"https:\\\/\\\/www.isdi.education\\\/es\\\/wp-content\\\/litespeed\\\/avatar\\\/1\\\/06e1ec358746bcb8bb25471d95ddc6aa.jpg?ver=1777453142\",\"caption\":\"infofuturo\"},\"url\":\"https:\\\/\\\/www.isdi.education\\\/es\\\/author\\\/infofuturo\"}]}<\/script>\n<!-- \/ Yoast SEO plugin. -->","yoast_head_json":{"title":"Graduaci\u00f3n ISDI 2025: L\u00edderes digitales para un nuevo escenario global","description":"ISDI celebr\u00f3 su graduaci\u00f3n 2025 en Madrid con sus alumnos, directivos y l\u00edderes del sector. Una gala que refuerza su papel en la revoluci\u00f3n digital.","robots":{"index":"index","follow":"follow","max-snippet":"max-snippet:-1","max-image-preview":"max-image-preview:large","max-video-preview":"max-video-preview:-1"},"canonical":"https:\/\/www.isdi.education\/es\/blog\/graduacion-isdi-2025","og_locale":"es_ES","og_type":"article","og_title":"Graduaci\u00f3n ISDI 2025: L\u00edderes digitales para un nuevo escenario global","og_description":"ISDI celebr\u00f3 su graduaci\u00f3n 2025 en Madrid con sus alumnos, directivos y l\u00edderes del sector. Una gala que refuerza su papel en la revoluci\u00f3n digital.","og_url":"https:\/\/www.isdi.education\/es\/blog\/graduacion-isdi-2025","og_site_name":"ISDI Espa\u00f1a","article_publisher":"https:\/\/www.facebook.com\/isdi.education","article_published_time":"2025-07-11T15:02:30+00:00","article_modified_time":"2025-07-22T19:37:28+00:00","og_image":[{"width":2560,"height":1707,"url":"https:\/\/www.isdi.education\/es\/wp-content\/uploads\/2025\/07\/DSC08369_11zon-scaled.webp","type":"image\/webp"}],"author":"infofuturo","twitter_card":"summary_large_image","twitter_misc":{"Escrito por":"infofuturo","Tiempo de lectura":"3 minutos"},"schema":{"@context":"https:\/\/schema.org","@graph":[{"@type":"Article","@id":"https:\/\/www.isdi.education\/es\/blog\/graduacion-isdi-2025#article","isPartOf":{"@id":"https:\/\/www.isdi.education\/es\/blog\/graduacion-isdi-2025"},"author":{"name":"infofuturo","@id":"https:\/\/www.isdi.education\/es\/#\/schema\/person\/9f30c33eda685abbcfaabf1e7b9e9f76"},"headline":"Graduaci\u00f3n ISDI 2025: L\u00edderes digitales para un nuevo escenario global","datePublished":"2025-07-11T15:02:30+00:00","dateModified":"2025-07-22T19:37:28+00:00","mainEntityOfPage":{"@id":"https:\/\/www.isdi.education\/es\/blog\/graduacion-isdi-2025"},"wordCount":633,"publisher":{"@id":"https:\/\/www.isdi.education\/es\/#organization"},"image":{"@id":"https:\/\/www.isdi.education\/es\/blog\/graduacion-isdi-2025#primaryimage"},"thumbnailUrl":"https:\/\/www.isdi.education\/es\/wp-content\/uploads\/2025\/07\/DSC08369_11zon-scaled.webp","articleSection":["Noticias ISDI"],"inLanguage":"es"},{"@type":"WebPage","@id":"https:\/\/www.isdi.education\/es\/blog\/graduacion-isdi-2025","url":"https:\/\/www.isdi.education\/es\/blog\/graduacion-isdi-2025","name":"Graduaci\u00f3n ISDI 2025: L\u00edderes digitales para un nuevo escenario global","isPartOf":{"@id":"https:\/\/www.isdi.education\/es\/#website"},"primaryImageOfPage":{"@id":"https:\/\/www.isdi.education\/es\/blog\/graduacion-isdi-2025#primaryimage"},"image":{"@id":"https:\/\/www.isdi.education\/es\/blog\/graduacion-isdi-2025#primaryimage"},"thumbnailUrl":"https:\/\/www.isdi.education\/es\/wp-content\/uploads\/2025\/07\/DSC08369_11zon-scaled.webp","datePublished":"2025-07-11T15:02:30+00:00","dateModified":"2025-07-22T19:37:28+00:00","description":"ISDI celebr\u00f3 su graduaci\u00f3n 2025 en Madrid con sus alumnos, directivos y l\u00edderes del sector. Una gala que refuerza su papel en la revoluci\u00f3n digital.","breadcrumb":{"@id":"https:\/\/www.isdi.education\/es\/blog\/graduacion-isdi-2025#breadcrumb"},"inLanguage":"es","potentialAction":[{"@type":"ReadAction","target":["https:\/\/www.isdi.education\/es\/blog\/graduacion-isdi-2025"]}]},{"@type":"ImageObject","inLanguage":"es","@id":"https:\/\/www.isdi.education\/es\/blog\/graduacion-isdi-2025#primaryimage","url":"https:\/\/www.isdi.education\/es\/wp-content\/uploads\/2025\/07\/DSC08369_11zon-scaled.webp","contentUrl":"https:\/\/www.isdi.education\/es\/wp-content\/uploads\/2025\/07\/DSC08369_11zon-scaled.webp","width":2560,"height":1707,"caption":"Graduaci\u00f3n ISDI 2025: L\u00edderes digitales para un nuevo escenario global"},{"@type":"BreadcrumbList","@id":"https:\/\/www.isdi.education\/es\/blog\/graduacion-isdi-2025#breadcrumb","itemListElement":[{"@type":"ListItem","position":1,"name":"Inicio","item":"https:\/\/www.isdi.education\/es\/"},{"@type":"ListItem","position":2,"name":"Graduaci\u00f3n ISDI 2025: L\u00edderes digitales para un nuevo escenario global"}]},{"@type":"WebSite","@id":"https:\/\/www.isdi.education\/es\/#website","url":"https:\/\/www.isdi.education\/es\/","name":"ISDI Espa\u00f1a | La Escuela de Negocios de la Era Digital","description":"Descubre la formaci\u00f3n que te abrir\u00e1 las puertas a la era digital. Entra a formar parte de la primera escuela de negocios y direcci\u00f3n nativa digital.","publisher":{"@id":"https:\/\/www.isdi.education\/es\/#organization"},"inLanguage":"es"},{"@type":"Organization","@id":"https:\/\/www.isdi.education\/es\/#organization","name":"ISDI Espa\u00f1a | La Escuela de Negocios de la Era Digital","url":"https:\/\/www.isdi.education\/es\/","logo":{"@type":"ImageObject","inLanguage":"es","@id":"https:\/\/www.isdi.education\/es\/#\/schema\/logo\/image\/","url":"https:\/\/www.isdi.education\/es\/wp-content\/uploads\/2024\/02\/cropped-Favicon.png","contentUrl":"https:\/\/www.isdi.education\/es\/wp-content\/uploads\/2024\/02\/cropped-Favicon.png","width":512,"height":512,"caption":"ISDI Espa\u00f1a | La Escuela de Negocios de la Era Digital"},"image":{"@id":"https:\/\/www.isdi.education\/es\/#\/schema\/logo\/image\/"},"sameAs":["https:\/\/www.facebook.com\/isdi.education","https:\/\/www.linkedin.com\/school\/isdi\/?originalSubdomain=es","https:\/\/www.instagram.com\/isdi_edu\/?hl=es","https:\/\/www.tiktok.com\/@isdi_edu","https:\/\/www.youtube.com\/user\/ISDItv"]},{"@type":"Person","@id":"https:\/\/www.isdi.education\/es\/#\/schema\/person\/9f30c33eda685abbcfaabf1e7b9e9f76","name":"infofuturo","image":{"@type":"ImageObject","inLanguage":"es","@id":"https:\/\/www.isdi.education\/es\/wp-content\/litespeed\/avatar\/1\/06e1ec358746bcb8bb25471d95ddc6aa.jpg?ver=1777453142","url":"https:\/\/www.isdi.education\/es\/wp-content\/litespeed\/avatar\/1\/06e1ec358746bcb8bb25471d95ddc6aa.jpg?ver=1777453142","contentUrl":"https:\/\/www.isdi.education\/es\/wp-content\/litespeed\/avatar\/1\/06e1ec358746bcb8bb25471d95ddc6aa.jpg?ver=1777453142","caption":"infofuturo"},"url":"https:\/\/www.isdi.education\/es\/author\/infofuturo"}]}},"_links":{"self":[{"href":"https:\/\/www.isdi.education\/es\/wp-json\/wp\/v2\/posts\/35770","targetHints":{"allow":["GET"]}}],"collection":[{"href":"https:\/\/www.isdi.education\/es\/wp-json\/wp\/v2\/posts"}],"about":[{"href":"https:\/\/www.isdi.education\/es\/wp-json\/wp\/v2\/types\/post"}],"author":[{"embeddable":true,"href":"https:\/\/www.isdi.education\/es\/wp-json\/wp\/v2\/users\/23"}],"replies":[{"embeddable":true,"href":"https:\/\/www.isdi.education\/es\/wp-json\/wp\/v2\/comments?post=35770"}],"version-history":[{"count":0,"href":"https:\/\/www.isdi.education\/es\/wp-json\/wp\/v2\/posts\/35770\/revisions"}],"wp:featuredmedia":[{"embeddable":true,"href":"https:\/\/www.isdi.education\/es\/wp-json\/wp\/v2\/media\/35771"}],"wp:attachment":[{"href":"https:\/\/www.isdi.education\/es\/wp-json\/wp\/v2\/media?parent=35770"}],"wp:term":[{"taxonomy":"category","embeddable":true,"href":"https:\/\/www.isdi.education\/es\/wp-json\/wp\/v2\/categories?post=35770"},{"taxonomy":"post_tag","embeddable":true,"href":"https:\/\/www.isdi.education\/es\/wp-json\/wp\/v2\/tags?post=35770"}],"curies":[{"name":"wp","href":"https:\/\/api.w.org\/{rel}","templated":true}]}}