{"id":35523,"date":"2025-07-04T10:39:15","date_gmt":"2025-07-04T10:39:15","guid":{"rendered":"https:\/\/www.isdi.education\/es\/?p=35523"},"modified":"2025-07-09T14:42:28","modified_gmt":"2025-07-09T14:42:28","slug":"el-nuevo-mib","status":"publish","type":"post","link":"https:\/\/www.isdi.education\/es\/blog\/el-nuevo-mib","title":{"rendered":"El nuevo MIB de ISDI: el Executive MBA para no quedarte fuera del mercado laboral en la era de la Inteligencia Artificial"},"content":{"rendered":"<p><b>\u00bfEst\u00e1s preparado para competir en un mercado que cambia m\u00e1s r\u00e1pido que nunca?<\/b><span style=\"font-weight: 400;\"> En un entorno donde la <\/span><b>Inteligencia Artificial est\u00e1 redefiniendo las reglas del juego<\/b><span style=\"font-weight: 400;\">, muchos profesionales en Espa\u00f1a \u2014especialmente los mid-senior\u2014 corren el riesgo de quedarse atr\u00e1s por no contar con las herramientas, la mentalidad ni el conocimiento que hoy exige el mercado.<\/span><\/p>\n<p><span style=\"font-weight: 400;\">Por eso, en ISDI hemos redise\u00f1ado por completo nuestro programa estrella: el <\/span><b>MIB<\/b><span style=\"font-weight: 400;\">, que ahora se transforma en el <\/span><b>nuevo Executive MBA de referencia para la era de la IA<\/b><span style=\"font-weight: 400;\">.<\/span><\/p>\n<h2><b>\u00a0\u00bfQu\u00e9 es el nuevo MIB y por qu\u00e9 marca un antes y un despu\u00e9s?<\/b><\/h2>\n<p><span style=\"font-weight: 400;\">El nuevo MIB es <\/span><b>mucho m\u00e1s que un MBA<\/b><span style=\"font-weight: 400;\">. Es el primer programa en el que cada alumno crea, entrena y aplica su propio <\/span><b>Agente de Inteligencia Artificial<\/b><span style=\"font-weight: 400;\"> para su entorno profesional. Ya no se trata solo de aprender teor\u00eda sobre negocio digital o transformaci\u00f3n: ahora se trata de <\/span><b>construir tecnolog\u00eda real que trabaje contigo y para ti<\/b><span style=\"font-weight: 400;\">.<\/span><\/p>\n<p><span style=\"font-weight: 400;\">Con este enfoque pr\u00e1ctico, los alumnos del MIB aprenden a:<\/span><\/p>\n<ul>\n<li style=\"font-weight: 400;\" aria-level=\"1\"><span style=\"font-weight: 400;\">Dominar la IA como ventaja competitiva.<\/span><span style=\"font-weight: 400;\"><br \/>\n<\/span><\/li>\n<li style=\"font-weight: 400;\" aria-level=\"1\"><span style=\"font-weight: 400;\">Dise\u00f1ar soluciones reales a retos de negocio.<\/span><span style=\"font-weight: 400;\"><br \/>\n<\/span><\/li>\n<li style=\"font-weight: 400;\" aria-level=\"1\"><span style=\"font-weight: 400;\">Integrar datos, tecnolog\u00eda e innovaci\u00f3n en decisiones estrat\u00e9gicas.<\/span><span style=\"font-weight: 400;\"><br \/>\n<\/span><\/li>\n<li style=\"font-weight: 400;\" aria-level=\"1\"><span style=\"font-weight: 400;\">Liderar el cambio dentro de sus organizaciones.<\/span><\/li>\n<\/ul>\n<p>&nbsp;<\/p>\n<p><span style=\"font-weight: 400;\">Y lo hacen acompa\u00f1ados de l\u00edderes de empresas como <\/span><b>Google, Amazon, Cabify, Microsoft o Glovo<\/b><span style=\"font-weight: 400;\">, y con un claustro docente que combina <\/span><b>visi\u00f3n estrat\u00e9gica y experiencia en la aplicaci\u00f3n pr\u00e1ctica de la IA en negocio real<\/b><span style=\"font-weight: 400;\">.<\/span><\/p>\n<p>&nbsp;<\/p>\n<h2><b>\u00bfPor qu\u00e9 muchos j\u00f3venes profesionales en Espa\u00f1a se est\u00e1n quedando fuera del mercado?<\/b><\/h2>\n<p><span style=\"font-weight: 400;\">En los \u00faltimos a\u00f1os, muchas empresas en Espa\u00f1a han acelerado su digitalizaci\u00f3n y han comenzado a integrar soluciones de inteligencia artificial en sus procesos. Sin embargo, hay una desconexi\u00f3n cada vez m\u00e1s preocupante: <\/span><b>miles de profesionales adultos j\u00f3venes no est\u00e1n preparados para este nuevo contexto<\/b><span style=\"font-weight: 400;\">.<\/span><\/p>\n<p><span style=\"font-weight: 400;\">Seg\u00fan varios estudios, el <\/span><b>desajuste entre las habilidades que demandan las empresas y las que ofrecen los candidatos sigue creciendo<\/b><span style=\"font-weight: 400;\">. Y ya no basta con tener formaci\u00f3n tradicional en negocio o marketing: hoy se exige <\/span><b>comprensi\u00f3n tecnol\u00f3gica<\/b><span style=\"font-weight: 400;\">, <\/span><b>capacidad para trabajar con datos<\/b><span style=\"font-weight: 400;\"> y <\/span><b>una mentalidad innovadora<\/b><span style=\"font-weight: 400;\">.<\/span><\/p>\n<p><span style=\"font-weight: 400;\">Adem\u00e1s, muchos profesionales con perfiles prometedores no saben c\u00f3mo aplicar la IA en su d\u00eda a d\u00eda, ni c\u00f3mo usarla para <\/span><b>potenciar su productividad, tomar mejores decisiones o aportar m\u00e1s valor en sus organizaciones<\/b><span style=\"font-weight: 400;\">.<\/span><\/p>\n<h3><b>\u00bfY si pudieras crear tu propio Agente IA para trabajar contigo cada d\u00eda?<\/b><\/h3>\n<p><span style=\"font-weight: 400;\">Ese es el coraz\u00f3n del nuevo MIB. Durante el programa, cada alumno desarrolla un <\/span><b>Agente de IA propio<\/b><span style=\"font-weight: 400;\">: una herramienta personalizada, creada con soporte experto, que le ayuda a resolver tareas, analizar informaci\u00f3n, generar ideas o automatizar procesos, <\/span><b>multiplicando su impacto como profesional<\/b><span style=\"font-weight: 400;\">.<\/span><\/p>\n<p><span style=\"font-weight: 400;\">Este enfoque pr\u00e1ctico convierte el aprendizaje en transformaci\u00f3n real. Porque no se trata solo de entender c\u00f3mo funciona la IA, sino de <\/span><b>aprender a aplicarla con criterio y prop\u00f3sito<\/b><span style=\"font-weight: 400;\">.<\/span><\/p>\n<h2><b>\u00a05 razones por las que un profesional en Espa\u00f1a y el mundo deber\u00eda hacer el nuevo MIB<\/b><\/h2>\n<ol>\n<li style=\"font-weight: 400;\" aria-level=\"1\"><b>Para dejar de mirar la IA desde fuera y empezar a usarla desde dentro.<\/b><b><br \/>\n<\/b><span style=\"font-weight: 400;\"> Con el nuevo MIB no solo entiendes la IA, <\/span><b>la aplicas directamente<\/b><span style=\"font-weight: 400;\"> en tus retos profesionales.<\/span><\/li>\n<li style=\"font-weight: 400;\" aria-level=\"1\"><b>Completa tu perfil con las habilidades y conocimientos que demandan las empresas.<br \/>\n<\/b>Aprende a conectar negocio, tecnolog\u00eda, IA y personas para liderar la nueva realidad empresarial y diferenciarte de personas con formaci\u00f3n tradicional.<\/li>\n<li style=\"font-weight: 400;\" aria-level=\"1\"><b>Para liderar el cambio en lugar de esperar a que te arrastre.<\/b><b><br \/>\n<\/b><span style=\"font-weight: 400;\"> Aprende a crear soluciones, a intraemprender y a liderar iniciativas con impacto real.<\/span><\/li>\n<li style=\"font-weight: 400;\" aria-level=\"1\"><b>Para competir con valor \u00fanico, no solo con curr\u00edculum.<\/b><b><br \/>\n<\/b><span style=\"font-weight: 400;\"> Mientras otros se conforman con lo b\u00e1sico, t\u00fa <\/span><b>crear\u00e1s herramientas reales que hablan por ti<\/b><span style=\"font-weight: 400;\">.<\/span><\/li>\n<li style=\"font-weight: 400;\" aria-level=\"1\"><b>Porque el futuro laboral ya no es digital: es inteligente.<\/b><b><br \/>\n<\/b><span style=\"font-weight: 400;\"> No estar formado en IA hoy es como no saber usar internet hace 20 a\u00f1os. <\/span><b>El MIB es tu pasaporte para no quedarte fuera<\/b><span style=\"font-weight: 400;\">.<\/span><\/li>\n<\/ol>\n<h3><b>Formato, duraci\u00f3n y modalidades<\/b><\/h3>\n<p><span style=\"font-weight: 400;\">El nuevo MIB comienza en octubre de 2025 y puede cursarse en tres modalidades: <\/span><b>Madrid<\/b><span style=\"font-weight: 400;\">, <\/span><b>Barcelona<\/b><span style=\"font-weight: 400;\"> o <\/span><b>online<\/b><span style=\"font-weight: 400;\">, con un formato ejecutivo que permite compatibilizarlo con el trabajo, horario <strong>MIB presencial: viernes de 16:00 a 21:30h y s\u00e1bados de 9:00 a 14:00h<\/strong>, horario <strong>MIB online: martes y jueves de 18:00 a 20:00h.<\/strong><\/span><\/p>\n<h3><b>\u00bfQuieres descubrirlo en directo?<\/b><\/h3>\n<p><span style=\"font-weight: 400;\">El pr\u00f3ximo <\/span><b>15 de julio a las 18:30h<\/b><span style=\"font-weight: 400;\">, te invitamos a un evento online donde podr\u00e1s conocer todos los detalles del nuevo MIB. Participan referentes como:<\/span><\/p>\n<ul>\n<li style=\"font-weight: 400;\" aria-level=\"1\"><b>Javier R. Zapatero<\/b><span style=\"font-weight: 400;\">, ex Country Manager de Google<\/span><\/li>\n<li style=\"font-weight: 400;\" aria-level=\"1\"><b>Alberto S\u00e1nchez<\/b><span style=\"font-weight: 400;\">, ex socio de McKinsey y director del MIB<\/span><\/li>\n<li style=\"font-weight: 400;\" aria-level=\"1\"><b>Javier Romero<\/b><span style=\"font-weight: 400;\">, Senior Manager en Deloitte<\/span><\/li>\n<li style=\"font-weight: 400;\" aria-level=\"1\"><b>Claudia Carmona<\/b><span style=\"font-weight: 400;\">, responsable de admisiones ISDI<\/span><\/li>\n<\/ul>\n<p>&nbsp;<\/p>\n<div class=\"cta-blog-box\"><div class=\"cta-copy\">No te pierdas el evento.<\/div>    <div style=\"width: auto; align-self: flex-end; flex-direction: row;\" class=\"elementor-element elementor-element-2e5ed7c e-con-full e-flex e-con e-child\" data-id=\"2e5ed7c\" data-element_type=\"container\" id=\"btnRedBannerDiv\">\n        <div class=\"elementor-element elementor-element-8d35332 btnArrowCircle elementor-mobile-align-left elementor-widget elementor-widget-button\" data-id=\"8d35332\" data-element_type=\"widget\" id=\"btnRedBanner\" data-widget_type=\"button.default\">\n            <div class=\"elementor-widget-container\">\n                    <div class=\"elementor-button-wrapper\">\n                        <a style=\"text-decoration: none !important; background-color:transparent!important; padding-right: 0px;\" class=\"elementor-button elementor-button-link elementor-size-sm\" href=\"https:\/\/masters.isdi.education\/mib-negocios-en-la-era-de-la-ia\" target=\"_blank\">\n                            <span class=\"elementor-button-content-wrapper\">\n                                        <span class=\"elementor-button-text\">Solicita informaci\u00f3n<\/span>\n                        <\/span>\n                        <\/a>\n                    <\/div>\n            <\/div>\n        <\/div>\n        <div class=\"elementor-element elementor-element-8fc238b elementor-widget__width-auto btnCircle elementor-view-default elementor-widget elementor-widget-icon\" data-id=\"8fc238b\" data-element_type=\"widget\" data-widget_type=\"icon.default\">\n            <div class=\"elementor-widget-container\">\n                <div class=\"elementor-icon-wrapper\">\n                    <a style=\"cursor:pointer\" class=\"elementor-icon\"  href=\"https:\/\/masters.isdi.education\/mib-negocios-en-la-era-de-la-ia\" target=\"_blank\">\n                        <svg xmlns=\"http:\/\/www.w3.org\/2000\/svg\" viewBox=\"0 0 80 20\" style=\"enable-background:new 0 0 80 20;\">\n                            <polygon points=\"9.5,0.5 8.5,1.5 16.2,9.2 0,9.2 0,10.8 16.2,10.8 8.5,18.5 9.5,19.5 19.1,10\"><\/polygon>\n                            <polygon points=\"70.5,0.5 69.4,1.5 77.1,9.2 60.9,9.2 60.9,10.8 77.1,10.8 69.4,18.5 70.5,19.5 80,10\"><\/polygon>\n                        <\/svg>\n                    <\/a>\n                <\/div>\n            <\/div>\n        <\/div>\n    <\/div><\/div><style>\n.single-post .hentry .elementor-widget-theme-post-content a.elementor-icon{\n    font-size:80px!important;\n}\n.cta-blog-box {\n    background-color: #d32f2f;\n    color: white;\n    padding: 30px 40px;\n    display: flex;\n    justify-content: space-between;\n    font-family: 'Helvetica Neue', sans-serif;\n    border-radius: 4px;\n    margin: 20px 0;\n    flex-direction: column;\n}\n.cta-copy {\n    \/*font-size: 18px;\n    line-height: 1.4;\n    font-weight: 300;*\/\n    text-transform: uppercase;\n    font-family: \"PP Neue\", Sans-serif;\n    font-size: 28px;\n    font-weight: 300;\n    line-height: 48px;\n    letter-spacing: -1px;\n}\n.cta-boton {\n    color: white;\n    font-size: 14px;\n    text-decoration: none !important;\n    display: flex;\n    align-items: center;\n    border: none;\n    background: none;\n    cursor: pointer;\n    font-weight: 400;\n}\n.single-post .hentry .elementor-widget-theme-post-content a.cta-boton{\n    text-decoration: none !important;\n    font-size: 80px !important;\n}\n.cta-boton .flecha {\n    display: inline-block;\n    margin-left: 8px;\n    font-size: 18px;\n    transform: translateY(1px);\n}\n.cta-boton:hover .flecha {\n    transform: translateX(3px);\n    transition: transform 0.3s ease;\n}\n@media(max-width: 600px) {\n    .cta-blog-box {\n        flex-direction: column;\n        gap: 20px;\n        text-align: center;\n    }\n}\n<\/style>\n<h2><b>\u00a0En resumen: la IA no va a esperar por ti<\/b><\/h2>\n<p><span style=\"font-weight: 400;\">El mercado ha cambiado, las reglas han cambiado, y el talento que impacta tambi\u00e9n ha cambiado. Si quieres evolucionar como profesional, liderar la transformaci\u00f3n y <\/span><b>aprovechar la IA en lugar de temerla<\/b><span style=\"font-weight: 400;\">, este es el momento.<\/span><\/p>\n<p><span style=\"font-weight: 400;\">El <\/span><b>nuevo MIB de ISDI<\/b><span style=\"font-weight: 400;\"> es el programa para quienes no quieren quedarse atr\u00e1s, para quienes quieren construir, aplicar y liderar con tecnolog\u00eda real. Para quienes saben que el futuro no se espera\u2026 <\/span><b>se dise\u00f1a<\/b><span style=\"font-weight: 400;\">.<\/span><\/p>\n<p><b>? \u00bfEst\u00e1s listo para crear tu Agente de IA y marcar la diferencia?<\/b><b><br \/>\n<\/b><span style=\"font-weight: 400;\"> Descubre m\u00e1s sobre el nuevo MIB y reg\u00edstrate al evento: <a href=\"https:\/\/www.isdi.education\/es\/programas\/mib\">MIB<\/a><\/span><\/p>\n","protected":false},"excerpt":{"rendered":"<p>\u00bfEst\u00e1s preparado para competir en un mercado que cambia m\u00e1s r\u00e1pido que nunca? En un entorno donde la Inteligencia Artificial est\u00e1 redefiniendo las reglas del juego, muchos profesionales en Espa\u00f1a \u2014especialmente los mid-senior\u2014 corren el riesgo de quedarse atr\u00e1s por no contar con las herramientas, la mentalidad ni el conocimiento que hoy exige el mercado&#8230;.<\/p>\n","protected":false},"author":23,"featured_media":35524,"comment_status":"closed","ping_status":"closed","sticky":false,"template":"","format":"standard","meta":{"_acf_changed":false,"footnotes":""},"categories":[1],"tags":[],"class_list":["post-35523","post","type-post","status-publish","format-standard","has-post-thumbnail","hentry","category-noticias-isdi"],"acf":{"photo_gallery":{"galeria":[[]]}},"yoast_head":"<!-- This site is optimized with the Yoast SEO plugin v27.4 - https:\/\/yoast.com\/product\/yoast-seo-wordpress\/ -->\n<title>El nuevo MIB de ISDI: el Executive MBA para no quedarte fuera del mercado laboral en la era de la Inteligencia Artificial - ISDI Espa\u00f1a<\/title>\n<meta name=\"description\" content=\"Descubre el nuevo MIB de ISDI:\" \/>\n<meta name=\"robots\" content=\"index, follow, max-snippet:-1, max-image-preview:large, max-video-preview:-1\" \/>\n<link rel=\"canonical\" href=\"https:\/\/www.isdi.education\/es\/blog\/el-nuevo-mib\" \/>\n<meta property=\"og:locale\" content=\"es_ES\" \/>\n<meta property=\"og:type\" content=\"article\" \/>\n<meta property=\"og:title\" content=\"El nuevo MIB de ISDI: el Executive MBA para no quedarte fuera del mercado laboral en la era de la Inteligencia Artificial - ISDI Espa\u00f1a\" \/>\n<meta property=\"og:description\" content=\"Descubre el nuevo MIB de ISDI:\" \/>\n<meta property=\"og:url\" content=\"https:\/\/www.isdi.education\/es\/blog\/el-nuevo-mib\" \/>\n<meta property=\"og:site_name\" content=\"ISDI Espa\u00f1a\" \/>\n<meta property=\"article:publisher\" content=\"https:\/\/www.facebook.com\/isdi.education\" \/>\n<meta property=\"article:published_time\" content=\"2025-07-04T10:39:15+00:00\" \/>\n<meta property=\"article:modified_time\" content=\"2025-07-09T14:42:28+00:00\" \/>\n<meta property=\"og:image\" content=\"https:\/\/www.isdi.education\/es\/wp-content\/uploads\/2025\/07\/DSC2075-_2__11zon-scaled.webp\" \/>\n\t<meta property=\"og:image:width\" content=\"2560\" \/>\n\t<meta property=\"og:image:height\" content=\"2170\" \/>\n\t<meta property=\"og:image:type\" content=\"image\/webp\" \/>\n<meta name=\"author\" content=\"infofuturo\" \/>\n<meta name=\"twitter:card\" content=\"summary_large_image\" \/>\n<meta name=\"twitter:label1\" content=\"Escrito por\" \/>\n\t<meta name=\"twitter:data1\" content=\"infofuturo\" \/>\n\t<meta name=\"twitter:label2\" content=\"Tiempo de lectura\" \/>\n\t<meta name=\"twitter:data2\" content=\"5 minutos\" \/>\n<script type=\"application\/ld+json\" class=\"yoast-schema-graph\">{\"@context\":\"https:\\\/\\\/schema.org\",\"@graph\":[{\"@type\":\"Article\",\"@id\":\"https:\\\/\\\/www.isdi.education\\\/es\\\/blog\\\/el-nuevo-mib#article\",\"isPartOf\":{\"@id\":\"https:\\\/\\\/www.isdi.education\\\/es\\\/blog\\\/el-nuevo-mib\"},\"author\":{\"name\":\"infofuturo\",\"@id\":\"https:\\\/\\\/www.isdi.education\\\/es\\\/#\\\/schema\\\/person\\\/9f30c33eda685abbcfaabf1e7b9e9f76\"},\"headline\":\"El nuevo MIB de ISDI: el Executive MBA para no quedarte fuera del mercado laboral en la era de la Inteligencia Artificial\",\"datePublished\":\"2025-07-04T10:39:15+00:00\",\"dateModified\":\"2025-07-09T14:42:28+00:00\",\"mainEntityOfPage\":{\"@id\":\"https:\\\/\\\/www.isdi.education\\\/es\\\/blog\\\/el-nuevo-mib\"},\"wordCount\":945,\"publisher\":{\"@id\":\"https:\\\/\\\/www.isdi.education\\\/es\\\/#organization\"},\"image\":{\"@id\":\"https:\\\/\\\/www.isdi.education\\\/es\\\/blog\\\/el-nuevo-mib#primaryimage\"},\"thumbnailUrl\":\"https:\\\/\\\/www.isdi.education\\\/es\\\/wp-content\\\/uploads\\\/2025\\\/07\\\/DSC2075-_2__11zon-scaled.webp\",\"articleSection\":[\"Noticias ISDI\"],\"inLanguage\":\"es\"},{\"@type\":\"WebPage\",\"@id\":\"https:\\\/\\\/www.isdi.education\\\/es\\\/blog\\\/el-nuevo-mib\",\"url\":\"https:\\\/\\\/www.isdi.education\\\/es\\\/blog\\\/el-nuevo-mib\",\"name\":\"El nuevo MIB de ISDI: el Executive MBA para no quedarte fuera del mercado laboral en la era de la Inteligencia Artificial - ISDI Espa\u00f1a\",\"isPartOf\":{\"@id\":\"https:\\\/\\\/www.isdi.education\\\/es\\\/#website\"},\"primaryImageOfPage\":{\"@id\":\"https:\\\/\\\/www.isdi.education\\\/es\\\/blog\\\/el-nuevo-mib#primaryimage\"},\"image\":{\"@id\":\"https:\\\/\\\/www.isdi.education\\\/es\\\/blog\\\/el-nuevo-mib#primaryimage\"},\"thumbnailUrl\":\"https:\\\/\\\/www.isdi.education\\\/es\\\/wp-content\\\/uploads\\\/2025\\\/07\\\/DSC2075-_2__11zon-scaled.webp\",\"datePublished\":\"2025-07-04T10:39:15+00:00\",\"dateModified\":\"2025-07-09T14:42:28+00:00\",\"description\":\"Descubre el nuevo MIB de ISDI:\",\"breadcrumb\":{\"@id\":\"https:\\\/\\\/www.isdi.education\\\/es\\\/blog\\\/el-nuevo-mib#breadcrumb\"},\"inLanguage\":\"es\",\"potentialAction\":[{\"@type\":\"ReadAction\",\"target\":[\"https:\\\/\\\/www.isdi.education\\\/es\\\/blog\\\/el-nuevo-mib\"]}]},{\"@type\":\"ImageObject\",\"inLanguage\":\"es\",\"@id\":\"https:\\\/\\\/www.isdi.education\\\/es\\\/blog\\\/el-nuevo-mib#primaryimage\",\"url\":\"https:\\\/\\\/www.isdi.education\\\/es\\\/wp-content\\\/uploads\\\/2025\\\/07\\\/DSC2075-_2__11zon-scaled.webp\",\"contentUrl\":\"https:\\\/\\\/www.isdi.education\\\/es\\\/wp-content\\\/uploads\\\/2025\\\/07\\\/DSC2075-_2__11zon-scaled.webp\",\"width\":2560,\"height\":2170,\"caption\":\"El nuevo MIB de ISDI: el Executive MBA para no quedarte fuera del mercado laboral en la era de la Inteligencia Artificial\"},{\"@type\":\"BreadcrumbList\",\"@id\":\"https:\\\/\\\/www.isdi.education\\\/es\\\/blog\\\/el-nuevo-mib#breadcrumb\",\"itemListElement\":[{\"@type\":\"ListItem\",\"position\":1,\"name\":\"Inicio\",\"item\":\"https:\\\/\\\/www.isdi.education\\\/es\\\/\"},{\"@type\":\"ListItem\",\"position\":2,\"name\":\"El nuevo MIB de ISDI: el Executive MBA para no quedarte fuera del mercado laboral en la era de la Inteligencia Artificial\"}]},{\"@type\":\"WebSite\",\"@id\":\"https:\\\/\\\/www.isdi.education\\\/es\\\/#website\",\"url\":\"https:\\\/\\\/www.isdi.education\\\/es\\\/\",\"name\":\"ISDI Espa\u00f1a | La Escuela de Negocios de la Era Digital\",\"description\":\"Descubre la formaci\u00f3n que te abrir\u00e1 las puertas a la era digital. Entra a formar parte de la primera escuela de negocios y direcci\u00f3n nativa digital.\",\"publisher\":{\"@id\":\"https:\\\/\\\/www.isdi.education\\\/es\\\/#organization\"},\"inLanguage\":\"es\"},{\"@type\":\"Organization\",\"@id\":\"https:\\\/\\\/www.isdi.education\\\/es\\\/#organization\",\"name\":\"ISDI Espa\u00f1a | La Escuela de Negocios de la Era Digital\",\"url\":\"https:\\\/\\\/www.isdi.education\\\/es\\\/\",\"logo\":{\"@type\":\"ImageObject\",\"inLanguage\":\"es\",\"@id\":\"https:\\\/\\\/www.isdi.education\\\/es\\\/#\\\/schema\\\/logo\\\/image\\\/\",\"url\":\"https:\\\/\\\/www.isdi.education\\\/es\\\/wp-content\\\/uploads\\\/2024\\\/02\\\/cropped-Favicon.png\",\"contentUrl\":\"https:\\\/\\\/www.isdi.education\\\/es\\\/wp-content\\\/uploads\\\/2024\\\/02\\\/cropped-Favicon.png\",\"width\":512,\"height\":512,\"caption\":\"ISDI Espa\u00f1a | La Escuela de Negocios de la Era Digital\"},\"image\":{\"@id\":\"https:\\\/\\\/www.isdi.education\\\/es\\\/#\\\/schema\\\/logo\\\/image\\\/\"},\"sameAs\":[\"https:\\\/\\\/www.facebook.com\\\/isdi.education\",\"https:\\\/\\\/www.linkedin.com\\\/school\\\/isdi\\\/?originalSubdomain=es\",\"https:\\\/\\\/www.instagram.com\\\/isdi_edu\\\/?hl=es\",\"https:\\\/\\\/www.tiktok.com\\\/@isdi_edu\",\"https:\\\/\\\/www.youtube.com\\\/user\\\/ISDItv\"]},{\"@type\":\"Person\",\"@id\":\"https:\\\/\\\/www.isdi.education\\\/es\\\/#\\\/schema\\\/person\\\/9f30c33eda685abbcfaabf1e7b9e9f76\",\"name\":\"infofuturo\",\"image\":{\"@type\":\"ImageObject\",\"inLanguage\":\"es\",\"@id\":\"https:\\\/\\\/www.isdi.education\\\/es\\\/wp-content\\\/litespeed\\\/avatar\\\/1\\\/06e1ec358746bcb8bb25471d95ddc6aa.jpg?ver=1776848319\",\"url\":\"https:\\\/\\\/www.isdi.education\\\/es\\\/wp-content\\\/litespeed\\\/avatar\\\/1\\\/06e1ec358746bcb8bb25471d95ddc6aa.jpg?ver=1776848319\",\"contentUrl\":\"https:\\\/\\\/www.isdi.education\\\/es\\\/wp-content\\\/litespeed\\\/avatar\\\/1\\\/06e1ec358746bcb8bb25471d95ddc6aa.jpg?ver=1776848319\",\"caption\":\"infofuturo\"},\"url\":\"https:\\\/\\\/www.isdi.education\\\/es\\\/author\\\/infofuturo\"}]}<\/script>\n<!-- \/ Yoast SEO plugin. -->","yoast_head_json":{"title":"El nuevo MIB de ISDI: el Executive MBA para no quedarte fuera del mercado laboral en la era de la Inteligencia Artificial - ISDI Espa\u00f1a","description":"Descubre el nuevo MIB de ISDI:","robots":{"index":"index","follow":"follow","max-snippet":"max-snippet:-1","max-image-preview":"max-image-preview:large","max-video-preview":"max-video-preview:-1"},"canonical":"https:\/\/www.isdi.education\/es\/blog\/el-nuevo-mib","og_locale":"es_ES","og_type":"article","og_title":"El nuevo MIB de ISDI: el Executive MBA para no quedarte fuera del mercado laboral en la era de la Inteligencia Artificial - ISDI Espa\u00f1a","og_description":"Descubre el nuevo MIB de ISDI:","og_url":"https:\/\/www.isdi.education\/es\/blog\/el-nuevo-mib","og_site_name":"ISDI Espa\u00f1a","article_publisher":"https:\/\/www.facebook.com\/isdi.education","article_published_time":"2025-07-04T10:39:15+00:00","article_modified_time":"2025-07-09T14:42:28+00:00","og_image":[{"width":2560,"height":2170,"url":"https:\/\/www.isdi.education\/es\/wp-content\/uploads\/2025\/07\/DSC2075-_2__11zon-scaled.webp","type":"image\/webp"}],"author":"infofuturo","twitter_card":"summary_large_image","twitter_misc":{"Escrito por":"infofuturo","Tiempo de lectura":"5 minutos"},"schema":{"@context":"https:\/\/schema.org","@graph":[{"@type":"Article","@id":"https:\/\/www.isdi.education\/es\/blog\/el-nuevo-mib#article","isPartOf":{"@id":"https:\/\/www.isdi.education\/es\/blog\/el-nuevo-mib"},"author":{"name":"infofuturo","@id":"https:\/\/www.isdi.education\/es\/#\/schema\/person\/9f30c33eda685abbcfaabf1e7b9e9f76"},"headline":"El nuevo MIB de ISDI: el Executive MBA para no quedarte fuera del mercado laboral en la era de la Inteligencia Artificial","datePublished":"2025-07-04T10:39:15+00:00","dateModified":"2025-07-09T14:42:28+00:00","mainEntityOfPage":{"@id":"https:\/\/www.isdi.education\/es\/blog\/el-nuevo-mib"},"wordCount":945,"publisher":{"@id":"https:\/\/www.isdi.education\/es\/#organization"},"image":{"@id":"https:\/\/www.isdi.education\/es\/blog\/el-nuevo-mib#primaryimage"},"thumbnailUrl":"https:\/\/www.isdi.education\/es\/wp-content\/uploads\/2025\/07\/DSC2075-_2__11zon-scaled.webp","articleSection":["Noticias ISDI"],"inLanguage":"es"},{"@type":"WebPage","@id":"https:\/\/www.isdi.education\/es\/blog\/el-nuevo-mib","url":"https:\/\/www.isdi.education\/es\/blog\/el-nuevo-mib","name":"El nuevo MIB de ISDI: el Executive MBA para no quedarte fuera del mercado laboral en la era de la Inteligencia Artificial - ISDI Espa\u00f1a","isPartOf":{"@id":"https:\/\/www.isdi.education\/es\/#website"},"primaryImageOfPage":{"@id":"https:\/\/www.isdi.education\/es\/blog\/el-nuevo-mib#primaryimage"},"image":{"@id":"https:\/\/www.isdi.education\/es\/blog\/el-nuevo-mib#primaryimage"},"thumbnailUrl":"https:\/\/www.isdi.education\/es\/wp-content\/uploads\/2025\/07\/DSC2075-_2__11zon-scaled.webp","datePublished":"2025-07-04T10:39:15+00:00","dateModified":"2025-07-09T14:42:28+00:00","description":"Descubre el nuevo MIB de ISDI:","breadcrumb":{"@id":"https:\/\/www.isdi.education\/es\/blog\/el-nuevo-mib#breadcrumb"},"inLanguage":"es","potentialAction":[{"@type":"ReadAction","target":["https:\/\/www.isdi.education\/es\/blog\/el-nuevo-mib"]}]},{"@type":"ImageObject","inLanguage":"es","@id":"https:\/\/www.isdi.education\/es\/blog\/el-nuevo-mib#primaryimage","url":"https:\/\/www.isdi.education\/es\/wp-content\/uploads\/2025\/07\/DSC2075-_2__11zon-scaled.webp","contentUrl":"https:\/\/www.isdi.education\/es\/wp-content\/uploads\/2025\/07\/DSC2075-_2__11zon-scaled.webp","width":2560,"height":2170,"caption":"El nuevo MIB de ISDI: el Executive MBA para no quedarte fuera del mercado laboral en la era de la Inteligencia Artificial"},{"@type":"BreadcrumbList","@id":"https:\/\/www.isdi.education\/es\/blog\/el-nuevo-mib#breadcrumb","itemListElement":[{"@type":"ListItem","position":1,"name":"Inicio","item":"https:\/\/www.isdi.education\/es\/"},{"@type":"ListItem","position":2,"name":"El nuevo MIB de ISDI: el Executive MBA para no quedarte fuera del mercado laboral en la era de la Inteligencia Artificial"}]},{"@type":"WebSite","@id":"https:\/\/www.isdi.education\/es\/#website","url":"https:\/\/www.isdi.education\/es\/","name":"ISDI Espa\u00f1a | La Escuela de Negocios de la Era Digital","description":"Descubre la formaci\u00f3n que te abrir\u00e1 las puertas a la era digital. Entra a formar parte de la primera escuela de negocios y direcci\u00f3n nativa digital.","publisher":{"@id":"https:\/\/www.isdi.education\/es\/#organization"},"inLanguage":"es"},{"@type":"Organization","@id":"https:\/\/www.isdi.education\/es\/#organization","name":"ISDI Espa\u00f1a | La Escuela de Negocios de la Era Digital","url":"https:\/\/www.isdi.education\/es\/","logo":{"@type":"ImageObject","inLanguage":"es","@id":"https:\/\/www.isdi.education\/es\/#\/schema\/logo\/image\/","url":"https:\/\/www.isdi.education\/es\/wp-content\/uploads\/2024\/02\/cropped-Favicon.png","contentUrl":"https:\/\/www.isdi.education\/es\/wp-content\/uploads\/2024\/02\/cropped-Favicon.png","width":512,"height":512,"caption":"ISDI Espa\u00f1a | La Escuela de Negocios de la Era Digital"},"image":{"@id":"https:\/\/www.isdi.education\/es\/#\/schema\/logo\/image\/"},"sameAs":["https:\/\/www.facebook.com\/isdi.education","https:\/\/www.linkedin.com\/school\/isdi\/?originalSubdomain=es","https:\/\/www.instagram.com\/isdi_edu\/?hl=es","https:\/\/www.tiktok.com\/@isdi_edu","https:\/\/www.youtube.com\/user\/ISDItv"]},{"@type":"Person","@id":"https:\/\/www.isdi.education\/es\/#\/schema\/person\/9f30c33eda685abbcfaabf1e7b9e9f76","name":"infofuturo","image":{"@type":"ImageObject","inLanguage":"es","@id":"https:\/\/www.isdi.education\/es\/wp-content\/litespeed\/avatar\/1\/06e1ec358746bcb8bb25471d95ddc6aa.jpg?ver=1776848319","url":"https:\/\/www.isdi.education\/es\/wp-content\/litespeed\/avatar\/1\/06e1ec358746bcb8bb25471d95ddc6aa.jpg?ver=1776848319","contentUrl":"https:\/\/www.isdi.education\/es\/wp-content\/litespeed\/avatar\/1\/06e1ec358746bcb8bb25471d95ddc6aa.jpg?ver=1776848319","caption":"infofuturo"},"url":"https:\/\/www.isdi.education\/es\/author\/infofuturo"}]}},"_links":{"self":[{"href":"https:\/\/www.isdi.education\/es\/wp-json\/wp\/v2\/posts\/35523","targetHints":{"allow":["GET"]}}],"collection":[{"href":"https:\/\/www.isdi.education\/es\/wp-json\/wp\/v2\/posts"}],"about":[{"href":"https:\/\/www.isdi.education\/es\/wp-json\/wp\/v2\/types\/post"}],"author":[{"embeddable":true,"href":"https:\/\/www.isdi.education\/es\/wp-json\/wp\/v2\/users\/23"}],"replies":[{"embeddable":true,"href":"https:\/\/www.isdi.education\/es\/wp-json\/wp\/v2\/comments?post=35523"}],"version-history":[{"count":0,"href":"https:\/\/www.isdi.education\/es\/wp-json\/wp\/v2\/posts\/35523\/revisions"}],"wp:featuredmedia":[{"embeddable":true,"href":"https:\/\/www.isdi.education\/es\/wp-json\/wp\/v2\/media\/35524"}],"wp:attachment":[{"href":"https:\/\/www.isdi.education\/es\/wp-json\/wp\/v2\/media?parent=35523"}],"wp:term":[{"taxonomy":"category","embeddable":true,"href":"https:\/\/www.isdi.education\/es\/wp-json\/wp\/v2\/categories?post=35523"},{"taxonomy":"post_tag","embeddable":true,"href":"https:\/\/www.isdi.education\/es\/wp-json\/wp\/v2\/tags?post=35523"}],"curies":[{"name":"wp","href":"https:\/\/api.w.org\/{rel}","templated":true}]}}