{"id":35445,"date":"2025-07-02T09:06:57","date_gmt":"2025-07-02T09:06:57","guid":{"rendered":"https:\/\/www.isdi.education\/es\/?p=35445"},"modified":"2025-07-02T09:41:59","modified_gmt":"2025-07-02T09:41:59","slug":"la-experiencia-del-seminario-en-harvard","status":"publish","type":"post","link":"https:\/\/www.isdi.education\/es\/blog\/la-experiencia-del-seminario-en-harvard","title":{"rendered":"Te contamos c\u00f3mo fue el Seminario de Inmersi\u00f3n Digital en RCC-Harvard 2025"},"content":{"rendered":"<p><span style=\"font-weight: 400;\">Durante una semana del pasado mes de junio, un grupo internacional de l\u00edderes digitales vivi\u00f3 una experiencia transformadora en el coraz\u00f3n de una de las universidades m\u00e1s prestigiosas del mundo. El seminario de inmersi\u00f3n digital en Harvard, impulsado por ISDI junto al Real Colegio Complutense, regres\u00f3 en su edici\u00f3n 2025 con m\u00e1s fuerza que nunca.<\/span><\/p>\n<p><span style=\"font-weight: 400;\">Y lo que ocurri\u00f3 all\u00ed fue mucho m\u00e1s que formaci\u00f3n acad\u00e9mica. <\/span><span style=\"font-weight: 400;\">En un entorno donde confluyen innovaci\u00f3n, pensamiento cr\u00edtico y tecnolog\u00eda, los asistentes se sumergieron en una experiencia intensiva y provocadora, dise\u00f1ada para ampliar la visi\u00f3n sobre los grandes retos de la transformaci\u00f3n digital.<\/span><\/p>\n<h2><span style=\"font-weight: 400;\">Una semana en el epicentro del cambio<\/span><\/h2>\n<p><span style=\"font-weight: 400;\">El seminario se desarroll\u00f3 a lo largo de cinco d\u00edas, con sesiones de ma\u00f1ana y tarde en las instalaciones del Real Colegio Complutense y otros espacios clave de la Universidad de Harvard. La estructura del programa combin\u00f3 sesiones dirigidas por expertos de primer nivel con visitas a centros como el <\/span><b>Harvard Innovation Lab<\/b><span style=\"font-weight: 400;\">, el <\/span><b>Media Lab del MIT<\/b><span style=\"font-weight: 400;\"> o la <\/span><b>Harvard Law School<\/b><span style=\"font-weight: 400;\">, aportando un enfoque experiencial que enriquec\u00eda cada jornada.<\/span><\/p>\n<p><span style=\"font-weight: 400;\">Los participantes; directivos, emprendedores y profesionales del ecosistema digital; llegaron desde distintos pa\u00edses y sectores, con un mismo objetivo: <\/span><b>entender hacia d\u00f3nde se dirige el mundo digital y c\u00f3mo liderar ese cambio desde sus propias organizaciones<\/b><span style=\"font-weight: 400;\">.<\/span><\/p>\n<p>El resumen de la semana nos ofrece las siguientes cifras:<\/p>\n<ul>\n<li>62 alumnos<\/li>\n<li>20 expertos internacionales de Harvard, MIT, NYU y muchas m\u00e1s<\/li>\n<li>20 sesiones<\/li>\n<li>35 horas de sesiones<\/li>\n<\/ul>\n<p>&nbsp;<\/p>\n<h2><span style=\"font-weight: 400;\">Temas que marcan el presente (y el futuro)<\/span><\/h2>\n<p><span style=\"font-weight: 400;\">A lo largo de la semana, se abordaron cuestiones clave que est\u00e1n reconfigurando industrias, modelos de negocio y estructuras sociales. Desde el impacto de la inteligencia artificial generativa hasta el futuro del trabajo, la revoluci\u00f3n fintech o el papel de los medios en la era de la desinformaci\u00f3n.<\/span><\/p>\n<p><span style=\"font-weight: 400;\">Cada d\u00eda propon\u00eda nuevas preguntas. \u00bfQu\u00e9 ocurre con los derechos de autor cuando la IA crea contenido? \u00bfC\u00f3mo cambian las reglas del liderazgo en entornos laborales mediados por algoritmos? \u00bfQu\u00e9 papel deben asumir los gobiernos ante la disrupci\u00f3n tecnol\u00f3gica?<\/span><\/p>\n<p><span style=\"font-weight: 400;\">Profesores de referencia como <\/span><b>David Weinberger<\/b><span style=\"font-weight: 400;\">, <\/span><b>Joshua Benton<\/b><span style=\"font-weight: 400;\">, <\/span><b>Elizabeth Altman<\/b><span style=\"font-weight: 400;\">, <\/span><b>Sandra Cortesi<\/b><span style=\"font-weight: 400;\"> o <\/span><b>Nicco Mele<\/b><span style=\"font-weight: 400;\"> guiaron las discusiones en sesiones participativas que romp\u00edan el esquema tradicional de una clase magistral. No se trataba de recibir respuestas, sino de confrontar ideas, ampliar perspectivas y desafiar supuestos.<\/span><\/p>\n<h2><span style=\"font-weight: 400;\">Mucho m\u00e1s que conocimiento<\/span><\/h2>\n<p><span style=\"font-weight: 400;\">Uno de los aspectos m\u00e1s valorados por los asistentes fue la atm\u00f3sfera que se gener\u00f3 tanto dentro como fuera del aula. La diversidad de perfiles, la exigencia intelectual del entorno y la inspiraci\u00f3n constante generaron una energ\u00eda dif\u00edcil de replicar en otros contextos. Las comidas, los trayectos por el campus o la <\/span><b>cena de clausura en el Harvard Faculty Club<\/b><span style=\"font-weight: 400;\"> se convirtieron en espacios de intercambio real, donde se tejieron conexiones personales y profesionales que seguir\u00e1n m\u00e1s all\u00e1 del programa.<\/span><\/p>\n<p><span style=\"font-weight: 400;\">Muchos participantes destacaron c\u00f3mo la experiencia les permiti\u00f3 no solo adquirir nuevas herramientas, sino tambi\u00e9n repensar su rol como l\u00edderes digitales en un mundo en constante transformaci\u00f3n.<\/span><\/p>\n<h2><span style=\"font-weight: 400;\">Una comunidad global con visi\u00f3n de futuro<\/span><\/h2>\n<p><span style=\"font-weight: 400;\">Tras el seminario, los participantes se integran autom\u00e1ticamente en la <\/span><b>comunidad global de talento digital de ISDI<\/b><span style=\"font-weight: 400;\">, que ofrece acceso a oportunidades de networking, contenidos exclusivos, eventos y recursos de desarrollo profesional. Esta continuidad convierte al seminario en Harvard en <\/span><b>el punto de partida de un recorrido que va mucho m\u00e1s all\u00e1 de una semana<\/b><span style=\"font-weight: 400;\">.<\/span><\/p>\n<p><span style=\"font-weight: 400;\">Adem\u00e1s, el reconocimiento acad\u00e9mico del programa aporta un respaldo institucional de gran prestigio en cualquier trayectoria profesional internacional.<\/span><\/p>\n<h2><span style=\"font-weight: 400;\">Pr\u00f3xima edici\u00f3n: junio de 2026<\/span><\/h2>\n<p><span style=\"font-weight: 400;\">Ya est\u00e1 abierto el proceso de admisi\u00f3n para la pr\u00f3xima edici\u00f3n del seminario de transformaci\u00f3n digital en Harvard, que tendr\u00e1 lugar en <\/span><b>junio de 2026<\/b><span style=\"font-weight: 400;\">. Se trata de un programa exclusivo, con plazas limitadas, que selecciona a perfiles con experiencia y compromiso con la innovaci\u00f3n y el liderazgo en el \u00e1mbito digital.<\/span><\/p>\n<p><span style=\"font-weight: 400;\">El seminario est\u00e1 impartido \u00edntegramente en ingl\u00e9s, tiene una duraci\u00f3n de cinco d\u00edas intensivos en el campus de Harvard y est\u00e1 dirigido a profesionales con visi\u00f3n internacional y capacidad de impacto en sus organizaciones.<\/span><\/p>\n<div class=\"cta-blog-box\"><div class=\"cta-copy\">Vive una experiencia \u00fanica<\/div>    <div style=\"width: auto; align-self: flex-end; flex-direction: row;\" class=\"elementor-element elementor-element-2e5ed7c e-con-full e-flex e-con e-child\" data-id=\"2e5ed7c\" data-element_type=\"container\" id=\"btnRedBannerDiv\">\n        <div class=\"elementor-element elementor-element-8d35332 btnArrowCircle elementor-mobile-align-left elementor-widget elementor-widget-button\" data-id=\"8d35332\" data-element_type=\"widget\" id=\"btnRedBanner\" data-widget_type=\"button.default\">\n            <div class=\"elementor-widget-container\">\n                    <div class=\"elementor-button-wrapper\">\n                        <a style=\"text-decoration: none !important; background-color:transparent!important; padding-right: 0px;\" class=\"elementor-button elementor-button-link elementor-size-sm\" href=\"https:\/\/www.isdi.education\/es\/programas\/isdt-international-seminar-digital-transformation-rcc-harvard\" target=\"_blank\">\n                            <span class=\"elementor-button-content-wrapper\">\n                                        <span class=\"elementor-button-text\">Seminario de Inmersi\u00f3n Digital RCC - Harvard<\/span>\n                        <\/span>\n                        <\/a>\n                    <\/div>\n            <\/div>\n        <\/div>\n        <div class=\"elementor-element elementor-element-8fc238b elementor-widget__width-auto btnCircle elementor-view-default elementor-widget elementor-widget-icon\" data-id=\"8fc238b\" data-element_type=\"widget\" data-widget_type=\"icon.default\">\n            <div class=\"elementor-widget-container\">\n                <div class=\"elementor-icon-wrapper\">\n                    <a style=\"cursor:pointer\" class=\"elementor-icon\"  href=\"https:\/\/www.isdi.education\/es\/programas\/isdt-international-seminar-digital-transformation-rcc-harvard\" target=\"_blank\">\n                        <svg xmlns=\"http:\/\/www.w3.org\/2000\/svg\" viewBox=\"0 0 80 20\" style=\"enable-background:new 0 0 80 20;\">\n                            <polygon points=\"9.5,0.5 8.5,1.5 16.2,9.2 0,9.2 0,10.8 16.2,10.8 8.5,18.5 9.5,19.5 19.1,10\"><\/polygon>\n                            <polygon points=\"70.5,0.5 69.4,1.5 77.1,9.2 60.9,9.2 60.9,10.8 77.1,10.8 69.4,18.5 70.5,19.5 80,10\"><\/polygon>\n                        <\/svg>\n                    <\/a>\n                <\/div>\n            <\/div>\n        <\/div>\n    <\/div><\/div><style>\n.single-post .hentry .elementor-widget-theme-post-content a.elementor-icon{\n    font-size:80px!important;\n}\n.cta-blog-box {\n    background-color: #d32f2f;\n    color: white;\n    padding: 30px 40px;\n    display: flex;\n    justify-content: space-between;\n    font-family: 'Helvetica Neue', sans-serif;\n    border-radius: 4px;\n    margin: 20px 0;\n    flex-direction: column;\n}\n.cta-copy {\n    \/*font-size: 18px;\n    line-height: 1.4;\n    font-weight: 300;*\/\n    text-transform: uppercase;\n    font-family: \"PP Neue\", Sans-serif;\n    font-size: 28px;\n    font-weight: 300;\n    line-height: 48px;\n    letter-spacing: -1px;\n}\n.cta-boton {\n    color: white;\n    font-size: 14px;\n    text-decoration: none !important;\n    display: flex;\n    align-items: center;\n    border: none;\n    background: none;\n    cursor: pointer;\n    font-weight: 400;\n}\n.single-post .hentry .elementor-widget-theme-post-content a.cta-boton{\n    text-decoration: none !important;\n    font-size: 80px !important;\n}\n.cta-boton .flecha {\n    display: inline-block;\n    margin-left: 8px;\n    font-size: 18px;\n    transform: translateY(1px);\n}\n.cta-boton:hover .flecha {\n    transform: translateX(3px);\n    transition: transform 0.3s ease;\n}\n@media(max-width: 600px) {\n    .cta-blog-box {\n        flex-direction: column;\n        gap: 20px;\n        text-align: center;\n    }\n}\n<\/style>\n<h2><span style=\"font-weight: 400;\">Una experiencia que te cambia<\/span><\/h2>\n<p><span style=\"font-weight: 400;\">La edici\u00f3n 2025 lo ha dejado claro: este no es un curso m\u00e1s. Es una experiencia que te confronta, te inspira y te transforma. Una semana en la que se combinan lo mejor del entorno acad\u00e9mico de Harvard con la mirada pr\u00e1ctica del ecosistema digital global. Y donde se gesta una comunidad con ambici\u00f3n de cambiar el mundo.<\/span><\/p>\n<p><span style=\"font-weight: 400;\">Si est\u00e1s buscando algo que impulse tu carrera, ampl\u00ede tus horizontes y te conecte con los retos reales del liderazgo digital, <\/span><b>el seminario en Harvard puede ser tu siguiente paso<\/b><span style=\"font-weight: 400;\">.<\/span><\/p>\n","protected":false},"excerpt":{"rendered":"<p>Durante una semana del pasado mes de junio, un grupo internacional de l\u00edderes digitales vivi\u00f3 una experiencia transformadora en el coraz\u00f3n de una de las universidades m\u00e1s prestigiosas del mundo. El seminario de inmersi\u00f3n digital en Harvard, impulsado por ISDI junto al Real Colegio Complutense, regres\u00f3 en su edici\u00f3n 2025 con m\u00e1s fuerza que nunca&#8230;.<\/p>\n","protected":false},"author":23,"featured_media":35446,"comment_status":"closed","ping_status":"closed","sticky":false,"template":"","format":"standard","meta":{"_acf_changed":false,"footnotes":""},"categories":[1],"tags":[],"class_list":["post-35445","post","type-post","status-publish","format-standard","has-post-thumbnail","hentry","category-noticias-isdi"],"acf":{"photo_gallery":{"galeria":[[]]}},"yoast_head":"<!-- This site is optimized with the Yoast SEO plugin v27.4 - https:\/\/yoast.com\/product\/yoast-seo-wordpress\/ -->\n<title>Seminario en Harvard 2025: As\u00ed fue la experiencia de inmersi\u00f3n digital con ISDI<\/title>\n<meta name=\"description\" content=\"Descubre c\u00f3mo fue el seminario de transformaci\u00f3n digital en Harvard con ISDI: una semana de innovaci\u00f3n, IA y liderazgo global. Solicita plaza para 2026.\" \/>\n<meta name=\"robots\" content=\"index, follow, max-snippet:-1, max-image-preview:large, max-video-preview:-1\" \/>\n<link rel=\"canonical\" href=\"https:\/\/www.isdi.education\/es\/blog\/la-experiencia-del-seminario-en-harvard\" \/>\n<meta property=\"og:locale\" content=\"es_ES\" \/>\n<meta property=\"og:type\" content=\"article\" \/>\n<meta property=\"og:title\" content=\"Seminario en Harvard 2025: As\u00ed fue la experiencia de inmersi\u00f3n digital con ISDI\" \/>\n<meta property=\"og:description\" content=\"Descubre c\u00f3mo fue el seminario de transformaci\u00f3n digital en Harvard con ISDI: una semana de innovaci\u00f3n, IA y liderazgo global. Solicita plaza para 2026.\" \/>\n<meta property=\"og:url\" content=\"https:\/\/www.isdi.education\/es\/blog\/la-experiencia-del-seminario-en-harvard\" \/>\n<meta property=\"og:site_name\" content=\"ISDI Espa\u00f1a\" \/>\n<meta property=\"article:publisher\" content=\"https:\/\/www.facebook.com\/isdi.education\" \/>\n<meta property=\"article:published_time\" content=\"2025-07-02T09:06:57+00:00\" \/>\n<meta property=\"article:modified_time\" content=\"2025-07-02T09:41:59+00:00\" \/>\n<meta property=\"og:image\" content=\"https:\/\/www.isdi.education\/es\/wp-content\/uploads\/2025\/07\/descubre-la-experiencia-harvard.webp\" \/>\n\t<meta property=\"og:image:width\" content=\"951\" \/>\n\t<meta property=\"og:image:height\" content=\"689\" \/>\n\t<meta property=\"og:image:type\" content=\"image\/webp\" \/>\n<meta name=\"author\" content=\"infofuturo\" \/>\n<meta name=\"twitter:card\" content=\"summary_large_image\" \/>\n<meta name=\"twitter:label1\" content=\"Escrito por\" \/>\n\t<meta name=\"twitter:data1\" content=\"infofuturo\" \/>\n\t<meta name=\"twitter:label2\" content=\"Tiempo de lectura\" \/>\n\t<meta name=\"twitter:data2\" content=\"4 minutos\" \/>\n<script type=\"application\/ld+json\" class=\"yoast-schema-graph\">{\"@context\":\"https:\\\/\\\/schema.org\",\"@graph\":[{\"@type\":\"Article\",\"@id\":\"https:\\\/\\\/www.isdi.education\\\/es\\\/blog\\\/la-experiencia-del-seminario-en-harvard#article\",\"isPartOf\":{\"@id\":\"https:\\\/\\\/www.isdi.education\\\/es\\\/blog\\\/la-experiencia-del-seminario-en-harvard\"},\"author\":{\"name\":\"infofuturo\",\"@id\":\"https:\\\/\\\/www.isdi.education\\\/es\\\/#\\\/schema\\\/person\\\/9f30c33eda685abbcfaabf1e7b9e9f76\"},\"headline\":\"Te contamos c\u00f3mo fue el Seminario de Inmersi\u00f3n Digital en RCC-Harvard 2025\",\"datePublished\":\"2025-07-02T09:06:57+00:00\",\"dateModified\":\"2025-07-02T09:41:59+00:00\",\"mainEntityOfPage\":{\"@id\":\"https:\\\/\\\/www.isdi.education\\\/es\\\/blog\\\/la-experiencia-del-seminario-en-harvard\"},\"wordCount\":854,\"publisher\":{\"@id\":\"https:\\\/\\\/www.isdi.education\\\/es\\\/#organization\"},\"image\":{\"@id\":\"https:\\\/\\\/www.isdi.education\\\/es\\\/blog\\\/la-experiencia-del-seminario-en-harvard#primaryimage\"},\"thumbnailUrl\":\"https:\\\/\\\/www.isdi.education\\\/es\\\/wp-content\\\/uploads\\\/2025\\\/07\\\/descubre-la-experiencia-harvard.webp\",\"articleSection\":[\"Noticias ISDI\"],\"inLanguage\":\"es\"},{\"@type\":\"WebPage\",\"@id\":\"https:\\\/\\\/www.isdi.education\\\/es\\\/blog\\\/la-experiencia-del-seminario-en-harvard\",\"url\":\"https:\\\/\\\/www.isdi.education\\\/es\\\/blog\\\/la-experiencia-del-seminario-en-harvard\",\"name\":\"Seminario en Harvard 2025: As\u00ed fue la experiencia de inmersi\u00f3n digital con ISDI\",\"isPartOf\":{\"@id\":\"https:\\\/\\\/www.isdi.education\\\/es\\\/#website\"},\"primaryImageOfPage\":{\"@id\":\"https:\\\/\\\/www.isdi.education\\\/es\\\/blog\\\/la-experiencia-del-seminario-en-harvard#primaryimage\"},\"image\":{\"@id\":\"https:\\\/\\\/www.isdi.education\\\/es\\\/blog\\\/la-experiencia-del-seminario-en-harvard#primaryimage\"},\"thumbnailUrl\":\"https:\\\/\\\/www.isdi.education\\\/es\\\/wp-content\\\/uploads\\\/2025\\\/07\\\/descubre-la-experiencia-harvard.webp\",\"datePublished\":\"2025-07-02T09:06:57+00:00\",\"dateModified\":\"2025-07-02T09:41:59+00:00\",\"description\":\"Descubre c\u00f3mo fue el seminario de transformaci\u00f3n digital en Harvard con ISDI: una semana de innovaci\u00f3n, IA y liderazgo global. Solicita plaza para 2026.\",\"breadcrumb\":{\"@id\":\"https:\\\/\\\/www.isdi.education\\\/es\\\/blog\\\/la-experiencia-del-seminario-en-harvard#breadcrumb\"},\"inLanguage\":\"es\",\"potentialAction\":[{\"@type\":\"ReadAction\",\"target\":[\"https:\\\/\\\/www.isdi.education\\\/es\\\/blog\\\/la-experiencia-del-seminario-en-harvard\"]}]},{\"@type\":\"ImageObject\",\"inLanguage\":\"es\",\"@id\":\"https:\\\/\\\/www.isdi.education\\\/es\\\/blog\\\/la-experiencia-del-seminario-en-harvard#primaryimage\",\"url\":\"https:\\\/\\\/www.isdi.education\\\/es\\\/wp-content\\\/uploads\\\/2025\\\/07\\\/descubre-la-experiencia-harvard.webp\",\"contentUrl\":\"https:\\\/\\\/www.isdi.education\\\/es\\\/wp-content\\\/uploads\\\/2025\\\/07\\\/descubre-la-experiencia-harvard.webp\",\"width\":951,\"height\":689,\"caption\":\"Te contamos c\u00f3mo fue el Seminario de Inmersi\u00f3n Digital en RCC-Harvard 2025\"},{\"@type\":\"BreadcrumbList\",\"@id\":\"https:\\\/\\\/www.isdi.education\\\/es\\\/blog\\\/la-experiencia-del-seminario-en-harvard#breadcrumb\",\"itemListElement\":[{\"@type\":\"ListItem\",\"position\":1,\"name\":\"Inicio\",\"item\":\"https:\\\/\\\/www.isdi.education\\\/es\\\/\"},{\"@type\":\"ListItem\",\"position\":2,\"name\":\"Te contamos c\u00f3mo fue el Seminario de Inmersi\u00f3n Digital en RCC-Harvard 2025\"}]},{\"@type\":\"WebSite\",\"@id\":\"https:\\\/\\\/www.isdi.education\\\/es\\\/#website\",\"url\":\"https:\\\/\\\/www.isdi.education\\\/es\\\/\",\"name\":\"ISDI Espa\u00f1a | La Escuela de Negocios de la Era Digital\",\"description\":\"Descubre la formaci\u00f3n que te abrir\u00e1 las puertas a la era digital. Entra a formar parte de la primera escuela de negocios y direcci\u00f3n nativa digital.\",\"publisher\":{\"@id\":\"https:\\\/\\\/www.isdi.education\\\/es\\\/#organization\"},\"inLanguage\":\"es\"},{\"@type\":\"Organization\",\"@id\":\"https:\\\/\\\/www.isdi.education\\\/es\\\/#organization\",\"name\":\"ISDI Espa\u00f1a | La Escuela de Negocios de la Era Digital\",\"url\":\"https:\\\/\\\/www.isdi.education\\\/es\\\/\",\"logo\":{\"@type\":\"ImageObject\",\"inLanguage\":\"es\",\"@id\":\"https:\\\/\\\/www.isdi.education\\\/es\\\/#\\\/schema\\\/logo\\\/image\\\/\",\"url\":\"https:\\\/\\\/www.isdi.education\\\/es\\\/wp-content\\\/uploads\\\/2024\\\/02\\\/cropped-Favicon.png\",\"contentUrl\":\"https:\\\/\\\/www.isdi.education\\\/es\\\/wp-content\\\/uploads\\\/2024\\\/02\\\/cropped-Favicon.png\",\"width\":512,\"height\":512,\"caption\":\"ISDI Espa\u00f1a | La Escuela de Negocios de la Era Digital\"},\"image\":{\"@id\":\"https:\\\/\\\/www.isdi.education\\\/es\\\/#\\\/schema\\\/logo\\\/image\\\/\"},\"sameAs\":[\"https:\\\/\\\/www.facebook.com\\\/isdi.education\",\"https:\\\/\\\/www.linkedin.com\\\/school\\\/isdi\\\/?originalSubdomain=es\",\"https:\\\/\\\/www.instagram.com\\\/isdi_edu\\\/?hl=es\",\"https:\\\/\\\/www.tiktok.com\\\/@isdi_edu\",\"https:\\\/\\\/www.youtube.com\\\/user\\\/ISDItv\"]},{\"@type\":\"Person\",\"@id\":\"https:\\\/\\\/www.isdi.education\\\/es\\\/#\\\/schema\\\/person\\\/9f30c33eda685abbcfaabf1e7b9e9f76\",\"name\":\"infofuturo\",\"image\":{\"@type\":\"ImageObject\",\"inLanguage\":\"es\",\"@id\":\"https:\\\/\\\/www.isdi.education\\\/es\\\/wp-content\\\/litespeed\\\/avatar\\\/1\\\/06e1ec358746bcb8bb25471d95ddc6aa.jpg?ver=1776848319\",\"url\":\"https:\\\/\\\/www.isdi.education\\\/es\\\/wp-content\\\/litespeed\\\/avatar\\\/1\\\/06e1ec358746bcb8bb25471d95ddc6aa.jpg?ver=1776848319\",\"contentUrl\":\"https:\\\/\\\/www.isdi.education\\\/es\\\/wp-content\\\/litespeed\\\/avatar\\\/1\\\/06e1ec358746bcb8bb25471d95ddc6aa.jpg?ver=1776848319\",\"caption\":\"infofuturo\"},\"url\":\"https:\\\/\\\/www.isdi.education\\\/es\\\/author\\\/infofuturo\"}]}<\/script>\n<!-- \/ Yoast SEO plugin. -->","yoast_head_json":{"title":"Seminario en Harvard 2025: As\u00ed fue la experiencia de inmersi\u00f3n digital con ISDI","description":"Descubre c\u00f3mo fue el seminario de transformaci\u00f3n digital en Harvard con ISDI: una semana de innovaci\u00f3n, IA y liderazgo global. Solicita plaza para 2026.","robots":{"index":"index","follow":"follow","max-snippet":"max-snippet:-1","max-image-preview":"max-image-preview:large","max-video-preview":"max-video-preview:-1"},"canonical":"https:\/\/www.isdi.education\/es\/blog\/la-experiencia-del-seminario-en-harvard","og_locale":"es_ES","og_type":"article","og_title":"Seminario en Harvard 2025: As\u00ed fue la experiencia de inmersi\u00f3n digital con ISDI","og_description":"Descubre c\u00f3mo fue el seminario de transformaci\u00f3n digital en Harvard con ISDI: una semana de innovaci\u00f3n, IA y liderazgo global. Solicita plaza para 2026.","og_url":"https:\/\/www.isdi.education\/es\/blog\/la-experiencia-del-seminario-en-harvard","og_site_name":"ISDI Espa\u00f1a","article_publisher":"https:\/\/www.facebook.com\/isdi.education","article_published_time":"2025-07-02T09:06:57+00:00","article_modified_time":"2025-07-02T09:41:59+00:00","og_image":[{"width":951,"height":689,"url":"https:\/\/www.isdi.education\/es\/wp-content\/uploads\/2025\/07\/descubre-la-experiencia-harvard.webp","type":"image\/webp"}],"author":"infofuturo","twitter_card":"summary_large_image","twitter_misc":{"Escrito por":"infofuturo","Tiempo de lectura":"4 minutos"},"schema":{"@context":"https:\/\/schema.org","@graph":[{"@type":"Article","@id":"https:\/\/www.isdi.education\/es\/blog\/la-experiencia-del-seminario-en-harvard#article","isPartOf":{"@id":"https:\/\/www.isdi.education\/es\/blog\/la-experiencia-del-seminario-en-harvard"},"author":{"name":"infofuturo","@id":"https:\/\/www.isdi.education\/es\/#\/schema\/person\/9f30c33eda685abbcfaabf1e7b9e9f76"},"headline":"Te contamos c\u00f3mo fue el Seminario de Inmersi\u00f3n Digital en RCC-Harvard 2025","datePublished":"2025-07-02T09:06:57+00:00","dateModified":"2025-07-02T09:41:59+00:00","mainEntityOfPage":{"@id":"https:\/\/www.isdi.education\/es\/blog\/la-experiencia-del-seminario-en-harvard"},"wordCount":854,"publisher":{"@id":"https:\/\/www.isdi.education\/es\/#organization"},"image":{"@id":"https:\/\/www.isdi.education\/es\/blog\/la-experiencia-del-seminario-en-harvard#primaryimage"},"thumbnailUrl":"https:\/\/www.isdi.education\/es\/wp-content\/uploads\/2025\/07\/descubre-la-experiencia-harvard.webp","articleSection":["Noticias ISDI"],"inLanguage":"es"},{"@type":"WebPage","@id":"https:\/\/www.isdi.education\/es\/blog\/la-experiencia-del-seminario-en-harvard","url":"https:\/\/www.isdi.education\/es\/blog\/la-experiencia-del-seminario-en-harvard","name":"Seminario en Harvard 2025: As\u00ed fue la experiencia de inmersi\u00f3n digital con ISDI","isPartOf":{"@id":"https:\/\/www.isdi.education\/es\/#website"},"primaryImageOfPage":{"@id":"https:\/\/www.isdi.education\/es\/blog\/la-experiencia-del-seminario-en-harvard#primaryimage"},"image":{"@id":"https:\/\/www.isdi.education\/es\/blog\/la-experiencia-del-seminario-en-harvard#primaryimage"},"thumbnailUrl":"https:\/\/www.isdi.education\/es\/wp-content\/uploads\/2025\/07\/descubre-la-experiencia-harvard.webp","datePublished":"2025-07-02T09:06:57+00:00","dateModified":"2025-07-02T09:41:59+00:00","description":"Descubre c\u00f3mo fue el seminario de transformaci\u00f3n digital en Harvard con ISDI: una semana de innovaci\u00f3n, IA y liderazgo global. Solicita plaza para 2026.","breadcrumb":{"@id":"https:\/\/www.isdi.education\/es\/blog\/la-experiencia-del-seminario-en-harvard#breadcrumb"},"inLanguage":"es","potentialAction":[{"@type":"ReadAction","target":["https:\/\/www.isdi.education\/es\/blog\/la-experiencia-del-seminario-en-harvard"]}]},{"@type":"ImageObject","inLanguage":"es","@id":"https:\/\/www.isdi.education\/es\/blog\/la-experiencia-del-seminario-en-harvard#primaryimage","url":"https:\/\/www.isdi.education\/es\/wp-content\/uploads\/2025\/07\/descubre-la-experiencia-harvard.webp","contentUrl":"https:\/\/www.isdi.education\/es\/wp-content\/uploads\/2025\/07\/descubre-la-experiencia-harvard.webp","width":951,"height":689,"caption":"Te contamos c\u00f3mo fue el Seminario de Inmersi\u00f3n Digital en RCC-Harvard 2025"},{"@type":"BreadcrumbList","@id":"https:\/\/www.isdi.education\/es\/blog\/la-experiencia-del-seminario-en-harvard#breadcrumb","itemListElement":[{"@type":"ListItem","position":1,"name":"Inicio","item":"https:\/\/www.isdi.education\/es\/"},{"@type":"ListItem","position":2,"name":"Te contamos c\u00f3mo fue el Seminario de Inmersi\u00f3n Digital en RCC-Harvard 2025"}]},{"@type":"WebSite","@id":"https:\/\/www.isdi.education\/es\/#website","url":"https:\/\/www.isdi.education\/es\/","name":"ISDI Espa\u00f1a | La Escuela de Negocios de la Era Digital","description":"Descubre la formaci\u00f3n que te abrir\u00e1 las puertas a la era digital. Entra a formar parte de la primera escuela de negocios y direcci\u00f3n nativa digital.","publisher":{"@id":"https:\/\/www.isdi.education\/es\/#organization"},"inLanguage":"es"},{"@type":"Organization","@id":"https:\/\/www.isdi.education\/es\/#organization","name":"ISDI Espa\u00f1a | La Escuela de Negocios de la Era Digital","url":"https:\/\/www.isdi.education\/es\/","logo":{"@type":"ImageObject","inLanguage":"es","@id":"https:\/\/www.isdi.education\/es\/#\/schema\/logo\/image\/","url":"https:\/\/www.isdi.education\/es\/wp-content\/uploads\/2024\/02\/cropped-Favicon.png","contentUrl":"https:\/\/www.isdi.education\/es\/wp-content\/uploads\/2024\/02\/cropped-Favicon.png","width":512,"height":512,"caption":"ISDI Espa\u00f1a | La Escuela de Negocios de la Era Digital"},"image":{"@id":"https:\/\/www.isdi.education\/es\/#\/schema\/logo\/image\/"},"sameAs":["https:\/\/www.facebook.com\/isdi.education","https:\/\/www.linkedin.com\/school\/isdi\/?originalSubdomain=es","https:\/\/www.instagram.com\/isdi_edu\/?hl=es","https:\/\/www.tiktok.com\/@isdi_edu","https:\/\/www.youtube.com\/user\/ISDItv"]},{"@type":"Person","@id":"https:\/\/www.isdi.education\/es\/#\/schema\/person\/9f30c33eda685abbcfaabf1e7b9e9f76","name":"infofuturo","image":{"@type":"ImageObject","inLanguage":"es","@id":"https:\/\/www.isdi.education\/es\/wp-content\/litespeed\/avatar\/1\/06e1ec358746bcb8bb25471d95ddc6aa.jpg?ver=1776848319","url":"https:\/\/www.isdi.education\/es\/wp-content\/litespeed\/avatar\/1\/06e1ec358746bcb8bb25471d95ddc6aa.jpg?ver=1776848319","contentUrl":"https:\/\/www.isdi.education\/es\/wp-content\/litespeed\/avatar\/1\/06e1ec358746bcb8bb25471d95ddc6aa.jpg?ver=1776848319","caption":"infofuturo"},"url":"https:\/\/www.isdi.education\/es\/author\/infofuturo"}]}},"_links":{"self":[{"href":"https:\/\/www.isdi.education\/es\/wp-json\/wp\/v2\/posts\/35445","targetHints":{"allow":["GET"]}}],"collection":[{"href":"https:\/\/www.isdi.education\/es\/wp-json\/wp\/v2\/posts"}],"about":[{"href":"https:\/\/www.isdi.education\/es\/wp-json\/wp\/v2\/types\/post"}],"author":[{"embeddable":true,"href":"https:\/\/www.isdi.education\/es\/wp-json\/wp\/v2\/users\/23"}],"replies":[{"embeddable":true,"href":"https:\/\/www.isdi.education\/es\/wp-json\/wp\/v2\/comments?post=35445"}],"version-history":[{"count":0,"href":"https:\/\/www.isdi.education\/es\/wp-json\/wp\/v2\/posts\/35445\/revisions"}],"wp:featuredmedia":[{"embeddable":true,"href":"https:\/\/www.isdi.education\/es\/wp-json\/wp\/v2\/media\/35446"}],"wp:attachment":[{"href":"https:\/\/www.isdi.education\/es\/wp-json\/wp\/v2\/media?parent=35445"}],"wp:term":[{"taxonomy":"category","embeddable":true,"href":"https:\/\/www.isdi.education\/es\/wp-json\/wp\/v2\/categories?post=35445"},{"taxonomy":"post_tag","embeddable":true,"href":"https:\/\/www.isdi.education\/es\/wp-json\/wp\/v2\/tags?post=35445"}],"curies":[{"name":"wp","href":"https:\/\/api.w.org\/{rel}","templated":true}]}}