{"id":30600,"date":"2025-02-24T09:18:57","date_gmt":"2025-02-24T09:18:57","guid":{"rendered":"https:\/\/www.isdi.education\/es\/?p=30600"},"modified":"2025-02-24T09:18:57","modified_gmt":"2025-02-24T09:18:57","slug":"digitalizacion-de-la-tercera-edad","status":"publish","type":"post","link":"https:\/\/www.isdi.education\/es\/blog\/digitalizacion-de-la-tercera-edad","title":{"rendered":"Digitalizaci\u00f3n de la tercera edad: Claves para una inclusi\u00f3n total"},"content":{"rendered":"<p><span style=\"font-weight: 400;\">La digitalizaci\u00f3n ha transformado la forma en que interactuamos con el mundo, pero no todos han tenido las mismas oportunidades para adaptarse. <\/span><b>Las personas mayores enfrentan una brecha digital<\/b><span style=\"font-weight: 400;\"> que limita su acceso a servicios, informaci\u00f3n y comunicaci\u00f3n. Sin embargo, iniciativas como <\/span><b>SeniorTic<\/b><span style=\"font-weight: 400;\"> trabajan para integrar a los mayores en la era digital, mejorando su calidad de vida y autonom\u00eda.<\/span><\/p>\n<h2><span style=\"font-weight: 400;\">La brecha digital en la tercera edad: Un desaf\u00edo urgente<\/span><\/h2>\n<p><span style=\"font-weight: 400;\">Seg\u00fan datos recientes, <\/span><b>m\u00e1s del 40% de los mayores de 65 a\u00f1os<\/b><span style=\"font-weight: 400;\"> no se sienten c\u00f3modos utilizando herramientas digitales. Esta desconexi\u00f3n afecta su acceso a servicios esenciales como:<\/span><\/p>\n<ul>\n<li style=\"font-weight: 400;\" aria-level=\"1\"><span style=\"font-weight: 400;\">Banca en l\u00ednea y pagos digitales.<\/span><\/li>\n<li style=\"font-weight: 400;\" aria-level=\"1\"><span style=\"font-weight: 400;\">Telemedicina y consultas m\u00e9dicas a distancia.<\/span><\/li>\n<li style=\"font-weight: 400;\" aria-level=\"1\"><span style=\"font-weight: 400;\">Redes sociales y plataformas de comunicaci\u00f3n con familiares.<\/span><\/li>\n<li style=\"font-weight: 400;\" aria-level=\"1\"><span style=\"font-weight: 400;\">Gesti\u00f3n de tr\u00e1mites administrativos en l\u00ednea.<\/span><\/li>\n<\/ul>\n<p><span style=\"font-weight: 400;\">El aislamiento digital no solo limita su independencia, sino que tambi\u00e9n puede contribuir a la exclusi\u00f3n social y emocional.<\/span><\/p>\n<h2><span style=\"font-weight: 400;\">Beneficios de la digitalizaci\u00f3n en la vida de los mayores<\/span><\/h2>\n<p><span style=\"font-weight: 400;\">La inclusi\u00f3n digital de los mayores tiene un impacto positivo en m\u00faltiples aspectos:<\/span><\/p>\n<ul>\n<li style=\"font-weight: 400;\" aria-level=\"1\"><b>Mayor autonom\u00eda:<\/b><span style=\"font-weight: 400;\"> Poder realizar tr\u00e1mites y gestiones sin depender de terceros.<\/span><\/li>\n<li style=\"font-weight: 400;\" aria-level=\"1\"><b>Conexi\u00f3n con familiares y amigos:<\/b><span style=\"font-weight: 400;\"> Uso de videollamadas y redes sociales para evitar la soledad.<\/span><\/li>\n<li style=\"font-weight: 400;\" aria-level=\"1\"><b>Acceso a entretenimiento y cultura:<\/b><span style=\"font-weight: 400;\"> Plataformas de streaming, libros digitales y cursos en l\u00ednea.<\/span><\/li>\n<li style=\"font-weight: 400;\" aria-level=\"1\"><b>Mejoras en la salud:<\/b><span style=\"font-weight: 400;\"> Aplicaciones de salud y telemedicina facilitan el acceso a consultas y recordatorios de medicaci\u00f3n.<\/span><\/li>\n<\/ul>\n<h2><span style=\"font-weight: 400;\">SeniorTic y otras iniciativas para reducir la brecha digital<\/span><\/h2>\n<p><span style=\"font-weight: 400;\">Existen diversos programas dise\u00f1ados para ense\u00f1ar a los mayores a usar la tecnolog\u00eda de manera sencilla y efectiva. Uno de ellos es <\/span><b>SeniorTic<\/b><span style=\"font-weight: 400;\">, que ofrece:<\/span><\/p>\n<ul>\n<li style=\"font-weight: 400;\" aria-level=\"1\"><b>Talleres de alfabetizaci\u00f3n digital<\/b><span style=\"font-weight: 400;\"> adaptados a diferentes niveles.<\/span><\/li>\n<li style=\"font-weight: 400;\" aria-level=\"1\"><b>Asesoramiento personalizado<\/b><span style=\"font-weight: 400;\"> para aprender a usar smartphones, ordenadores y aplicaciones esenciales.<\/span><\/li>\n<li style=\"font-weight: 400;\" aria-level=\"1\"><b>Material educativo gratuito<\/b><span style=\"font-weight: 400;\"> con gu\u00edas y tutoriales paso a paso.<\/span><\/li>\n<\/ul>\n<p><span style=\"font-weight: 400;\">Adem\u00e1s, en Espa\u00f1a y otros pa\u00edses europeos se est\u00e1n impulsando iniciativas en bibliotecas, centros comunitarios y universidades para facilitar el acceso a la educaci\u00f3n digital de los mayores.<\/span><\/p>\n<h2><span style=\"font-weight: 400;\">C\u00f3mo ayudar a un adulto mayor a integrarse en el mundo digital<\/span><\/h2>\n<p><span style=\"font-weight: 400;\">Si tienes un familiar o conocido que necesita apoyo en su proceso de digitalizaci\u00f3n, aqu\u00ed te dejamos algunos consejos:<\/span><\/p>\n<ul>\n<li style=\"font-weight: 400;\" aria-level=\"1\"><b>Fomenta el aprendizaje progresivo:<\/b><span style=\"font-weight: 400;\"> Empieza con funciones b\u00e1sicas como WhatsApp o llamadas en Zoom.<\/span><\/li>\n<li style=\"font-weight: 400;\" aria-level=\"1\"><b>Utiliza dispositivos amigables:<\/b><span style=\"font-weight: 400;\"> Ajusta la configuraci\u00f3n para mejorar la accesibilidad (fuentes m\u00e1s grandes, asistentes de voz, etc.).<\/span><\/li>\n<li style=\"font-weight: 400;\" aria-level=\"1\"><b>Crea una gu\u00eda paso a paso:<\/b><span style=\"font-weight: 400;\"> Anotar instrucciones sencillas facilitar\u00e1 su aprendizaje.<\/span><\/li>\n<li style=\"font-weight: 400;\" aria-level=\"1\"><b>Paciencia y motivaci\u00f3n:<\/b><span style=\"font-weight: 400;\"> La clave es hacer del aprendizaje una experiencia positiva y sin estr\u00e9s.<\/span><\/li>\n<\/ul>\n<p><span style=\"font-weight: 400;\">La <\/span><b>digitalizaci\u00f3n de la tercera edad<\/b><span style=\"font-weight: 400;\"> no es solo una necesidad, sino una oportunidad para mejorar la calidad de vida de nuestros mayores. A trav\u00e9s de programas como <\/span><b>SeniorTic<\/b><span style=\"font-weight: 400;\"> y otros recursos educativos, podemos ayudar a reducir la brecha digital y fomentar su inclusi\u00f3n en la era digital.<\/span><\/p>\n","protected":false},"excerpt":{"rendered":"<p>La digitalizaci\u00f3n ha transformado la forma en que interactuamos con el mundo, pero no todos han tenido las mismas oportunidades para adaptarse. Las personas mayores enfrentan una brecha digital que limita su acceso a servicios, informaci\u00f3n y comunicaci\u00f3n. Sin embargo, iniciativas como SeniorTic trabajan para integrar a los mayores en la era digital, mejorando su&#8230;<\/p>\n","protected":false},"author":23,"featured_media":30640,"comment_status":"closed","ping_status":"closed","sticky":false,"template":"","format":"standard","meta":{"_acf_changed":false,"footnotes":""},"categories":[1],"tags":[],"class_list":["post-30600","post","type-post","status-publish","format-standard","has-post-thumbnail","hentry","category-noticias-isdi"],"acf":{"photo_gallery":{"galeria":[[]]}},"yoast_head":"<!-- This site is optimized with the Yoast SEO plugin v27.4 - https:\/\/yoast.com\/product\/yoast-seo-wordpress\/ -->\n<title>Digitalizaci\u00f3n de la tercera edad: Claves para una inclusi\u00f3n total<\/title>\n<meta name=\"description\" content=\"Descubre c\u00f3mo la digitalizaci\u00f3n de la tercera edad reduce la brecha digital, fomenta la autonom\u00eda y mejora la calidad de vida de los mayores. \u00a1Inf\u00f3rmate aqu\u00ed!\" \/>\n<meta name=\"robots\" content=\"index, follow, max-snippet:-1, max-image-preview:large, max-video-preview:-1\" \/>\n<link rel=\"canonical\" href=\"https:\/\/www.isdi.education\/es\/blog\/digitalizacion-de-la-tercera-edad\" \/>\n<meta property=\"og:locale\" content=\"es_ES\" \/>\n<meta property=\"og:type\" content=\"article\" \/>\n<meta property=\"og:title\" content=\"Digitalizaci\u00f3n de la tercera edad: Claves para una inclusi\u00f3n total\" \/>\n<meta property=\"og:description\" content=\"Descubre c\u00f3mo la digitalizaci\u00f3n de la tercera edad reduce la brecha digital, fomenta la autonom\u00eda y mejora la calidad de vida de los mayores. \u00a1Inf\u00f3rmate aqu\u00ed!\" \/>\n<meta property=\"og:url\" content=\"https:\/\/www.isdi.education\/es\/blog\/digitalizacion-de-la-tercera-edad\" \/>\n<meta property=\"og:site_name\" content=\"ISDI Espa\u00f1a\" \/>\n<meta property=\"article:publisher\" content=\"https:\/\/www.facebook.com\/isdi.education\" \/>\n<meta property=\"article:published_time\" content=\"2025-02-24T09:18:57+00:00\" \/>\n<meta property=\"og:image\" content=\"https:\/\/www.isdi.education\/es\/wp-content\/uploads\/2025\/02\/digitalizacion-en-la-tercera-edad_11zon-scaled.webp\" \/>\n\t<meta property=\"og:image:width\" content=\"2560\" \/>\n\t<meta property=\"og:image:height\" content=\"1707\" \/>\n\t<meta property=\"og:image:type\" content=\"image\/webp\" \/>\n<meta name=\"author\" content=\"infofuturo\" \/>\n<meta name=\"twitter:card\" content=\"summary_large_image\" \/>\n<meta name=\"twitter:label1\" content=\"Escrito por\" \/>\n\t<meta name=\"twitter:data1\" content=\"infofuturo\" \/>\n\t<meta name=\"twitter:label2\" content=\"Tiempo de lectura\" \/>\n\t<meta name=\"twitter:data2\" content=\"3 minutos\" \/>\n<script type=\"application\/ld+json\" class=\"yoast-schema-graph\">{\"@context\":\"https:\\\/\\\/schema.org\",\"@graph\":[{\"@type\":\"Article\",\"@id\":\"https:\\\/\\\/www.isdi.education\\\/es\\\/blog\\\/digitalizacion-de-la-tercera-edad#article\",\"isPartOf\":{\"@id\":\"https:\\\/\\\/www.isdi.education\\\/es\\\/blog\\\/digitalizacion-de-la-tercera-edad\"},\"author\":{\"name\":\"infofuturo\",\"@id\":\"https:\\\/\\\/www.isdi.education\\\/es\\\/#\\\/schema\\\/person\\\/9f30c33eda685abbcfaabf1e7b9e9f76\"},\"headline\":\"Digitalizaci\u00f3n de la tercera edad: Claves para una inclusi\u00f3n total\",\"datePublished\":\"2025-02-24T09:18:57+00:00\",\"mainEntityOfPage\":{\"@id\":\"https:\\\/\\\/www.isdi.education\\\/es\\\/blog\\\/digitalizacion-de-la-tercera-edad\"},\"wordCount\":509,\"publisher\":{\"@id\":\"https:\\\/\\\/www.isdi.education\\\/es\\\/#organization\"},\"image\":{\"@id\":\"https:\\\/\\\/www.isdi.education\\\/es\\\/blog\\\/digitalizacion-de-la-tercera-edad#primaryimage\"},\"thumbnailUrl\":\"https:\\\/\\\/www.isdi.education\\\/es\\\/wp-content\\\/uploads\\\/2025\\\/02\\\/digitalizacion-en-la-tercera-edad_11zon-scaled.webp\",\"articleSection\":[\"Noticias ISDI\"],\"inLanguage\":\"es\"},{\"@type\":\"WebPage\",\"@id\":\"https:\\\/\\\/www.isdi.education\\\/es\\\/blog\\\/digitalizacion-de-la-tercera-edad\",\"url\":\"https:\\\/\\\/www.isdi.education\\\/es\\\/blog\\\/digitalizacion-de-la-tercera-edad\",\"name\":\"Digitalizaci\u00f3n de la tercera edad: Claves para una inclusi\u00f3n total\",\"isPartOf\":{\"@id\":\"https:\\\/\\\/www.isdi.education\\\/es\\\/#website\"},\"primaryImageOfPage\":{\"@id\":\"https:\\\/\\\/www.isdi.education\\\/es\\\/blog\\\/digitalizacion-de-la-tercera-edad#primaryimage\"},\"image\":{\"@id\":\"https:\\\/\\\/www.isdi.education\\\/es\\\/blog\\\/digitalizacion-de-la-tercera-edad#primaryimage\"},\"thumbnailUrl\":\"https:\\\/\\\/www.isdi.education\\\/es\\\/wp-content\\\/uploads\\\/2025\\\/02\\\/digitalizacion-en-la-tercera-edad_11zon-scaled.webp\",\"datePublished\":\"2025-02-24T09:18:57+00:00\",\"description\":\"Descubre c\u00f3mo la digitalizaci\u00f3n de la tercera edad reduce la brecha digital, fomenta la autonom\u00eda y mejora la calidad de vida de los mayores. \u00a1Inf\u00f3rmate aqu\u00ed!\",\"breadcrumb\":{\"@id\":\"https:\\\/\\\/www.isdi.education\\\/es\\\/blog\\\/digitalizacion-de-la-tercera-edad#breadcrumb\"},\"inLanguage\":\"es\",\"potentialAction\":[{\"@type\":\"ReadAction\",\"target\":[\"https:\\\/\\\/www.isdi.education\\\/es\\\/blog\\\/digitalizacion-de-la-tercera-edad\"]}]},{\"@type\":\"ImageObject\",\"inLanguage\":\"es\",\"@id\":\"https:\\\/\\\/www.isdi.education\\\/es\\\/blog\\\/digitalizacion-de-la-tercera-edad#primaryimage\",\"url\":\"https:\\\/\\\/www.isdi.education\\\/es\\\/wp-content\\\/uploads\\\/2025\\\/02\\\/digitalizacion-en-la-tercera-edad_11zon-scaled.webp\",\"contentUrl\":\"https:\\\/\\\/www.isdi.education\\\/es\\\/wp-content\\\/uploads\\\/2025\\\/02\\\/digitalizacion-en-la-tercera-edad_11zon-scaled.webp\",\"width\":2560,\"height\":1707,\"caption\":\"Digitalizaci\u00f3n de la tercera edad: Claves para una inclusi\u00f3n total\"},{\"@type\":\"BreadcrumbList\",\"@id\":\"https:\\\/\\\/www.isdi.education\\\/es\\\/blog\\\/digitalizacion-de-la-tercera-edad#breadcrumb\",\"itemListElement\":[{\"@type\":\"ListItem\",\"position\":1,\"name\":\"Inicio\",\"item\":\"https:\\\/\\\/www.isdi.education\\\/es\\\/\"},{\"@type\":\"ListItem\",\"position\":2,\"name\":\"Digitalizaci\u00f3n de la tercera edad: Claves para una inclusi\u00f3n total\"}]},{\"@type\":\"WebSite\",\"@id\":\"https:\\\/\\\/www.isdi.education\\\/es\\\/#website\",\"url\":\"https:\\\/\\\/www.isdi.education\\\/es\\\/\",\"name\":\"ISDI Espa\u00f1a | La Escuela de Negocios de la Era Digital\",\"description\":\"Descubre la formaci\u00f3n que te abrir\u00e1 las puertas a la era digital. Entra a formar parte de la primera escuela de negocios y direcci\u00f3n nativa digital.\",\"publisher\":{\"@id\":\"https:\\\/\\\/www.isdi.education\\\/es\\\/#organization\"},\"inLanguage\":\"es\"},{\"@type\":\"Organization\",\"@id\":\"https:\\\/\\\/www.isdi.education\\\/es\\\/#organization\",\"name\":\"ISDI Espa\u00f1a | La Escuela de Negocios de la Era Digital\",\"url\":\"https:\\\/\\\/www.isdi.education\\\/es\\\/\",\"logo\":{\"@type\":\"ImageObject\",\"inLanguage\":\"es\",\"@id\":\"https:\\\/\\\/www.isdi.education\\\/es\\\/#\\\/schema\\\/logo\\\/image\\\/\",\"url\":\"https:\\\/\\\/www.isdi.education\\\/es\\\/wp-content\\\/uploads\\\/2024\\\/02\\\/cropped-Favicon.png\",\"contentUrl\":\"https:\\\/\\\/www.isdi.education\\\/es\\\/wp-content\\\/uploads\\\/2024\\\/02\\\/cropped-Favicon.png\",\"width\":512,\"height\":512,\"caption\":\"ISDI Espa\u00f1a | La Escuela de Negocios de la Era Digital\"},\"image\":{\"@id\":\"https:\\\/\\\/www.isdi.education\\\/es\\\/#\\\/schema\\\/logo\\\/image\\\/\"},\"sameAs\":[\"https:\\\/\\\/www.facebook.com\\\/isdi.education\",\"https:\\\/\\\/www.linkedin.com\\\/school\\\/isdi\\\/?originalSubdomain=es\",\"https:\\\/\\\/www.instagram.com\\\/isdi_edu\\\/?hl=es\",\"https:\\\/\\\/www.tiktok.com\\\/@isdi_edu\",\"https:\\\/\\\/www.youtube.com\\\/user\\\/ISDItv\"]},{\"@type\":\"Person\",\"@id\":\"https:\\\/\\\/www.isdi.education\\\/es\\\/#\\\/schema\\\/person\\\/9f30c33eda685abbcfaabf1e7b9e9f76\",\"name\":\"infofuturo\",\"image\":{\"@type\":\"ImageObject\",\"inLanguage\":\"es\",\"@id\":\"https:\\\/\\\/www.isdi.education\\\/es\\\/wp-content\\\/litespeed\\\/avatar\\\/1\\\/06e1ec358746bcb8bb25471d95ddc6aa.jpg?ver=1776848319\",\"url\":\"https:\\\/\\\/www.isdi.education\\\/es\\\/wp-content\\\/litespeed\\\/avatar\\\/1\\\/06e1ec358746bcb8bb25471d95ddc6aa.jpg?ver=1776848319\",\"contentUrl\":\"https:\\\/\\\/www.isdi.education\\\/es\\\/wp-content\\\/litespeed\\\/avatar\\\/1\\\/06e1ec358746bcb8bb25471d95ddc6aa.jpg?ver=1776848319\",\"caption\":\"infofuturo\"},\"url\":\"https:\\\/\\\/www.isdi.education\\\/es\\\/author\\\/infofuturo\"}]}<\/script>\n<!-- \/ Yoast SEO plugin. -->","yoast_head_json":{"title":"Digitalizaci\u00f3n de la tercera edad: Claves para una inclusi\u00f3n total","description":"Descubre c\u00f3mo la digitalizaci\u00f3n de la tercera edad reduce la brecha digital, fomenta la autonom\u00eda y mejora la calidad de vida de los mayores. \u00a1Inf\u00f3rmate aqu\u00ed!","robots":{"index":"index","follow":"follow","max-snippet":"max-snippet:-1","max-image-preview":"max-image-preview:large","max-video-preview":"max-video-preview:-1"},"canonical":"https:\/\/www.isdi.education\/es\/blog\/digitalizacion-de-la-tercera-edad","og_locale":"es_ES","og_type":"article","og_title":"Digitalizaci\u00f3n de la tercera edad: Claves para una inclusi\u00f3n total","og_description":"Descubre c\u00f3mo la digitalizaci\u00f3n de la tercera edad reduce la brecha digital, fomenta la autonom\u00eda y mejora la calidad de vida de los mayores. \u00a1Inf\u00f3rmate aqu\u00ed!","og_url":"https:\/\/www.isdi.education\/es\/blog\/digitalizacion-de-la-tercera-edad","og_site_name":"ISDI Espa\u00f1a","article_publisher":"https:\/\/www.facebook.com\/isdi.education","article_published_time":"2025-02-24T09:18:57+00:00","og_image":[{"width":2560,"height":1707,"url":"https:\/\/www.isdi.education\/es\/wp-content\/uploads\/2025\/02\/digitalizacion-en-la-tercera-edad_11zon-scaled.webp","type":"image\/webp"}],"author":"infofuturo","twitter_card":"summary_large_image","twitter_misc":{"Escrito por":"infofuturo","Tiempo de lectura":"3 minutos"},"schema":{"@context":"https:\/\/schema.org","@graph":[{"@type":"Article","@id":"https:\/\/www.isdi.education\/es\/blog\/digitalizacion-de-la-tercera-edad#article","isPartOf":{"@id":"https:\/\/www.isdi.education\/es\/blog\/digitalizacion-de-la-tercera-edad"},"author":{"name":"infofuturo","@id":"https:\/\/www.isdi.education\/es\/#\/schema\/person\/9f30c33eda685abbcfaabf1e7b9e9f76"},"headline":"Digitalizaci\u00f3n de la tercera edad: Claves para una inclusi\u00f3n total","datePublished":"2025-02-24T09:18:57+00:00","mainEntityOfPage":{"@id":"https:\/\/www.isdi.education\/es\/blog\/digitalizacion-de-la-tercera-edad"},"wordCount":509,"publisher":{"@id":"https:\/\/www.isdi.education\/es\/#organization"},"image":{"@id":"https:\/\/www.isdi.education\/es\/blog\/digitalizacion-de-la-tercera-edad#primaryimage"},"thumbnailUrl":"https:\/\/www.isdi.education\/es\/wp-content\/uploads\/2025\/02\/digitalizacion-en-la-tercera-edad_11zon-scaled.webp","articleSection":["Noticias ISDI"],"inLanguage":"es"},{"@type":"WebPage","@id":"https:\/\/www.isdi.education\/es\/blog\/digitalizacion-de-la-tercera-edad","url":"https:\/\/www.isdi.education\/es\/blog\/digitalizacion-de-la-tercera-edad","name":"Digitalizaci\u00f3n de la tercera edad: Claves para una inclusi\u00f3n total","isPartOf":{"@id":"https:\/\/www.isdi.education\/es\/#website"},"primaryImageOfPage":{"@id":"https:\/\/www.isdi.education\/es\/blog\/digitalizacion-de-la-tercera-edad#primaryimage"},"image":{"@id":"https:\/\/www.isdi.education\/es\/blog\/digitalizacion-de-la-tercera-edad#primaryimage"},"thumbnailUrl":"https:\/\/www.isdi.education\/es\/wp-content\/uploads\/2025\/02\/digitalizacion-en-la-tercera-edad_11zon-scaled.webp","datePublished":"2025-02-24T09:18:57+00:00","description":"Descubre c\u00f3mo la digitalizaci\u00f3n de la tercera edad reduce la brecha digital, fomenta la autonom\u00eda y mejora la calidad de vida de los mayores. \u00a1Inf\u00f3rmate aqu\u00ed!","breadcrumb":{"@id":"https:\/\/www.isdi.education\/es\/blog\/digitalizacion-de-la-tercera-edad#breadcrumb"},"inLanguage":"es","potentialAction":[{"@type":"ReadAction","target":["https:\/\/www.isdi.education\/es\/blog\/digitalizacion-de-la-tercera-edad"]}]},{"@type":"ImageObject","inLanguage":"es","@id":"https:\/\/www.isdi.education\/es\/blog\/digitalizacion-de-la-tercera-edad#primaryimage","url":"https:\/\/www.isdi.education\/es\/wp-content\/uploads\/2025\/02\/digitalizacion-en-la-tercera-edad_11zon-scaled.webp","contentUrl":"https:\/\/www.isdi.education\/es\/wp-content\/uploads\/2025\/02\/digitalizacion-en-la-tercera-edad_11zon-scaled.webp","width":2560,"height":1707,"caption":"Digitalizaci\u00f3n de la tercera edad: Claves para una inclusi\u00f3n total"},{"@type":"BreadcrumbList","@id":"https:\/\/www.isdi.education\/es\/blog\/digitalizacion-de-la-tercera-edad#breadcrumb","itemListElement":[{"@type":"ListItem","position":1,"name":"Inicio","item":"https:\/\/www.isdi.education\/es\/"},{"@type":"ListItem","position":2,"name":"Digitalizaci\u00f3n de la tercera edad: Claves para una inclusi\u00f3n total"}]},{"@type":"WebSite","@id":"https:\/\/www.isdi.education\/es\/#website","url":"https:\/\/www.isdi.education\/es\/","name":"ISDI Espa\u00f1a | La Escuela de Negocios de la Era Digital","description":"Descubre la formaci\u00f3n que te abrir\u00e1 las puertas a la era digital. Entra a formar parte de la primera escuela de negocios y direcci\u00f3n nativa digital.","publisher":{"@id":"https:\/\/www.isdi.education\/es\/#organization"},"inLanguage":"es"},{"@type":"Organization","@id":"https:\/\/www.isdi.education\/es\/#organization","name":"ISDI Espa\u00f1a | La Escuela de Negocios de la Era Digital","url":"https:\/\/www.isdi.education\/es\/","logo":{"@type":"ImageObject","inLanguage":"es","@id":"https:\/\/www.isdi.education\/es\/#\/schema\/logo\/image\/","url":"https:\/\/www.isdi.education\/es\/wp-content\/uploads\/2024\/02\/cropped-Favicon.png","contentUrl":"https:\/\/www.isdi.education\/es\/wp-content\/uploads\/2024\/02\/cropped-Favicon.png","width":512,"height":512,"caption":"ISDI Espa\u00f1a | La Escuela de Negocios de la Era Digital"},"image":{"@id":"https:\/\/www.isdi.education\/es\/#\/schema\/logo\/image\/"},"sameAs":["https:\/\/www.facebook.com\/isdi.education","https:\/\/www.linkedin.com\/school\/isdi\/?originalSubdomain=es","https:\/\/www.instagram.com\/isdi_edu\/?hl=es","https:\/\/www.tiktok.com\/@isdi_edu","https:\/\/www.youtube.com\/user\/ISDItv"]},{"@type":"Person","@id":"https:\/\/www.isdi.education\/es\/#\/schema\/person\/9f30c33eda685abbcfaabf1e7b9e9f76","name":"infofuturo","image":{"@type":"ImageObject","inLanguage":"es","@id":"https:\/\/www.isdi.education\/es\/wp-content\/litespeed\/avatar\/1\/06e1ec358746bcb8bb25471d95ddc6aa.jpg?ver=1776848319","url":"https:\/\/www.isdi.education\/es\/wp-content\/litespeed\/avatar\/1\/06e1ec358746bcb8bb25471d95ddc6aa.jpg?ver=1776848319","contentUrl":"https:\/\/www.isdi.education\/es\/wp-content\/litespeed\/avatar\/1\/06e1ec358746bcb8bb25471d95ddc6aa.jpg?ver=1776848319","caption":"infofuturo"},"url":"https:\/\/www.isdi.education\/es\/author\/infofuturo"}]}},"_links":{"self":[{"href":"https:\/\/www.isdi.education\/es\/wp-json\/wp\/v2\/posts\/30600","targetHints":{"allow":["GET"]}}],"collection":[{"href":"https:\/\/www.isdi.education\/es\/wp-json\/wp\/v2\/posts"}],"about":[{"href":"https:\/\/www.isdi.education\/es\/wp-json\/wp\/v2\/types\/post"}],"author":[{"embeddable":true,"href":"https:\/\/www.isdi.education\/es\/wp-json\/wp\/v2\/users\/23"}],"replies":[{"embeddable":true,"href":"https:\/\/www.isdi.education\/es\/wp-json\/wp\/v2\/comments?post=30600"}],"version-history":[{"count":0,"href":"https:\/\/www.isdi.education\/es\/wp-json\/wp\/v2\/posts\/30600\/revisions"}],"wp:featuredmedia":[{"embeddable":true,"href":"https:\/\/www.isdi.education\/es\/wp-json\/wp\/v2\/media\/30640"}],"wp:attachment":[{"href":"https:\/\/www.isdi.education\/es\/wp-json\/wp\/v2\/media?parent=30600"}],"wp:term":[{"taxonomy":"category","embeddable":true,"href":"https:\/\/www.isdi.education\/es\/wp-json\/wp\/v2\/categories?post=30600"},{"taxonomy":"post_tag","embeddable":true,"href":"https:\/\/www.isdi.education\/es\/wp-json\/wp\/v2\/tags?post=30600"}],"curies":[{"name":"wp","href":"https:\/\/api.w.org\/{rel}","templated":true}]}}