{"id":29543,"date":"2025-02-04T10:56:25","date_gmt":"2025-02-04T10:56:25","guid":{"rendered":"https:\/\/www.isdi.education\/es\/?p=29543"},"modified":"2025-02-04T10:56:25","modified_gmt":"2025-02-04T10:56:25","slug":"eventos-y-networking-febrero","status":"publish","type":"post","link":"https:\/\/www.isdi.education\/es\/blog\/eventos-y-networking-febrero","title":{"rendered":"Eventos que se celebrar\u00e1n en ISDI durante el mes de Febrero"},"content":{"rendered":"<p><span style=\"font-weight: 400;\">\u00a1Bienvenido\/a a la agenda de eventos de febrero en ISDI!\u00a0<\/span><\/p>\n<p><span style=\"font-weight: 400;\">Aqu\u00ed no solo adquieres conocimientos, sino que te ofrecemos la oportunidad de conectar y crear una red de networking que te impulse en tu sector. Tenemos una lista de eventos este mes de febrero que no te puedes perder, llenos de oportunidades para mejorar tu carrera, hacer contactos y llevar tus habilidades al siguiente nivel.\u00a0<\/span><\/p>\n<h2><span style=\"font-weight: 400;\">Eventos en Madrid\u00a0<\/span><\/h2>\n<p><span style=\"font-weight: 400;\">El networking es una pieza clave en el crecimiento profesional, y nuestros eventos en Madrid ofrecen una oportunidad \u00fanica para conectar con expertos, emprendedores y l\u00edderes del sector. Asistir a estas jornadas no solo te permitir\u00e1 ampliar tu red de contactos, sino tambi\u00e9n descubrir nuevas tendencias, intercambiar ideas y acceder a conocimientos de alto valor en un entorno din\u00e1mico y enriquecedor.<\/span><\/p>\n<h3><span style=\"font-weight: 400;\">Digital Business Week Madrid\u00a0<\/span><\/h3>\n<p><span style=\"font-weight: 400;\">Del 3 al 7 de febrero se celebra en el campus de ISDI en Madrid la Digital Business Week para los alumnos del <\/span><a href=\"https:\/\/www.isdi.education\/es\/programas\/mib\"><span style=\"font-weight: 400;\">MIB Online<\/span><\/a><span style=\"font-weight: 400;\"> y el <\/span><a href=\"https:\/\/www.isdi.education\/es\/programas\/mda-master-data-analysis\"><span style=\"font-weight: 400;\">MDA Online<\/span><\/a><span style=\"font-weight: 400;\">.\u00a0<\/span><\/p>\n<p><span style=\"font-weight: 400;\">La Business Week proporciona una semana inmersiva en Madrid donde estudiantes y profesores comparten conocimientos y experiencias del entorno empresarial digital. Durante esta semana se realizar\u00e1n diferentes actividades entre las que se encuentran:\u00a0<\/span><\/p>\n<ul>\n<li style=\"font-weight: 400;\" aria-level=\"1\"><span style=\"font-weight: 400;\">Talleres<\/span><\/li>\n<li style=\"font-weight: 400;\" aria-level=\"1\"><span style=\"font-weight: 400;\">Workshop<\/span><\/li>\n<li style=\"font-weight: 400;\" aria-level=\"1\"><span style=\"font-weight: 400;\">Feria de empleabilidad\u00a0<\/span><\/li>\n<\/ul>\n<h3><span style=\"font-weight: 400;\">ISDI Career HUB\u00a0<\/span><\/h3>\n<p><span style=\"font-weight: 400;\">El 6 de febrero se celebra en <\/span><a href=\"https:\/\/www.isdi.education\/es\/sedes\/madrid\"><span style=\"font-weight: 400;\">ISDI Madrid<\/span><\/a><span style=\"font-weight: 400;\"> el ISDI Career HUB en donde los alumnos aprender\u00e1n de las principales tendencias del mercado digital. Durante el evento se har\u00e1n distintas sesiones de networking.\u00a0<\/span><\/p>\n<h3><span style=\"font-weight: 400;\">Jury Day en Madrid\u00a0<\/span><\/h3>\n<p><span style=\"font-weight: 400;\">El 12 de febrero tendremos por la ma\u00f1ana un jurado en ISDI que se encargar\u00e1 de seleccionar el mejor CEO de marca personal.\u00a0<\/span><\/p>\n<h3><span style=\"font-weight: 400;\">Conversaciones con los fundadores de YUXUS<\/span><\/h3>\n<p><span style=\"font-weight: 400;\">Tambi\u00e9n el 12 de febrero en Madrid los fundadores de YUXUS vendr\u00e1n a ISDI a contarnos sus ideas, traernos la innovaci\u00f3n y las distintas actividades que est\u00e1n llevando a cabo. Estos j\u00f3venes <\/span><a href=\"https:\/\/www.isdi.education\/es\/programas\/emprendimiento-startups\"><span style=\"font-weight: 400;\">emprendedores<\/span><\/a><span style=\"font-weight: 400;\"> nos contar\u00e1n su camino construyendo YUXUS desde cero.\u00a0<\/span><\/p>\n<h3><span style=\"font-weight: 400;\">Innovation Challenge\u00a0<\/span><\/h3>\n<p><span style=\"font-weight: 400;\">El <\/span><b>19 de febrero tendremos nuestro Innovation Challenge<\/b><span style=\"font-weight: 400;\">, esta vez junto con FEVER. En este evento por equipos se resuelve un desaf\u00edo real, lo que permite vivir en primera persona c\u00f3mo se trabaja en el mundo digital, adem\u00e1s de conectar con talentos emergentes y l\u00edderes de la industria y hacerte visible dentro del ecosistema digital. Entre los premios podr\u00e1s ganar una beca para nuestro M\u00e1ster en Data Analysis.\u00a0<\/span><\/p>\n<p><span style=\"font-weight: 400;\">Adem\u00e1s el 27 de febrero tendremos una oportunidad con el segundo <\/span><b>Innovation Challenge <\/b><span style=\"font-weight: 400;\">del mes.\u00a0<\/span><\/p>\n<h3><span style=\"font-weight: 400;\">Talent Day MDA y MDM\u00a0<\/span><\/h3>\n<p><span style=\"font-weight: 400;\">El 20 de febrero contaremos en Madrid con el Talent Day para los <\/span><a href=\"https:\/\/www.isdi.education\/es\/programas\/mdm-master-digital-marketing\"><span style=\"font-weight: 400;\">m\u00e1ster en digital marketing<\/span><\/a><span style=\"font-weight: 400;\"> y el m\u00e1ster en data analysis. Este evento es una oportunidad \u00fanica para que los alumnos puedan explicar sus trayectorias profesionales ante empresas l\u00edderes del sector y, de esta manera, hacerse visibles en el panorama digital.\u00a0<\/span><\/p>\n<h3><span style=\"font-weight: 400;\">Evento para directivos en Madrid<\/span><\/h3>\n<p><span style=\"font-weight: 400;\">Y para finalizar el 26 de febrero tendremos en Madrid una mesa redonda para consejeros, directivos y antiguos alumnos del <\/span><a href=\"https:\/\/www.isdi.education\/es\/programas\/dibex-digital-business-executive-program\"><span style=\"font-weight: 400;\">DIBEX<\/span><\/a><span style=\"font-weight: 400;\"> donde se abordar\u00e1n temas de geopol\u00edtica y tecnolog\u00eda empresarial. Una oportunidad \u00fanica para aprender de los l\u00edderes del momento.\u00a0<\/span><\/p>\n<h2><span style=\"font-weight: 400;\">Networking y eventos en Barcelona\u00a0<\/span><\/h2>\n<p><a href=\"https:\/\/www.isdi.education\/es\/sedes\/barcelona\"><span style=\"font-weight: 400;\">Barcelona<\/span><\/a><span style=\"font-weight: 400;\"> es el escenario perfecto para potenciar tu red de contactos y abrirte a nuevas oportunidades profesionales. Nuestros eventos combinan formaci\u00f3n de calidad con espacios dise\u00f1ados para el networking estrat\u00e9gico, donde podr\u00e1s conocer a personas influyentes de diversas industrias, compartir experiencias y generar sinergias que impulsen tu carrera o negocio. \u00a1No pierdas la oportunidad de ser parte de esta comunidad en crecimiento!<\/span><\/p>\n<h3><span style=\"font-weight: 400;\">Industry Forum<\/span><\/h3>\n<p><span style=\"font-weight: 400;\">El 13 de febrero en Barcelona tendremos la oportunidad de celebrar un Industry Forum para los alumnos y alumni del MIB y del DIBEX. Este industry forum tratar\u00e1 sobre la especializaci\u00f3n en moda y participar\u00e1n empresas como Mango, Uniqlo y Tous.\u00a0<\/span><\/p>\n","protected":false},"excerpt":{"rendered":"<p>\u00a1Bienvenido\/a a la agenda de eventos de febrero en ISDI!\u00a0 Aqu\u00ed no solo adquieres conocimientos, sino que te ofrecemos la oportunidad de conectar y crear una red de networking que te impulse en tu sector. Tenemos una lista de eventos este mes de febrero que no te puedes perder, llenos de oportunidades para mejorar tu&#8230;<\/p>\n","protected":false},"author":23,"featured_media":29544,"comment_status":"closed","ping_status":"closed","sticky":false,"template":"","format":"standard","meta":{"_acf_changed":false,"footnotes":""},"categories":[1],"tags":[],"class_list":["post-29543","post","type-post","status-publish","format-standard","has-post-thumbnail","hentry","category-noticias-isdi"],"acf":{"photo_gallery":{"galeria":[[]]}},"yoast_head":"<!-- This site is optimized with the Yoast SEO plugin v27.4 - https:\/\/yoast.com\/product\/yoast-seo-wordpress\/ -->\n<title>Title: Descubre los eventos que se celebrar\u00e1n en ISDI en Febrero<\/title>\n<meta name=\"description\" content=\"Conoce todos los eventos de nuestra escuela de negocios en febrero de 2025. Prep\u00e1rate para aprender de los mejores expertos, ampliar tu red de contactos y llevar tu carrera al siguiente nivel. \u00a1No te los pierdas!\" \/>\n<meta name=\"robots\" content=\"index, follow, max-snippet:-1, max-image-preview:large, max-video-preview:-1\" \/>\n<link rel=\"canonical\" href=\"https:\/\/www.isdi.education\/es\/blog\/eventos-y-networking-febrero\" \/>\n<meta property=\"og:locale\" content=\"es_ES\" \/>\n<meta property=\"og:type\" content=\"article\" \/>\n<meta property=\"og:title\" content=\"Title: Descubre los eventos que se celebrar\u00e1n en ISDI en Febrero\" \/>\n<meta property=\"og:description\" content=\"Conoce todos los eventos de nuestra escuela de negocios en febrero de 2025. Prep\u00e1rate para aprender de los mejores expertos, ampliar tu red de contactos y llevar tu carrera al siguiente nivel. \u00a1No te los pierdas!\" \/>\n<meta property=\"og:url\" content=\"https:\/\/www.isdi.education\/es\/blog\/eventos-y-networking-febrero\" \/>\n<meta property=\"og:site_name\" content=\"ISDI Espa\u00f1a\" \/>\n<meta property=\"article:publisher\" content=\"https:\/\/www.facebook.com\/isdi.education\" \/>\n<meta property=\"article:published_time\" content=\"2025-02-04T10:56:25+00:00\" \/>\n<meta property=\"og:image\" content=\"https:\/\/www.isdi.education\/es\/wp-content\/uploads\/2025\/02\/Steve_Cadigan_-8.webp\" \/>\n\t<meta property=\"og:image:width\" content=\"2550\" \/>\n\t<meta property=\"og:image:height\" content=\"1700\" \/>\n\t<meta property=\"og:image:type\" content=\"image\/webp\" \/>\n<meta name=\"author\" content=\"infofuturo\" \/>\n<meta name=\"twitter:card\" content=\"summary_large_image\" \/>\n<meta name=\"twitter:label1\" content=\"Escrito por\" \/>\n\t<meta name=\"twitter:data1\" content=\"infofuturo\" \/>\n\t<meta name=\"twitter:label2\" content=\"Tiempo de lectura\" \/>\n\t<meta name=\"twitter:data2\" content=\"3 minutos\" \/>\n<script type=\"application\/ld+json\" class=\"yoast-schema-graph\">{\"@context\":\"https:\\\/\\\/schema.org\",\"@graph\":[{\"@type\":\"Article\",\"@id\":\"https:\\\/\\\/www.isdi.education\\\/es\\\/blog\\\/eventos-y-networking-febrero#article\",\"isPartOf\":{\"@id\":\"https:\\\/\\\/www.isdi.education\\\/es\\\/blog\\\/eventos-y-networking-febrero\"},\"author\":{\"name\":\"infofuturo\",\"@id\":\"https:\\\/\\\/www.isdi.education\\\/es\\\/#\\\/schema\\\/person\\\/9f30c33eda685abbcfaabf1e7b9e9f76\"},\"headline\":\"Eventos que se celebrar\u00e1n en ISDI durante el mes de Febrero\",\"datePublished\":\"2025-02-04T10:56:25+00:00\",\"mainEntityOfPage\":{\"@id\":\"https:\\\/\\\/www.isdi.education\\\/es\\\/blog\\\/eventos-y-networking-febrero\"},\"wordCount\":645,\"publisher\":{\"@id\":\"https:\\\/\\\/www.isdi.education\\\/es\\\/#organization\"},\"image\":{\"@id\":\"https:\\\/\\\/www.isdi.education\\\/es\\\/blog\\\/eventos-y-networking-febrero#primaryimage\"},\"thumbnailUrl\":\"https:\\\/\\\/www.isdi.education\\\/es\\\/wp-content\\\/uploads\\\/2025\\\/02\\\/Steve_Cadigan_-8.webp\",\"articleSection\":[\"Noticias ISDI\"],\"inLanguage\":\"es\"},{\"@type\":\"WebPage\",\"@id\":\"https:\\\/\\\/www.isdi.education\\\/es\\\/blog\\\/eventos-y-networking-febrero\",\"url\":\"https:\\\/\\\/www.isdi.education\\\/es\\\/blog\\\/eventos-y-networking-febrero\",\"name\":\"Title: Descubre los eventos que se celebrar\u00e1n en ISDI en Febrero\",\"isPartOf\":{\"@id\":\"https:\\\/\\\/www.isdi.education\\\/es\\\/#website\"},\"primaryImageOfPage\":{\"@id\":\"https:\\\/\\\/www.isdi.education\\\/es\\\/blog\\\/eventos-y-networking-febrero#primaryimage\"},\"image\":{\"@id\":\"https:\\\/\\\/www.isdi.education\\\/es\\\/blog\\\/eventos-y-networking-febrero#primaryimage\"},\"thumbnailUrl\":\"https:\\\/\\\/www.isdi.education\\\/es\\\/wp-content\\\/uploads\\\/2025\\\/02\\\/Steve_Cadigan_-8.webp\",\"datePublished\":\"2025-02-04T10:56:25+00:00\",\"description\":\"Conoce todos los eventos de nuestra escuela de negocios en febrero de 2025. Prep\u00e1rate para aprender de los mejores expertos, ampliar tu red de contactos y llevar tu carrera al siguiente nivel. \u00a1No te los pierdas!\",\"breadcrumb\":{\"@id\":\"https:\\\/\\\/www.isdi.education\\\/es\\\/blog\\\/eventos-y-networking-febrero#breadcrumb\"},\"inLanguage\":\"es\",\"potentialAction\":[{\"@type\":\"ReadAction\",\"target\":[\"https:\\\/\\\/www.isdi.education\\\/es\\\/blog\\\/eventos-y-networking-febrero\"]}]},{\"@type\":\"ImageObject\",\"inLanguage\":\"es\",\"@id\":\"https:\\\/\\\/www.isdi.education\\\/es\\\/blog\\\/eventos-y-networking-febrero#primaryimage\",\"url\":\"https:\\\/\\\/www.isdi.education\\\/es\\\/wp-content\\\/uploads\\\/2025\\\/02\\\/Steve_Cadigan_-8.webp\",\"contentUrl\":\"https:\\\/\\\/www.isdi.education\\\/es\\\/wp-content\\\/uploads\\\/2025\\\/02\\\/Steve_Cadigan_-8.webp\",\"width\":2550,\"height\":1700,\"caption\":\"Eventos que se celebrar\u00e1n en ISDI durante el mes de Febrero\"},{\"@type\":\"BreadcrumbList\",\"@id\":\"https:\\\/\\\/www.isdi.education\\\/es\\\/blog\\\/eventos-y-networking-febrero#breadcrumb\",\"itemListElement\":[{\"@type\":\"ListItem\",\"position\":1,\"name\":\"Inicio\",\"item\":\"https:\\\/\\\/www.isdi.education\\\/es\\\/\"},{\"@type\":\"ListItem\",\"position\":2,\"name\":\"Eventos que se celebrar\u00e1n en ISDI durante el mes de Febrero\"}]},{\"@type\":\"WebSite\",\"@id\":\"https:\\\/\\\/www.isdi.education\\\/es\\\/#website\",\"url\":\"https:\\\/\\\/www.isdi.education\\\/es\\\/\",\"name\":\"ISDI Espa\u00f1a | La Escuela de Negocios de la Era Digital\",\"description\":\"Descubre la formaci\u00f3n que te abrir\u00e1 las puertas a la era digital. Entra a formar parte de la primera escuela de negocios y direcci\u00f3n nativa digital.\",\"publisher\":{\"@id\":\"https:\\\/\\\/www.isdi.education\\\/es\\\/#organization\"},\"inLanguage\":\"es\"},{\"@type\":\"Organization\",\"@id\":\"https:\\\/\\\/www.isdi.education\\\/es\\\/#organization\",\"name\":\"ISDI Espa\u00f1a | La Escuela de Negocios de la Era Digital\",\"url\":\"https:\\\/\\\/www.isdi.education\\\/es\\\/\",\"logo\":{\"@type\":\"ImageObject\",\"inLanguage\":\"es\",\"@id\":\"https:\\\/\\\/www.isdi.education\\\/es\\\/#\\\/schema\\\/logo\\\/image\\\/\",\"url\":\"https:\\\/\\\/www.isdi.education\\\/es\\\/wp-content\\\/uploads\\\/2024\\\/02\\\/cropped-Favicon.png\",\"contentUrl\":\"https:\\\/\\\/www.isdi.education\\\/es\\\/wp-content\\\/uploads\\\/2024\\\/02\\\/cropped-Favicon.png\",\"width\":512,\"height\":512,\"caption\":\"ISDI Espa\u00f1a | La Escuela de Negocios de la Era Digital\"},\"image\":{\"@id\":\"https:\\\/\\\/www.isdi.education\\\/es\\\/#\\\/schema\\\/logo\\\/image\\\/\"},\"sameAs\":[\"https:\\\/\\\/www.facebook.com\\\/isdi.education\",\"https:\\\/\\\/www.linkedin.com\\\/school\\\/isdi\\\/?originalSubdomain=es\",\"https:\\\/\\\/www.instagram.com\\\/isdi_edu\\\/?hl=es\",\"https:\\\/\\\/www.tiktok.com\\\/@isdi_edu\",\"https:\\\/\\\/www.youtube.com\\\/user\\\/ISDItv\"]},{\"@type\":\"Person\",\"@id\":\"https:\\\/\\\/www.isdi.education\\\/es\\\/#\\\/schema\\\/person\\\/9f30c33eda685abbcfaabf1e7b9e9f76\",\"name\":\"infofuturo\",\"image\":{\"@type\":\"ImageObject\",\"inLanguage\":\"es\",\"@id\":\"https:\\\/\\\/www.isdi.education\\\/es\\\/wp-content\\\/litespeed\\\/avatar\\\/1\\\/06e1ec358746bcb8bb25471d95ddc6aa.jpg?ver=1776848319\",\"url\":\"https:\\\/\\\/www.isdi.education\\\/es\\\/wp-content\\\/litespeed\\\/avatar\\\/1\\\/06e1ec358746bcb8bb25471d95ddc6aa.jpg?ver=1776848319\",\"contentUrl\":\"https:\\\/\\\/www.isdi.education\\\/es\\\/wp-content\\\/litespeed\\\/avatar\\\/1\\\/06e1ec358746bcb8bb25471d95ddc6aa.jpg?ver=1776848319\",\"caption\":\"infofuturo\"},\"url\":\"https:\\\/\\\/www.isdi.education\\\/es\\\/author\\\/infofuturo\"}]}<\/script>\n<!-- \/ Yoast SEO plugin. -->","yoast_head_json":{"title":"Title: Descubre los eventos que se celebrar\u00e1n en ISDI en Febrero","description":"Conoce todos los eventos de nuestra escuela de negocios en febrero de 2025. Prep\u00e1rate para aprender de los mejores expertos, ampliar tu red de contactos y llevar tu carrera al siguiente nivel. \u00a1No te los pierdas!","robots":{"index":"index","follow":"follow","max-snippet":"max-snippet:-1","max-image-preview":"max-image-preview:large","max-video-preview":"max-video-preview:-1"},"canonical":"https:\/\/www.isdi.education\/es\/blog\/eventos-y-networking-febrero","og_locale":"es_ES","og_type":"article","og_title":"Title: Descubre los eventos que se celebrar\u00e1n en ISDI en Febrero","og_description":"Conoce todos los eventos de nuestra escuela de negocios en febrero de 2025. Prep\u00e1rate para aprender de los mejores expertos, ampliar tu red de contactos y llevar tu carrera al siguiente nivel. \u00a1No te los pierdas!","og_url":"https:\/\/www.isdi.education\/es\/blog\/eventos-y-networking-febrero","og_site_name":"ISDI Espa\u00f1a","article_publisher":"https:\/\/www.facebook.com\/isdi.education","article_published_time":"2025-02-04T10:56:25+00:00","og_image":[{"width":2550,"height":1700,"url":"https:\/\/www.isdi.education\/es\/wp-content\/uploads\/2025\/02\/Steve_Cadigan_-8.webp","type":"image\/webp"}],"author":"infofuturo","twitter_card":"summary_large_image","twitter_misc":{"Escrito por":"infofuturo","Tiempo de lectura":"3 minutos"},"schema":{"@context":"https:\/\/schema.org","@graph":[{"@type":"Article","@id":"https:\/\/www.isdi.education\/es\/blog\/eventos-y-networking-febrero#article","isPartOf":{"@id":"https:\/\/www.isdi.education\/es\/blog\/eventos-y-networking-febrero"},"author":{"name":"infofuturo","@id":"https:\/\/www.isdi.education\/es\/#\/schema\/person\/9f30c33eda685abbcfaabf1e7b9e9f76"},"headline":"Eventos que se celebrar\u00e1n en ISDI durante el mes de Febrero","datePublished":"2025-02-04T10:56:25+00:00","mainEntityOfPage":{"@id":"https:\/\/www.isdi.education\/es\/blog\/eventos-y-networking-febrero"},"wordCount":645,"publisher":{"@id":"https:\/\/www.isdi.education\/es\/#organization"},"image":{"@id":"https:\/\/www.isdi.education\/es\/blog\/eventos-y-networking-febrero#primaryimage"},"thumbnailUrl":"https:\/\/www.isdi.education\/es\/wp-content\/uploads\/2025\/02\/Steve_Cadigan_-8.webp","articleSection":["Noticias ISDI"],"inLanguage":"es"},{"@type":"WebPage","@id":"https:\/\/www.isdi.education\/es\/blog\/eventos-y-networking-febrero","url":"https:\/\/www.isdi.education\/es\/blog\/eventos-y-networking-febrero","name":"Title: Descubre los eventos que se celebrar\u00e1n en ISDI en Febrero","isPartOf":{"@id":"https:\/\/www.isdi.education\/es\/#website"},"primaryImageOfPage":{"@id":"https:\/\/www.isdi.education\/es\/blog\/eventos-y-networking-febrero#primaryimage"},"image":{"@id":"https:\/\/www.isdi.education\/es\/blog\/eventos-y-networking-febrero#primaryimage"},"thumbnailUrl":"https:\/\/www.isdi.education\/es\/wp-content\/uploads\/2025\/02\/Steve_Cadigan_-8.webp","datePublished":"2025-02-04T10:56:25+00:00","description":"Conoce todos los eventos de nuestra escuela de negocios en febrero de 2025. Prep\u00e1rate para aprender de los mejores expertos, ampliar tu red de contactos y llevar tu carrera al siguiente nivel. \u00a1No te los pierdas!","breadcrumb":{"@id":"https:\/\/www.isdi.education\/es\/blog\/eventos-y-networking-febrero#breadcrumb"},"inLanguage":"es","potentialAction":[{"@type":"ReadAction","target":["https:\/\/www.isdi.education\/es\/blog\/eventos-y-networking-febrero"]}]},{"@type":"ImageObject","inLanguage":"es","@id":"https:\/\/www.isdi.education\/es\/blog\/eventos-y-networking-febrero#primaryimage","url":"https:\/\/www.isdi.education\/es\/wp-content\/uploads\/2025\/02\/Steve_Cadigan_-8.webp","contentUrl":"https:\/\/www.isdi.education\/es\/wp-content\/uploads\/2025\/02\/Steve_Cadigan_-8.webp","width":2550,"height":1700,"caption":"Eventos que se celebrar\u00e1n en ISDI durante el mes de Febrero"},{"@type":"BreadcrumbList","@id":"https:\/\/www.isdi.education\/es\/blog\/eventos-y-networking-febrero#breadcrumb","itemListElement":[{"@type":"ListItem","position":1,"name":"Inicio","item":"https:\/\/www.isdi.education\/es\/"},{"@type":"ListItem","position":2,"name":"Eventos que se celebrar\u00e1n en ISDI durante el mes de Febrero"}]},{"@type":"WebSite","@id":"https:\/\/www.isdi.education\/es\/#website","url":"https:\/\/www.isdi.education\/es\/","name":"ISDI Espa\u00f1a | La Escuela de Negocios de la Era Digital","description":"Descubre la formaci\u00f3n que te abrir\u00e1 las puertas a la era digital. Entra a formar parte de la primera escuela de negocios y direcci\u00f3n nativa digital.","publisher":{"@id":"https:\/\/www.isdi.education\/es\/#organization"},"inLanguage":"es"},{"@type":"Organization","@id":"https:\/\/www.isdi.education\/es\/#organization","name":"ISDI Espa\u00f1a | La Escuela de Negocios de la Era Digital","url":"https:\/\/www.isdi.education\/es\/","logo":{"@type":"ImageObject","inLanguage":"es","@id":"https:\/\/www.isdi.education\/es\/#\/schema\/logo\/image\/","url":"https:\/\/www.isdi.education\/es\/wp-content\/uploads\/2024\/02\/cropped-Favicon.png","contentUrl":"https:\/\/www.isdi.education\/es\/wp-content\/uploads\/2024\/02\/cropped-Favicon.png","width":512,"height":512,"caption":"ISDI Espa\u00f1a | La Escuela de Negocios de la Era Digital"},"image":{"@id":"https:\/\/www.isdi.education\/es\/#\/schema\/logo\/image\/"},"sameAs":["https:\/\/www.facebook.com\/isdi.education","https:\/\/www.linkedin.com\/school\/isdi\/?originalSubdomain=es","https:\/\/www.instagram.com\/isdi_edu\/?hl=es","https:\/\/www.tiktok.com\/@isdi_edu","https:\/\/www.youtube.com\/user\/ISDItv"]},{"@type":"Person","@id":"https:\/\/www.isdi.education\/es\/#\/schema\/person\/9f30c33eda685abbcfaabf1e7b9e9f76","name":"infofuturo","image":{"@type":"ImageObject","inLanguage":"es","@id":"https:\/\/www.isdi.education\/es\/wp-content\/litespeed\/avatar\/1\/06e1ec358746bcb8bb25471d95ddc6aa.jpg?ver=1776848319","url":"https:\/\/www.isdi.education\/es\/wp-content\/litespeed\/avatar\/1\/06e1ec358746bcb8bb25471d95ddc6aa.jpg?ver=1776848319","contentUrl":"https:\/\/www.isdi.education\/es\/wp-content\/litespeed\/avatar\/1\/06e1ec358746bcb8bb25471d95ddc6aa.jpg?ver=1776848319","caption":"infofuturo"},"url":"https:\/\/www.isdi.education\/es\/author\/infofuturo"}]}},"_links":{"self":[{"href":"https:\/\/www.isdi.education\/es\/wp-json\/wp\/v2\/posts\/29543","targetHints":{"allow":["GET"]}}],"collection":[{"href":"https:\/\/www.isdi.education\/es\/wp-json\/wp\/v2\/posts"}],"about":[{"href":"https:\/\/www.isdi.education\/es\/wp-json\/wp\/v2\/types\/post"}],"author":[{"embeddable":true,"href":"https:\/\/www.isdi.education\/es\/wp-json\/wp\/v2\/users\/23"}],"replies":[{"embeddable":true,"href":"https:\/\/www.isdi.education\/es\/wp-json\/wp\/v2\/comments?post=29543"}],"version-history":[{"count":0,"href":"https:\/\/www.isdi.education\/es\/wp-json\/wp\/v2\/posts\/29543\/revisions"}],"wp:featuredmedia":[{"embeddable":true,"href":"https:\/\/www.isdi.education\/es\/wp-json\/wp\/v2\/media\/29544"}],"wp:attachment":[{"href":"https:\/\/www.isdi.education\/es\/wp-json\/wp\/v2\/media?parent=29543"}],"wp:term":[{"taxonomy":"category","embeddable":true,"href":"https:\/\/www.isdi.education\/es\/wp-json\/wp\/v2\/categories?post=29543"},{"taxonomy":"post_tag","embeddable":true,"href":"https:\/\/www.isdi.education\/es\/wp-json\/wp\/v2\/tags?post=29543"}],"curies":[{"name":"wp","href":"https:\/\/api.w.org\/{rel}","templated":true}]}}