{"id":28747,"date":"2024-12-05T16:08:19","date_gmt":"2024-12-05T16:08:19","guid":{"rendered":"https:\/\/www.isdi.education\/es\/?p=28747"},"modified":"2025-01-21T09:10:48","modified_gmt":"2025-01-21T09:10:48","slug":"etica-de-la-ia-en-atencion-sanitaria","status":"publish","type":"post","link":"https:\/\/www.isdi.education\/es\/blog\/etica-de-la-ia-en-atencion-sanitaria","title":{"rendered":"\u00c9tica de la IA en atenci\u00f3n sanitaria"},"content":{"rendered":"<p><span style=\"font-weight: 400;\">El uso de la Inteligencia Artificial se ha convertido en uno de los temas m\u00e1s controvertidos en la actualidad. Si a esto le sumamos que la estamos utilizando en algo tan sensible como la sanidad, se vuelve algo a\u00fan m\u00e1s delicado. Los beneficios que aporta la IA pueden empa\u00f1arse si no fomentamos la responsabilidad al aplicarla.<\/span><\/p>\n<p><span style=\"font-weight: 400;\">Para poder conocer a fondo qu\u00e9 problemas puede generar un mal uso y c\u00f3mo podemos sacar el mayor provecho a su utilizaci\u00f3n, el<\/span><a href=\"https:\/\/www.isdi.education\/es\/programas\/inteligencia-artificial\"> <span style=\"font-weight: 400;\">Programa Ejecutivo en Inteligencia Artificial<\/span><\/a><span style=\"font-weight: 400;\"> supone una formaci\u00f3n clave para plantear soluciones justas y adecuadas.<\/span><\/p>\n<h2><b>Protecci\u00f3n de la privacidad y seguridad de los datos personales y m\u00e9dicos de los pacientes<\/b><\/h2>\n<p><span style=\"font-weight: 400;\">La <\/span><b>privacidad de los datos<\/b><span style=\"font-weight: 400;\"> es uno de los pilares fundamentales en la atenci\u00f3n sanitaria. La IA requiere grandes vol\u00famenes de datos con el objetivo de entrenar sus algoritmos, lo que puede suponer un riesgo potencial si no se maneja con cuidado. Los datos m\u00e9dicos contienen informaci\u00f3n altamente sensible que se necesita cuidar.<\/span><\/p>\n<p><b>Las organizaciones sanitarias deben primar la seguridad<\/b><span style=\"font-weight: 400;\"> de la informaci\u00f3n que manejan. Para ello, cuentan con recursos como la <\/span><b>encriptaci\u00f3n avanzada<\/b><span style=\"font-weight: 400;\"> que les da la posibilidad de proteger estos datos.<\/span><\/p>\n<p><span style=\"font-weight: 400;\">Adem\u00e1s, los pacientes deben tener control sobre su informaci\u00f3n, incluyendo el derecho a saber qui\u00e9n tiene acceso a ella y para qu\u00e9 se utiliza. Deben cumplir con normativas como el Reglamento General de Protecci\u00f3n de Datos para garantizar que los datos se manejen de forma \u00e9tica y segura.<\/span><\/p>\n<h2><b>\u00bfC\u00f3mo potenciamos la transparencia en el uso de datos?<\/b><\/h2>\n<p><span style=\"font-weight: 400;\">Es imprescindible que los pacientes y profesionales de la salud conozcan c\u00f3mo se recopilan, procesan y utilizan los datos. Para potenciar la transparencia, <\/span><b>las instituciones deben proporcionar explicaciones claras<\/b><span style=\"font-weight: 400;\"> e informar al paciente sobre las finalidades del procesamiento, los riesgos potenciales y las medidas de protecci\u00f3n implementadas.<\/span><\/p>\n<h2><b>\u00bfPuede la IA mejorar la eficacia de diagn\u00f3sticos y tratamientos?<\/b><\/h2>\n<p><span style=\"font-weight: 400;\">Por supuesto, la IA tiene el potencial de revolucionar los diagn\u00f3sticos y tratamientos al ofrecer <\/span><b>an\u00e1lisis m\u00e1s r\u00e1pidos y precisos<\/b><span style=\"font-weight: 400;\">. Algunos sistemas de IA ya est\u00e1n ayudando a detectar c\u00e1nceres en etapas tempranas, analizar im\u00e1genes m\u00e9dicas con gran precisi\u00f3n y predecir complicaciones en pacientes hospitalizados.<\/span><\/p>\n<p><span style=\"font-weight: 400;\">Sin embargo, es fundamental que las decisiones basadas en IA <\/span><b>se complementen con el juicio cl\u00ednico humano<\/b><span style=\"font-weight: 400;\">. Aunque la IA puede ser una herramienta poderosa, no debe considerarse infalible.<\/span><\/p>\n<h2><b>Evitar sesgos y desigualdades en diagn\u00f3sticos y tratamientos<\/b><\/h2>\n<p><span style=\"font-weight: 400;\">No solo en medicina, en pr\u00e1cticamente todos los sectores, uno de los mayores desaf\u00edos \u00e9ticos en el uso de IA es la posibilidad de que los algoritmos reproduzcan y amplifiquen sesgos existentes. Estos sesgos pueden surgir si los datos de entrenamiento no representan adecuadamente a ciertos grupos de la poblaci\u00f3n, lo que puede llevar a diagn\u00f3sticos incorrectos o tratamientos inadecuados para personas de diferentes etnias, g\u00e9neros o contextos socioecon\u00f3micos.<\/span><\/p>\n<p><span style=\"font-weight: 400;\">Por ello, es fundamental que los desarrolladores de IA se <\/span><b>aseguren de que los datos utilizados para entrenar los algoritmos sean diversos y representativos<\/b><span style=\"font-weight: 400;\">.<\/span><\/p>\n<h2><b>Explicaciones claras sobre el funcionamiento y decisiones de los algoritmos<\/b><\/h2>\n<p><span style=\"font-weight: 400;\">Los m\u00e9dicos y los pacientes tienen que ser capaces de comprender c\u00f3mo y por qu\u00e9 un sistema de IA ha llegado a una decisi\u00f3n determinada, algo que permite utilizar la IA de manera m\u00e1s efectiva. Se debe <\/span><b>trabajar en implementar mecanismos que traduzcan las decisiones del sistema<\/b><span style=\"font-weight: 400;\"> en t\u00e9rminos comprensibles. Con ello se mejora la transparencia, de la que ya hemos hablado, y fortalece la colaboraci\u00f3n entre humanos y m\u00e1quinas en sanidad.<\/span><\/p>\n<h2><b>\u00bfQui\u00e9n es el responsable si falla la IA?<\/b><\/h2>\n<p><span style=\"font-weight: 400;\">La definici\u00f3n de responsabilidad en caso de errores de IA es uno de los temas m\u00e1s controvertidos en cualquier sector en el que se implemente esta tecnolog\u00eda. Si un algoritmo de diagn\u00f3stico falla y esto provoca un da\u00f1o para el paciente, \u00bfqui\u00e9n deber\u00eda asumir esa culpa?<\/span><\/p>\n<p><span style=\"font-weight: 400;\">Es fundamental que se generen<\/span><b> marcos legales que definan de forma clara de qui\u00e9n es la responsabilidad en cada escenario<\/b><span style=\"font-weight: 400;\">. Asimismo, las instituciones deben contar con seguros y protocolos para manejar estos incidentes de manera justa y \u00e9tica.<\/span><\/p>\n<h2><b>Mantener la empat\u00eda en la relaci\u00f3n m\u00e9dico-paciente<\/b><\/h2>\n<p><span style=\"font-weight: 400;\">A medida que la IA asume m\u00e1s tareas en el \u00e1mbito sanitario, corremos el riesgo de que la interacci\u00f3n humana, se reduzca. Es imprescindible mantener la empat\u00eda, la comunicaci\u00f3n y el apoyo emocional que un profesional sanitario ofrece a un paciente.<\/span><\/p>\n<p><span style=\"font-weight: 400;\">Para preservar esta dimensi\u00f3n humana, los profesionales de la salud deben <\/span><b>equilibrar el uso de la tecnolog\u00eda con una atenci\u00f3n centrada en el paciente<\/b><span style=\"font-weight: 400;\">. La IA puede ser una herramienta poderosa para reducir la carga administrativa, siempre que los m\u00e9dicos puedan dedicar tiempo a interactuar con sus pacientes, sin reemplazar el toque humano.<\/span><\/p>\n<h2><b>Cumplimiento de la normativa espec\u00edfica<\/b><\/h2>\n<p><span style=\"font-weight: 400;\">El uso \u00e9tico de la IA en la atenci\u00f3n sanitaria tambi\u00e9n depende del <\/span><b>cumplimiento de normativas y regulaciones espec\u00edficas<\/b><span style=\"font-weight: 400;\">. Estas normativas establecen est\u00e1ndares sobre c\u00f3mo se deben recopilar, procesar y proteger los datos, as\u00ed como sobre la seguridad y la fiabilidad de los sistemas de IA utilizados.<\/span><\/p>\n<p><span style=\"font-weight: 400;\">Los profesionales m\u00e9dicos deben garantizar que se respeta la normativa para conseguir una mayor transparencia y un mejor trato con el paciente.<\/span><\/p>\n","protected":false},"excerpt":{"rendered":"<p>El uso de la Inteligencia Artificial se ha convertido en uno de los temas m\u00e1s controvertidos en la actualidad. Si a esto le sumamos que la estamos utilizando en algo tan sensible como la sanidad, se vuelve algo a\u00fan m\u00e1s delicado. Los beneficios que aporta la IA pueden empa\u00f1arse si no fomentamos la responsabilidad al&#8230;<\/p>\n","protected":false},"author":23,"featured_media":28779,"comment_status":"closed","ping_status":"closed","sticky":false,"template":"","format":"standard","meta":{"_acf_changed":false,"footnotes":""},"categories":[42],"tags":[],"class_list":["post-28747","post","type-post","status-publish","format-standard","has-post-thumbnail","hentry","category-inteligencia-artificial"],"acf":{"photo_gallery":{"galeria":[[]]}},"yoast_head":"<!-- This site is optimized with the Yoast SEO plugin v27.4 - https:\/\/yoast.com\/product\/yoast-seo-wordpress\/ -->\n<title>\u00c9tica de la IA en atenci\u00f3n sanitaria: privacidad, igualdad y responsabilidad<\/title>\n<meta name=\"description\" content=\"Explora las consideraciones \u00e9ticas del uso de IA en atenci\u00f3n sanitaria: protege datos, garantiza transparencia, prev\u00e9n sesgos, y aseg\u00farate de la responsabilidad y cumplimiento normativo\" \/>\n<meta name=\"robots\" content=\"index, follow, max-snippet:-1, max-image-preview:large, max-video-preview:-1\" \/>\n<link rel=\"canonical\" href=\"https:\/\/www.isdi.education\/es\/blog\/etica-de-la-ia-en-atencion-sanitaria\" \/>\n<meta property=\"og:locale\" content=\"es_ES\" \/>\n<meta property=\"og:type\" content=\"article\" \/>\n<meta property=\"og:title\" content=\"\u00c9tica de la IA en atenci\u00f3n sanitaria: privacidad, igualdad y responsabilidad\" \/>\n<meta property=\"og:description\" content=\"Explora las consideraciones \u00e9ticas del uso de IA en atenci\u00f3n sanitaria: protege datos, garantiza transparencia, prev\u00e9n sesgos, y aseg\u00farate de la responsabilidad y cumplimiento normativo\" \/>\n<meta property=\"og:url\" content=\"https:\/\/www.isdi.education\/es\/blog\/etica-de-la-ia-en-atencion-sanitaria\" \/>\n<meta property=\"og:site_name\" content=\"ISDI Espa\u00f1a\" \/>\n<meta property=\"article:publisher\" content=\"https:\/\/www.facebook.com\/isdi.education\" \/>\n<meta property=\"article:published_time\" content=\"2024-12-05T16:08:19+00:00\" \/>\n<meta property=\"article:modified_time\" content=\"2025-01-21T09:10:48+00:00\" \/>\n<meta property=\"og:image\" content=\"https:\/\/www.isdi.education\/es\/wp-content\/uploads\/2024\/12\/etica-ia-y-atencion-sanitaria.webp\" \/>\n\t<meta property=\"og:image:width\" content=\"1000\" \/>\n\t<meta property=\"og:image:height\" content=\"303\" \/>\n\t<meta property=\"og:image:type\" content=\"image\/webp\" \/>\n<meta name=\"author\" content=\"infofuturo\" \/>\n<meta name=\"twitter:card\" content=\"summary_large_image\" \/>\n<meta name=\"twitter:label1\" content=\"Escrito por\" \/>\n\t<meta name=\"twitter:data1\" content=\"infofuturo\" \/>\n\t<meta name=\"twitter:label2\" content=\"Tiempo de lectura\" \/>\n\t<meta name=\"twitter:data2\" content=\"5 minutos\" \/>\n<script type=\"application\/ld+json\" class=\"yoast-schema-graph\">{\"@context\":\"https:\\\/\\\/schema.org\",\"@graph\":[{\"@type\":\"Article\",\"@id\":\"https:\\\/\\\/www.isdi.education\\\/es\\\/blog\\\/etica-de-la-ia-en-atencion-sanitaria#article\",\"isPartOf\":{\"@id\":\"https:\\\/\\\/www.isdi.education\\\/es\\\/blog\\\/etica-de-la-ia-en-atencion-sanitaria\"},\"author\":{\"name\":\"infofuturo\",\"@id\":\"https:\\\/\\\/www.isdi.education\\\/es\\\/#\\\/schema\\\/person\\\/9f30c33eda685abbcfaabf1e7b9e9f76\"},\"headline\":\"\u00c9tica de la IA en atenci\u00f3n sanitaria\",\"datePublished\":\"2024-12-05T16:08:19+00:00\",\"dateModified\":\"2025-01-21T09:10:48+00:00\",\"mainEntityOfPage\":{\"@id\":\"https:\\\/\\\/www.isdi.education\\\/es\\\/blog\\\/etica-de-la-ia-en-atencion-sanitaria\"},\"wordCount\":912,\"publisher\":{\"@id\":\"https:\\\/\\\/www.isdi.education\\\/es\\\/#organization\"},\"image\":{\"@id\":\"https:\\\/\\\/www.isdi.education\\\/es\\\/blog\\\/etica-de-la-ia-en-atencion-sanitaria#primaryimage\"},\"thumbnailUrl\":\"https:\\\/\\\/www.isdi.education\\\/es\\\/wp-content\\\/uploads\\\/2024\\\/12\\\/etica-ia-y-atencion-sanitaria.webp\",\"articleSection\":[\"Inteligencia Artificial\"],\"inLanguage\":\"es\"},{\"@type\":\"WebPage\",\"@id\":\"https:\\\/\\\/www.isdi.education\\\/es\\\/blog\\\/etica-de-la-ia-en-atencion-sanitaria\",\"url\":\"https:\\\/\\\/www.isdi.education\\\/es\\\/blog\\\/etica-de-la-ia-en-atencion-sanitaria\",\"name\":\"\u00c9tica de la IA en atenci\u00f3n sanitaria: privacidad, igualdad y responsabilidad\",\"isPartOf\":{\"@id\":\"https:\\\/\\\/www.isdi.education\\\/es\\\/#website\"},\"primaryImageOfPage\":{\"@id\":\"https:\\\/\\\/www.isdi.education\\\/es\\\/blog\\\/etica-de-la-ia-en-atencion-sanitaria#primaryimage\"},\"image\":{\"@id\":\"https:\\\/\\\/www.isdi.education\\\/es\\\/blog\\\/etica-de-la-ia-en-atencion-sanitaria#primaryimage\"},\"thumbnailUrl\":\"https:\\\/\\\/www.isdi.education\\\/es\\\/wp-content\\\/uploads\\\/2024\\\/12\\\/etica-ia-y-atencion-sanitaria.webp\",\"datePublished\":\"2024-12-05T16:08:19+00:00\",\"dateModified\":\"2025-01-21T09:10:48+00:00\",\"description\":\"Explora las consideraciones \u00e9ticas del uso de IA en atenci\u00f3n sanitaria: protege datos, garantiza transparencia, prev\u00e9n sesgos, y aseg\u00farate de la responsabilidad y cumplimiento normativo\",\"breadcrumb\":{\"@id\":\"https:\\\/\\\/www.isdi.education\\\/es\\\/blog\\\/etica-de-la-ia-en-atencion-sanitaria#breadcrumb\"},\"inLanguage\":\"es\",\"potentialAction\":[{\"@type\":\"ReadAction\",\"target\":[\"https:\\\/\\\/www.isdi.education\\\/es\\\/blog\\\/etica-de-la-ia-en-atencion-sanitaria\"]}]},{\"@type\":\"ImageObject\",\"inLanguage\":\"es\",\"@id\":\"https:\\\/\\\/www.isdi.education\\\/es\\\/blog\\\/etica-de-la-ia-en-atencion-sanitaria#primaryimage\",\"url\":\"https:\\\/\\\/www.isdi.education\\\/es\\\/wp-content\\\/uploads\\\/2024\\\/12\\\/etica-ia-y-atencion-sanitaria.webp\",\"contentUrl\":\"https:\\\/\\\/www.isdi.education\\\/es\\\/wp-content\\\/uploads\\\/2024\\\/12\\\/etica-ia-y-atencion-sanitaria.webp\",\"width\":1000,\"height\":303,\"caption\":\"etica ia y atencion sanitaria\"},{\"@type\":\"BreadcrumbList\",\"@id\":\"https:\\\/\\\/www.isdi.education\\\/es\\\/blog\\\/etica-de-la-ia-en-atencion-sanitaria#breadcrumb\",\"itemListElement\":[{\"@type\":\"ListItem\",\"position\":1,\"name\":\"Inicio\",\"item\":\"https:\\\/\\\/www.isdi.education\\\/es\\\/\"},{\"@type\":\"ListItem\",\"position\":2,\"name\":\"\u00c9tica de la IA en atenci\u00f3n sanitaria\"}]},{\"@type\":\"WebSite\",\"@id\":\"https:\\\/\\\/www.isdi.education\\\/es\\\/#website\",\"url\":\"https:\\\/\\\/www.isdi.education\\\/es\\\/\",\"name\":\"ISDI Espa\u00f1a | La Escuela de Negocios de la Era Digital\",\"description\":\"Descubre la formaci\u00f3n que te abrir\u00e1 las puertas a la era digital. Entra a formar parte de la primera escuela de negocios y direcci\u00f3n nativa digital.\",\"publisher\":{\"@id\":\"https:\\\/\\\/www.isdi.education\\\/es\\\/#organization\"},\"inLanguage\":\"es\"},{\"@type\":\"Organization\",\"@id\":\"https:\\\/\\\/www.isdi.education\\\/es\\\/#organization\",\"name\":\"ISDI Espa\u00f1a | La Escuela de Negocios de la Era Digital\",\"url\":\"https:\\\/\\\/www.isdi.education\\\/es\\\/\",\"logo\":{\"@type\":\"ImageObject\",\"inLanguage\":\"es\",\"@id\":\"https:\\\/\\\/www.isdi.education\\\/es\\\/#\\\/schema\\\/logo\\\/image\\\/\",\"url\":\"https:\\\/\\\/www.isdi.education\\\/es\\\/wp-content\\\/uploads\\\/2024\\\/02\\\/cropped-Favicon.png\",\"contentUrl\":\"https:\\\/\\\/www.isdi.education\\\/es\\\/wp-content\\\/uploads\\\/2024\\\/02\\\/cropped-Favicon.png\",\"width\":512,\"height\":512,\"caption\":\"ISDI Espa\u00f1a | La Escuela de Negocios de la Era Digital\"},\"image\":{\"@id\":\"https:\\\/\\\/www.isdi.education\\\/es\\\/#\\\/schema\\\/logo\\\/image\\\/\"},\"sameAs\":[\"https:\\\/\\\/www.facebook.com\\\/isdi.education\",\"https:\\\/\\\/www.linkedin.com\\\/school\\\/isdi\\\/?originalSubdomain=es\",\"https:\\\/\\\/www.instagram.com\\\/isdi_edu\\\/?hl=es\",\"https:\\\/\\\/www.tiktok.com\\\/@isdi_edu\",\"https:\\\/\\\/www.youtube.com\\\/user\\\/ISDItv\"]},{\"@type\":\"Person\",\"@id\":\"https:\\\/\\\/www.isdi.education\\\/es\\\/#\\\/schema\\\/person\\\/9f30c33eda685abbcfaabf1e7b9e9f76\",\"name\":\"infofuturo\",\"image\":{\"@type\":\"ImageObject\",\"inLanguage\":\"es\",\"@id\":\"https:\\\/\\\/www.isdi.education\\\/es\\\/wp-content\\\/litespeed\\\/avatar\\\/1\\\/06e1ec358746bcb8bb25471d95ddc6aa.jpg?ver=1776848319\",\"url\":\"https:\\\/\\\/www.isdi.education\\\/es\\\/wp-content\\\/litespeed\\\/avatar\\\/1\\\/06e1ec358746bcb8bb25471d95ddc6aa.jpg?ver=1776848319\",\"contentUrl\":\"https:\\\/\\\/www.isdi.education\\\/es\\\/wp-content\\\/litespeed\\\/avatar\\\/1\\\/06e1ec358746bcb8bb25471d95ddc6aa.jpg?ver=1776848319\",\"caption\":\"infofuturo\"},\"url\":\"https:\\\/\\\/www.isdi.education\\\/es\\\/author\\\/infofuturo\"}]}<\/script>\n<!-- \/ Yoast SEO plugin. -->","yoast_head_json":{"title":"\u00c9tica de la IA en atenci\u00f3n sanitaria: privacidad, igualdad y responsabilidad","description":"Explora las consideraciones \u00e9ticas del uso de IA en atenci\u00f3n sanitaria: protege datos, garantiza transparencia, prev\u00e9n sesgos, y aseg\u00farate de la responsabilidad y cumplimiento normativo","robots":{"index":"index","follow":"follow","max-snippet":"max-snippet:-1","max-image-preview":"max-image-preview:large","max-video-preview":"max-video-preview:-1"},"canonical":"https:\/\/www.isdi.education\/es\/blog\/etica-de-la-ia-en-atencion-sanitaria","og_locale":"es_ES","og_type":"article","og_title":"\u00c9tica de la IA en atenci\u00f3n sanitaria: privacidad, igualdad y responsabilidad","og_description":"Explora las consideraciones \u00e9ticas del uso de IA en atenci\u00f3n sanitaria: protege datos, garantiza transparencia, prev\u00e9n sesgos, y aseg\u00farate de la responsabilidad y cumplimiento normativo","og_url":"https:\/\/www.isdi.education\/es\/blog\/etica-de-la-ia-en-atencion-sanitaria","og_site_name":"ISDI Espa\u00f1a","article_publisher":"https:\/\/www.facebook.com\/isdi.education","article_published_time":"2024-12-05T16:08:19+00:00","article_modified_time":"2025-01-21T09:10:48+00:00","og_image":[{"width":1000,"height":303,"url":"https:\/\/www.isdi.education\/es\/wp-content\/uploads\/2024\/12\/etica-ia-y-atencion-sanitaria.webp","type":"image\/webp"}],"author":"infofuturo","twitter_card":"summary_large_image","twitter_misc":{"Escrito por":"infofuturo","Tiempo de lectura":"5 minutos"},"schema":{"@context":"https:\/\/schema.org","@graph":[{"@type":"Article","@id":"https:\/\/www.isdi.education\/es\/blog\/etica-de-la-ia-en-atencion-sanitaria#article","isPartOf":{"@id":"https:\/\/www.isdi.education\/es\/blog\/etica-de-la-ia-en-atencion-sanitaria"},"author":{"name":"infofuturo","@id":"https:\/\/www.isdi.education\/es\/#\/schema\/person\/9f30c33eda685abbcfaabf1e7b9e9f76"},"headline":"\u00c9tica de la IA en atenci\u00f3n sanitaria","datePublished":"2024-12-05T16:08:19+00:00","dateModified":"2025-01-21T09:10:48+00:00","mainEntityOfPage":{"@id":"https:\/\/www.isdi.education\/es\/blog\/etica-de-la-ia-en-atencion-sanitaria"},"wordCount":912,"publisher":{"@id":"https:\/\/www.isdi.education\/es\/#organization"},"image":{"@id":"https:\/\/www.isdi.education\/es\/blog\/etica-de-la-ia-en-atencion-sanitaria#primaryimage"},"thumbnailUrl":"https:\/\/www.isdi.education\/es\/wp-content\/uploads\/2024\/12\/etica-ia-y-atencion-sanitaria.webp","articleSection":["Inteligencia Artificial"],"inLanguage":"es"},{"@type":"WebPage","@id":"https:\/\/www.isdi.education\/es\/blog\/etica-de-la-ia-en-atencion-sanitaria","url":"https:\/\/www.isdi.education\/es\/blog\/etica-de-la-ia-en-atencion-sanitaria","name":"\u00c9tica de la IA en atenci\u00f3n sanitaria: privacidad, igualdad y responsabilidad","isPartOf":{"@id":"https:\/\/www.isdi.education\/es\/#website"},"primaryImageOfPage":{"@id":"https:\/\/www.isdi.education\/es\/blog\/etica-de-la-ia-en-atencion-sanitaria#primaryimage"},"image":{"@id":"https:\/\/www.isdi.education\/es\/blog\/etica-de-la-ia-en-atencion-sanitaria#primaryimage"},"thumbnailUrl":"https:\/\/www.isdi.education\/es\/wp-content\/uploads\/2024\/12\/etica-ia-y-atencion-sanitaria.webp","datePublished":"2024-12-05T16:08:19+00:00","dateModified":"2025-01-21T09:10:48+00:00","description":"Explora las consideraciones \u00e9ticas del uso de IA en atenci\u00f3n sanitaria: protege datos, garantiza transparencia, prev\u00e9n sesgos, y aseg\u00farate de la responsabilidad y cumplimiento normativo","breadcrumb":{"@id":"https:\/\/www.isdi.education\/es\/blog\/etica-de-la-ia-en-atencion-sanitaria#breadcrumb"},"inLanguage":"es","potentialAction":[{"@type":"ReadAction","target":["https:\/\/www.isdi.education\/es\/blog\/etica-de-la-ia-en-atencion-sanitaria"]}]},{"@type":"ImageObject","inLanguage":"es","@id":"https:\/\/www.isdi.education\/es\/blog\/etica-de-la-ia-en-atencion-sanitaria#primaryimage","url":"https:\/\/www.isdi.education\/es\/wp-content\/uploads\/2024\/12\/etica-ia-y-atencion-sanitaria.webp","contentUrl":"https:\/\/www.isdi.education\/es\/wp-content\/uploads\/2024\/12\/etica-ia-y-atencion-sanitaria.webp","width":1000,"height":303,"caption":"etica ia y atencion sanitaria"},{"@type":"BreadcrumbList","@id":"https:\/\/www.isdi.education\/es\/blog\/etica-de-la-ia-en-atencion-sanitaria#breadcrumb","itemListElement":[{"@type":"ListItem","position":1,"name":"Inicio","item":"https:\/\/www.isdi.education\/es\/"},{"@type":"ListItem","position":2,"name":"\u00c9tica de la IA en atenci\u00f3n sanitaria"}]},{"@type":"WebSite","@id":"https:\/\/www.isdi.education\/es\/#website","url":"https:\/\/www.isdi.education\/es\/","name":"ISDI Espa\u00f1a | La Escuela de Negocios de la Era Digital","description":"Descubre la formaci\u00f3n que te abrir\u00e1 las puertas a la era digital. Entra a formar parte de la primera escuela de negocios y direcci\u00f3n nativa digital.","publisher":{"@id":"https:\/\/www.isdi.education\/es\/#organization"},"inLanguage":"es"},{"@type":"Organization","@id":"https:\/\/www.isdi.education\/es\/#organization","name":"ISDI Espa\u00f1a | La Escuela de Negocios de la Era Digital","url":"https:\/\/www.isdi.education\/es\/","logo":{"@type":"ImageObject","inLanguage":"es","@id":"https:\/\/www.isdi.education\/es\/#\/schema\/logo\/image\/","url":"https:\/\/www.isdi.education\/es\/wp-content\/uploads\/2024\/02\/cropped-Favicon.png","contentUrl":"https:\/\/www.isdi.education\/es\/wp-content\/uploads\/2024\/02\/cropped-Favicon.png","width":512,"height":512,"caption":"ISDI Espa\u00f1a | La Escuela de Negocios de la Era Digital"},"image":{"@id":"https:\/\/www.isdi.education\/es\/#\/schema\/logo\/image\/"},"sameAs":["https:\/\/www.facebook.com\/isdi.education","https:\/\/www.linkedin.com\/school\/isdi\/?originalSubdomain=es","https:\/\/www.instagram.com\/isdi_edu\/?hl=es","https:\/\/www.tiktok.com\/@isdi_edu","https:\/\/www.youtube.com\/user\/ISDItv"]},{"@type":"Person","@id":"https:\/\/www.isdi.education\/es\/#\/schema\/person\/9f30c33eda685abbcfaabf1e7b9e9f76","name":"infofuturo","image":{"@type":"ImageObject","inLanguage":"es","@id":"https:\/\/www.isdi.education\/es\/wp-content\/litespeed\/avatar\/1\/06e1ec358746bcb8bb25471d95ddc6aa.jpg?ver=1776848319","url":"https:\/\/www.isdi.education\/es\/wp-content\/litespeed\/avatar\/1\/06e1ec358746bcb8bb25471d95ddc6aa.jpg?ver=1776848319","contentUrl":"https:\/\/www.isdi.education\/es\/wp-content\/litespeed\/avatar\/1\/06e1ec358746bcb8bb25471d95ddc6aa.jpg?ver=1776848319","caption":"infofuturo"},"url":"https:\/\/www.isdi.education\/es\/author\/infofuturo"}]}},"_links":{"self":[{"href":"https:\/\/www.isdi.education\/es\/wp-json\/wp\/v2\/posts\/28747","targetHints":{"allow":["GET"]}}],"collection":[{"href":"https:\/\/www.isdi.education\/es\/wp-json\/wp\/v2\/posts"}],"about":[{"href":"https:\/\/www.isdi.education\/es\/wp-json\/wp\/v2\/types\/post"}],"author":[{"embeddable":true,"href":"https:\/\/www.isdi.education\/es\/wp-json\/wp\/v2\/users\/23"}],"replies":[{"embeddable":true,"href":"https:\/\/www.isdi.education\/es\/wp-json\/wp\/v2\/comments?post=28747"}],"version-history":[{"count":0,"href":"https:\/\/www.isdi.education\/es\/wp-json\/wp\/v2\/posts\/28747\/revisions"}],"wp:featuredmedia":[{"embeddable":true,"href":"https:\/\/www.isdi.education\/es\/wp-json\/wp\/v2\/media\/28779"}],"wp:attachment":[{"href":"https:\/\/www.isdi.education\/es\/wp-json\/wp\/v2\/media?parent=28747"}],"wp:term":[{"taxonomy":"category","embeddable":true,"href":"https:\/\/www.isdi.education\/es\/wp-json\/wp\/v2\/categories?post=28747"},{"taxonomy":"post_tag","embeddable":true,"href":"https:\/\/www.isdi.education\/es\/wp-json\/wp\/v2\/tags?post=28747"}],"curies":[{"name":"wp","href":"https:\/\/api.w.org\/{rel}","templated":true}]}}