{"id":26286,"date":"2024-08-22T09:28:37","date_gmt":"2024-08-22T09:28:37","guid":{"rendered":"https:\/\/www.isdi.education\/es\/?p=26286"},"modified":"2024-08-13T10:05:00","modified_gmt":"2024-08-13T10:05:00","slug":"etica-inteligencia-artificial-empresarial","status":"publish","type":"post","link":"https:\/\/www.isdi.education\/es\/blog\/etica-inteligencia-artificial-empresarial","title":{"rendered":"\u00c9tica en la Inteligencia Artificial empresarial"},"content":{"rendered":"<p><span style=\"font-weight: 400;\">Uno de los mayores retos a los que se enfrenta la Inteligencia Artificial es mantenerse dentro de unos principios \u00e9ticos que permitan <\/span><b>ofrecer seguridad, justicia y trasparencia en su uso<\/b><span style=\"font-weight: 400;\">.<\/span><\/p>\n<p><span style=\"font-weight: 400;\">El<\/span><a href=\"https:\/\/www.isdi.education\/es\/programas\/mda-master-data-analysis\"> <span style=\"font-weight: 400;\">M\u00e1ster de Data Anaysis &amp; Inteligencia Artificial<\/span><\/a><span style=\"font-weight: 400;\"> es un programa innovador que te permitir\u00e1 adquirir e impulsar tus conocimientos sobre datos e IA a trav\u00e9s de una ense\u00f1anza te\u00f3rica y pr\u00e1ctica, completamente actualizada.<\/span><\/p>\n<h2><b>\u00bfQu\u00e9 dice la \u00e9tica de la Inteligencia Artificial?<\/b><\/h2>\n<p><span style=\"font-weight: 400;\">La \u00e9tica de la Inteligencia Artificial se centra en los principios y normas que se aplican para hacer un uso responsable de esta tecnolog\u00eda. Esta \u00e9tica se enfoca en temas como la equidad, la privacidad, la transparencia y la responsabilidad.<\/span><\/p>\n<p><span style=\"font-weight: 400;\">Es fundamental que esta \u00e9tica se preocupe en evitar sesgos que perpet\u00faen injusticias y proteger los datos personales de los usuarios, entre otras cuestiones.<\/span><\/p>\n<h2><b>\u00bfCu\u00e1les son los 5 principios \u00e9ticos?<\/b><\/h2>\n<p><span style=\"font-weight: 400;\">Son muchas las<\/span><a href=\"https:\/\/www.isdi.education\/es\/blog\/ventajas-y-desventajas-de-la-inteligencia-artificial\"> <span style=\"font-weight: 400;\">ventajas y desventajas de la IA<\/span><\/a><span style=\"font-weight: 400;\">, pero para conseguir que su integraci\u00f3n en la sociedad sea adecuada, debemos tener en cuenta mantenerla dentro de unos valores.<\/span><\/p>\n<h3><b>Que la IA sea justa y libre de prejuicios<\/b><\/h3>\n<p><span style=\"font-weight: 400;\">Los sistemas creados con IA no pueden perpetuar o ampliar los sesgos existentes en la sociedad. Los desarrolladores deben esforzarse al crear algoritmos preocup\u00e1ndose por <\/span><b>ser inclusivos y equitativos<\/b><span style=\"font-weight: 400;\">, sin replicar discriminaciones basadas en raza, g\u00e9nero u orientaci\u00f3n sexual.<\/span><\/p>\n<p><span style=\"font-weight: 400;\">Esto implica que adem\u00e1s de que se cuide la selecci\u00f3n de datos de entrenamiento, se implementen mecanismos que detecten y corrijan sesgos en los modelos.<\/span><\/p>\n<h3><b>Que ayuden a cumplir las leyes<\/b><\/h3>\n<p><span style=\"font-weight: 400;\">Este principio hace hincapi\u00e9 en la <\/span><b>responsabilidad de las empresas<\/b><span style=\"font-weight: 400;\"> y los desarrolladores de cumplir con las leyes y regulaciones aplicables en el uso de IA, as\u00ed como de promover estas normas en la comunidad. Si se utiliza esta tecnolog\u00eda, se deber\u00e1n seguir algunos est\u00e1ndares \u00e9ticos y legales, que garanticen cuestiones como la protecci\u00f3n de datos, la no discriminaci\u00f3n y la seguridad cibern\u00e9tica.<\/span><\/p>\n<h3><b>Dar a conocer el algoritmo<\/b><\/h3>\n<p><span style=\"font-weight: 400;\">La <\/span><b>transparencia en los algoritmos<\/b><span style=\"font-weight: 400;\"> de Inteligencia Artificial genera confianza y comprensi\u00f3n entre los usuarios y el p\u00fablico en general. Mediante este principio se busca que los sistemas de IA sean dise\u00f1ados para que sus operaciones y decisiones sean explicables y comprensibles. Esto implica que los desarrolladores documenten c\u00f3mo funcionan sus modelos, qu\u00e9 datos utilizan, y c\u00f3mo se toman las decisiones de forma p\u00fablica.<\/span><\/p>\n<h3><b>Crear una IA segura<\/b><\/h3>\n<p><span style=\"font-weight: 400;\">Los datos deben estar protegidos. Esto significa que es necesario implementar medidas robustas para proteger y <\/span><b>garantizar que los sistemas de IA toman medidas contra ataques cibern\u00e9ticos<\/b><span style=\"font-weight: 400;\">. Los desarrolladores deben asegurarse de que los datos se utilicen de manera responsable y que los sistemas est\u00e9n dise\u00f1ados para evitar filtraciones de informaci\u00f3n o accesos no autorizados.<\/span><\/p>\n<h3><b>Que se oriente hacia el impacto positivo<\/b><\/h3>\n<p><span style=\"font-weight: 400;\">El fin de una IA debe ser generar beneficios tangibles y positivos para la sociedad. Este principio implica que las aplicaciones de IA deben estar orientadas hacia la mejora del bienestar humano y el <\/span><b>apoyo a causas \u00e9ticas<\/b><span style=\"font-weight: 400;\">. Los desarrolladores deben considerar el impacto social y \u00e9tico de sus tecnolog\u00edas y trabajar para minimizar los efectos negativos, asegur\u00e1ndose de que la IA contribuya al bien com\u00fan y no cause da\u00f1o.<\/span><\/p>\n<h2><b>Medidas que se pueden tomar para garantizar el uso \u00e9tico de la IA<\/b><\/h2>\n<p><span style=\"font-weight: 400;\">Si lo que estamos buscando es garantizar el uso \u00e9tico de la inteligencia artificial, debemos basarnos en los cinco principios \u00e9ticos y tomar aquellas medidas que aborden el desarrollo, el despliegue y uso de esta tecnolog\u00eda. Podemos poner en marcha diferentes acciones, entre ellas:<\/span><\/p>\n<ul>\n<li style=\"font-weight: 400;\" aria-level=\"1\"><b>Desarrollar y entrenar a los algoritmos de una forma justa<\/b><span style=\"font-weight: 400;\">, seleccionando los datos de forma imparcial y auditando los sesgos que pudieran crearse.<\/span><\/li>\n<li style=\"font-weight: 400;\" aria-level=\"1\"><span style=\"font-weight: 400;\">Ser transparente y <\/span><b>explicar los procesos con documentaci\u00f3n clara <\/b><span style=\"font-weight: 400;\">y modelos de IA que sean f\u00e1ciles de comprender.<\/span><\/li>\n<li style=\"font-weight: 400;\" aria-level=\"1\"><span style=\"font-weight: 400;\">Proteger <\/span><b>la privacidad y la seguridad de los datos<\/b><span style=\"font-weight: 400;\">, asegur\u00e1ndonos de que estos sean an\u00f3nimos y poniendo en marcha t\u00e9cnicas que los protejan de los ciberataques.<\/span><\/li>\n<li style=\"font-weight: 400;\" aria-level=\"1\"><span style=\"font-weight: 400;\">Ser responsable y rendir cuentas a la regulaci\u00f3n en marcha, <\/span><b>demostrando que se cumplen con los est\u00e1ndares de seguridad<\/b><span style=\"font-weight: 400;\"> necesarios.<\/span><\/li>\n<li style=\"font-weight: 400;\" aria-level=\"1\"><span style=\"font-weight: 400;\">Hacer una <\/span><b>participaci\u00f3n y gobernanza inclusiva<\/b><span style=\"font-weight: 400;\">, involucrando a todas las partes interesadas y educando al p\u00fablico.<\/span><\/li>\n<li style=\"font-weight: 400;\" aria-level=\"1\"><span style=\"font-weight: 400;\">Fomentar <\/span><b>el bienestar y el impacto positivo<\/b><span style=\"font-weight: 400;\">, evaluando el impacto social para identificar y mitigar posibles efectos negativos de las tecnolog\u00edas de IA.<\/span><\/li>\n<\/ul>\n<h2><b>Responsabilidad de las empresas en el uso \u00e9tico de la IA<\/b><\/h2>\n<p><span style=\"font-weight: 400;\">Con el incremento del uso de la IA, las empresas tienen la <\/span><b>responsabilidad de garantizar un uso \u00e9tico de esta tecnolog\u00eda<\/b><span style=\"font-weight: 400;\">. Es imprescindible basarse en los principios de los que hemos hablado y tomas las medidas necesarias para poder ponerlo en marcha. Evitar un uso fraudulento de los datos y velar porque los algoritmos est\u00e9n sesgados.<\/span><\/p>\n<p><span style=\"font-weight: 400;\">Para poder poner en marcha todas estas cuestiones es fundamental conocer a fondo cada una de las formas en las que se nos puede presentar la IA y contar con profesionales preparados para enfrentarse a los retos actuales y futuros.<\/span><\/p>\n","protected":false},"excerpt":{"rendered":"<p>Uno de los mayores retos a los que se enfrenta la Inteligencia Artificial es mantenerse dentro de unos principios \u00e9ticos que permitan ofrecer seguridad, justicia y trasparencia en su uso. El M\u00e1ster de Data Anaysis &amp; Inteligencia Artificial es un programa innovador que te permitir\u00e1 adquirir e impulsar tus conocimientos sobre datos e IA a&#8230;<\/p>\n","protected":false},"author":23,"featured_media":26292,"comment_status":"closed","ping_status":"closed","sticky":false,"template":"","format":"standard","meta":{"_acf_changed":false,"footnotes":""},"categories":[41],"tags":[],"class_list":["post-26286","post","type-post","status-publish","format-standard","has-post-thumbnail","hentry","category-innovacion-y-tecnologia"],"acf":{"photo_gallery":{"galeria":[[]]}},"yoast_head":"<!-- This site is optimized with the Yoast SEO plugin v27.4 - https:\/\/yoast.com\/product\/yoast-seo-wordpress\/ -->\n<title>\u00c9tica en la inteligencia artificial empresarial | ISDI<\/title>\n<meta name=\"description\" content=\"Explora la \u00e9tica en la inteligencia artificial empresarial: principios \u00e9ticos, medidas de uso responsable y la responsabilidad corporativa en la IA.\" \/>\n<meta name=\"robots\" content=\"index, follow, max-snippet:-1, max-image-preview:large, max-video-preview:-1\" \/>\n<link rel=\"canonical\" href=\"https:\/\/www.isdi.education\/es\/blog\/etica-inteligencia-artificial-empresarial\" \/>\n<meta property=\"og:locale\" content=\"es_ES\" \/>\n<meta property=\"og:type\" content=\"article\" \/>\n<meta property=\"og:title\" content=\"\u00c9tica en la inteligencia artificial empresarial | ISDI\" \/>\n<meta property=\"og:description\" content=\"Explora la \u00e9tica en la inteligencia artificial empresarial: principios \u00e9ticos, medidas de uso responsable y la responsabilidad corporativa en la IA.\" \/>\n<meta property=\"og:url\" content=\"https:\/\/www.isdi.education\/es\/blog\/etica-inteligencia-artificial-empresarial\" \/>\n<meta property=\"og:site_name\" content=\"ISDI Espa\u00f1a\" \/>\n<meta property=\"article:publisher\" content=\"https:\/\/www.facebook.com\/isdi.education\" \/>\n<meta property=\"article:published_time\" content=\"2024-08-22T09:28:37+00:00\" \/>\n<meta property=\"og:image\" content=\"https:\/\/www.isdi.education\/es\/wp-content\/uploads\/2024\/08\/etica-de-la-inteligencia-artificial.webp\" \/>\n\t<meta property=\"og:image:width\" content=\"1000\" \/>\n\t<meta property=\"og:image:height\" content=\"508\" \/>\n\t<meta property=\"og:image:type\" content=\"image\/webp\" \/>\n<meta name=\"author\" content=\"infofuturo\" \/>\n<meta name=\"twitter:card\" content=\"summary_large_image\" \/>\n<meta name=\"twitter:label1\" content=\"Escrito por\" \/>\n\t<meta name=\"twitter:data1\" content=\"infofuturo\" \/>\n\t<meta name=\"twitter:label2\" content=\"Tiempo de lectura\" \/>\n\t<meta name=\"twitter:data2\" content=\"4 minutos\" \/>\n<script type=\"application\/ld+json\" class=\"yoast-schema-graph\">{\"@context\":\"https:\\\/\\\/schema.org\",\"@graph\":[{\"@type\":\"Article\",\"@id\":\"https:\\\/\\\/www.isdi.education\\\/es\\\/blog\\\/etica-inteligencia-artificial-empresarial#article\",\"isPartOf\":{\"@id\":\"https:\\\/\\\/www.isdi.education\\\/es\\\/blog\\\/etica-inteligencia-artificial-empresarial\"},\"author\":{\"name\":\"infofuturo\",\"@id\":\"https:\\\/\\\/www.isdi.education\\\/es\\\/#\\\/schema\\\/person\\\/9f30c33eda685abbcfaabf1e7b9e9f76\"},\"headline\":\"\u00c9tica en la Inteligencia Artificial empresarial\",\"datePublished\":\"2024-08-22T09:28:37+00:00\",\"mainEntityOfPage\":{\"@id\":\"https:\\\/\\\/www.isdi.education\\\/es\\\/blog\\\/etica-inteligencia-artificial-empresarial\"},\"wordCount\":860,\"publisher\":{\"@id\":\"https:\\\/\\\/www.isdi.education\\\/es\\\/#organization\"},\"image\":{\"@id\":\"https:\\\/\\\/www.isdi.education\\\/es\\\/blog\\\/etica-inteligencia-artificial-empresarial#primaryimage\"},\"thumbnailUrl\":\"https:\\\/\\\/www.isdi.education\\\/es\\\/wp-content\\\/uploads\\\/2024\\\/08\\\/etica-de-la-inteligencia-artificial.webp\",\"articleSection\":[\"Innovaci\u00f3n y Tecnolog\u00eda\"],\"inLanguage\":\"es\"},{\"@type\":\"WebPage\",\"@id\":\"https:\\\/\\\/www.isdi.education\\\/es\\\/blog\\\/etica-inteligencia-artificial-empresarial\",\"url\":\"https:\\\/\\\/www.isdi.education\\\/es\\\/blog\\\/etica-inteligencia-artificial-empresarial\",\"name\":\"\u00c9tica en la inteligencia artificial empresarial | ISDI\",\"isPartOf\":{\"@id\":\"https:\\\/\\\/www.isdi.education\\\/es\\\/#website\"},\"primaryImageOfPage\":{\"@id\":\"https:\\\/\\\/www.isdi.education\\\/es\\\/blog\\\/etica-inteligencia-artificial-empresarial#primaryimage\"},\"image\":{\"@id\":\"https:\\\/\\\/www.isdi.education\\\/es\\\/blog\\\/etica-inteligencia-artificial-empresarial#primaryimage\"},\"thumbnailUrl\":\"https:\\\/\\\/www.isdi.education\\\/es\\\/wp-content\\\/uploads\\\/2024\\\/08\\\/etica-de-la-inteligencia-artificial.webp\",\"datePublished\":\"2024-08-22T09:28:37+00:00\",\"description\":\"Explora la \u00e9tica en la inteligencia artificial empresarial: principios \u00e9ticos, medidas de uso responsable y la responsabilidad corporativa en la IA.\",\"breadcrumb\":{\"@id\":\"https:\\\/\\\/www.isdi.education\\\/es\\\/blog\\\/etica-inteligencia-artificial-empresarial#breadcrumb\"},\"inLanguage\":\"es\",\"potentialAction\":[{\"@type\":\"ReadAction\",\"target\":[\"https:\\\/\\\/www.isdi.education\\\/es\\\/blog\\\/etica-inteligencia-artificial-empresarial\"]}]},{\"@type\":\"ImageObject\",\"inLanguage\":\"es\",\"@id\":\"https:\\\/\\\/www.isdi.education\\\/es\\\/blog\\\/etica-inteligencia-artificial-empresarial#primaryimage\",\"url\":\"https:\\\/\\\/www.isdi.education\\\/es\\\/wp-content\\\/uploads\\\/2024\\\/08\\\/etica-de-la-inteligencia-artificial.webp\",\"contentUrl\":\"https:\\\/\\\/www.isdi.education\\\/es\\\/wp-content\\\/uploads\\\/2024\\\/08\\\/etica-de-la-inteligencia-artificial.webp\",\"width\":1000,\"height\":508,\"caption\":\"\u00c9tica en la Inteligencia Artificial empresarial\"},{\"@type\":\"BreadcrumbList\",\"@id\":\"https:\\\/\\\/www.isdi.education\\\/es\\\/blog\\\/etica-inteligencia-artificial-empresarial#breadcrumb\",\"itemListElement\":[{\"@type\":\"ListItem\",\"position\":1,\"name\":\"Inicio\",\"item\":\"https:\\\/\\\/www.isdi.education\\\/es\\\/\"},{\"@type\":\"ListItem\",\"position\":2,\"name\":\"\u00c9tica en la Inteligencia Artificial empresarial\"}]},{\"@type\":\"WebSite\",\"@id\":\"https:\\\/\\\/www.isdi.education\\\/es\\\/#website\",\"url\":\"https:\\\/\\\/www.isdi.education\\\/es\\\/\",\"name\":\"ISDI Espa\u00f1a | La Escuela de Negocios de la Era Digital\",\"description\":\"Descubre la formaci\u00f3n que te abrir\u00e1 las puertas a la era digital. Entra a formar parte de la primera escuela de negocios y direcci\u00f3n nativa digital.\",\"publisher\":{\"@id\":\"https:\\\/\\\/www.isdi.education\\\/es\\\/#organization\"},\"inLanguage\":\"es\"},{\"@type\":\"Organization\",\"@id\":\"https:\\\/\\\/www.isdi.education\\\/es\\\/#organization\",\"name\":\"ISDI Espa\u00f1a | La Escuela de Negocios de la Era Digital\",\"url\":\"https:\\\/\\\/www.isdi.education\\\/es\\\/\",\"logo\":{\"@type\":\"ImageObject\",\"inLanguage\":\"es\",\"@id\":\"https:\\\/\\\/www.isdi.education\\\/es\\\/#\\\/schema\\\/logo\\\/image\\\/\",\"url\":\"https:\\\/\\\/www.isdi.education\\\/es\\\/wp-content\\\/uploads\\\/2024\\\/02\\\/cropped-Favicon.png\",\"contentUrl\":\"https:\\\/\\\/www.isdi.education\\\/es\\\/wp-content\\\/uploads\\\/2024\\\/02\\\/cropped-Favicon.png\",\"width\":512,\"height\":512,\"caption\":\"ISDI Espa\u00f1a | La Escuela de Negocios de la Era Digital\"},\"image\":{\"@id\":\"https:\\\/\\\/www.isdi.education\\\/es\\\/#\\\/schema\\\/logo\\\/image\\\/\"},\"sameAs\":[\"https:\\\/\\\/www.facebook.com\\\/isdi.education\",\"https:\\\/\\\/www.linkedin.com\\\/school\\\/isdi\\\/?originalSubdomain=es\",\"https:\\\/\\\/www.instagram.com\\\/isdi_edu\\\/?hl=es\",\"https:\\\/\\\/www.tiktok.com\\\/@isdi_edu\",\"https:\\\/\\\/www.youtube.com\\\/user\\\/ISDItv\"]},{\"@type\":\"Person\",\"@id\":\"https:\\\/\\\/www.isdi.education\\\/es\\\/#\\\/schema\\\/person\\\/9f30c33eda685abbcfaabf1e7b9e9f76\",\"name\":\"infofuturo\",\"image\":{\"@type\":\"ImageObject\",\"inLanguage\":\"es\",\"@id\":\"https:\\\/\\\/www.isdi.education\\\/es\\\/wp-content\\\/litespeed\\\/avatar\\\/1\\\/06e1ec358746bcb8bb25471d95ddc6aa.jpg?ver=1777453142\",\"url\":\"https:\\\/\\\/www.isdi.education\\\/es\\\/wp-content\\\/litespeed\\\/avatar\\\/1\\\/06e1ec358746bcb8bb25471d95ddc6aa.jpg?ver=1777453142\",\"contentUrl\":\"https:\\\/\\\/www.isdi.education\\\/es\\\/wp-content\\\/litespeed\\\/avatar\\\/1\\\/06e1ec358746bcb8bb25471d95ddc6aa.jpg?ver=1777453142\",\"caption\":\"infofuturo\"},\"url\":\"https:\\\/\\\/www.isdi.education\\\/es\\\/author\\\/infofuturo\"}]}<\/script>\n<!-- \/ Yoast SEO plugin. -->","yoast_head_json":{"title":"\u00c9tica en la inteligencia artificial empresarial | ISDI","description":"Explora la \u00e9tica en la inteligencia artificial empresarial: principios \u00e9ticos, medidas de uso responsable y la responsabilidad corporativa en la IA.","robots":{"index":"index","follow":"follow","max-snippet":"max-snippet:-1","max-image-preview":"max-image-preview:large","max-video-preview":"max-video-preview:-1"},"canonical":"https:\/\/www.isdi.education\/es\/blog\/etica-inteligencia-artificial-empresarial","og_locale":"es_ES","og_type":"article","og_title":"\u00c9tica en la inteligencia artificial empresarial | ISDI","og_description":"Explora la \u00e9tica en la inteligencia artificial empresarial: principios \u00e9ticos, medidas de uso responsable y la responsabilidad corporativa en la IA.","og_url":"https:\/\/www.isdi.education\/es\/blog\/etica-inteligencia-artificial-empresarial","og_site_name":"ISDI Espa\u00f1a","article_publisher":"https:\/\/www.facebook.com\/isdi.education","article_published_time":"2024-08-22T09:28:37+00:00","og_image":[{"width":1000,"height":508,"url":"https:\/\/www.isdi.education\/es\/wp-content\/uploads\/2024\/08\/etica-de-la-inteligencia-artificial.webp","type":"image\/webp"}],"author":"infofuturo","twitter_card":"summary_large_image","twitter_misc":{"Escrito por":"infofuturo","Tiempo de lectura":"4 minutos"},"schema":{"@context":"https:\/\/schema.org","@graph":[{"@type":"Article","@id":"https:\/\/www.isdi.education\/es\/blog\/etica-inteligencia-artificial-empresarial#article","isPartOf":{"@id":"https:\/\/www.isdi.education\/es\/blog\/etica-inteligencia-artificial-empresarial"},"author":{"name":"infofuturo","@id":"https:\/\/www.isdi.education\/es\/#\/schema\/person\/9f30c33eda685abbcfaabf1e7b9e9f76"},"headline":"\u00c9tica en la Inteligencia Artificial empresarial","datePublished":"2024-08-22T09:28:37+00:00","mainEntityOfPage":{"@id":"https:\/\/www.isdi.education\/es\/blog\/etica-inteligencia-artificial-empresarial"},"wordCount":860,"publisher":{"@id":"https:\/\/www.isdi.education\/es\/#organization"},"image":{"@id":"https:\/\/www.isdi.education\/es\/blog\/etica-inteligencia-artificial-empresarial#primaryimage"},"thumbnailUrl":"https:\/\/www.isdi.education\/es\/wp-content\/uploads\/2024\/08\/etica-de-la-inteligencia-artificial.webp","articleSection":["Innovaci\u00f3n y Tecnolog\u00eda"],"inLanguage":"es"},{"@type":"WebPage","@id":"https:\/\/www.isdi.education\/es\/blog\/etica-inteligencia-artificial-empresarial","url":"https:\/\/www.isdi.education\/es\/blog\/etica-inteligencia-artificial-empresarial","name":"\u00c9tica en la inteligencia artificial empresarial | ISDI","isPartOf":{"@id":"https:\/\/www.isdi.education\/es\/#website"},"primaryImageOfPage":{"@id":"https:\/\/www.isdi.education\/es\/blog\/etica-inteligencia-artificial-empresarial#primaryimage"},"image":{"@id":"https:\/\/www.isdi.education\/es\/blog\/etica-inteligencia-artificial-empresarial#primaryimage"},"thumbnailUrl":"https:\/\/www.isdi.education\/es\/wp-content\/uploads\/2024\/08\/etica-de-la-inteligencia-artificial.webp","datePublished":"2024-08-22T09:28:37+00:00","description":"Explora la \u00e9tica en la inteligencia artificial empresarial: principios \u00e9ticos, medidas de uso responsable y la responsabilidad corporativa en la IA.","breadcrumb":{"@id":"https:\/\/www.isdi.education\/es\/blog\/etica-inteligencia-artificial-empresarial#breadcrumb"},"inLanguage":"es","potentialAction":[{"@type":"ReadAction","target":["https:\/\/www.isdi.education\/es\/blog\/etica-inteligencia-artificial-empresarial"]}]},{"@type":"ImageObject","inLanguage":"es","@id":"https:\/\/www.isdi.education\/es\/blog\/etica-inteligencia-artificial-empresarial#primaryimage","url":"https:\/\/www.isdi.education\/es\/wp-content\/uploads\/2024\/08\/etica-de-la-inteligencia-artificial.webp","contentUrl":"https:\/\/www.isdi.education\/es\/wp-content\/uploads\/2024\/08\/etica-de-la-inteligencia-artificial.webp","width":1000,"height":508,"caption":"\u00c9tica en la Inteligencia Artificial empresarial"},{"@type":"BreadcrumbList","@id":"https:\/\/www.isdi.education\/es\/blog\/etica-inteligencia-artificial-empresarial#breadcrumb","itemListElement":[{"@type":"ListItem","position":1,"name":"Inicio","item":"https:\/\/www.isdi.education\/es\/"},{"@type":"ListItem","position":2,"name":"\u00c9tica en la Inteligencia Artificial empresarial"}]},{"@type":"WebSite","@id":"https:\/\/www.isdi.education\/es\/#website","url":"https:\/\/www.isdi.education\/es\/","name":"ISDI Espa\u00f1a | La Escuela de Negocios de la Era Digital","description":"Descubre la formaci\u00f3n que te abrir\u00e1 las puertas a la era digital. Entra a formar parte de la primera escuela de negocios y direcci\u00f3n nativa digital.","publisher":{"@id":"https:\/\/www.isdi.education\/es\/#organization"},"inLanguage":"es"},{"@type":"Organization","@id":"https:\/\/www.isdi.education\/es\/#organization","name":"ISDI Espa\u00f1a | La Escuela de Negocios de la Era Digital","url":"https:\/\/www.isdi.education\/es\/","logo":{"@type":"ImageObject","inLanguage":"es","@id":"https:\/\/www.isdi.education\/es\/#\/schema\/logo\/image\/","url":"https:\/\/www.isdi.education\/es\/wp-content\/uploads\/2024\/02\/cropped-Favicon.png","contentUrl":"https:\/\/www.isdi.education\/es\/wp-content\/uploads\/2024\/02\/cropped-Favicon.png","width":512,"height":512,"caption":"ISDI Espa\u00f1a | La Escuela de Negocios de la Era Digital"},"image":{"@id":"https:\/\/www.isdi.education\/es\/#\/schema\/logo\/image\/"},"sameAs":["https:\/\/www.facebook.com\/isdi.education","https:\/\/www.linkedin.com\/school\/isdi\/?originalSubdomain=es","https:\/\/www.instagram.com\/isdi_edu\/?hl=es","https:\/\/www.tiktok.com\/@isdi_edu","https:\/\/www.youtube.com\/user\/ISDItv"]},{"@type":"Person","@id":"https:\/\/www.isdi.education\/es\/#\/schema\/person\/9f30c33eda685abbcfaabf1e7b9e9f76","name":"infofuturo","image":{"@type":"ImageObject","inLanguage":"es","@id":"https:\/\/www.isdi.education\/es\/wp-content\/litespeed\/avatar\/1\/06e1ec358746bcb8bb25471d95ddc6aa.jpg?ver=1777453142","url":"https:\/\/www.isdi.education\/es\/wp-content\/litespeed\/avatar\/1\/06e1ec358746bcb8bb25471d95ddc6aa.jpg?ver=1777453142","contentUrl":"https:\/\/www.isdi.education\/es\/wp-content\/litespeed\/avatar\/1\/06e1ec358746bcb8bb25471d95ddc6aa.jpg?ver=1777453142","caption":"infofuturo"},"url":"https:\/\/www.isdi.education\/es\/author\/infofuturo"}]}},"_links":{"self":[{"href":"https:\/\/www.isdi.education\/es\/wp-json\/wp\/v2\/posts\/26286","targetHints":{"allow":["GET"]}}],"collection":[{"href":"https:\/\/www.isdi.education\/es\/wp-json\/wp\/v2\/posts"}],"about":[{"href":"https:\/\/www.isdi.education\/es\/wp-json\/wp\/v2\/types\/post"}],"author":[{"embeddable":true,"href":"https:\/\/www.isdi.education\/es\/wp-json\/wp\/v2\/users\/23"}],"replies":[{"embeddable":true,"href":"https:\/\/www.isdi.education\/es\/wp-json\/wp\/v2\/comments?post=26286"}],"version-history":[{"count":0,"href":"https:\/\/www.isdi.education\/es\/wp-json\/wp\/v2\/posts\/26286\/revisions"}],"wp:featuredmedia":[{"embeddable":true,"href":"https:\/\/www.isdi.education\/es\/wp-json\/wp\/v2\/media\/26292"}],"wp:attachment":[{"href":"https:\/\/www.isdi.education\/es\/wp-json\/wp\/v2\/media?parent=26286"}],"wp:term":[{"taxonomy":"category","embeddable":true,"href":"https:\/\/www.isdi.education\/es\/wp-json\/wp\/v2\/categories?post=26286"},{"taxonomy":"post_tag","embeddable":true,"href":"https:\/\/www.isdi.education\/es\/wp-json\/wp\/v2\/tags?post=26286"}],"curies":[{"name":"wp","href":"https:\/\/api.w.org\/{rel}","templated":true}]}}