{"id":21240,"date":"2024-04-18T09:00:09","date_gmt":"2024-04-18T09:00:09","guid":{"rendered":"https:\/\/www.isdi.education\/es\/?p=21240"},"modified":"2024-04-25T14:27:47","modified_gmt":"2024-04-25T14:27:47","slug":"que-es-la-cadena-de-valor-empresarial","status":"publish","type":"post","link":"https:\/\/www.isdi.education\/es\/blog\/que-es-la-cadena-de-valor-empresarial","title":{"rendered":"\u00bfQu\u00e9 es la cadena de valor empresarial?: Gu\u00eda y ejemplos"},"content":{"rendered":"<p><span style=\"font-weight: 400;\">En el din\u00e1mico mundo empresarial actual, <\/span><b>comprender y optimizar la cadena de valor<\/b><span style=\"font-weight: 400;\"> es fundamental para impulsar la eficiencia y el \u00e9xito empresarial. En este art\u00edculo, profundizaremos en las estrategias y pr\u00e1cticas clave que permiten a las organizaciones maximizar su rendimiento, identificando oportunidades de mejora y<\/span><b> creaci\u00f3n de valor en cada etapa del proceso.<\/b><\/p>\n<p><span style=\"font-weight: 400;\">Sum\u00e9rgete en el mundo del <\/span><a href=\"https:\/\/www.isdi.education\/es\/programas\/dibex-digital-business-executive-program\"><span style=\"font-weight: 400;\">Digital Business Executive Program (DIBEX)<\/span><\/a><span style=\"font-weight: 400;\"> y ampl\u00eda tus conocimientos sobre c\u00f3mo optimizar la cadena de valor en el entorno empresarial actual.<\/span><\/p>\n<h2><b>\u00bfQu\u00e9 es la cadena de valor en la empresa?<\/b><\/h2>\n<p><span style=\"font-weight: 400;\">La cadena de valor empresarial es un concepto clave en la gesti\u00f3n estrat\u00e9gica y el an\u00e1lisis empresarial. Se refiere al <\/span><b>conjunto de actividades que una empresa lleva a cabo para crear valor para sus clientes,<\/b><span style=\"font-weight: 400;\"> desde la concepci\u00f3n del producto o servicio hasta su entrega final.<\/span><\/p>\n<p><span style=\"font-weight: 400;\">Esta cadena se divide en dos categor\u00edas principales:<\/span><\/p>\n<ul>\n<li style=\"font-weight: 400;\"><span style=\"font-weight: 400;\">Actividades primarias.<\/span><\/li>\n<li style=\"font-weight: 400;\"><span style=\"font-weight: 400;\">\u00a0<\/span><span style=\"font-weight: 400;\">Actividades de soporte.<\/span><\/li>\n<\/ul>\n<p><span style=\"font-weight: 400;\">Al comprender y optimizar cada etapa de esta cadena, las empresas pueden mejorar su eficiencia, reducir costos y ofrecer productos o servicios de mayor calidad, lo que les brinda una ventaja competitiva en el mercado.<\/span><\/p>\n<h2><b>Componentes de la cadena de valor<\/b><\/h2>\n<p><span style=\"font-weight: 400;\">La cadena de valor de Porter es un modelo anal\u00edtico desarrollado por Michael Porter que descompone las actividades de una empresa en categor\u00edas primarias y de soporte. Este enfoque ayuda a identificar \u00e1reas de ventaja competitiva y a optimizar procesos para mejorar la eficiencia y el valor para el cliente, fortaleciendo as\u00ed la posici\u00f3n de la empresa en el mercado.<\/span><\/p>\n<h3><b>H3 Actividades Primarias<\/b><\/h3>\n<ol>\n<li><span style=\"font-weight: 400;\"> \u00a0 \u00a0 <\/span><b>Log\u00edstica Interna:<\/b><span style=\"font-weight: 400;\"> Incluye todas las actividades relacionadas con la recepci\u00f3n, almacenamiento y distribuci\u00f3n de materias primas dentro de la empresa.<\/span><\/li>\n<li><span style=\"font-weight: 400;\"> \u00a0 \u00a0 <\/span><b>Operaciones:<\/b><span style=\"font-weight: 400;\"> Comprende las actividades de producci\u00f3n o prestaci\u00f3n de servicios donde se transforman las materias primas en productos finales o se brindan los servicios.<\/span><\/li>\n<li><span style=\"font-weight: 400;\"> \u00a0 \u00a0 <\/span><b>Log\u00edstica Externa:<\/b><span style=\"font-weight: 400;\"> Se refiere al almacenamiento, manejo y distribuci\u00f3n de los productos terminados a los clientes.<\/span><\/li>\n<li><span style=\"font-weight: 400;\"> \u00a0 \u00a0 <\/span><b>Marketing y Ventas:<\/b><span style=\"font-weight: 400;\"> Engloba las actividades destinadas a promocionar, publicitar y vender los productos o servicios de la empresa.<\/span><\/li>\n<li><span style=\"font-weight: 400;\"> \u00a0 \u00a0 <\/span><b>Servicio:<\/b><span style=\"font-weight: 400;\"> Incluye todas las actividades posteriores a la venta destinadas a garantizar la satisfacci\u00f3n del cliente, como el soporte t\u00e9cnico, garant\u00edas, mantenimiento, entre otros.<\/span><\/li>\n<\/ol>\n<h3><b>Actividades de Soporte<\/b><\/h3>\n<ol>\n<li><span style=\"font-weight: 400;\"> \u00a0 \u00a0 <\/span><b>Infraestructura de la Empresa:<\/b><span style=\"font-weight: 400;\"> Son las actividades necesarias para el funcionamiento general de la empresa, como la gesti\u00f3n financiera, la planificaci\u00f3n estrat\u00e9gica y la administraci\u00f3n general.<\/span><\/li>\n<li><span style=\"font-weight: 400;\"> \u00a0 \u00a0 <\/span><b>Gesti\u00f3n de Recursos Humanos:<\/b><span style=\"font-weight: 400;\"> Comprende las actividades relacionadas con la contrataci\u00f3n, capacitaci\u00f3n, desarrollo y motivaci\u00f3n del personal.<\/span><\/li>\n<li><span style=\"font-weight: 400;\"> \u00a0 \u00a0 <\/span><b>Desarrollo Tecnol\u00f3gico:<\/b><span style=\"font-weight: 400;\"> Incluye las actividades destinadas a la investigaci\u00f3n y desarrollo de\u00a0 <\/span><a href=\"https:\/\/www.isdi.education\/es\/blog\/tecnologias-emergentes-que-crean-valor-para-tu-empresa\"><span style=\"font-weight: 400;\">tecnolog\u00edas emergentes<\/span><\/a><span style=\"font-weight: 400;\">, as\u00ed como la implementaci\u00f3n y mantenimiento de sistemas de informaci\u00f3n.<\/span><\/li>\n<li><span style=\"font-weight: 400;\"> \u00a0 \u00a0 <\/span><b>Abastecimiento:<\/b><span style=\"font-weight: 400;\"> Se refiere a la gesti\u00f3n de la adquisici\u00f3n de materias primas, productos y servicios necesarios para la operaci\u00f3n de la empresa.<\/span><\/li>\n<\/ol>\n<h2><b>Objetivos de la cadena de valor<\/b><\/h2>\n<p><span style=\"font-weight: 400;\">Y para qu\u00e9 se utiliza la cadena valor, qu\u00e9 finalidades tiene su puesta en marcha:<\/span><\/p>\n<ul>\n<li style=\"font-weight: 400;\"><span style=\"font-weight: 400;\">\u00a0<\/span><b>Mejora de la eficiencia y aumento de<\/b><span style=\"font-weight: 400;\"> la rentabilidad de la empresa.<\/span><\/li>\n<li style=\"font-weight: 400;\"><b>Aumento de la calidad<\/b><span style=\"font-weight: 400;\"> para satisfacer las expectativas del cliente.<\/span><\/li>\n<li style=\"font-weight: 400;\"><b>Fomento de la innovaci\u00f3n<\/b><span style=\"font-weight: 400;\"> para generar valor agregado.<\/span><\/li>\n<li style=\"font-weight: 400;\"><b>Diferenciaci\u00f3n <\/b><span style=\"font-weight: 400;\">permitiendo a la empresa ofrecer propuestas de valor \u00fanicas para sus clientes.<\/span><\/li>\n<li style=\"font-weight: 400;\"><b>Orientaci\u00f3n<\/b><span style=\"font-weight: 400;\"> al cliente para fidelizarlo.<\/span><\/li>\n<\/ul>\n<h2><b>Beneficios de la cadena de valor<\/b><\/h2>\n<p><span style=\"font-weight: 400;\">La cadena de valor empresarial ofrece una serie de beneficios que contribuyen al \u00e9xito y la competitividad de una empresa. Estos beneficios son claves para poder entender la importancia de este concepto:<\/span><\/p>\n<ul>\n<li style=\"font-weight: 400;\"><b>Identificaci\u00f3n de \u00e1reas de mejora:<\/b><span style=\"font-weight: 400;\"> Al desglosar las actividades en la cadena de valor, las empresas pueden identificar \u00e1reas espec\u00edficas donde pueden mejorar la eficiencia, reducir costos y aumentar la calidad.<\/span><\/li>\n<li style=\"font-weight: 400;\"><b>Optimizaci\u00f3n de recursos:<\/b><span style=\"font-weight: 400;\"> Al comprender mejor c\u00f3mo se relacionan las actividades dentro de la cadena, las empresas pueden asignar recursos de manera m\u00e1s eficiente y aprovechar al m\u00e1ximo sus capacidades y activos.<\/span><\/li>\n<li style=\"font-weight: 400;\"><b>Ventaja competitiva:<\/b><span style=\"font-weight: 400;\"> La cadena de valor empresarial ayuda a las empresas a diferenciarse de la competencia al identificar actividades en las que pueden sobresalir y ofrecer un valor \u00fanico para los clientes, lo que puede traducirse en una ventaja competitiva sostenible.<\/span><\/li>\n<li style=\"font-weight: 400;\"><b>Mejora en la toma de decisiones:<\/b><span style=\"font-weight: 400;\"> Al tener una visi\u00f3n clara de c\u00f3mo se crea y entrega valor en la empresa, los l\u00edderes pueden tomar decisiones m\u00e1s informadas y estrat\u00e9gicas sobre inversiones, innovaciones y cambios en el negocio.<\/span><\/li>\n<li style=\"font-weight: 400;\"><b>Enfoque en el cliente:<\/b><span style=\"font-weight: 400;\"> Al centrarse en las actividades que agregan valor desde la perspectiva del cliente, las empresas pueden mejorar la satisfacci\u00f3n del cliente y fortalecer las relaciones a largo plazo, lo que puede conducir a un aumento en la lealtad y la retenci\u00f3n de clientes.<\/span><\/li>\n<\/ul>\n<h2><b>3 Sistemas para aplicar la cadena de valor<\/b><\/h2>\n<h3><b>Diagramas de Flujo de Procesos (DFP)<\/b><\/h3>\n<p><span style=\"font-weight: 400;\">Ayudan a visualizar y comprender los procesos dentro de la cadena de valor, identificando actividades clave y \u00e1reas de mejora.<\/span><\/p>\n<h3><b>Software de Gesti\u00f3n Empresarial (ERP)<\/b><\/h3>\n<p><span style=\"font-weight: 400;\">Integrando funciones como log\u00edstica, producci\u00f3n, ventas y finanzas, los ERP permiten gestionar eficientemente todas las actividades de la cadena de valor empresarial en una sola plataforma.<\/span><\/p>\n<h3><b>Sistemas de Gesti\u00f3n de la Cadena de Suministro (SCM)<\/b><\/h3>\n<p><span style=\"font-weight: 400;\">Facilitan la coordinaci\u00f3n de actividades relacionadas con la adquisici\u00f3n, producci\u00f3n y distribuci\u00f3n de productos, optimizando el flujo de materiales y la colaboraci\u00f3n entre proveedores.<\/span><\/p>\n<h2><b>4 Ejemplos de cadena de valor<\/b><\/h2>\n<p><span style=\"font-weight: 400;\">En diversos sectores empresariales, la cadena de valor desempe\u00f1a un papel fundamental. Desde la industria automotriz, tecnol\u00f3gica y alimentaria hasta la moda y la energ\u00eda, estas cadenas modelan la din\u00e1mica comercial moderna.<\/span><\/p>\n<h3><b>1 Industria Automotriz<\/b><\/h3>\n<p><span style=\"font-weight: 400;\">En la industria automotriz, la cadena de valor comienza con el desarrollo y dise\u00f1o de veh\u00edculos innovadores. Luego, se avanza hacia la fabricaci\u00f3n de componentes y su ensamblaje. La distribuci\u00f3n y log\u00edstica de la cadena de suministro asegura que los veh\u00edculos lleguen a los concesionarios y clientes finales. Terminando con el marketing para conseguir las ventas.<\/span><\/p>\n<h3><b>2 Sector tecnol\u00f3gico Tecnolog\u00eda<\/b><\/h3>\n<p><span style=\"font-weight: 400;\">En este caso, la cadena de valor comienza con la investigaci\u00f3n y desarrollo de productos innovadores. Posteriormente, su fabricaci\u00f3n y su distribuci\u00f3n a trav\u00e9s de diversos canales. Adem\u00e1s, las actualizaciones y mejoras continuas del producto garantizan su relevancia y competitividad en el mercado.<\/span><\/p>\n<h3><b>3 Alimentaci\u00f3n<\/b><\/h3>\n<p><span style=\"font-weight: 400;\">En la industria alimentaria, la cadena de valor comienza con la producci\u00f3n agr\u00edcola o ganadera de materias primas, las cuales posteriormente son procesadas. La distribuci\u00f3n y la log\u00edstica garantizan que estos productos lleguen de manera eficiente a los consumidores.<\/span><\/p>\n<h3><b>4 Moda<\/b><\/h3>\n<p><span style=\"font-weight: 400;\">Este proceso comienza con el dise\u00f1o de prendas y accesorios creativos y atractivos. Estos dise\u00f1os son posteriormente fabricados y confeccionados para crear productos de moda. La distribuci\u00f3n y venta al por mayor y al por menor permiten que estos productos lleguen a los consumidores finales.<\/span><\/p>\n","protected":false},"excerpt":{"rendered":"<p>En el din\u00e1mico mundo empresarial actual, comprender y optimizar la cadena de valor es fundamental para impulsar la eficiencia y el \u00e9xito empresarial. En este art\u00edculo, profundizaremos en las estrategias y pr\u00e1cticas clave que permiten a las organizaciones maximizar su rendimiento, identificando oportunidades de mejora y creaci\u00f3n de valor en cada etapa del proceso. Sum\u00e9rgete&#8230;<\/p>\n","protected":false},"author":23,"featured_media":21285,"comment_status":"open","ping_status":"closed","sticky":false,"template":"","format":"standard","meta":{"_acf_changed":false,"footnotes":""},"categories":[43],"tags":[],"class_list":["post-21240","post","type-post","status-publish","format-standard","has-post-thumbnail","hentry","category-liderazgo"],"acf":{"photo_gallery":{"galeria":[[]]}},"yoast_head":"<!-- This site is optimized with the Yoast SEO plugin v27.4 - https:\/\/yoast.com\/product\/yoast-seo-wordpress\/ -->\n<title>\u00bfQu\u00e9 es la cadena de valor empresarial?: Gu\u00eda y ejemplos | ISDI<\/title>\n<meta name=\"description\" content=\"Gu\u00eda completa de la cadena de valor empresarial: definici\u00f3n, componentes y casos reales. Descubre c\u00f3mo optimizar tu empresa hoy\" \/>\n<meta name=\"robots\" content=\"index, follow, max-snippet:-1, max-image-preview:large, max-video-preview:-1\" \/>\n<link rel=\"canonical\" href=\"https:\/\/www.isdi.education\/es\/blog\/que-es-la-cadena-de-valor-empresarial\" \/>\n<meta property=\"og:locale\" content=\"es_ES\" \/>\n<meta property=\"og:type\" content=\"article\" \/>\n<meta property=\"og:title\" content=\"\u00bfQu\u00e9 es la cadena de valor empresarial?: Gu\u00eda y ejemplos | ISDI\" \/>\n<meta property=\"og:description\" content=\"Gu\u00eda completa de la cadena de valor empresarial: definici\u00f3n, componentes y casos reales. Descubre c\u00f3mo optimizar tu empresa hoy\" \/>\n<meta property=\"og:url\" content=\"https:\/\/www.isdi.education\/es\/blog\/que-es-la-cadena-de-valor-empresarial\" \/>\n<meta property=\"og:site_name\" content=\"ISDI Espa\u00f1a\" \/>\n<meta property=\"article:publisher\" content=\"https:\/\/www.facebook.com\/isdi.education\" \/>\n<meta property=\"article:published_time\" content=\"2024-04-18T09:00:09+00:00\" \/>\n<meta property=\"article:modified_time\" content=\"2024-04-25T14:27:47+00:00\" \/>\n<meta property=\"og:image\" content=\"https:\/\/www.isdi.education\/es\/wp-content\/uploads\/2024\/04\/cadena-de-valor-empresarial.webp\" \/>\n\t<meta property=\"og:image:width\" content=\"1000\" \/>\n\t<meta property=\"og:image:height\" content=\"519\" \/>\n\t<meta property=\"og:image:type\" content=\"image\/webp\" \/>\n<meta name=\"author\" content=\"infofuturo\" \/>\n<meta name=\"twitter:card\" content=\"summary_large_image\" \/>\n<meta name=\"twitter:label1\" content=\"Escrito por\" \/>\n\t<meta name=\"twitter:data1\" content=\"infofuturo\" \/>\n\t<meta name=\"twitter:label2\" content=\"Tiempo de lectura\" \/>\n\t<meta name=\"twitter:data2\" content=\"6 minutos\" \/>\n<script type=\"application\/ld+json\" class=\"yoast-schema-graph\">{\"@context\":\"https:\\\/\\\/schema.org\",\"@graph\":[{\"@type\":\"Article\",\"@id\":\"https:\\\/\\\/www.isdi.education\\\/es\\\/blog\\\/que-es-la-cadena-de-valor-empresarial#article\",\"isPartOf\":{\"@id\":\"https:\\\/\\\/www.isdi.education\\\/es\\\/blog\\\/que-es-la-cadena-de-valor-empresarial\"},\"author\":{\"name\":\"infofuturo\",\"@id\":\"https:\\\/\\\/www.isdi.education\\\/es\\\/#\\\/schema\\\/person\\\/9f30c33eda685abbcfaabf1e7b9e9f76\"},\"headline\":\"\u00bfQu\u00e9 es la cadena de valor empresarial?: Gu\u00eda y ejemplos\",\"datePublished\":\"2024-04-18T09:00:09+00:00\",\"dateModified\":\"2024-04-25T14:27:47+00:00\",\"mainEntityOfPage\":{\"@id\":\"https:\\\/\\\/www.isdi.education\\\/es\\\/blog\\\/que-es-la-cadena-de-valor-empresarial\"},\"wordCount\":1169,\"commentCount\":0,\"publisher\":{\"@id\":\"https:\\\/\\\/www.isdi.education\\\/es\\\/#organization\"},\"image\":{\"@id\":\"https:\\\/\\\/www.isdi.education\\\/es\\\/blog\\\/que-es-la-cadena-de-valor-empresarial#primaryimage\"},\"thumbnailUrl\":\"https:\\\/\\\/www.isdi.education\\\/es\\\/wp-content\\\/uploads\\\/2024\\\/04\\\/cadena-de-valor-empresarial.webp\",\"articleSection\":[\"Liderazgo\"],\"inLanguage\":\"es\",\"potentialAction\":[{\"@type\":\"CommentAction\",\"name\":\"Comment\",\"target\":[\"https:\\\/\\\/www.isdi.education\\\/es\\\/blog\\\/que-es-la-cadena-de-valor-empresarial#respond\"]}]},{\"@type\":\"WebPage\",\"@id\":\"https:\\\/\\\/www.isdi.education\\\/es\\\/blog\\\/que-es-la-cadena-de-valor-empresarial\",\"url\":\"https:\\\/\\\/www.isdi.education\\\/es\\\/blog\\\/que-es-la-cadena-de-valor-empresarial\",\"name\":\"\u00bfQu\u00e9 es la cadena de valor empresarial?: Gu\u00eda y ejemplos | ISDI\",\"isPartOf\":{\"@id\":\"https:\\\/\\\/www.isdi.education\\\/es\\\/#website\"},\"primaryImageOfPage\":{\"@id\":\"https:\\\/\\\/www.isdi.education\\\/es\\\/blog\\\/que-es-la-cadena-de-valor-empresarial#primaryimage\"},\"image\":{\"@id\":\"https:\\\/\\\/www.isdi.education\\\/es\\\/blog\\\/que-es-la-cadena-de-valor-empresarial#primaryimage\"},\"thumbnailUrl\":\"https:\\\/\\\/www.isdi.education\\\/es\\\/wp-content\\\/uploads\\\/2024\\\/04\\\/cadena-de-valor-empresarial.webp\",\"datePublished\":\"2024-04-18T09:00:09+00:00\",\"dateModified\":\"2024-04-25T14:27:47+00:00\",\"description\":\"Gu\u00eda completa de la cadena de valor empresarial: definici\u00f3n, componentes y casos reales. Descubre c\u00f3mo optimizar tu empresa hoy\",\"breadcrumb\":{\"@id\":\"https:\\\/\\\/www.isdi.education\\\/es\\\/blog\\\/que-es-la-cadena-de-valor-empresarial#breadcrumb\"},\"inLanguage\":\"es\",\"potentialAction\":[{\"@type\":\"ReadAction\",\"target\":[\"https:\\\/\\\/www.isdi.education\\\/es\\\/blog\\\/que-es-la-cadena-de-valor-empresarial\"]}]},{\"@type\":\"ImageObject\",\"inLanguage\":\"es\",\"@id\":\"https:\\\/\\\/www.isdi.education\\\/es\\\/blog\\\/que-es-la-cadena-de-valor-empresarial#primaryimage\",\"url\":\"https:\\\/\\\/www.isdi.education\\\/es\\\/wp-content\\\/uploads\\\/2024\\\/04\\\/cadena-de-valor-empresarial.webp\",\"contentUrl\":\"https:\\\/\\\/www.isdi.education\\\/es\\\/wp-content\\\/uploads\\\/2024\\\/04\\\/cadena-de-valor-empresarial.webp\",\"width\":1000,\"height\":519,\"caption\":\"\u00bfQu\u00e9 es la cadena de valor empresarial?: Gu\u00eda y ejemplos\"},{\"@type\":\"BreadcrumbList\",\"@id\":\"https:\\\/\\\/www.isdi.education\\\/es\\\/blog\\\/que-es-la-cadena-de-valor-empresarial#breadcrumb\",\"itemListElement\":[{\"@type\":\"ListItem\",\"position\":1,\"name\":\"Inicio\",\"item\":\"https:\\\/\\\/www.isdi.education\\\/es\\\/\"},{\"@type\":\"ListItem\",\"position\":2,\"name\":\"\u00bfQu\u00e9 es la cadena de valor empresarial?: Gu\u00eda y ejemplos\"}]},{\"@type\":\"WebSite\",\"@id\":\"https:\\\/\\\/www.isdi.education\\\/es\\\/#website\",\"url\":\"https:\\\/\\\/www.isdi.education\\\/es\\\/\",\"name\":\"ISDI Espa\u00f1a | La Escuela de Negocios de la Era Digital\",\"description\":\"Descubre la formaci\u00f3n que te abrir\u00e1 las puertas a la era digital. Entra a formar parte de la primera escuela de negocios y direcci\u00f3n nativa digital.\",\"publisher\":{\"@id\":\"https:\\\/\\\/www.isdi.education\\\/es\\\/#organization\"},\"inLanguage\":\"es\"},{\"@type\":\"Organization\",\"@id\":\"https:\\\/\\\/www.isdi.education\\\/es\\\/#organization\",\"name\":\"ISDI Espa\u00f1a | La Escuela de Negocios de la Era Digital\",\"url\":\"https:\\\/\\\/www.isdi.education\\\/es\\\/\",\"logo\":{\"@type\":\"ImageObject\",\"inLanguage\":\"es\",\"@id\":\"https:\\\/\\\/www.isdi.education\\\/es\\\/#\\\/schema\\\/logo\\\/image\\\/\",\"url\":\"https:\\\/\\\/www.isdi.education\\\/es\\\/wp-content\\\/uploads\\\/2024\\\/02\\\/cropped-Favicon.png\",\"contentUrl\":\"https:\\\/\\\/www.isdi.education\\\/es\\\/wp-content\\\/uploads\\\/2024\\\/02\\\/cropped-Favicon.png\",\"width\":512,\"height\":512,\"caption\":\"ISDI Espa\u00f1a | La Escuela de Negocios de la Era Digital\"},\"image\":{\"@id\":\"https:\\\/\\\/www.isdi.education\\\/es\\\/#\\\/schema\\\/logo\\\/image\\\/\"},\"sameAs\":[\"https:\\\/\\\/www.facebook.com\\\/isdi.education\",\"https:\\\/\\\/www.linkedin.com\\\/school\\\/isdi\\\/?originalSubdomain=es\",\"https:\\\/\\\/www.instagram.com\\\/isdi_edu\\\/?hl=es\",\"https:\\\/\\\/www.tiktok.com\\\/@isdi_edu\",\"https:\\\/\\\/www.youtube.com\\\/user\\\/ISDItv\"]},{\"@type\":\"Person\",\"@id\":\"https:\\\/\\\/www.isdi.education\\\/es\\\/#\\\/schema\\\/person\\\/9f30c33eda685abbcfaabf1e7b9e9f76\",\"name\":\"infofuturo\",\"image\":{\"@type\":\"ImageObject\",\"inLanguage\":\"es\",\"@id\":\"https:\\\/\\\/www.isdi.education\\\/es\\\/wp-content\\\/litespeed\\\/avatar\\\/1\\\/06e1ec358746bcb8bb25471d95ddc6aa.jpg?ver=1777453142\",\"url\":\"https:\\\/\\\/www.isdi.education\\\/es\\\/wp-content\\\/litespeed\\\/avatar\\\/1\\\/06e1ec358746bcb8bb25471d95ddc6aa.jpg?ver=1777453142\",\"contentUrl\":\"https:\\\/\\\/www.isdi.education\\\/es\\\/wp-content\\\/litespeed\\\/avatar\\\/1\\\/06e1ec358746bcb8bb25471d95ddc6aa.jpg?ver=1777453142\",\"caption\":\"infofuturo\"},\"url\":\"https:\\\/\\\/www.isdi.education\\\/es\\\/author\\\/infofuturo\"}]}<\/script>\n<!-- \/ Yoast SEO plugin. -->","yoast_head_json":{"title":"\u00bfQu\u00e9 es la cadena de valor empresarial?: Gu\u00eda y ejemplos | ISDI","description":"Gu\u00eda completa de la cadena de valor empresarial: definici\u00f3n, componentes y casos reales. Descubre c\u00f3mo optimizar tu empresa hoy","robots":{"index":"index","follow":"follow","max-snippet":"max-snippet:-1","max-image-preview":"max-image-preview:large","max-video-preview":"max-video-preview:-1"},"canonical":"https:\/\/www.isdi.education\/es\/blog\/que-es-la-cadena-de-valor-empresarial","og_locale":"es_ES","og_type":"article","og_title":"\u00bfQu\u00e9 es la cadena de valor empresarial?: Gu\u00eda y ejemplos | ISDI","og_description":"Gu\u00eda completa de la cadena de valor empresarial: definici\u00f3n, componentes y casos reales. Descubre c\u00f3mo optimizar tu empresa hoy","og_url":"https:\/\/www.isdi.education\/es\/blog\/que-es-la-cadena-de-valor-empresarial","og_site_name":"ISDI Espa\u00f1a","article_publisher":"https:\/\/www.facebook.com\/isdi.education","article_published_time":"2024-04-18T09:00:09+00:00","article_modified_time":"2024-04-25T14:27:47+00:00","og_image":[{"width":1000,"height":519,"url":"https:\/\/www.isdi.education\/es\/wp-content\/uploads\/2024\/04\/cadena-de-valor-empresarial.webp","type":"image\/webp"}],"author":"infofuturo","twitter_card":"summary_large_image","twitter_misc":{"Escrito por":"infofuturo","Tiempo de lectura":"6 minutos"},"schema":{"@context":"https:\/\/schema.org","@graph":[{"@type":"Article","@id":"https:\/\/www.isdi.education\/es\/blog\/que-es-la-cadena-de-valor-empresarial#article","isPartOf":{"@id":"https:\/\/www.isdi.education\/es\/blog\/que-es-la-cadena-de-valor-empresarial"},"author":{"name":"infofuturo","@id":"https:\/\/www.isdi.education\/es\/#\/schema\/person\/9f30c33eda685abbcfaabf1e7b9e9f76"},"headline":"\u00bfQu\u00e9 es la cadena de valor empresarial?: Gu\u00eda y ejemplos","datePublished":"2024-04-18T09:00:09+00:00","dateModified":"2024-04-25T14:27:47+00:00","mainEntityOfPage":{"@id":"https:\/\/www.isdi.education\/es\/blog\/que-es-la-cadena-de-valor-empresarial"},"wordCount":1169,"commentCount":0,"publisher":{"@id":"https:\/\/www.isdi.education\/es\/#organization"},"image":{"@id":"https:\/\/www.isdi.education\/es\/blog\/que-es-la-cadena-de-valor-empresarial#primaryimage"},"thumbnailUrl":"https:\/\/www.isdi.education\/es\/wp-content\/uploads\/2024\/04\/cadena-de-valor-empresarial.webp","articleSection":["Liderazgo"],"inLanguage":"es","potentialAction":[{"@type":"CommentAction","name":"Comment","target":["https:\/\/www.isdi.education\/es\/blog\/que-es-la-cadena-de-valor-empresarial#respond"]}]},{"@type":"WebPage","@id":"https:\/\/www.isdi.education\/es\/blog\/que-es-la-cadena-de-valor-empresarial","url":"https:\/\/www.isdi.education\/es\/blog\/que-es-la-cadena-de-valor-empresarial","name":"\u00bfQu\u00e9 es la cadena de valor empresarial?: Gu\u00eda y ejemplos | ISDI","isPartOf":{"@id":"https:\/\/www.isdi.education\/es\/#website"},"primaryImageOfPage":{"@id":"https:\/\/www.isdi.education\/es\/blog\/que-es-la-cadena-de-valor-empresarial#primaryimage"},"image":{"@id":"https:\/\/www.isdi.education\/es\/blog\/que-es-la-cadena-de-valor-empresarial#primaryimage"},"thumbnailUrl":"https:\/\/www.isdi.education\/es\/wp-content\/uploads\/2024\/04\/cadena-de-valor-empresarial.webp","datePublished":"2024-04-18T09:00:09+00:00","dateModified":"2024-04-25T14:27:47+00:00","description":"Gu\u00eda completa de la cadena de valor empresarial: definici\u00f3n, componentes y casos reales. Descubre c\u00f3mo optimizar tu empresa hoy","breadcrumb":{"@id":"https:\/\/www.isdi.education\/es\/blog\/que-es-la-cadena-de-valor-empresarial#breadcrumb"},"inLanguage":"es","potentialAction":[{"@type":"ReadAction","target":["https:\/\/www.isdi.education\/es\/blog\/que-es-la-cadena-de-valor-empresarial"]}]},{"@type":"ImageObject","inLanguage":"es","@id":"https:\/\/www.isdi.education\/es\/blog\/que-es-la-cadena-de-valor-empresarial#primaryimage","url":"https:\/\/www.isdi.education\/es\/wp-content\/uploads\/2024\/04\/cadena-de-valor-empresarial.webp","contentUrl":"https:\/\/www.isdi.education\/es\/wp-content\/uploads\/2024\/04\/cadena-de-valor-empresarial.webp","width":1000,"height":519,"caption":"\u00bfQu\u00e9 es la cadena de valor empresarial?: Gu\u00eda y ejemplos"},{"@type":"BreadcrumbList","@id":"https:\/\/www.isdi.education\/es\/blog\/que-es-la-cadena-de-valor-empresarial#breadcrumb","itemListElement":[{"@type":"ListItem","position":1,"name":"Inicio","item":"https:\/\/www.isdi.education\/es\/"},{"@type":"ListItem","position":2,"name":"\u00bfQu\u00e9 es la cadena de valor empresarial?: Gu\u00eda y ejemplos"}]},{"@type":"WebSite","@id":"https:\/\/www.isdi.education\/es\/#website","url":"https:\/\/www.isdi.education\/es\/","name":"ISDI Espa\u00f1a | La Escuela de Negocios de la Era Digital","description":"Descubre la formaci\u00f3n que te abrir\u00e1 las puertas a la era digital. Entra a formar parte de la primera escuela de negocios y direcci\u00f3n nativa digital.","publisher":{"@id":"https:\/\/www.isdi.education\/es\/#organization"},"inLanguage":"es"},{"@type":"Organization","@id":"https:\/\/www.isdi.education\/es\/#organization","name":"ISDI Espa\u00f1a | La Escuela de Negocios de la Era Digital","url":"https:\/\/www.isdi.education\/es\/","logo":{"@type":"ImageObject","inLanguage":"es","@id":"https:\/\/www.isdi.education\/es\/#\/schema\/logo\/image\/","url":"https:\/\/www.isdi.education\/es\/wp-content\/uploads\/2024\/02\/cropped-Favicon.png","contentUrl":"https:\/\/www.isdi.education\/es\/wp-content\/uploads\/2024\/02\/cropped-Favicon.png","width":512,"height":512,"caption":"ISDI Espa\u00f1a | La Escuela de Negocios de la Era Digital"},"image":{"@id":"https:\/\/www.isdi.education\/es\/#\/schema\/logo\/image\/"},"sameAs":["https:\/\/www.facebook.com\/isdi.education","https:\/\/www.linkedin.com\/school\/isdi\/?originalSubdomain=es","https:\/\/www.instagram.com\/isdi_edu\/?hl=es","https:\/\/www.tiktok.com\/@isdi_edu","https:\/\/www.youtube.com\/user\/ISDItv"]},{"@type":"Person","@id":"https:\/\/www.isdi.education\/es\/#\/schema\/person\/9f30c33eda685abbcfaabf1e7b9e9f76","name":"infofuturo","image":{"@type":"ImageObject","inLanguage":"es","@id":"https:\/\/www.isdi.education\/es\/wp-content\/litespeed\/avatar\/1\/06e1ec358746bcb8bb25471d95ddc6aa.jpg?ver=1777453142","url":"https:\/\/www.isdi.education\/es\/wp-content\/litespeed\/avatar\/1\/06e1ec358746bcb8bb25471d95ddc6aa.jpg?ver=1777453142","contentUrl":"https:\/\/www.isdi.education\/es\/wp-content\/litespeed\/avatar\/1\/06e1ec358746bcb8bb25471d95ddc6aa.jpg?ver=1777453142","caption":"infofuturo"},"url":"https:\/\/www.isdi.education\/es\/author\/infofuturo"}]}},"_links":{"self":[{"href":"https:\/\/www.isdi.education\/es\/wp-json\/wp\/v2\/posts\/21240","targetHints":{"allow":["GET"]}}],"collection":[{"href":"https:\/\/www.isdi.education\/es\/wp-json\/wp\/v2\/posts"}],"about":[{"href":"https:\/\/www.isdi.education\/es\/wp-json\/wp\/v2\/types\/post"}],"author":[{"embeddable":true,"href":"https:\/\/www.isdi.education\/es\/wp-json\/wp\/v2\/users\/23"}],"replies":[{"embeddable":true,"href":"https:\/\/www.isdi.education\/es\/wp-json\/wp\/v2\/comments?post=21240"}],"version-history":[{"count":0,"href":"https:\/\/www.isdi.education\/es\/wp-json\/wp\/v2\/posts\/21240\/revisions"}],"wp:featuredmedia":[{"embeddable":true,"href":"https:\/\/www.isdi.education\/es\/wp-json\/wp\/v2\/media\/21285"}],"wp:attachment":[{"href":"https:\/\/www.isdi.education\/es\/wp-json\/wp\/v2\/media?parent=21240"}],"wp:term":[{"taxonomy":"category","embeddable":true,"href":"https:\/\/www.isdi.education\/es\/wp-json\/wp\/v2\/categories?post=21240"},{"taxonomy":"post_tag","embeddable":true,"href":"https:\/\/www.isdi.education\/es\/wp-json\/wp\/v2\/tags?post=21240"}],"curies":[{"name":"wp","href":"https:\/\/api.w.org\/{rel}","templated":true}]}}