{"id":14919,"date":"2023-05-11T00:00:00","date_gmt":"2023-05-11T00:00:00","guid":{"rendered":"https:\/\/www.isdi.education\/es\/estilo-de-liderazgo-en-la-era-digital\/"},"modified":"2024-04-29T15:38:56","modified_gmt":"2024-04-29T15:38:56","slug":"estilo-de-liderazgo-en-la-era-digital","status":"publish","type":"post","link":"https:\/\/www.isdi.education\/es\/blog\/estilo-de-liderazgo-en-la-era-digital","title":{"rendered":"Estilo de liderazgo en la era digital | ISDI"},"content":{"rendered":"<div id=\"07M-wysiwyg-1\" class=\"07M-wysiwyg anchor--link \" data-anchor-content=\"\">\n<section class=\"wysiwyg mb-xl\">\n<div class=\"wrapper wrapper--small\">\n<div class=\"wysiwyg__content\">\n<div>\n<p style=\"text-align: justify;\">Vivimos en un mundo tecnol\u00f3gico el cual se ha ido transformando, tanto en la forma de actuar como de comportarse, e influyendo as\u00ed pr\u00e1cticamente en todos los \u00e1mbitos de la vida, entre ellos, en el plano laboral. Esta <strong>digitalizaci\u00f3n<\/strong> est\u00e1 modificando la manera en la que los empresarios <strong>lideran sus negocios<\/strong>, y por ende, la relevancia en dar prioridad en c\u00f3mo hacerlas funcionar de manera \u00f3ptima, distinguir cu\u00e1les son sus objetivos, las herramientas que se utilizan y c\u00f3mo comunicarse con los clientes.<\/p>\n<p style=\"text-align: justify;\">Todos estos cambios nos han llevado a moldear o crear una figura conocida con el nombre de <strong>l\u00edder digital<\/strong>. \u00bfPor qu\u00e9 decimos moldear u originar? Porque este nuevo <strong>estilo de liderazgo<\/strong> siempre ha estado presente en los negocios, no obstante, ahora se ha necesitado adaptar a la era digital en la que vivimos y convertirse en lo que conocemos a d\u00eda de hoy, un l\u00edder digital.<\/p>\n<h2 style=\"text-align: justify;\">Habilidades para un liderazgo en la era digital<\/h2>\n<p style=\"text-align: justify;\">En la actualidad, esta figura necesita liderar un grupo de personas cuya funci\u00f3n principal es motivar a todos sus miembros, pero \u00bfqu\u00e9 cualidades necesita tener esta figura para este <a href=\"https:\/\/www.isdi.education\/es\/blog\/innovacion-e-internet-una-posible-nueva-economia\" target=\"_self\" rel=\"noopener\"><u>estilo de liderazgo digital<\/u><\/a>?<\/p>\n<h3 style=\"text-align: justify;\">Buena comunicaci\u00f3n<\/h3>\n<p style=\"text-align: justify;\">Todo l\u00edder digital necesita fortalecer su manera de comunicar, puesto que debe destacar por saber hablar de forma clara, directa y precisa: un mensaje con estas caracter\u00edsticas se graba de forma adecuada en los dem\u00e1s miembros del equipo, del mismo modo que <strong>genera seguridad y conocimiento<\/strong> en caso de dirigirse a cargos superiores.<\/p>\n<p style=\"text-align: justify;\">Para ello, es esencial introducir la <strong>asertividad<\/strong> en nuestro campo de trabajo. Un l\u00edder necesita defender sus ideas y derechos, pero respetando en todo momento a los dem\u00e1s, sin ser agresivo ni pasivo, mejorando as\u00ed la imagen social, fomentando el respeto por otras personas, facilitando la comunicaci\u00f3n y mejorando la resoluci\u00f3n de controversias.<\/p>\n<p>M\u00e1s a m\u00e1s, se pueden introducir varias <strong>metodolog\u00edas de trabajo<\/strong> para fomentar la practicidad del desarrollo de las tareas, como por ejemplo el <strong>modelo de cascada<\/strong>, un proceso en el cual el trabajo se lleva a cabo de una forma lineal y escalonada, con un orden secuencial, por otro lado, est\u00e1 la <strong>metodolog\u00eda <\/strong><i><strong>Scrum<\/strong><\/i>, se utiliza para generar un ciclo de proyecto donde se trabaja m\u00e1s bien de forma individual las tareas, y posteriormente se realizan reuniones para poner en conjunto el trabajo realizado y observar la colaboraci\u00f3n de cada uno y su forma de sobrellevar la parte del proyecto.<\/p>\n<h3 style=\"text-align: justify;\">Toma de decisiones<\/h3>\n<p style=\"text-align: justify;\">Como todos sabemos, la <strong>toma de decisiones<\/strong> es uno de los aspectos m\u00e1s importantes a la hora de dirigir un negocio, puesto que en muchas ocasiones los procesos no est\u00e1n claros y habr\u00e1 momentos de incertidumbre en los que ser\u00e1 necesario arriesgarse. No obstante, independientemente del tipo de decisi\u00f3n que necesites tomar, el <strong>estilo de liderazgo<\/strong> se caracteriza por llegar a la toma de decisiones tras haber reflexionado y considerado los pros y contras que puede conllevar dicha situaci\u00f3n, y analizando as\u00ed de manera r\u00e1pida la situaci\u00f3n y pr\u00f3xima acci\u00f3n.<\/p>\n<p style=\"text-align: justify;\">Ante todo, un experto en liderazgo nunca puede contemplar el miedo al error: su perfeccionismo al anticiparse a las posibles consecuencias o variables a trav\u00e9s del siguiente m\u00e9todo:<\/p>\n<ul>\n<li style=\"text-align: justify;\">Conocer la meta a la cual dirigirse<\/li>\n<li style=\"text-align: justify;\">Evaluar los recursos disponibles<\/li>\n<li style=\"text-align: justify;\">Tener en cuenta las diferentes alternativas<\/li>\n<li style=\"text-align: justify;\">Valorar el posible resultado seg\u00fan las alternativas elegidas<\/li>\n<li style=\"text-align: justify;\">Tomar una decisi\u00f3n bas\u00e1ndose en todo ese an\u00e1lisis<\/li>\n<\/ul>\n<h3 style=\"text-align: justify;\">Pensamiento creativo<\/h3>\n<p style=\"text-align: justify;\">El objetivo principal para que tu equipo destaque o consiga resultados excepcionales es que, como <strong>l\u00edder digital<\/strong>, proporciones a tu equipo todo el material necesario para llegar a esos resultados. No eres el encargado de darles ni las soluciones ni las respuestas ni caminos a seguir, sino que tu propio equipo, gracias a tus indicaciones, sea capaz de llegar por s\u00ed solo a esas metas, <strong>fomentando as\u00ed la creatividad y el trabajo en equipo<\/strong>.<\/p>\n<p style=\"text-align: justify;\">S\u00ed, eres el l\u00edder de tu equipo, pero eso no significa que tengas que controlar y realizar todo lo que sucede. Una de las habilidades m\u00e1s importantes y, al mismo tiempo, complejas para un l\u00edder digital es la <strong>delegaci\u00f3n de tareas<\/strong> en los integrantes del equipo.<\/p>\n<p style=\"text-align: justify;\">En la actualidad, podemos controlar todas estas delegaciones que asignamos a nuestro equipo a trav\u00e9s de numerosas <strong>herramientas digitales<\/strong> como por ejemplo Holded, Asana o Trello, muy utilizadas para organizar los proyectos, t\u00e9rminos de entrega y control, por lo que no ser\u00e1 complicado llevar un seguimiento, al mismo tiempo que delegamos estas mismas, se puede tomar ese tiempo en invertirlo a otras misiones, de esta manera tanto el equipo, como t\u00fa, avanzar\u00e9is de forma \u00f3ptima en el proyecto.<\/p>\n<p style=\"text-align: justify;\">A trav\u00e9s de una gesti\u00f3n persuasiva conseguir\u00e1s influir al equipo para conseguir de forma estrat\u00e9gica los diferentes objetivos marcados, aumentando el compromiso y la productividad. En este punto conseguiremos todos nuestros objetivos gracias a la disciplina de la Teor\u00eda de Juegos, un m\u00e9todo cuyo objetivo primordial es estudiar el comportamiento estrat\u00e9gico para que los participantes de tu equipo tomen la mejor decisi\u00f3n, la cual depende de las decisiones que tomen todos los integrantes.<\/p>\n<p><img fetchpriority=\"high\" decoding=\"async\" class=\"alignnone size-full wp-image-22563\" src=\"https:\/\/www.isdi.education\/es\/wp-content\/uploads\/2023\/05\/4084-estilo_de_liderazgo_en_la_era_digital.webp\" alt=\"estilo_de_liderazgo_en_la_era_digital\" width=\"1050\" height=\"450\" srcset=\"https:\/\/www.isdi.education\/es\/wp-content\/uploads\/2023\/05\/4084-estilo_de_liderazgo_en_la_era_digital.webp 1050w, https:\/\/www.isdi.education\/es\/wp-content\/uploads\/2023\/05\/4084-estilo_de_liderazgo_en_la_era_digital-300x129.webp 300w, https:\/\/www.isdi.education\/es\/wp-content\/uploads\/2023\/05\/4084-estilo_de_liderazgo_en_la_era_digital-1024x439.webp 1024w, https:\/\/www.isdi.education\/es\/wp-content\/uploads\/2023\/05\/4084-estilo_de_liderazgo_en_la_era_digital-768x329.webp 768w\" sizes=\"(max-width: 1050px) 100vw, 1050px\" \/><\/p>\n<h3>Visi\u00f3n de futuro<\/h3>\n<p>Tu objetivo principal es hacer que el negocio avance, teniendo en cuenta los objetivos que se quieren alcanzar a largo plazo. Para plasmar a tu equipo esta habilidad, debes poseer\u00a0<strong>inteligencia estrat\u00e9gica<\/strong>\u00a0para anticipar los cambios, as\u00ed como\u00a0<strong>inteligencia emocional<\/strong>.<\/p>\n<p>Como l\u00edder, tu objetivo principal es desarrollar un ambiente de trabajo que consista en crear un equipo brillante: un gran l\u00edder crea m\u00e1s l\u00edderes, no seguidores ni trabajadores. Necesitas navegar a trav\u00e9s de un pensamiento prospectivo, estar abiertos a nuevas ideas, tecnolog\u00edas y tendencias, respetando los valores de la empresa y desarrollando a futuros l\u00edderes.<\/p>\n<h2>C\u00f3mo convertirse en l\u00edder en la era digital<\/h2>\n<p>Ya hemos mencionado algunas de las habilidades m\u00e1s esenciales que se deben tener en cuenta para un\u00a0<strong>estilo de liderazgo<\/strong>\u00a0impecable, pero \u00bfc\u00f3mo podemos conseguir todas ellas y convertirnos en la figura indispensable para la empresa en la que trabajamos?<\/p>\n<p>Una de las opciones m\u00e1s completas es el\u00a0<a href=\"https:\/\/www.isdi.education\/es\/programas\/mib\" target=\"_self\" rel=\"noopener\"><u>M\u00e1ster en Internet Business<\/u><\/a>, que se encarga de redefinir y consolidar tu trayectoria profesional a trav\u00e9s del m\u00e9todo prueba &#8211; error, que es, b\u00e1sicamente, el que realmente nos ense\u00f1a las dificultades que podemos encontrar a la hora de realizar nuestro trabajo.<\/p>\n<p>\u00bfAlguna vez has escuchado o, por tu propia experiencia, sabes que la teor\u00eda est\u00e1 muy bien, pero lo que realmente funciona es la pr\u00e1ctica? Seguro que s\u00ed, por eso en ISDI ofrecemos todo tipo de situaciones reales para que puedas ponerlas en uso y operes como si estuvieras en una situaci\u00f3n real siendo el l\u00edder de equipo.<\/p>\n<h2>Programa del M\u00e1ster en Internet Business<\/h2>\n<p>En este programa completo podr\u00e1s formarte y desarrollarte en el\u00a0<strong>estilo de liderazgo<\/strong>\u00a0que necesitas: planes de acci\u00f3n, estrategias de negocio, utilizaci\u00f3n de la tecnolog\u00eda para el desarrollo e innovaci\u00f3n, entre otras muchas secciones, todo a trav\u00e9s de conceptos como la asertividad, el car\u00e1cter prospectivo y el rechazo a la agresividad, entre otros aspectos.<\/p>\n<p>Los profesores que imparten estas habilidades en el\u00a0<a href=\"https:\/\/www.isdi.education\/es\/programas\/mib\" target=\"_self\" rel=\"noopener\"><u>M\u00e1ster en Internet Business<\/u><\/a>\u00a0son especialistas en su sector, adem\u00e1s de ser referentes en sus respectivas \u00e1reas, lo que pone de relieve que todo lo que aprender\u00e1s tiene valor y puede llevarte a ser un gran experto en liderazgo.<\/p>\n<\/div>\n<\/div>\n<\/div>\n<\/section>\n<\/div>\n","protected":false},"excerpt":{"rendered":"<p>\u00bfC\u00f3mo ser un l\u00edder en la era digital? Conoce las cualidades que demandan las empresas y que todo l\u00edder digital debe tener en un contexto altamente tecnol\u00f3gico.<\/p>\n","protected":false},"author":23,"featured_media":14918,"comment_status":"open","ping_status":"closed","sticky":false,"template":"","format":"standard","meta":{"_acf_changed":false,"footnotes":""},"categories":[43],"tags":[],"class_list":["post-14919","post","type-post","status-publish","format-standard","has-post-thumbnail","hentry","category-liderazgo"],"acf":{"photo_gallery":{"galeria":[[]]}},"yoast_head":"<!-- This site is optimized with the Yoast SEO plugin v27.4 - https:\/\/yoast.com\/product\/yoast-seo-wordpress\/ -->\n<title>Estilo de liderazgo en la era digital | ISDI<\/title>\n<meta name=\"description\" content=\"\u00bfC\u00f3mo ser un l\u00edder en la era digital? Conoce las cualidades que demandan las empresas y que todo l\u00edder digital debe tener en un contexto altamente tecnol\u00f3gico.\" \/>\n<meta name=\"robots\" content=\"index, follow, max-snippet:-1, max-image-preview:large, max-video-preview:-1\" \/>\n<link rel=\"canonical\" href=\"https:\/\/www.isdi.education\/es\/blog\/estilo-de-liderazgo-en-la-era-digital\" \/>\n<meta property=\"og:locale\" content=\"es_ES\" \/>\n<meta property=\"og:type\" content=\"article\" \/>\n<meta property=\"og:title\" content=\"Estilo de liderazgo en la era digital | ISDI\" \/>\n<meta property=\"og:description\" content=\"\u00bfC\u00f3mo ser un l\u00edder en la era digital? Conoce las cualidades que demandan las empresas y que todo l\u00edder digital debe tener en un contexto altamente tecnol\u00f3gico.\" \/>\n<meta property=\"og:url\" content=\"https:\/\/www.isdi.education\/es\/blog\/estilo-de-liderazgo-en-la-era-digital\" \/>\n<meta property=\"og:site_name\" content=\"ISDI Espa\u00f1a\" \/>\n<meta property=\"article:publisher\" content=\"https:\/\/www.facebook.com\/isdi.education\" \/>\n<meta property=\"article:published_time\" content=\"2023-05-11T00:00:00+00:00\" \/>\n<meta property=\"article:modified_time\" content=\"2024-04-29T15:38:56+00:00\" \/>\n<meta property=\"og:image\" content=\"https:\/\/www.isdi.education\/es\/wp-content\/uploads\/2024\/03\/4083-estilo_de_liderazgo_en_la_era_digital.jpg\" \/>\n\t<meta property=\"og:image:width\" content=\"600\" \/>\n\t<meta property=\"og:image:height\" content=\"400\" \/>\n\t<meta property=\"og:image:type\" content=\"image\/jpeg\" \/>\n<meta name=\"author\" content=\"infofuturo\" \/>\n<meta name=\"twitter:card\" content=\"summary_large_image\" \/>\n<meta name=\"twitter:label1\" content=\"Escrito por\" \/>\n\t<meta name=\"twitter:data1\" content=\"infofuturo\" \/>\n\t<meta name=\"twitter:label2\" content=\"Tiempo de lectura\" \/>\n\t<meta name=\"twitter:data2\" content=\"6 minutos\" \/>\n<script type=\"application\/ld+json\" class=\"yoast-schema-graph\">{\"@context\":\"https:\\\/\\\/schema.org\",\"@graph\":[{\"@type\":\"Article\",\"@id\":\"https:\\\/\\\/www.isdi.education\\\/es\\\/blog\\\/estilo-de-liderazgo-en-la-era-digital#article\",\"isPartOf\":{\"@id\":\"https:\\\/\\\/www.isdi.education\\\/es\\\/blog\\\/estilo-de-liderazgo-en-la-era-digital\"},\"author\":{\"name\":\"infofuturo\",\"@id\":\"https:\\\/\\\/www.isdi.education\\\/es\\\/#\\\/schema\\\/person\\\/9f30c33eda685abbcfaabf1e7b9e9f76\"},\"headline\":\"Estilo de liderazgo en la era digital | ISDI\",\"datePublished\":\"2023-05-11T00:00:00+00:00\",\"dateModified\":\"2024-04-29T15:38:56+00:00\",\"mainEntityOfPage\":{\"@id\":\"https:\\\/\\\/www.isdi.education\\\/es\\\/blog\\\/estilo-de-liderazgo-en-la-era-digital\"},\"wordCount\":1279,\"commentCount\":0,\"publisher\":{\"@id\":\"https:\\\/\\\/www.isdi.education\\\/es\\\/#organization\"},\"image\":{\"@id\":\"https:\\\/\\\/www.isdi.education\\\/es\\\/blog\\\/estilo-de-liderazgo-en-la-era-digital#primaryimage\"},\"thumbnailUrl\":\"https:\\\/\\\/www.isdi.education\\\/es\\\/wp-content\\\/uploads\\\/2024\\\/03\\\/4083-estilo_de_liderazgo_en_la_era_digital.jpg\",\"articleSection\":[\"Liderazgo\"],\"inLanguage\":\"es\",\"potentialAction\":[{\"@type\":\"CommentAction\",\"name\":\"Comment\",\"target\":[\"https:\\\/\\\/www.isdi.education\\\/es\\\/blog\\\/estilo-de-liderazgo-en-la-era-digital#respond\"]}]},{\"@type\":\"WebPage\",\"@id\":\"https:\\\/\\\/www.isdi.education\\\/es\\\/blog\\\/estilo-de-liderazgo-en-la-era-digital\",\"url\":\"https:\\\/\\\/www.isdi.education\\\/es\\\/blog\\\/estilo-de-liderazgo-en-la-era-digital\",\"name\":\"Estilo de liderazgo en la era digital | ISDI\",\"isPartOf\":{\"@id\":\"https:\\\/\\\/www.isdi.education\\\/es\\\/#website\"},\"primaryImageOfPage\":{\"@id\":\"https:\\\/\\\/www.isdi.education\\\/es\\\/blog\\\/estilo-de-liderazgo-en-la-era-digital#primaryimage\"},\"image\":{\"@id\":\"https:\\\/\\\/www.isdi.education\\\/es\\\/blog\\\/estilo-de-liderazgo-en-la-era-digital#primaryimage\"},\"thumbnailUrl\":\"https:\\\/\\\/www.isdi.education\\\/es\\\/wp-content\\\/uploads\\\/2024\\\/03\\\/4083-estilo_de_liderazgo_en_la_era_digital.jpg\",\"datePublished\":\"2023-05-11T00:00:00+00:00\",\"dateModified\":\"2024-04-29T15:38:56+00:00\",\"description\":\"\u00bfC\u00f3mo ser un l\u00edder en la era digital? Conoce las cualidades que demandan las empresas y que todo l\u00edder digital debe tener en un contexto altamente tecnol\u00f3gico.\",\"breadcrumb\":{\"@id\":\"https:\\\/\\\/www.isdi.education\\\/es\\\/blog\\\/estilo-de-liderazgo-en-la-era-digital#breadcrumb\"},\"inLanguage\":\"es\",\"potentialAction\":[{\"@type\":\"ReadAction\",\"target\":[\"https:\\\/\\\/www.isdi.education\\\/es\\\/blog\\\/estilo-de-liderazgo-en-la-era-digital\"]}]},{\"@type\":\"ImageObject\",\"inLanguage\":\"es\",\"@id\":\"https:\\\/\\\/www.isdi.education\\\/es\\\/blog\\\/estilo-de-liderazgo-en-la-era-digital#primaryimage\",\"url\":\"https:\\\/\\\/www.isdi.education\\\/es\\\/wp-content\\\/uploads\\\/2024\\\/03\\\/4083-estilo_de_liderazgo_en_la_era_digital.jpg\",\"contentUrl\":\"https:\\\/\\\/www.isdi.education\\\/es\\\/wp-content\\\/uploads\\\/2024\\\/03\\\/4083-estilo_de_liderazgo_en_la_era_digital.jpg\",\"width\":600,\"height\":400,\"caption\":\"Estilo de liderazgo en la era digital | ISDI\"},{\"@type\":\"BreadcrumbList\",\"@id\":\"https:\\\/\\\/www.isdi.education\\\/es\\\/blog\\\/estilo-de-liderazgo-en-la-era-digital#breadcrumb\",\"itemListElement\":[{\"@type\":\"ListItem\",\"position\":1,\"name\":\"Inicio\",\"item\":\"https:\\\/\\\/www.isdi.education\\\/es\\\/\"},{\"@type\":\"ListItem\",\"position\":2,\"name\":\"Estilo de liderazgo en la era digital | ISDI\"}]},{\"@type\":\"WebSite\",\"@id\":\"https:\\\/\\\/www.isdi.education\\\/es\\\/#website\",\"url\":\"https:\\\/\\\/www.isdi.education\\\/es\\\/\",\"name\":\"ISDI Espa\u00f1a | La Escuela de Negocios de la Era Digital\",\"description\":\"Descubre la formaci\u00f3n que te abrir\u00e1 las puertas a la era digital. Entra a formar parte de la primera escuela de negocios y direcci\u00f3n nativa digital.\",\"publisher\":{\"@id\":\"https:\\\/\\\/www.isdi.education\\\/es\\\/#organization\"},\"inLanguage\":\"es\"},{\"@type\":\"Organization\",\"@id\":\"https:\\\/\\\/www.isdi.education\\\/es\\\/#organization\",\"name\":\"ISDI Espa\u00f1a | La Escuela de Negocios de la Era Digital\",\"url\":\"https:\\\/\\\/www.isdi.education\\\/es\\\/\",\"logo\":{\"@type\":\"ImageObject\",\"inLanguage\":\"es\",\"@id\":\"https:\\\/\\\/www.isdi.education\\\/es\\\/#\\\/schema\\\/logo\\\/image\\\/\",\"url\":\"https:\\\/\\\/www.isdi.education\\\/es\\\/wp-content\\\/uploads\\\/2024\\\/02\\\/cropped-Favicon.png\",\"contentUrl\":\"https:\\\/\\\/www.isdi.education\\\/es\\\/wp-content\\\/uploads\\\/2024\\\/02\\\/cropped-Favicon.png\",\"width\":512,\"height\":512,\"caption\":\"ISDI Espa\u00f1a | La Escuela de Negocios de la Era Digital\"},\"image\":{\"@id\":\"https:\\\/\\\/www.isdi.education\\\/es\\\/#\\\/schema\\\/logo\\\/image\\\/\"},\"sameAs\":[\"https:\\\/\\\/www.facebook.com\\\/isdi.education\",\"https:\\\/\\\/www.linkedin.com\\\/school\\\/isdi\\\/?originalSubdomain=es\",\"https:\\\/\\\/www.instagram.com\\\/isdi_edu\\\/?hl=es\",\"https:\\\/\\\/www.tiktok.com\\\/@isdi_edu\",\"https:\\\/\\\/www.youtube.com\\\/user\\\/ISDItv\"]},{\"@type\":\"Person\",\"@id\":\"https:\\\/\\\/www.isdi.education\\\/es\\\/#\\\/schema\\\/person\\\/9f30c33eda685abbcfaabf1e7b9e9f76\",\"name\":\"infofuturo\",\"image\":{\"@type\":\"ImageObject\",\"inLanguage\":\"es\",\"@id\":\"https:\\\/\\\/www.isdi.education\\\/es\\\/wp-content\\\/litespeed\\\/avatar\\\/1\\\/06e1ec358746bcb8bb25471d95ddc6aa.jpg?ver=1777453142\",\"url\":\"https:\\\/\\\/www.isdi.education\\\/es\\\/wp-content\\\/litespeed\\\/avatar\\\/1\\\/06e1ec358746bcb8bb25471d95ddc6aa.jpg?ver=1777453142\",\"contentUrl\":\"https:\\\/\\\/www.isdi.education\\\/es\\\/wp-content\\\/litespeed\\\/avatar\\\/1\\\/06e1ec358746bcb8bb25471d95ddc6aa.jpg?ver=1777453142\",\"caption\":\"infofuturo\"},\"url\":\"https:\\\/\\\/www.isdi.education\\\/es\\\/author\\\/infofuturo\"}]}<\/script>\n<!-- \/ Yoast SEO plugin. -->","yoast_head_json":{"title":"Estilo de liderazgo en la era digital | ISDI","description":"\u00bfC\u00f3mo ser un l\u00edder en la era digital? Conoce las cualidades que demandan las empresas y que todo l\u00edder digital debe tener en un contexto altamente tecnol\u00f3gico.","robots":{"index":"index","follow":"follow","max-snippet":"max-snippet:-1","max-image-preview":"max-image-preview:large","max-video-preview":"max-video-preview:-1"},"canonical":"https:\/\/www.isdi.education\/es\/blog\/estilo-de-liderazgo-en-la-era-digital","og_locale":"es_ES","og_type":"article","og_title":"Estilo de liderazgo en la era digital | ISDI","og_description":"\u00bfC\u00f3mo ser un l\u00edder en la era digital? Conoce las cualidades que demandan las empresas y que todo l\u00edder digital debe tener en un contexto altamente tecnol\u00f3gico.","og_url":"https:\/\/www.isdi.education\/es\/blog\/estilo-de-liderazgo-en-la-era-digital","og_site_name":"ISDI Espa\u00f1a","article_publisher":"https:\/\/www.facebook.com\/isdi.education","article_published_time":"2023-05-11T00:00:00+00:00","article_modified_time":"2024-04-29T15:38:56+00:00","og_image":[{"width":600,"height":400,"url":"https:\/\/www.isdi.education\/es\/wp-content\/uploads\/2024\/03\/4083-estilo_de_liderazgo_en_la_era_digital.jpg","type":"image\/jpeg"}],"author":"infofuturo","twitter_card":"summary_large_image","twitter_misc":{"Escrito por":"infofuturo","Tiempo de lectura":"6 minutos"},"schema":{"@context":"https:\/\/schema.org","@graph":[{"@type":"Article","@id":"https:\/\/www.isdi.education\/es\/blog\/estilo-de-liderazgo-en-la-era-digital#article","isPartOf":{"@id":"https:\/\/www.isdi.education\/es\/blog\/estilo-de-liderazgo-en-la-era-digital"},"author":{"name":"infofuturo","@id":"https:\/\/www.isdi.education\/es\/#\/schema\/person\/9f30c33eda685abbcfaabf1e7b9e9f76"},"headline":"Estilo de liderazgo en la era digital | ISDI","datePublished":"2023-05-11T00:00:00+00:00","dateModified":"2024-04-29T15:38:56+00:00","mainEntityOfPage":{"@id":"https:\/\/www.isdi.education\/es\/blog\/estilo-de-liderazgo-en-la-era-digital"},"wordCount":1279,"commentCount":0,"publisher":{"@id":"https:\/\/www.isdi.education\/es\/#organization"},"image":{"@id":"https:\/\/www.isdi.education\/es\/blog\/estilo-de-liderazgo-en-la-era-digital#primaryimage"},"thumbnailUrl":"https:\/\/www.isdi.education\/es\/wp-content\/uploads\/2024\/03\/4083-estilo_de_liderazgo_en_la_era_digital.jpg","articleSection":["Liderazgo"],"inLanguage":"es","potentialAction":[{"@type":"CommentAction","name":"Comment","target":["https:\/\/www.isdi.education\/es\/blog\/estilo-de-liderazgo-en-la-era-digital#respond"]}]},{"@type":"WebPage","@id":"https:\/\/www.isdi.education\/es\/blog\/estilo-de-liderazgo-en-la-era-digital","url":"https:\/\/www.isdi.education\/es\/blog\/estilo-de-liderazgo-en-la-era-digital","name":"Estilo de liderazgo en la era digital | ISDI","isPartOf":{"@id":"https:\/\/www.isdi.education\/es\/#website"},"primaryImageOfPage":{"@id":"https:\/\/www.isdi.education\/es\/blog\/estilo-de-liderazgo-en-la-era-digital#primaryimage"},"image":{"@id":"https:\/\/www.isdi.education\/es\/blog\/estilo-de-liderazgo-en-la-era-digital#primaryimage"},"thumbnailUrl":"https:\/\/www.isdi.education\/es\/wp-content\/uploads\/2024\/03\/4083-estilo_de_liderazgo_en_la_era_digital.jpg","datePublished":"2023-05-11T00:00:00+00:00","dateModified":"2024-04-29T15:38:56+00:00","description":"\u00bfC\u00f3mo ser un l\u00edder en la era digital? Conoce las cualidades que demandan las empresas y que todo l\u00edder digital debe tener en un contexto altamente tecnol\u00f3gico.","breadcrumb":{"@id":"https:\/\/www.isdi.education\/es\/blog\/estilo-de-liderazgo-en-la-era-digital#breadcrumb"},"inLanguage":"es","potentialAction":[{"@type":"ReadAction","target":["https:\/\/www.isdi.education\/es\/blog\/estilo-de-liderazgo-en-la-era-digital"]}]},{"@type":"ImageObject","inLanguage":"es","@id":"https:\/\/www.isdi.education\/es\/blog\/estilo-de-liderazgo-en-la-era-digital#primaryimage","url":"https:\/\/www.isdi.education\/es\/wp-content\/uploads\/2024\/03\/4083-estilo_de_liderazgo_en_la_era_digital.jpg","contentUrl":"https:\/\/www.isdi.education\/es\/wp-content\/uploads\/2024\/03\/4083-estilo_de_liderazgo_en_la_era_digital.jpg","width":600,"height":400,"caption":"Estilo de liderazgo en la era digital | ISDI"},{"@type":"BreadcrumbList","@id":"https:\/\/www.isdi.education\/es\/blog\/estilo-de-liderazgo-en-la-era-digital#breadcrumb","itemListElement":[{"@type":"ListItem","position":1,"name":"Inicio","item":"https:\/\/www.isdi.education\/es\/"},{"@type":"ListItem","position":2,"name":"Estilo de liderazgo en la era digital | ISDI"}]},{"@type":"WebSite","@id":"https:\/\/www.isdi.education\/es\/#website","url":"https:\/\/www.isdi.education\/es\/","name":"ISDI Espa\u00f1a | La Escuela de Negocios de la Era Digital","description":"Descubre la formaci\u00f3n que te abrir\u00e1 las puertas a la era digital. Entra a formar parte de la primera escuela de negocios y direcci\u00f3n nativa digital.","publisher":{"@id":"https:\/\/www.isdi.education\/es\/#organization"},"inLanguage":"es"},{"@type":"Organization","@id":"https:\/\/www.isdi.education\/es\/#organization","name":"ISDI Espa\u00f1a | La Escuela de Negocios de la Era Digital","url":"https:\/\/www.isdi.education\/es\/","logo":{"@type":"ImageObject","inLanguage":"es","@id":"https:\/\/www.isdi.education\/es\/#\/schema\/logo\/image\/","url":"https:\/\/www.isdi.education\/es\/wp-content\/uploads\/2024\/02\/cropped-Favicon.png","contentUrl":"https:\/\/www.isdi.education\/es\/wp-content\/uploads\/2024\/02\/cropped-Favicon.png","width":512,"height":512,"caption":"ISDI Espa\u00f1a | La Escuela de Negocios de la Era Digital"},"image":{"@id":"https:\/\/www.isdi.education\/es\/#\/schema\/logo\/image\/"},"sameAs":["https:\/\/www.facebook.com\/isdi.education","https:\/\/www.linkedin.com\/school\/isdi\/?originalSubdomain=es","https:\/\/www.instagram.com\/isdi_edu\/?hl=es","https:\/\/www.tiktok.com\/@isdi_edu","https:\/\/www.youtube.com\/user\/ISDItv"]},{"@type":"Person","@id":"https:\/\/www.isdi.education\/es\/#\/schema\/person\/9f30c33eda685abbcfaabf1e7b9e9f76","name":"infofuturo","image":{"@type":"ImageObject","inLanguage":"es","@id":"https:\/\/www.isdi.education\/es\/wp-content\/litespeed\/avatar\/1\/06e1ec358746bcb8bb25471d95ddc6aa.jpg?ver=1777453142","url":"https:\/\/www.isdi.education\/es\/wp-content\/litespeed\/avatar\/1\/06e1ec358746bcb8bb25471d95ddc6aa.jpg?ver=1777453142","contentUrl":"https:\/\/www.isdi.education\/es\/wp-content\/litespeed\/avatar\/1\/06e1ec358746bcb8bb25471d95ddc6aa.jpg?ver=1777453142","caption":"infofuturo"},"url":"https:\/\/www.isdi.education\/es\/author\/infofuturo"}]}},"_links":{"self":[{"href":"https:\/\/www.isdi.education\/es\/wp-json\/wp\/v2\/posts\/14919","targetHints":{"allow":["GET"]}}],"collection":[{"href":"https:\/\/www.isdi.education\/es\/wp-json\/wp\/v2\/posts"}],"about":[{"href":"https:\/\/www.isdi.education\/es\/wp-json\/wp\/v2\/types\/post"}],"author":[{"embeddable":true,"href":"https:\/\/www.isdi.education\/es\/wp-json\/wp\/v2\/users\/23"}],"replies":[{"embeddable":true,"href":"https:\/\/www.isdi.education\/es\/wp-json\/wp\/v2\/comments?post=14919"}],"version-history":[{"count":0,"href":"https:\/\/www.isdi.education\/es\/wp-json\/wp\/v2\/posts\/14919\/revisions"}],"wp:featuredmedia":[{"embeddable":true,"href":"https:\/\/www.isdi.education\/es\/wp-json\/wp\/v2\/media\/14918"}],"wp:attachment":[{"href":"https:\/\/www.isdi.education\/es\/wp-json\/wp\/v2\/media?parent=14919"}],"wp:term":[{"taxonomy":"category","embeddable":true,"href":"https:\/\/www.isdi.education\/es\/wp-json\/wp\/v2\/categories?post=14919"},{"taxonomy":"post_tag","embeddable":true,"href":"https:\/\/www.isdi.education\/es\/wp-json\/wp\/v2\/tags?post=14919"}],"curies":[{"name":"wp","href":"https:\/\/api.w.org\/{rel}","templated":true}]}}