{"id":14856,"date":"2022-10-31T00:00:00","date_gmt":"2022-10-31T00:00:00","guid":{"rendered":"https:\/\/www.isdi.education\/es\/twitter-elon-musk-ceo-futuro-red-social\/"},"modified":"2024-04-23T09:38:30","modified_gmt":"2024-04-23T09:38:30","slug":"twitter-elon-musk-ceo-futuro-red-social","status":"publish","type":"post","link":"https:\/\/www.isdi.education\/es\/blog\/twitter-elon-musk-ceo-futuro-red-social","title":{"rendered":"Y ahora, \u00bfqu\u00e9 vas a hacer con Twitter, Elon? Por Nacho de Pinedo"},"content":{"rendered":"<div id=\"07M-wysiwyg-1\" class=\"07M-wysiwyg anchor--link \" data-anchor-content=\"\">\n<section class=\"wysiwyg mb-xl\">\n<div class=\"wrapper wrapper--small\">\n<div class=\"wysiwyg__content\">\n<div>\n<p style=\"text-align: justify\">Uno de sus argumentos clave para su compra es <strong>devolverle la libertad de informaci\u00f3n a los<\/strong> <strong>usuarios<\/strong>. Seg\u00fan \u00e9l, el algoritmo y la normativa de Twitter son castrativos y pacatos; e impiden que muchos usuarios puedan expresarse con entera libertad.\u00a0Con esta visi\u00f3n, una de sus primeras medidas ser\u00e1 <strong>reinstaurar a personajes a los que Twitter bloque\u00f3 <\/strong>la cuenta por incitar a la violencia o al odio como Trump. Pero una cosa es lo que dice Elon en las redes para atizar la controversia y otra lo que realmente quiere o puede hacer. Jugamos con la certeza de que Elon Musk podr\u00e1 ser un poco megalomaniaco, pero que no es precisamente un est\u00fapido.<\/p>\n<p style=\"text-align: justify\">Si el cambio de Elon para Twitter estuviera basado en liberar el algoritmo para eliminar cualquier tipo de censura,\u00a0eso convertir\u00eda esta red en algo parecido a <a href=\"https:\/\/parler.com\/\" target=\"_self\" rel=\"noopener\"><strong>Parler<\/strong><\/a>.\u00a0Parler es una red social (a la que el pol\u00e9mico rapero Kanye West ha hecho una oferta de compra) que literalmente<strong> permite expresar cualquier tipo de mensaje<\/strong> o salida de tono independientemente de que evidencie odio o violencia.\u00a0Por estas caracter\u00edsticas, Parler se ha convertido en refugio de trumpistas, supremacistas y otros elementos conflictivos que ya no tienen cabida en Twitter. Otra red de este estilo es Truth Social, creada y financiada por Donald Trump para poder <strong>defender a los ciudadanos de la tiran\u00eda de los medios controlados por los liberales y las tecnol\u00f3gicas<\/strong>. \u00bfRelajar\u00e1 Elon las pol\u00edticas de Twitter para evitar las fugas de sus usuarios m\u00e1s exaltados a este tipo de redes? Me cuesta pensar que facilite este tipo de comportamientos que dar\u00eda alas a los ya excesivos <i>haters<\/i> de la plataforma y ahuyentar\u00eda a su base de usuarios m\u00e1s neutra y liberal. Favorecer a este tipo de p\u00fablico colocar\u00eda a Twitter como tribuna de un nicho muy chill\u00f3n pero poco relevante a nivel global.<\/p>\n<div id=\"34M-center-text-2\" class=\"34M-center-text anchor--link \" data-anchor-content=\"\">\n<section class=\"center-text mb-xl\">\n<div class=\"wrapper center-text__wrapper\">\n<p class=\"t-h2 mb-s\"><span class=\"c-primary\">&lt;<\/span>\u00a0El potencial de negocio de la Gen Z es innegable, pero no parece que la estrategia de Elon sea virar Twitter hacia un posicionamiento en el que su conversaci\u00f3n se reduzca en\u00a0profundidad y conexi\u00f3n con la realidad\u00a0<span class=\"c-primary\">&gt;<\/span><\/p>\n<div class=\"wysiwyg center-text__wysi\"><\/div>\n<\/div>\n<\/section>\n<\/div>\n<div id=\"07M-wysiwyg-3\" class=\"07M-wysiwyg anchor--link \" data-anchor-content=\"\">\n<section class=\"wysiwyg mb-xl\">\n<div class=\"wrapper wrapper--small\">\n<div class=\"wysiwyg__content\">\n<div>\n<p>Otra hip\u00f3tesis es que Elon quiera\u00a0<strong>rejuvenecer su actual base de usuarios<\/strong>\u00a0(no nos enga\u00f1emos: los tuiteros somos ya maduritos) invadiendo los espacios de los<strong>\u00a0Gen Z\u00a0<\/strong>actualmente liderados por\u00a0<a href=\"https:\/\/www.instagram.com\/\" target=\"_self\" rel=\"noopener\">Instagram<\/a>,\u00a0<a href=\"https:\/\/www.tiktok.com\/en\/\" target=\"_self\" rel=\"noopener\">Tik Tok<\/a>\u00a0o\u00a0<a href=\"https:\/\/www.twitch.tv\/\" target=\"_self\" rel=\"noopener\">Twitch<\/a>. Elon es consciente de que Twitter ha perdido la batalla de la modernidad frente a estas redes, que han sabido ganarse a los m\u00e1s j\u00f3venes a trav\u00e9s de nuevos\u00a0<i><strong>features<\/strong><\/i><strong>\u00a0cada vez m\u00e1s audiovisuales e instant\u00e1neos<\/strong>, en los que prima la frescura y la improvisaci\u00f3n, pero tambi\u00e9n una \u00edntima conexi\u00f3n con la frivolidad y el culto a la imagen ideal (llega a ser agotador entrar en un entorno en el que la totalidad de los usuarios veranean en playas paradis\u00edacas, son millonarios, superderportistas, guap\u00edsim@s y est\u00e9n siempre de juerga). El potencial de negocio de este target es innegable, pero no parece que la estrategia de Elon sea virar Twitter hacia un posicionamiento en el que su conversaci\u00f3n se reduzca en\u00a0profundidad y conexi\u00f3n con la realidad.<\/p>\n<p>\u00bfQu\u00e9 va ha hacer Elon con Twitter entonces? En mi opini\u00f3n no va a perseguir una mejor monetizaci\u00f3n de la plataforma a corto plazo, sino que va a\u00a0<strong>utilizar la plataforma para lograr objetivos mucho m\u00e1s estrat\u00e9gicos<\/strong>.<\/p>\n<\/div>\n<\/div>\n<\/div>\n<\/section>\n<\/div>\n<div id=\"34M-center-text-4\" class=\"34M-center-text anchor--link \" data-anchor-content=\"\">\n<section class=\"center-text mb-xl\">\n<div class=\"wrapper center-text__wrapper\">\n<p class=\"t-h2 mb-s\"><span class=\"c-primary\">&lt;<\/span>\u00a0Mi apuesta es que Elon Musk primar\u00e1 la calidad de su audiencia y su capacidad de influir en las agendas verdaderamente relevantes\u00a0<span class=\"c-primary\">&gt;<\/span><\/p>\n<div class=\"wysiwyg center-text__wysi\"><\/div>\n<\/div>\n<\/section>\n<\/div>\n<div id=\"07M-wysiwyg-5\" class=\"07M-wysiwyg anchor--link \" data-anchor-content=\"\">\n<section class=\"wysiwyg mb-xl\">\n<div class=\"wrapper wrapper--small\">\n<div class=\"wysiwyg__content\">\n<div>\n<p>Mi apuesta es que quiere\u00a0<strong>convertir Twitter en el ecosistema global de conversaci\u00f3n y de opini\u00f3n con mayor influencia geopol\u00edtica global<\/strong>\u00a0(en el fondo, lo que \u00e9l aspira es ser el editor del Washington Post del futuro), con capacidad de generar prestigio, persuasi\u00f3n, y presi\u00f3n\u00a0<strong>para ayudarle en los objetivos de negocio de sus empresas y en sus sue\u00f1os de grandeza para la humanidad<\/strong>. Para ello, primar\u00e1 la\u00a0<strong>calidad de su audiencia<\/strong>\u00a0y su\u00a0<strong>capacidad de influir en las agendas<\/strong>\u00a0verdaderamente relevantes.\u00a0Desde un punto de vista tecnol\u00f3gico proporcionar\u00e1 herramientas tipo\u00a0<a href=\"https:\/\/discord.com\/\" target=\"_self\" rel=\"noopener\">Discord<\/a>\u00a0para<strong>\u00a0generar foros cerrados\u00a0<\/strong>en los que la conversaci\u00f3n de sus miembros pueda escalar libremente sin asustar al resto (como ocurre en los grupos de Whatsapp) integrando videoconferencia para llevar la conversaci\u00f3n a otro nivel sin tener que salir de la plataforma.\u00a0Este nuevo Twitter generar\u00e1 estad\u00edsticas y res\u00famenes del conjunto de la conversaci\u00f3n y de los contenidos m\u00e1s relevantes, que se difundir\u00e1n a trav\u00e9s de nuevas plataformas de publicaci\u00f3n en formato escrito, audiovisual o podcast. Esto le garantizar\u00e1 disponer de una l\u00ednea editorial de calidad, de consenso y alcance global.<\/p>\n<p>El sue\u00f1o h\u00famedo de un megal\u00f3mano ilustrado a nivel planetario.<\/p>\n<\/div>\n<\/div>\n<\/div>\n<\/section>\n<\/div>\n<div id=\"02M-cards-6\" class=\"02M-cards anchor--link \" data-anchor-content=\"\">\n<section class=\"cards mb-xl\">\n<div class=\"wrapper\">\n<div class=\"module-intro\">\n<div class=\"module-intro__right\"><\/div>\n<\/div>\n<\/div>\n<\/section>\n<\/div>\n<\/div>\n<\/div>\n<\/div>\n<\/section>\n<\/div>\n","protected":false},"excerpt":{"rendered":"<p>La compra de Twitter por Elon Musk ha sido uno de los folletines m\u00e1s seguidos por el entorno tecnol\u00f3gico. Tras mucho tira y afloja, finalmente el magnate se ha hecho con la red social del pajarito. Conseguido este hito, la pregunta es \u00bfy ahora qu\u00e9 vas a hacer con Twitter, Elon?<\/p>\n","protected":false},"author":23,"featured_media":14855,"comment_status":"open","ping_status":"closed","sticky":false,"template":"","format":"standard","meta":{"_acf_changed":false,"footnotes":""},"categories":[1],"tags":[],"class_list":["post-14856","post","type-post","status-publish","format-standard","has-post-thumbnail","hentry","category-noticias-isdi"],"acf":{"photo_gallery":{"galeria":[[]]}},"yoast_head":"<!-- This site is optimized with the Yoast SEO plugin v27.4 - https:\/\/yoast.com\/product\/yoast-seo-wordpress\/ -->\n<title>Y ahora, \u00bfqu\u00e9 vas a hacer con Twitter, Elon?<\/title>\n<meta name=\"description\" content=\"La compra de Twitter por Elon Musk ha sido uno de los folletines m\u00e1s seguidos por el entorno tecnol\u00f3gico. Tras mucho tira y afloja, finalmente el magnate se ha hecho con la red social del pajarito. Conseguido este hito, la pregunta es \u00bfy ahora qu\u00e9 vas a hacer con Twitter, Elon?\" \/>\n<meta name=\"robots\" content=\"index, follow, max-snippet:-1, max-image-preview:large, max-video-preview:-1\" \/>\n<link rel=\"canonical\" href=\"https:\/\/www.isdi.education\/es\/blog\/twitter-elon-musk-ceo-futuro-red-social\" \/>\n<meta property=\"og:locale\" content=\"es_ES\" \/>\n<meta property=\"og:type\" content=\"article\" \/>\n<meta property=\"og:title\" content=\"Y ahora, \u00bfqu\u00e9 vas a hacer con Twitter, Elon?\" \/>\n<meta property=\"og:description\" content=\"La compra de Twitter por Elon Musk ha sido uno de los folletines m\u00e1s seguidos por el entorno tecnol\u00f3gico. Tras mucho tira y afloja, finalmente el magnate se ha hecho con la red social del pajarito. Conseguido este hito, la pregunta es \u00bfy ahora qu\u00e9 vas a hacer con Twitter, Elon?\" \/>\n<meta property=\"og:url\" content=\"https:\/\/www.isdi.education\/es\/blog\/twitter-elon-musk-ceo-futuro-red-social\" \/>\n<meta property=\"og:site_name\" content=\"ISDI Espa\u00f1a\" \/>\n<meta property=\"article:publisher\" content=\"https:\/\/www.facebook.com\/isdi.education\" \/>\n<meta property=\"article:published_time\" content=\"2022-10-31T00:00:00+00:00\" \/>\n<meta property=\"article:modified_time\" content=\"2024-04-23T09:38:30+00:00\" \/>\n<meta property=\"og:image\" content=\"https:\/\/www.isdi.education\/es\/wp-content\/uploads\/2024\/03\/3367-y-ahora-que-vas-a-hacer-con-twitter-elon.jpg\" \/>\n\t<meta property=\"og:image:width\" content=\"600\" \/>\n\t<meta property=\"og:image:height\" content=\"400\" \/>\n\t<meta property=\"og:image:type\" content=\"image\/jpeg\" \/>\n<meta name=\"author\" content=\"infofuturo\" \/>\n<meta name=\"twitter:card\" content=\"summary_large_image\" \/>\n<meta name=\"twitter:label1\" content=\"Escrito por\" \/>\n\t<meta name=\"twitter:data1\" content=\"infofuturo\" \/>\n\t<meta name=\"twitter:label2\" content=\"Tiempo de lectura\" \/>\n\t<meta name=\"twitter:data2\" content=\"4 minutos\" \/>\n<script type=\"application\/ld+json\" class=\"yoast-schema-graph\">{\"@context\":\"https:\\\/\\\/schema.org\",\"@graph\":[{\"@type\":\"Article\",\"@id\":\"https:\\\/\\\/www.isdi.education\\\/es\\\/blog\\\/twitter-elon-musk-ceo-futuro-red-social#article\",\"isPartOf\":{\"@id\":\"https:\\\/\\\/www.isdi.education\\\/es\\\/blog\\\/twitter-elon-musk-ceo-futuro-red-social\"},\"author\":{\"name\":\"infofuturo\",\"@id\":\"https:\\\/\\\/www.isdi.education\\\/es\\\/#\\\/schema\\\/person\\\/9f30c33eda685abbcfaabf1e7b9e9f76\"},\"headline\":\"Y ahora, \u00bfqu\u00e9 vas a hacer con Twitter, Elon? Por Nacho de Pinedo\",\"datePublished\":\"2022-10-31T00:00:00+00:00\",\"dateModified\":\"2024-04-23T09:38:30+00:00\",\"mainEntityOfPage\":{\"@id\":\"https:\\\/\\\/www.isdi.education\\\/es\\\/blog\\\/twitter-elon-musk-ceo-futuro-red-social\"},\"wordCount\":835,\"commentCount\":0,\"publisher\":{\"@id\":\"https:\\\/\\\/www.isdi.education\\\/es\\\/#organization\"},\"image\":{\"@id\":\"https:\\\/\\\/www.isdi.education\\\/es\\\/blog\\\/twitter-elon-musk-ceo-futuro-red-social#primaryimage\"},\"thumbnailUrl\":\"https:\\\/\\\/www.isdi.education\\\/es\\\/wp-content\\\/uploads\\\/2024\\\/03\\\/3367-y-ahora-que-vas-a-hacer-con-twitter-elon.jpg\",\"articleSection\":[\"Noticias ISDI\"],\"inLanguage\":\"es\",\"potentialAction\":[{\"@type\":\"CommentAction\",\"name\":\"Comment\",\"target\":[\"https:\\\/\\\/www.isdi.education\\\/es\\\/blog\\\/twitter-elon-musk-ceo-futuro-red-social#respond\"]}]},{\"@type\":\"WebPage\",\"@id\":\"https:\\\/\\\/www.isdi.education\\\/es\\\/blog\\\/twitter-elon-musk-ceo-futuro-red-social\",\"url\":\"https:\\\/\\\/www.isdi.education\\\/es\\\/blog\\\/twitter-elon-musk-ceo-futuro-red-social\",\"name\":\"Y ahora, \u00bfqu\u00e9 vas a hacer con Twitter, Elon?\",\"isPartOf\":{\"@id\":\"https:\\\/\\\/www.isdi.education\\\/es\\\/#website\"},\"primaryImageOfPage\":{\"@id\":\"https:\\\/\\\/www.isdi.education\\\/es\\\/blog\\\/twitter-elon-musk-ceo-futuro-red-social#primaryimage\"},\"image\":{\"@id\":\"https:\\\/\\\/www.isdi.education\\\/es\\\/blog\\\/twitter-elon-musk-ceo-futuro-red-social#primaryimage\"},\"thumbnailUrl\":\"https:\\\/\\\/www.isdi.education\\\/es\\\/wp-content\\\/uploads\\\/2024\\\/03\\\/3367-y-ahora-que-vas-a-hacer-con-twitter-elon.jpg\",\"datePublished\":\"2022-10-31T00:00:00+00:00\",\"dateModified\":\"2024-04-23T09:38:30+00:00\",\"description\":\"La compra de Twitter por Elon Musk ha sido uno de los folletines m\u00e1s seguidos por el entorno tecnol\u00f3gico. Tras mucho tira y afloja, finalmente el magnate se ha hecho con la red social del pajarito. Conseguido este hito, la pregunta es \u00bfy ahora qu\u00e9 vas a hacer con Twitter, Elon?\",\"breadcrumb\":{\"@id\":\"https:\\\/\\\/www.isdi.education\\\/es\\\/blog\\\/twitter-elon-musk-ceo-futuro-red-social#breadcrumb\"},\"inLanguage\":\"es\",\"potentialAction\":[{\"@type\":\"ReadAction\",\"target\":[\"https:\\\/\\\/www.isdi.education\\\/es\\\/blog\\\/twitter-elon-musk-ceo-futuro-red-social\"]}]},{\"@type\":\"ImageObject\",\"inLanguage\":\"es\",\"@id\":\"https:\\\/\\\/www.isdi.education\\\/es\\\/blog\\\/twitter-elon-musk-ceo-futuro-red-social#primaryimage\",\"url\":\"https:\\\/\\\/www.isdi.education\\\/es\\\/wp-content\\\/uploads\\\/2024\\\/03\\\/3367-y-ahora-que-vas-a-hacer-con-twitter-elon.jpg\",\"contentUrl\":\"https:\\\/\\\/www.isdi.education\\\/es\\\/wp-content\\\/uploads\\\/2024\\\/03\\\/3367-y-ahora-que-vas-a-hacer-con-twitter-elon.jpg\",\"width\":600,\"height\":400,\"caption\":\"Y ahora, \u00bfqu\u00e9 vas a hacer con Twitter, Elon? Por Nacho de Pinedo\"},{\"@type\":\"BreadcrumbList\",\"@id\":\"https:\\\/\\\/www.isdi.education\\\/es\\\/blog\\\/twitter-elon-musk-ceo-futuro-red-social#breadcrumb\",\"itemListElement\":[{\"@type\":\"ListItem\",\"position\":1,\"name\":\"Inicio\",\"item\":\"https:\\\/\\\/www.isdi.education\\\/es\\\/\"},{\"@type\":\"ListItem\",\"position\":2,\"name\":\"Y ahora, \u00bfqu\u00e9 vas a hacer con Twitter, Elon? Por Nacho de Pinedo\"}]},{\"@type\":\"WebSite\",\"@id\":\"https:\\\/\\\/www.isdi.education\\\/es\\\/#website\",\"url\":\"https:\\\/\\\/www.isdi.education\\\/es\\\/\",\"name\":\"ISDI Espa\u00f1a | La Escuela de Negocios de la Era Digital\",\"description\":\"Descubre la formaci\u00f3n que te abrir\u00e1 las puertas a la era digital. Entra a formar parte de la primera escuela de negocios y direcci\u00f3n nativa digital.\",\"publisher\":{\"@id\":\"https:\\\/\\\/www.isdi.education\\\/es\\\/#organization\"},\"inLanguage\":\"es\"},{\"@type\":\"Organization\",\"@id\":\"https:\\\/\\\/www.isdi.education\\\/es\\\/#organization\",\"name\":\"ISDI Espa\u00f1a | La Escuela de Negocios de la Era Digital\",\"url\":\"https:\\\/\\\/www.isdi.education\\\/es\\\/\",\"logo\":{\"@type\":\"ImageObject\",\"inLanguage\":\"es\",\"@id\":\"https:\\\/\\\/www.isdi.education\\\/es\\\/#\\\/schema\\\/logo\\\/image\\\/\",\"url\":\"https:\\\/\\\/www.isdi.education\\\/es\\\/wp-content\\\/uploads\\\/2024\\\/02\\\/cropped-Favicon.png\",\"contentUrl\":\"https:\\\/\\\/www.isdi.education\\\/es\\\/wp-content\\\/uploads\\\/2024\\\/02\\\/cropped-Favicon.png\",\"width\":512,\"height\":512,\"caption\":\"ISDI Espa\u00f1a | La Escuela de Negocios de la Era Digital\"},\"image\":{\"@id\":\"https:\\\/\\\/www.isdi.education\\\/es\\\/#\\\/schema\\\/logo\\\/image\\\/\"},\"sameAs\":[\"https:\\\/\\\/www.facebook.com\\\/isdi.education\",\"https:\\\/\\\/www.linkedin.com\\\/school\\\/isdi\\\/?originalSubdomain=es\",\"https:\\\/\\\/www.instagram.com\\\/isdi_edu\\\/?hl=es\",\"https:\\\/\\\/www.tiktok.com\\\/@isdi_edu\",\"https:\\\/\\\/www.youtube.com\\\/user\\\/ISDItv\"]},{\"@type\":\"Person\",\"@id\":\"https:\\\/\\\/www.isdi.education\\\/es\\\/#\\\/schema\\\/person\\\/9f30c33eda685abbcfaabf1e7b9e9f76\",\"name\":\"infofuturo\",\"image\":{\"@type\":\"ImageObject\",\"inLanguage\":\"es\",\"@id\":\"https:\\\/\\\/www.isdi.education\\\/es\\\/wp-content\\\/litespeed\\\/avatar\\\/1\\\/06e1ec358746bcb8bb25471d95ddc6aa.jpg?ver=1776848319\",\"url\":\"https:\\\/\\\/www.isdi.education\\\/es\\\/wp-content\\\/litespeed\\\/avatar\\\/1\\\/06e1ec358746bcb8bb25471d95ddc6aa.jpg?ver=1776848319\",\"contentUrl\":\"https:\\\/\\\/www.isdi.education\\\/es\\\/wp-content\\\/litespeed\\\/avatar\\\/1\\\/06e1ec358746bcb8bb25471d95ddc6aa.jpg?ver=1776848319\",\"caption\":\"infofuturo\"},\"url\":\"https:\\\/\\\/www.isdi.education\\\/es\\\/author\\\/infofuturo\"}]}<\/script>\n<!-- \/ Yoast SEO plugin. -->","yoast_head_json":{"title":"Y ahora, \u00bfqu\u00e9 vas a hacer con Twitter, Elon?","description":"La compra de Twitter por Elon Musk ha sido uno de los folletines m\u00e1s seguidos por el entorno tecnol\u00f3gico. Tras mucho tira y afloja, finalmente el magnate se ha hecho con la red social del pajarito. Conseguido este hito, la pregunta es \u00bfy ahora qu\u00e9 vas a hacer con Twitter, Elon?","robots":{"index":"index","follow":"follow","max-snippet":"max-snippet:-1","max-image-preview":"max-image-preview:large","max-video-preview":"max-video-preview:-1"},"canonical":"https:\/\/www.isdi.education\/es\/blog\/twitter-elon-musk-ceo-futuro-red-social","og_locale":"es_ES","og_type":"article","og_title":"Y ahora, \u00bfqu\u00e9 vas a hacer con Twitter, Elon?","og_description":"La compra de Twitter por Elon Musk ha sido uno de los folletines m\u00e1s seguidos por el entorno tecnol\u00f3gico. Tras mucho tira y afloja, finalmente el magnate se ha hecho con la red social del pajarito. Conseguido este hito, la pregunta es \u00bfy ahora qu\u00e9 vas a hacer con Twitter, Elon?","og_url":"https:\/\/www.isdi.education\/es\/blog\/twitter-elon-musk-ceo-futuro-red-social","og_site_name":"ISDI Espa\u00f1a","article_publisher":"https:\/\/www.facebook.com\/isdi.education","article_published_time":"2022-10-31T00:00:00+00:00","article_modified_time":"2024-04-23T09:38:30+00:00","og_image":[{"width":600,"height":400,"url":"https:\/\/www.isdi.education\/es\/wp-content\/uploads\/2024\/03\/3367-y-ahora-que-vas-a-hacer-con-twitter-elon.jpg","type":"image\/jpeg"}],"author":"infofuturo","twitter_card":"summary_large_image","twitter_misc":{"Escrito por":"infofuturo","Tiempo de lectura":"4 minutos"},"schema":{"@context":"https:\/\/schema.org","@graph":[{"@type":"Article","@id":"https:\/\/www.isdi.education\/es\/blog\/twitter-elon-musk-ceo-futuro-red-social#article","isPartOf":{"@id":"https:\/\/www.isdi.education\/es\/blog\/twitter-elon-musk-ceo-futuro-red-social"},"author":{"name":"infofuturo","@id":"https:\/\/www.isdi.education\/es\/#\/schema\/person\/9f30c33eda685abbcfaabf1e7b9e9f76"},"headline":"Y ahora, \u00bfqu\u00e9 vas a hacer con Twitter, Elon? Por Nacho de Pinedo","datePublished":"2022-10-31T00:00:00+00:00","dateModified":"2024-04-23T09:38:30+00:00","mainEntityOfPage":{"@id":"https:\/\/www.isdi.education\/es\/blog\/twitter-elon-musk-ceo-futuro-red-social"},"wordCount":835,"commentCount":0,"publisher":{"@id":"https:\/\/www.isdi.education\/es\/#organization"},"image":{"@id":"https:\/\/www.isdi.education\/es\/blog\/twitter-elon-musk-ceo-futuro-red-social#primaryimage"},"thumbnailUrl":"https:\/\/www.isdi.education\/es\/wp-content\/uploads\/2024\/03\/3367-y-ahora-que-vas-a-hacer-con-twitter-elon.jpg","articleSection":["Noticias ISDI"],"inLanguage":"es","potentialAction":[{"@type":"CommentAction","name":"Comment","target":["https:\/\/www.isdi.education\/es\/blog\/twitter-elon-musk-ceo-futuro-red-social#respond"]}]},{"@type":"WebPage","@id":"https:\/\/www.isdi.education\/es\/blog\/twitter-elon-musk-ceo-futuro-red-social","url":"https:\/\/www.isdi.education\/es\/blog\/twitter-elon-musk-ceo-futuro-red-social","name":"Y ahora, \u00bfqu\u00e9 vas a hacer con Twitter, Elon?","isPartOf":{"@id":"https:\/\/www.isdi.education\/es\/#website"},"primaryImageOfPage":{"@id":"https:\/\/www.isdi.education\/es\/blog\/twitter-elon-musk-ceo-futuro-red-social#primaryimage"},"image":{"@id":"https:\/\/www.isdi.education\/es\/blog\/twitter-elon-musk-ceo-futuro-red-social#primaryimage"},"thumbnailUrl":"https:\/\/www.isdi.education\/es\/wp-content\/uploads\/2024\/03\/3367-y-ahora-que-vas-a-hacer-con-twitter-elon.jpg","datePublished":"2022-10-31T00:00:00+00:00","dateModified":"2024-04-23T09:38:30+00:00","description":"La compra de Twitter por Elon Musk ha sido uno de los folletines m\u00e1s seguidos por el entorno tecnol\u00f3gico. Tras mucho tira y afloja, finalmente el magnate se ha hecho con la red social del pajarito. Conseguido este hito, la pregunta es \u00bfy ahora qu\u00e9 vas a hacer con Twitter, Elon?","breadcrumb":{"@id":"https:\/\/www.isdi.education\/es\/blog\/twitter-elon-musk-ceo-futuro-red-social#breadcrumb"},"inLanguage":"es","potentialAction":[{"@type":"ReadAction","target":["https:\/\/www.isdi.education\/es\/blog\/twitter-elon-musk-ceo-futuro-red-social"]}]},{"@type":"ImageObject","inLanguage":"es","@id":"https:\/\/www.isdi.education\/es\/blog\/twitter-elon-musk-ceo-futuro-red-social#primaryimage","url":"https:\/\/www.isdi.education\/es\/wp-content\/uploads\/2024\/03\/3367-y-ahora-que-vas-a-hacer-con-twitter-elon.jpg","contentUrl":"https:\/\/www.isdi.education\/es\/wp-content\/uploads\/2024\/03\/3367-y-ahora-que-vas-a-hacer-con-twitter-elon.jpg","width":600,"height":400,"caption":"Y ahora, \u00bfqu\u00e9 vas a hacer con Twitter, Elon? Por Nacho de Pinedo"},{"@type":"BreadcrumbList","@id":"https:\/\/www.isdi.education\/es\/blog\/twitter-elon-musk-ceo-futuro-red-social#breadcrumb","itemListElement":[{"@type":"ListItem","position":1,"name":"Inicio","item":"https:\/\/www.isdi.education\/es\/"},{"@type":"ListItem","position":2,"name":"Y ahora, \u00bfqu\u00e9 vas a hacer con Twitter, Elon? Por Nacho de Pinedo"}]},{"@type":"WebSite","@id":"https:\/\/www.isdi.education\/es\/#website","url":"https:\/\/www.isdi.education\/es\/","name":"ISDI Espa\u00f1a | La Escuela de Negocios de la Era Digital","description":"Descubre la formaci\u00f3n que te abrir\u00e1 las puertas a la era digital. Entra a formar parte de la primera escuela de negocios y direcci\u00f3n nativa digital.","publisher":{"@id":"https:\/\/www.isdi.education\/es\/#organization"},"inLanguage":"es"},{"@type":"Organization","@id":"https:\/\/www.isdi.education\/es\/#organization","name":"ISDI Espa\u00f1a | La Escuela de Negocios de la Era Digital","url":"https:\/\/www.isdi.education\/es\/","logo":{"@type":"ImageObject","inLanguage":"es","@id":"https:\/\/www.isdi.education\/es\/#\/schema\/logo\/image\/","url":"https:\/\/www.isdi.education\/es\/wp-content\/uploads\/2024\/02\/cropped-Favicon.png","contentUrl":"https:\/\/www.isdi.education\/es\/wp-content\/uploads\/2024\/02\/cropped-Favicon.png","width":512,"height":512,"caption":"ISDI Espa\u00f1a | La Escuela de Negocios de la Era Digital"},"image":{"@id":"https:\/\/www.isdi.education\/es\/#\/schema\/logo\/image\/"},"sameAs":["https:\/\/www.facebook.com\/isdi.education","https:\/\/www.linkedin.com\/school\/isdi\/?originalSubdomain=es","https:\/\/www.instagram.com\/isdi_edu\/?hl=es","https:\/\/www.tiktok.com\/@isdi_edu","https:\/\/www.youtube.com\/user\/ISDItv"]},{"@type":"Person","@id":"https:\/\/www.isdi.education\/es\/#\/schema\/person\/9f30c33eda685abbcfaabf1e7b9e9f76","name":"infofuturo","image":{"@type":"ImageObject","inLanguage":"es","@id":"https:\/\/www.isdi.education\/es\/wp-content\/litespeed\/avatar\/1\/06e1ec358746bcb8bb25471d95ddc6aa.jpg?ver=1776848319","url":"https:\/\/www.isdi.education\/es\/wp-content\/litespeed\/avatar\/1\/06e1ec358746bcb8bb25471d95ddc6aa.jpg?ver=1776848319","contentUrl":"https:\/\/www.isdi.education\/es\/wp-content\/litespeed\/avatar\/1\/06e1ec358746bcb8bb25471d95ddc6aa.jpg?ver=1776848319","caption":"infofuturo"},"url":"https:\/\/www.isdi.education\/es\/author\/infofuturo"}]}},"_links":{"self":[{"href":"https:\/\/www.isdi.education\/es\/wp-json\/wp\/v2\/posts\/14856","targetHints":{"allow":["GET"]}}],"collection":[{"href":"https:\/\/www.isdi.education\/es\/wp-json\/wp\/v2\/posts"}],"about":[{"href":"https:\/\/www.isdi.education\/es\/wp-json\/wp\/v2\/types\/post"}],"author":[{"embeddable":true,"href":"https:\/\/www.isdi.education\/es\/wp-json\/wp\/v2\/users\/23"}],"replies":[{"embeddable":true,"href":"https:\/\/www.isdi.education\/es\/wp-json\/wp\/v2\/comments?post=14856"}],"version-history":[{"count":0,"href":"https:\/\/www.isdi.education\/es\/wp-json\/wp\/v2\/posts\/14856\/revisions"}],"wp:featuredmedia":[{"embeddable":true,"href":"https:\/\/www.isdi.education\/es\/wp-json\/wp\/v2\/media\/14855"}],"wp:attachment":[{"href":"https:\/\/www.isdi.education\/es\/wp-json\/wp\/v2\/media?parent=14856"}],"wp:term":[{"taxonomy":"category","embeddable":true,"href":"https:\/\/www.isdi.education\/es\/wp-json\/wp\/v2\/categories?post=14856"},{"taxonomy":"post_tag","embeddable":true,"href":"https:\/\/www.isdi.education\/es\/wp-json\/wp\/v2\/tags?post=14856"}],"curies":[{"name":"wp","href":"https:\/\/api.w.org\/{rel}","templated":true}]}}