{"id":14764,"date":"2022-04-21T00:00:00","date_gmt":"2022-04-21T00:00:00","guid":{"rendered":"https:\/\/www.isdi.education\/es\/isdi-malaga-centro-de-aceleracion-digital\/"},"modified":"2024-04-29T13:54:49","modified_gmt":"2024-04-29T13:54:49","slug":"isdi-malaga-centro-de-aceleracion-digital","status":"publish","type":"post","link":"https:\/\/www.isdi.education\/es\/blog\/isdi-malaga-centro-de-aceleracion-digital","title":{"rendered":"ISDI desembarca en M\u00e1laga creando el primer  Centro de Aceleraci\u00f3n Digital"},"content":{"rendered":"<div id=\"07M-wysiwyg-1\" class=\"07M-wysiwyg anchor--link \" data-anchor-content=\"\">\n<section class=\"wysiwyg mb-xl\">\n<div class=\"wrapper wrapper--small\">\n<div class=\"wysiwyg__content\">\n<div>\n<p style=\"text-align: justify;\">El alcalde de M\u00e1laga, Francisco de la Torre, la Secretaria de Estado de Digitalizaci\u00f3n e Inteligencia Artificial, Carme Artigas, y el ex Director general de Google, Fundador de ISDI y ahora Presidente del grupo educativo <a href=\"https:\/\/digitalent.group\/\" target=\"_self\" rel=\"noopener\"><strong>DIGITALENT<\/strong><\/a> (compuesto por las escuelas de negocio y tecnolog\u00eda <strong>ISDI<\/strong>, <strong>ISDI Coders<\/strong>, <strong>GMQTech<\/strong>,<strong> IEBS<\/strong>, <strong>ISDE<\/strong> y <strong>ESERP<\/strong>), <a href=\"https:\/\/es.linkedin.com\/in\/javierrodriguezzapatero\" target=\"_self\" rel=\"noopener\"><strong>Javier Rodr\u00edguez Zapatero<\/strong><\/a>, han comparecido en el Sal\u00f3n de los Espejos del Ayuntamiento de M\u00e1laga para informar acerca de la creaci\u00f3n del Centro de Aceleraci\u00f3n Digital de M\u00e1laga.<\/p>\n<p style=\"text-align: justify;\"><i><strong>M\u00e1laga Digital Acceleration Center<\/strong><\/i> ser\u00e1 un espacio educativo en el que ISDI, como grupo l\u00edder en formaci\u00f3n de negocio y tecnolog\u00eda digital, impartir\u00e1 cursos de negocio digital para profesionales y empresas, bootcamps de programaci\u00f3n, formaci\u00f3n profesional de inform\u00e1tica y masters de ciberseguridad e inteligencia artificial.<\/p>\n<p style=\"text-align: justify;\">El Centro de Aceleraci\u00f3n Digital tendr\u00e1 sus instalaciones en el espacio de oficinas de la Estaci\u00f3n de Autobuses de M\u00e1laga, un nodo de comunicaciones situado estrat\u00e9gicamente y que se convertir\u00e1 de este modo en otro punto significativo del ecosistema innovador de la ciudad de M\u00e1laga. Tal y como ha explicado Rodr\u00edguez Zapatero, en este espacio se ubicar\u00e1n las aulas de <strong>ISDI Business School <\/strong>para formaci\u00f3n de profesionales y empresas en negocio digital, marketing digital, ecommerce o data analytics; los bootcamps de Programaci\u00f3n de<strong> ISDI Coders<\/strong> y el centro de Formaci\u00f3n Profesional de Inform\u00e1tica y Tecnolog\u00eda <strong>GMQTech<\/strong>.<\/p>\n<p><img fetchpriority=\"high\" decoding=\"async\" class=\"alignnone size-full wp-image-22402\" src=\"https:\/\/www.isdi.education\/es\/wp-content\/uploads\/2022\/04\/2008-Captura-de-pantalla-2022-04-21-a-las-19.16.54.webp\" alt=\"ISDI M\u00e1laga centro de aceleraci\u00f3n digital\" width=\"1050\" height=\"450\" srcset=\"https:\/\/www.isdi.education\/es\/wp-content\/uploads\/2022\/04\/2008-Captura-de-pantalla-2022-04-21-a-las-19.16.54.webp 1050w, https:\/\/www.isdi.education\/es\/wp-content\/uploads\/2022\/04\/2008-Captura-de-pantalla-2022-04-21-a-las-19.16.54-300x129.webp 300w, https:\/\/www.isdi.education\/es\/wp-content\/uploads\/2022\/04\/2008-Captura-de-pantalla-2022-04-21-a-las-19.16.54-1024x439.webp 1024w, https:\/\/www.isdi.education\/es\/wp-content\/uploads\/2022\/04\/2008-Captura-de-pantalla-2022-04-21-a-las-19.16.54-768x329.webp 768w\" sizes=\"(max-width: 1050px) 100vw, 1050px\" \/><\/p>\n<p>El alcalde ha explicado que la labor del Ayuntamiento ha consistido en ayudar a ISDI a buscar un emplazamiento adecuado teniendo en cuenta sus necesidades y la realizaci\u00f3n de los tr\u00e1mites necesarios para poner en marcha el proyecto. De la Torre se ha mostrado satisfecho de que de nuevo la formaci\u00f3n de alto nivel en materia de innovaci\u00f3n apueste por M\u00e1laga como sede.\u00a0\u201c<i>La elecci\u00f3n de M\u00e1laga por una iniciativa puntera como \u00e9sta no es, una vez m\u00e1s, casualidad sino fruto del intenso trabajo llevado a cabo desde el Ayuntamiento en coordinaci\u00f3n con otras administraciones y empresas para<strong>\u00a0hacer de M\u00e1laga un hub de innovaci\u00f3n referente en la captaci\u00f3n de talento<\/strong><\/i>\u201d\u00a0ha explicado de la Torre, que ha valorado asimismo la oportunidad que supone este proyecto en cuanto a la creaci\u00f3n de sinergias \u00a0con otros centros, entidades y empresas de la ciudad que est\u00e1n remando en la misma direcci\u00f3n y su contribuci\u00f3n en la formaci\u00f3n de trabajadores preparados con los perfiles que demanda el mercado.<\/p>\n<p>Por su parte, Javier Rodr\u00edguez Zapatero a\u00f1ad\u00eda que \u201c<i>como miembro fundador de M\u00e1laga Valley y andaluz, es para m\u00ed un orgullo aportar la experiencia, metodolog\u00eda y contenidos de ISDI, Coders y GMQTech al proyecto estrat\u00e9gico de M\u00e1laga,\u00a0<strong>dando servicio a las necesidades actuales y futuras de digitalizaci\u00f3n\u00a0<\/strong>de la juventud en b\u00fasqueda de un primer trabajo, de los profesionales que quieran reciclarse para encaminar su carrera profesional hacia el entorno digital y especialmente de las empresas del Parque Tecnol\u00f3gico<\/i>\u201d.<\/p>\n<p>Para clausurar la presentaci\u00f3n y rueda de prensa,\u00a0<strong>Carme Artigas<\/strong>\u00a0a\u00f1ad\u00eda \u201c<i>si algo tenemos claro es que\u00a0<strong>el talento digital es el catalizador esencial para una transformaci\u00f3n digital de \u00e9xito<\/strong>, el activo clave que va a definir el\u00a0impacto social y econ\u00f3mico de nuestro proceso de digitalizaci\u00f3n. La apertura de centros como este son la prueba de que ya estamos abordando la educaci\u00f3n de manera acorde\u00a0al dinamismo y la constante evoluci\u00f3n del nuevo mundo digital en el que vivimos<\/i>\u201d.<\/p>\n<p>Las clases en M\u00e1laga Digital Acceleration Center, el Centro de Aceleraci\u00f3n Digital que se ha presentado, de los diferentes programas para Formaci\u00f3n Profesional (FP) de inform\u00e1tica para j\u00f3venes, reciclaje digital para adultos y de transformaci\u00f3n digital para empresas comenzar\u00e1n a impartirse en unos meses, tan pronto como finalicen las obras de habilitaci\u00f3n que ya est\u00e1n en marcha. Las personas interesadas pueden informarse en\u00a0<a href=\"https:\/\/www.cadmalaga.es\/\" target=\"_self\" rel=\"noopener\">www.cadmalaga.es<\/a>.<\/p>\n<\/div>\n<\/div>\n<\/div>\n<\/section>\n<\/div>\n","protected":false},"excerpt":{"rendered":"<p>El grupo DIGITALENT crea un centro de innovaci\u00f3n en el que se impartir\u00e1 formaci\u00f3n en negocio digital, tecnolog\u00eda y programaci\u00f3n para profesionales, estudiantes y empresas.<\/p>\n","protected":false},"author":23,"featured_media":14763,"comment_status":"open","ping_status":"closed","sticky":false,"template":"","format":"standard","meta":{"_acf_changed":false,"footnotes":""},"categories":[1],"tags":[],"class_list":["post-14764","post","type-post","status-publish","format-standard","has-post-thumbnail","hentry","category-noticias-isdi"],"acf":{"photo_gallery":{"galeria":[[]]}},"yoast_head":"<!-- This site is optimized with the Yoast SEO plugin v27.4 - https:\/\/yoast.com\/product\/yoast-seo-wordpress\/ -->\n<title>ISDI desembarca en M\u00e1laga creando el primer Centro de Aceleraci\u00f3n Digital<\/title>\n<meta name=\"description\" content=\"El grupo DIGITALENT crea un centro de innovaci\u00f3n en el que se impartir\u00e1 formaci\u00f3n en negocio digital, tecnolog\u00eda y programaci\u00f3n para profesionales, estudiantes y empresas.\" \/>\n<meta name=\"robots\" content=\"index, follow, max-snippet:-1, max-image-preview:large, max-video-preview:-1\" \/>\n<link rel=\"canonical\" href=\"https:\/\/www.isdi.education\/es\/blog\/isdi-malaga-centro-de-aceleracion-digital\" \/>\n<meta property=\"og:locale\" content=\"es_ES\" \/>\n<meta property=\"og:type\" content=\"article\" \/>\n<meta property=\"og:title\" content=\"ISDI desembarca en M\u00e1laga creando el primer Centro de Aceleraci\u00f3n Digital\" \/>\n<meta property=\"og:description\" content=\"El grupo DIGITALENT crea un centro de innovaci\u00f3n en el que se impartir\u00e1 formaci\u00f3n en negocio digital, tecnolog\u00eda y programaci\u00f3n para profesionales, estudiantes y empresas.\" \/>\n<meta property=\"og:url\" content=\"https:\/\/www.isdi.education\/es\/blog\/isdi-malaga-centro-de-aceleracion-digital\" \/>\n<meta property=\"og:site_name\" content=\"ISDI Espa\u00f1a\" \/>\n<meta property=\"article:publisher\" content=\"https:\/\/www.facebook.com\/isdi.education\" \/>\n<meta property=\"article:published_time\" content=\"2022-04-21T00:00:00+00:00\" \/>\n<meta property=\"article:modified_time\" content=\"2024-04-29T13:54:49+00:00\" \/>\n<meta property=\"og:image\" content=\"https:\/\/www.isdi.education\/es\/wp-content\/uploads\/2024\/03\/2009-_DSC9033.jpg\" \/>\n\t<meta property=\"og:image:width\" content=\"600\" \/>\n\t<meta property=\"og:image:height\" content=\"400\" \/>\n\t<meta property=\"og:image:type\" content=\"image\/jpeg\" \/>\n<meta name=\"author\" content=\"infofuturo\" \/>\n<meta name=\"twitter:card\" content=\"summary_large_image\" \/>\n<meta name=\"twitter:label1\" content=\"Escrito por\" \/>\n\t<meta name=\"twitter:data1\" content=\"infofuturo\" \/>\n\t<meta name=\"twitter:label2\" content=\"Tiempo de lectura\" \/>\n\t<meta name=\"twitter:data2\" content=\"3 minutos\" \/>\n<script type=\"application\/ld+json\" class=\"yoast-schema-graph\">{\"@context\":\"https:\\\/\\\/schema.org\",\"@graph\":[{\"@type\":\"Article\",\"@id\":\"https:\\\/\\\/www.isdi.education\\\/es\\\/blog\\\/isdi-malaga-centro-de-aceleracion-digital#article\",\"isPartOf\":{\"@id\":\"https:\\\/\\\/www.isdi.education\\\/es\\\/blog\\\/isdi-malaga-centro-de-aceleracion-digital\"},\"author\":{\"name\":\"infofuturo\",\"@id\":\"https:\\\/\\\/www.isdi.education\\\/es\\\/#\\\/schema\\\/person\\\/9f30c33eda685abbcfaabf1e7b9e9f76\"},\"headline\":\"ISDI desembarca en M\u00e1laga creando el primer Centro de Aceleraci\u00f3n Digital\",\"datePublished\":\"2022-04-21T00:00:00+00:00\",\"dateModified\":\"2024-04-29T13:54:49+00:00\",\"mainEntityOfPage\":{\"@id\":\"https:\\\/\\\/www.isdi.education\\\/es\\\/blog\\\/isdi-malaga-centro-de-aceleracion-digital\"},\"wordCount\":696,\"commentCount\":0,\"publisher\":{\"@id\":\"https:\\\/\\\/www.isdi.education\\\/es\\\/#organization\"},\"image\":{\"@id\":\"https:\\\/\\\/www.isdi.education\\\/es\\\/blog\\\/isdi-malaga-centro-de-aceleracion-digital#primaryimage\"},\"thumbnailUrl\":\"https:\\\/\\\/www.isdi.education\\\/es\\\/wp-content\\\/uploads\\\/2024\\\/03\\\/2009-_DSC9033.jpg\",\"articleSection\":[\"Noticias ISDI\"],\"inLanguage\":\"es\",\"potentialAction\":[{\"@type\":\"CommentAction\",\"name\":\"Comment\",\"target\":[\"https:\\\/\\\/www.isdi.education\\\/es\\\/blog\\\/isdi-malaga-centro-de-aceleracion-digital#respond\"]}]},{\"@type\":\"WebPage\",\"@id\":\"https:\\\/\\\/www.isdi.education\\\/es\\\/blog\\\/isdi-malaga-centro-de-aceleracion-digital\",\"url\":\"https:\\\/\\\/www.isdi.education\\\/es\\\/blog\\\/isdi-malaga-centro-de-aceleracion-digital\",\"name\":\"ISDI desembarca en M\u00e1laga creando el primer Centro de Aceleraci\u00f3n Digital\",\"isPartOf\":{\"@id\":\"https:\\\/\\\/www.isdi.education\\\/es\\\/#website\"},\"primaryImageOfPage\":{\"@id\":\"https:\\\/\\\/www.isdi.education\\\/es\\\/blog\\\/isdi-malaga-centro-de-aceleracion-digital#primaryimage\"},\"image\":{\"@id\":\"https:\\\/\\\/www.isdi.education\\\/es\\\/blog\\\/isdi-malaga-centro-de-aceleracion-digital#primaryimage\"},\"thumbnailUrl\":\"https:\\\/\\\/www.isdi.education\\\/es\\\/wp-content\\\/uploads\\\/2024\\\/03\\\/2009-_DSC9033.jpg\",\"datePublished\":\"2022-04-21T00:00:00+00:00\",\"dateModified\":\"2024-04-29T13:54:49+00:00\",\"description\":\"El grupo DIGITALENT crea un centro de innovaci\u00f3n en el que se impartir\u00e1 formaci\u00f3n en negocio digital, tecnolog\u00eda y programaci\u00f3n para profesionales, estudiantes y empresas.\",\"breadcrumb\":{\"@id\":\"https:\\\/\\\/www.isdi.education\\\/es\\\/blog\\\/isdi-malaga-centro-de-aceleracion-digital#breadcrumb\"},\"inLanguage\":\"es\",\"potentialAction\":[{\"@type\":\"ReadAction\",\"target\":[\"https:\\\/\\\/www.isdi.education\\\/es\\\/blog\\\/isdi-malaga-centro-de-aceleracion-digital\"]}]},{\"@type\":\"ImageObject\",\"inLanguage\":\"es\",\"@id\":\"https:\\\/\\\/www.isdi.education\\\/es\\\/blog\\\/isdi-malaga-centro-de-aceleracion-digital#primaryimage\",\"url\":\"https:\\\/\\\/www.isdi.education\\\/es\\\/wp-content\\\/uploads\\\/2024\\\/03\\\/2009-_DSC9033.jpg\",\"contentUrl\":\"https:\\\/\\\/www.isdi.education\\\/es\\\/wp-content\\\/uploads\\\/2024\\\/03\\\/2009-_DSC9033.jpg\",\"width\":600,\"height\":400,\"caption\":\"ISDI desembarca en M\u00e1laga creando el primer Centro de Aceleraci\u00f3n Digital\"},{\"@type\":\"BreadcrumbList\",\"@id\":\"https:\\\/\\\/www.isdi.education\\\/es\\\/blog\\\/isdi-malaga-centro-de-aceleracion-digital#breadcrumb\",\"itemListElement\":[{\"@type\":\"ListItem\",\"position\":1,\"name\":\"Inicio\",\"item\":\"https:\\\/\\\/www.isdi.education\\\/es\\\/\"},{\"@type\":\"ListItem\",\"position\":2,\"name\":\"ISDI desembarca en M\u00e1laga creando el primer Centro de Aceleraci\u00f3n Digital\"}]},{\"@type\":\"WebSite\",\"@id\":\"https:\\\/\\\/www.isdi.education\\\/es\\\/#website\",\"url\":\"https:\\\/\\\/www.isdi.education\\\/es\\\/\",\"name\":\"ISDI Espa\u00f1a | La Escuela de Negocios de la Era Digital\",\"description\":\"Descubre la formaci\u00f3n que te abrir\u00e1 las puertas a la era digital. Entra a formar parte de la primera escuela de negocios y direcci\u00f3n nativa digital.\",\"publisher\":{\"@id\":\"https:\\\/\\\/www.isdi.education\\\/es\\\/#organization\"},\"inLanguage\":\"es\"},{\"@type\":\"Organization\",\"@id\":\"https:\\\/\\\/www.isdi.education\\\/es\\\/#organization\",\"name\":\"ISDI Espa\u00f1a | La Escuela de Negocios de la Era Digital\",\"url\":\"https:\\\/\\\/www.isdi.education\\\/es\\\/\",\"logo\":{\"@type\":\"ImageObject\",\"inLanguage\":\"es\",\"@id\":\"https:\\\/\\\/www.isdi.education\\\/es\\\/#\\\/schema\\\/logo\\\/image\\\/\",\"url\":\"https:\\\/\\\/www.isdi.education\\\/es\\\/wp-content\\\/uploads\\\/2024\\\/02\\\/cropped-Favicon.png\",\"contentUrl\":\"https:\\\/\\\/www.isdi.education\\\/es\\\/wp-content\\\/uploads\\\/2024\\\/02\\\/cropped-Favicon.png\",\"width\":512,\"height\":512,\"caption\":\"ISDI Espa\u00f1a | La Escuela de Negocios de la Era Digital\"},\"image\":{\"@id\":\"https:\\\/\\\/www.isdi.education\\\/es\\\/#\\\/schema\\\/logo\\\/image\\\/\"},\"sameAs\":[\"https:\\\/\\\/www.facebook.com\\\/isdi.education\",\"https:\\\/\\\/www.linkedin.com\\\/school\\\/isdi\\\/?originalSubdomain=es\",\"https:\\\/\\\/www.instagram.com\\\/isdi_edu\\\/?hl=es\",\"https:\\\/\\\/www.tiktok.com\\\/@isdi_edu\",\"https:\\\/\\\/www.youtube.com\\\/user\\\/ISDItv\"]},{\"@type\":\"Person\",\"@id\":\"https:\\\/\\\/www.isdi.education\\\/es\\\/#\\\/schema\\\/person\\\/9f30c33eda685abbcfaabf1e7b9e9f76\",\"name\":\"infofuturo\",\"image\":{\"@type\":\"ImageObject\",\"inLanguage\":\"es\",\"@id\":\"https:\\\/\\\/www.isdi.education\\\/es\\\/wp-content\\\/litespeed\\\/avatar\\\/1\\\/06e1ec358746bcb8bb25471d95ddc6aa.jpg?ver=1777453142\",\"url\":\"https:\\\/\\\/www.isdi.education\\\/es\\\/wp-content\\\/litespeed\\\/avatar\\\/1\\\/06e1ec358746bcb8bb25471d95ddc6aa.jpg?ver=1777453142\",\"contentUrl\":\"https:\\\/\\\/www.isdi.education\\\/es\\\/wp-content\\\/litespeed\\\/avatar\\\/1\\\/06e1ec358746bcb8bb25471d95ddc6aa.jpg?ver=1777453142\",\"caption\":\"infofuturo\"},\"url\":\"https:\\\/\\\/www.isdi.education\\\/es\\\/author\\\/infofuturo\"}]}<\/script>\n<!-- \/ Yoast SEO plugin. -->","yoast_head_json":{"title":"ISDI desembarca en M\u00e1laga creando el primer Centro de Aceleraci\u00f3n Digital","description":"El grupo DIGITALENT crea un centro de innovaci\u00f3n en el que se impartir\u00e1 formaci\u00f3n en negocio digital, tecnolog\u00eda y programaci\u00f3n para profesionales, estudiantes y empresas.","robots":{"index":"index","follow":"follow","max-snippet":"max-snippet:-1","max-image-preview":"max-image-preview:large","max-video-preview":"max-video-preview:-1"},"canonical":"https:\/\/www.isdi.education\/es\/blog\/isdi-malaga-centro-de-aceleracion-digital","og_locale":"es_ES","og_type":"article","og_title":"ISDI desembarca en M\u00e1laga creando el primer Centro de Aceleraci\u00f3n Digital","og_description":"El grupo DIGITALENT crea un centro de innovaci\u00f3n en el que se impartir\u00e1 formaci\u00f3n en negocio digital, tecnolog\u00eda y programaci\u00f3n para profesionales, estudiantes y empresas.","og_url":"https:\/\/www.isdi.education\/es\/blog\/isdi-malaga-centro-de-aceleracion-digital","og_site_name":"ISDI Espa\u00f1a","article_publisher":"https:\/\/www.facebook.com\/isdi.education","article_published_time":"2022-04-21T00:00:00+00:00","article_modified_time":"2024-04-29T13:54:49+00:00","og_image":[{"width":600,"height":400,"url":"https:\/\/www.isdi.education\/es\/wp-content\/uploads\/2024\/03\/2009-_DSC9033.jpg","type":"image\/jpeg"}],"author":"infofuturo","twitter_card":"summary_large_image","twitter_misc":{"Escrito por":"infofuturo","Tiempo de lectura":"3 minutos"},"schema":{"@context":"https:\/\/schema.org","@graph":[{"@type":"Article","@id":"https:\/\/www.isdi.education\/es\/blog\/isdi-malaga-centro-de-aceleracion-digital#article","isPartOf":{"@id":"https:\/\/www.isdi.education\/es\/blog\/isdi-malaga-centro-de-aceleracion-digital"},"author":{"name":"infofuturo","@id":"https:\/\/www.isdi.education\/es\/#\/schema\/person\/9f30c33eda685abbcfaabf1e7b9e9f76"},"headline":"ISDI desembarca en M\u00e1laga creando el primer Centro de Aceleraci\u00f3n Digital","datePublished":"2022-04-21T00:00:00+00:00","dateModified":"2024-04-29T13:54:49+00:00","mainEntityOfPage":{"@id":"https:\/\/www.isdi.education\/es\/blog\/isdi-malaga-centro-de-aceleracion-digital"},"wordCount":696,"commentCount":0,"publisher":{"@id":"https:\/\/www.isdi.education\/es\/#organization"},"image":{"@id":"https:\/\/www.isdi.education\/es\/blog\/isdi-malaga-centro-de-aceleracion-digital#primaryimage"},"thumbnailUrl":"https:\/\/www.isdi.education\/es\/wp-content\/uploads\/2024\/03\/2009-_DSC9033.jpg","articleSection":["Noticias ISDI"],"inLanguage":"es","potentialAction":[{"@type":"CommentAction","name":"Comment","target":["https:\/\/www.isdi.education\/es\/blog\/isdi-malaga-centro-de-aceleracion-digital#respond"]}]},{"@type":"WebPage","@id":"https:\/\/www.isdi.education\/es\/blog\/isdi-malaga-centro-de-aceleracion-digital","url":"https:\/\/www.isdi.education\/es\/blog\/isdi-malaga-centro-de-aceleracion-digital","name":"ISDI desembarca en M\u00e1laga creando el primer Centro de Aceleraci\u00f3n Digital","isPartOf":{"@id":"https:\/\/www.isdi.education\/es\/#website"},"primaryImageOfPage":{"@id":"https:\/\/www.isdi.education\/es\/blog\/isdi-malaga-centro-de-aceleracion-digital#primaryimage"},"image":{"@id":"https:\/\/www.isdi.education\/es\/blog\/isdi-malaga-centro-de-aceleracion-digital#primaryimage"},"thumbnailUrl":"https:\/\/www.isdi.education\/es\/wp-content\/uploads\/2024\/03\/2009-_DSC9033.jpg","datePublished":"2022-04-21T00:00:00+00:00","dateModified":"2024-04-29T13:54:49+00:00","description":"El grupo DIGITALENT crea un centro de innovaci\u00f3n en el que se impartir\u00e1 formaci\u00f3n en negocio digital, tecnolog\u00eda y programaci\u00f3n para profesionales, estudiantes y empresas.","breadcrumb":{"@id":"https:\/\/www.isdi.education\/es\/blog\/isdi-malaga-centro-de-aceleracion-digital#breadcrumb"},"inLanguage":"es","potentialAction":[{"@type":"ReadAction","target":["https:\/\/www.isdi.education\/es\/blog\/isdi-malaga-centro-de-aceleracion-digital"]}]},{"@type":"ImageObject","inLanguage":"es","@id":"https:\/\/www.isdi.education\/es\/blog\/isdi-malaga-centro-de-aceleracion-digital#primaryimage","url":"https:\/\/www.isdi.education\/es\/wp-content\/uploads\/2024\/03\/2009-_DSC9033.jpg","contentUrl":"https:\/\/www.isdi.education\/es\/wp-content\/uploads\/2024\/03\/2009-_DSC9033.jpg","width":600,"height":400,"caption":"ISDI desembarca en M\u00e1laga creando el primer Centro de Aceleraci\u00f3n Digital"},{"@type":"BreadcrumbList","@id":"https:\/\/www.isdi.education\/es\/blog\/isdi-malaga-centro-de-aceleracion-digital#breadcrumb","itemListElement":[{"@type":"ListItem","position":1,"name":"Inicio","item":"https:\/\/www.isdi.education\/es\/"},{"@type":"ListItem","position":2,"name":"ISDI desembarca en M\u00e1laga creando el primer Centro de Aceleraci\u00f3n Digital"}]},{"@type":"WebSite","@id":"https:\/\/www.isdi.education\/es\/#website","url":"https:\/\/www.isdi.education\/es\/","name":"ISDI Espa\u00f1a | La Escuela de Negocios de la Era Digital","description":"Descubre la formaci\u00f3n que te abrir\u00e1 las puertas a la era digital. Entra a formar parte de la primera escuela de negocios y direcci\u00f3n nativa digital.","publisher":{"@id":"https:\/\/www.isdi.education\/es\/#organization"},"inLanguage":"es"},{"@type":"Organization","@id":"https:\/\/www.isdi.education\/es\/#organization","name":"ISDI Espa\u00f1a | La Escuela de Negocios de la Era Digital","url":"https:\/\/www.isdi.education\/es\/","logo":{"@type":"ImageObject","inLanguage":"es","@id":"https:\/\/www.isdi.education\/es\/#\/schema\/logo\/image\/","url":"https:\/\/www.isdi.education\/es\/wp-content\/uploads\/2024\/02\/cropped-Favicon.png","contentUrl":"https:\/\/www.isdi.education\/es\/wp-content\/uploads\/2024\/02\/cropped-Favicon.png","width":512,"height":512,"caption":"ISDI Espa\u00f1a | La Escuela de Negocios de la Era Digital"},"image":{"@id":"https:\/\/www.isdi.education\/es\/#\/schema\/logo\/image\/"},"sameAs":["https:\/\/www.facebook.com\/isdi.education","https:\/\/www.linkedin.com\/school\/isdi\/?originalSubdomain=es","https:\/\/www.instagram.com\/isdi_edu\/?hl=es","https:\/\/www.tiktok.com\/@isdi_edu","https:\/\/www.youtube.com\/user\/ISDItv"]},{"@type":"Person","@id":"https:\/\/www.isdi.education\/es\/#\/schema\/person\/9f30c33eda685abbcfaabf1e7b9e9f76","name":"infofuturo","image":{"@type":"ImageObject","inLanguage":"es","@id":"https:\/\/www.isdi.education\/es\/wp-content\/litespeed\/avatar\/1\/06e1ec358746bcb8bb25471d95ddc6aa.jpg?ver=1777453142","url":"https:\/\/www.isdi.education\/es\/wp-content\/litespeed\/avatar\/1\/06e1ec358746bcb8bb25471d95ddc6aa.jpg?ver=1777453142","contentUrl":"https:\/\/www.isdi.education\/es\/wp-content\/litespeed\/avatar\/1\/06e1ec358746bcb8bb25471d95ddc6aa.jpg?ver=1777453142","caption":"infofuturo"},"url":"https:\/\/www.isdi.education\/es\/author\/infofuturo"}]}},"_links":{"self":[{"href":"https:\/\/www.isdi.education\/es\/wp-json\/wp\/v2\/posts\/14764","targetHints":{"allow":["GET"]}}],"collection":[{"href":"https:\/\/www.isdi.education\/es\/wp-json\/wp\/v2\/posts"}],"about":[{"href":"https:\/\/www.isdi.education\/es\/wp-json\/wp\/v2\/types\/post"}],"author":[{"embeddable":true,"href":"https:\/\/www.isdi.education\/es\/wp-json\/wp\/v2\/users\/23"}],"replies":[{"embeddable":true,"href":"https:\/\/www.isdi.education\/es\/wp-json\/wp\/v2\/comments?post=14764"}],"version-history":[{"count":0,"href":"https:\/\/www.isdi.education\/es\/wp-json\/wp\/v2\/posts\/14764\/revisions"}],"wp:featuredmedia":[{"embeddable":true,"href":"https:\/\/www.isdi.education\/es\/wp-json\/wp\/v2\/media\/14763"}],"wp:attachment":[{"href":"https:\/\/www.isdi.education\/es\/wp-json\/wp\/v2\/media?parent=14764"}],"wp:term":[{"taxonomy":"category","embeddable":true,"href":"https:\/\/www.isdi.education\/es\/wp-json\/wp\/v2\/categories?post=14764"},{"taxonomy":"post_tag","embeddable":true,"href":"https:\/\/www.isdi.education\/es\/wp-json\/wp\/v2\/tags?post=14764"}],"curies":[{"name":"wp","href":"https:\/\/api.w.org\/{rel}","templated":true}]}}