{"id":14629,"date":"2012-04-16T00:00:00","date_gmt":"2012-04-16T00:00:00","guid":{"rendered":"https:\/\/www.isdi.education\/es\/rodrigo-miranda-nuevo-director-general-del-isdi\/"},"modified":"2024-04-22T15:21:37","modified_gmt":"2024-04-22T15:21:37","slug":"rodrigo-miranda-nuevo-director-general-del-isdi","status":"publish","type":"post","link":"https:\/\/www.isdi.education\/es\/blog\/rodrigo-miranda-nuevo-director-general-del-isdi","title":{"rendered":"Rodrigo Miranda, nuevo director general del ISDI"},"content":{"rendered":"<div id=\"07M-wysiwyg-1\" class=\"07M-wysiwyg anchor--link \" data-anchor-content=\"\">\n<section class=\"wysiwyg mb-xl\">\n<div class=\"wrapper wrapper--small\">\n<p class=\"t-small mb-xs\">Ingeniero Superior de Telecomunicaci\u00f3n y EMBA por IESE, Rodrigo Miranda ha sido director general de Shackleton Buzz &amp; Press, puesto desde el cual ha liderado la actividad de Shackleton como referente en Reputaci\u00f3n Digital y Social Media Engagement. Previamente, fue director general de Nuubo y SearchMedia. Optimista digital por naturaleza, es un profesional de reconocido prestigio en el \u00e1mbito digital; participa activamente como advisor y business angel en startups como Nuubo, Nomaders, Wiseri, AlmiraLabs y es cofundador del Madrid Chapter de EO (Entrepreneurs Organization) y del IESE Entrepreneur &amp; Venture Capital Club. Adem\u00e1s, imparte asiduamente materias de Internet y emprendimiento en escuelas como el ISDI, IE, EOI, ESIC, ICEMD, OBS o la UOC.<\/p>\n<div class=\"wysiwyg__content\">\n<div>\n<p>Ingeniero Superior de Telecomunicaci\u00f3n y EMBA por IESE, <strong>Rodrigo Miranda<\/strong> ha sido director general de Shackleton Buzz &amp; Press, puesto desde el cual ha liderado la actividad de Shackleton como referente en Reputaci\u00f3n Digital y Social Media Engagement.\u00a0 Previamente, fue director general de Nuubo y SearchMedia.\u00a0 Optimista digital por naturaleza, es un profesional de reconocido prestigio en el \u00e1mbito digital; participa activamente como advisor y business angel en startups como Nuubo, Nomaders, Wiseri, AlmiraLabs y es cofundador del Madrid Chapter de EO (Entrepreneurs Organization) y del IESE Entrepreneur &amp; Venture Capital Club.\u00a0 Adem\u00e1s, imparte asiduamente materias de Internet y emprendimiento en escuelas como el ISDI, IE, EOI, ESIC, ICEMD, OBS o la UOC.<\/p>\n<p>Seg\u00fan <strong>Nacho de Pinedo<\/strong>, CEO del ISDI: \u00abRodrigo Miranda es un hombre del nuevo renacimiento digital y tiene el perfil perfecto para seguir desarrollando el ecosistema de formaci\u00f3n-entrepreneurship-empleabilidad que hemos creado a trav\u00e9s del ISDI.\u00a0 No s\u00f3lo es un profesional de referencia del mundo digital, adem\u00e1s combina una extraordinaria vocaci\u00f3n docente con una comprometida faceta de emprendedor y business angel de proyectos de Internet\u00bb<\/p>\n<p>El ISDI se lanz\u00f3 el curso acad\u00e9mico 2009\/2010 como un ambicioso proyecto creado por los principales profesionales de las empresas digitales m\u00e1s punteras para acelerar la digitalizaci\u00f3n de la econom\u00eda espa\u00f1ola a trav\u00e9s de la formaci\u00f3n. Su producto estrella, el MIB (M\u00e1ster en Internet Business) se ha convertido en tan solo tres a\u00f1os en el principal referente de la formaci\u00f3n de calidad para emprendedores y profesionales de la nueva econom\u00eda. M\u00e1s de 260 alumnos, cerca de una veintena de nuevas compa\u00f1\u00edas digitales y una bolsa de empleo que supera en ofertas al n\u00famero de demandantes, son algunas de sus se\u00f1as de identidad.<\/p>\n<p>Adem\u00e1s del MIB, el ISDI ha completado su ecosistema digital con otros programas formativos, un fondo de inversi\u00f3n en startups espa\u00f1olas y un n\u00facleo de servicios de apoyo a los alumnos que optan por el emprendimiento.<\/p>\n<p>Para m\u00e1s informaci\u00f3n: Cristina del Gallo \/ Rafael Delgado Formedia Tel.: 91 562 81 00 prensa@grupoformedia.com<\/p>\n<\/div>\n<\/div>\n<\/div>\n<\/section>\n<\/div>\n","protected":false},"excerpt":{"rendered":"<p>Ingeniero Superior de Telecomunicaci\u00f3n y EMBA por IESE, Rodrigo Miranda ha sido director general de Shackleton Buzz &amp; Press, puesto desde el cual ha liderado la actividad de Shackleton como referente en Reputaci\u00f3n Digital y Social Media Engagement. Previamente, fue director general de Nuubo y SearchMedia. Optimista digital por naturaleza, es un profesional de reconocido&#8230;<\/p>\n","protected":false},"author":23,"featured_media":13933,"comment_status":"open","ping_status":"closed","sticky":false,"template":"","format":"standard","meta":{"_acf_changed":false,"footnotes":""},"categories":[1],"tags":[],"class_list":["post-14629","post","type-post","status-publish","format-standard","has-post-thumbnail","hentry","category-noticias-isdi"],"acf":{"photo_gallery":{"galeria":[[]]}},"yoast_head":"<!-- This site is optimized with the Yoast SEO plugin v27.4 - https:\/\/yoast.com\/product\/yoast-seo-wordpress\/ -->\n<title>Rodrigo Miranda, nuevo director general del ISDI - ISDI Espa\u00f1a<\/title>\n<meta name=\"description\" content=\"Rodrigo Miranda, con amplia experiencia en el sector digital y como business angel de emprendedores, se convierte en nuevo director general de ISDI.\" \/>\n<meta name=\"robots\" content=\"index, follow, max-snippet:-1, max-image-preview:large, max-video-preview:-1\" \/>\n<link rel=\"canonical\" href=\"https:\/\/www.isdi.education\/es\/blog\/rodrigo-miranda-nuevo-director-general-del-isdi\" \/>\n<meta property=\"og:locale\" content=\"es_ES\" \/>\n<meta property=\"og:type\" content=\"article\" \/>\n<meta property=\"og:title\" content=\"Rodrigo Miranda, nuevo director general del ISDI - ISDI Espa\u00f1a\" \/>\n<meta property=\"og:description\" content=\"Rodrigo Miranda, con amplia experiencia en el sector digital y como business angel de emprendedores, se convierte en nuevo director general de ISDI.\" \/>\n<meta property=\"og:url\" content=\"https:\/\/www.isdi.education\/es\/blog\/rodrigo-miranda-nuevo-director-general-del-isdi\" \/>\n<meta property=\"og:site_name\" content=\"ISDI Espa\u00f1a\" \/>\n<meta property=\"article:publisher\" content=\"https:\/\/www.facebook.com\/isdi.education\" \/>\n<meta property=\"article:published_time\" content=\"2012-04-16T00:00:00+00:00\" \/>\n<meta property=\"article:modified_time\" content=\"2024-04-22T15:21:37+00:00\" \/>\n<meta property=\"og:image\" content=\"https:\/\/www.isdi.education\/es\/wp-content\/uploads\/2024\/03\/blog-default-isdi-thumbnail.webp\" \/>\n\t<meta property=\"og:image:width\" content=\"1920\" \/>\n\t<meta property=\"og:image:height\" content=\"1080\" \/>\n\t<meta property=\"og:image:type\" content=\"image\/webp\" \/>\n<meta name=\"author\" content=\"infofuturo\" \/>\n<meta name=\"twitter:card\" content=\"summary_large_image\" \/>\n<meta name=\"twitter:label1\" content=\"Escrito por\" \/>\n\t<meta name=\"twitter:data1\" content=\"infofuturo\" \/>\n\t<meta name=\"twitter:label2\" content=\"Tiempo de lectura\" \/>\n\t<meta name=\"twitter:data2\" content=\"3 minutos\" \/>\n<script type=\"application\/ld+json\" class=\"yoast-schema-graph\">{\"@context\":\"https:\\\/\\\/schema.org\",\"@graph\":[{\"@type\":\"Article\",\"@id\":\"https:\\\/\\\/www.isdi.education\\\/es\\\/blog\\\/rodrigo-miranda-nuevo-director-general-del-isdi#article\",\"isPartOf\":{\"@id\":\"https:\\\/\\\/www.isdi.education\\\/es\\\/blog\\\/rodrigo-miranda-nuevo-director-general-del-isdi\"},\"author\":{\"name\":\"infofuturo\",\"@id\":\"https:\\\/\\\/www.isdi.education\\\/es\\\/#\\\/schema\\\/person\\\/9f30c33eda685abbcfaabf1e7b9e9f76\"},\"headline\":\"Rodrigo Miranda, nuevo director general del ISDI\",\"datePublished\":\"2012-04-16T00:00:00+00:00\",\"dateModified\":\"2024-04-22T15:21:37+00:00\",\"mainEntityOfPage\":{\"@id\":\"https:\\\/\\\/www.isdi.education\\\/es\\\/blog\\\/rodrigo-miranda-nuevo-director-general-del-isdi\"},\"wordCount\":479,\"commentCount\":0,\"publisher\":{\"@id\":\"https:\\\/\\\/www.isdi.education\\\/es\\\/#organization\"},\"image\":{\"@id\":\"https:\\\/\\\/www.isdi.education\\\/es\\\/blog\\\/rodrigo-miranda-nuevo-director-general-del-isdi#primaryimage\"},\"thumbnailUrl\":\"https:\\\/\\\/www.isdi.education\\\/es\\\/wp-content\\\/uploads\\\/2024\\\/03\\\/blog-default-isdi-thumbnail.webp\",\"articleSection\":[\"Noticias ISDI\"],\"inLanguage\":\"es\",\"potentialAction\":[{\"@type\":\"CommentAction\",\"name\":\"Comment\",\"target\":[\"https:\\\/\\\/www.isdi.education\\\/es\\\/blog\\\/rodrigo-miranda-nuevo-director-general-del-isdi#respond\"]}]},{\"@type\":\"WebPage\",\"@id\":\"https:\\\/\\\/www.isdi.education\\\/es\\\/blog\\\/rodrigo-miranda-nuevo-director-general-del-isdi\",\"url\":\"https:\\\/\\\/www.isdi.education\\\/es\\\/blog\\\/rodrigo-miranda-nuevo-director-general-del-isdi\",\"name\":\"Rodrigo Miranda, nuevo director general del ISDI - ISDI Espa\u00f1a\",\"isPartOf\":{\"@id\":\"https:\\\/\\\/www.isdi.education\\\/es\\\/#website\"},\"primaryImageOfPage\":{\"@id\":\"https:\\\/\\\/www.isdi.education\\\/es\\\/blog\\\/rodrigo-miranda-nuevo-director-general-del-isdi#primaryimage\"},\"image\":{\"@id\":\"https:\\\/\\\/www.isdi.education\\\/es\\\/blog\\\/rodrigo-miranda-nuevo-director-general-del-isdi#primaryimage\"},\"thumbnailUrl\":\"https:\\\/\\\/www.isdi.education\\\/es\\\/wp-content\\\/uploads\\\/2024\\\/03\\\/blog-default-isdi-thumbnail.webp\",\"datePublished\":\"2012-04-16T00:00:00+00:00\",\"dateModified\":\"2024-04-22T15:21:37+00:00\",\"description\":\"Rodrigo Miranda, con amplia experiencia en el sector digital y como business angel de emprendedores, se convierte en nuevo director general de ISDI.\",\"breadcrumb\":{\"@id\":\"https:\\\/\\\/www.isdi.education\\\/es\\\/blog\\\/rodrigo-miranda-nuevo-director-general-del-isdi#breadcrumb\"},\"inLanguage\":\"es\",\"potentialAction\":[{\"@type\":\"ReadAction\",\"target\":[\"https:\\\/\\\/www.isdi.education\\\/es\\\/blog\\\/rodrigo-miranda-nuevo-director-general-del-isdi\"]}]},{\"@type\":\"ImageObject\",\"inLanguage\":\"es\",\"@id\":\"https:\\\/\\\/www.isdi.education\\\/es\\\/blog\\\/rodrigo-miranda-nuevo-director-general-del-isdi#primaryimage\",\"url\":\"https:\\\/\\\/www.isdi.education\\\/es\\\/wp-content\\\/uploads\\\/2024\\\/03\\\/blog-default-isdi-thumbnail.webp\",\"contentUrl\":\"https:\\\/\\\/www.isdi.education\\\/es\\\/wp-content\\\/uploads\\\/2024\\\/03\\\/blog-default-isdi-thumbnail.webp\",\"width\":1920,\"height\":1080,\"caption\":\"Los 20 influencers m\u00e1s punteros del M\u00e9xico Digital\"},{\"@type\":\"BreadcrumbList\",\"@id\":\"https:\\\/\\\/www.isdi.education\\\/es\\\/blog\\\/rodrigo-miranda-nuevo-director-general-del-isdi#breadcrumb\",\"itemListElement\":[{\"@type\":\"ListItem\",\"position\":1,\"name\":\"Inicio\",\"item\":\"https:\\\/\\\/www.isdi.education\\\/es\\\/\"},{\"@type\":\"ListItem\",\"position\":2,\"name\":\"Rodrigo Miranda, nuevo director general del ISDI\"}]},{\"@type\":\"WebSite\",\"@id\":\"https:\\\/\\\/www.isdi.education\\\/es\\\/#website\",\"url\":\"https:\\\/\\\/www.isdi.education\\\/es\\\/\",\"name\":\"ISDI Espa\u00f1a | La Escuela de Negocios de la Era Digital\",\"description\":\"Descubre la formaci\u00f3n que te abrir\u00e1 las puertas a la era digital. Entra a formar parte de la primera escuela de negocios y direcci\u00f3n nativa digital.\",\"publisher\":{\"@id\":\"https:\\\/\\\/www.isdi.education\\\/es\\\/#organization\"},\"inLanguage\":\"es\"},{\"@type\":\"Organization\",\"@id\":\"https:\\\/\\\/www.isdi.education\\\/es\\\/#organization\",\"name\":\"ISDI Espa\u00f1a | La Escuela de Negocios de la Era Digital\",\"url\":\"https:\\\/\\\/www.isdi.education\\\/es\\\/\",\"logo\":{\"@type\":\"ImageObject\",\"inLanguage\":\"es\",\"@id\":\"https:\\\/\\\/www.isdi.education\\\/es\\\/#\\\/schema\\\/logo\\\/image\\\/\",\"url\":\"https:\\\/\\\/www.isdi.education\\\/es\\\/wp-content\\\/uploads\\\/2024\\\/02\\\/cropped-Favicon.png\",\"contentUrl\":\"https:\\\/\\\/www.isdi.education\\\/es\\\/wp-content\\\/uploads\\\/2024\\\/02\\\/cropped-Favicon.png\",\"width\":512,\"height\":512,\"caption\":\"ISDI Espa\u00f1a | La Escuela de Negocios de la Era Digital\"},\"image\":{\"@id\":\"https:\\\/\\\/www.isdi.education\\\/es\\\/#\\\/schema\\\/logo\\\/image\\\/\"},\"sameAs\":[\"https:\\\/\\\/www.facebook.com\\\/isdi.education\",\"https:\\\/\\\/www.linkedin.com\\\/school\\\/isdi\\\/?originalSubdomain=es\",\"https:\\\/\\\/www.instagram.com\\\/isdi_edu\\\/?hl=es\",\"https:\\\/\\\/www.tiktok.com\\\/@isdi_edu\",\"https:\\\/\\\/www.youtube.com\\\/user\\\/ISDItv\"]},{\"@type\":\"Person\",\"@id\":\"https:\\\/\\\/www.isdi.education\\\/es\\\/#\\\/schema\\\/person\\\/9f30c33eda685abbcfaabf1e7b9e9f76\",\"name\":\"infofuturo\",\"image\":{\"@type\":\"ImageObject\",\"inLanguage\":\"es\",\"@id\":\"https:\\\/\\\/www.isdi.education\\\/es\\\/wp-content\\\/litespeed\\\/avatar\\\/1\\\/06e1ec358746bcb8bb25471d95ddc6aa.jpg?ver=1776848319\",\"url\":\"https:\\\/\\\/www.isdi.education\\\/es\\\/wp-content\\\/litespeed\\\/avatar\\\/1\\\/06e1ec358746bcb8bb25471d95ddc6aa.jpg?ver=1776848319\",\"contentUrl\":\"https:\\\/\\\/www.isdi.education\\\/es\\\/wp-content\\\/litespeed\\\/avatar\\\/1\\\/06e1ec358746bcb8bb25471d95ddc6aa.jpg?ver=1776848319\",\"caption\":\"infofuturo\"},\"url\":\"https:\\\/\\\/www.isdi.education\\\/es\\\/author\\\/infofuturo\"}]}<\/script>\n<!-- \/ Yoast SEO plugin. -->","yoast_head_json":{"title":"Rodrigo Miranda, nuevo director general del ISDI - ISDI Espa\u00f1a","description":"Rodrigo Miranda, con amplia experiencia en el sector digital y como business angel de emprendedores, se convierte en nuevo director general de ISDI.","robots":{"index":"index","follow":"follow","max-snippet":"max-snippet:-1","max-image-preview":"max-image-preview:large","max-video-preview":"max-video-preview:-1"},"canonical":"https:\/\/www.isdi.education\/es\/blog\/rodrigo-miranda-nuevo-director-general-del-isdi","og_locale":"es_ES","og_type":"article","og_title":"Rodrigo Miranda, nuevo director general del ISDI - ISDI Espa\u00f1a","og_description":"Rodrigo Miranda, con amplia experiencia en el sector digital y como business angel de emprendedores, se convierte en nuevo director general de ISDI.","og_url":"https:\/\/www.isdi.education\/es\/blog\/rodrigo-miranda-nuevo-director-general-del-isdi","og_site_name":"ISDI Espa\u00f1a","article_publisher":"https:\/\/www.facebook.com\/isdi.education","article_published_time":"2012-04-16T00:00:00+00:00","article_modified_time":"2024-04-22T15:21:37+00:00","og_image":[{"width":1920,"height":1080,"url":"https:\/\/www.isdi.education\/es\/wp-content\/uploads\/2024\/03\/blog-default-isdi-thumbnail.webp","type":"image\/webp"}],"author":"infofuturo","twitter_card":"summary_large_image","twitter_misc":{"Escrito por":"infofuturo","Tiempo de lectura":"3 minutos"},"schema":{"@context":"https:\/\/schema.org","@graph":[{"@type":"Article","@id":"https:\/\/www.isdi.education\/es\/blog\/rodrigo-miranda-nuevo-director-general-del-isdi#article","isPartOf":{"@id":"https:\/\/www.isdi.education\/es\/blog\/rodrigo-miranda-nuevo-director-general-del-isdi"},"author":{"name":"infofuturo","@id":"https:\/\/www.isdi.education\/es\/#\/schema\/person\/9f30c33eda685abbcfaabf1e7b9e9f76"},"headline":"Rodrigo Miranda, nuevo director general del ISDI","datePublished":"2012-04-16T00:00:00+00:00","dateModified":"2024-04-22T15:21:37+00:00","mainEntityOfPage":{"@id":"https:\/\/www.isdi.education\/es\/blog\/rodrigo-miranda-nuevo-director-general-del-isdi"},"wordCount":479,"commentCount":0,"publisher":{"@id":"https:\/\/www.isdi.education\/es\/#organization"},"image":{"@id":"https:\/\/www.isdi.education\/es\/blog\/rodrigo-miranda-nuevo-director-general-del-isdi#primaryimage"},"thumbnailUrl":"https:\/\/www.isdi.education\/es\/wp-content\/uploads\/2024\/03\/blog-default-isdi-thumbnail.webp","articleSection":["Noticias ISDI"],"inLanguage":"es","potentialAction":[{"@type":"CommentAction","name":"Comment","target":["https:\/\/www.isdi.education\/es\/blog\/rodrigo-miranda-nuevo-director-general-del-isdi#respond"]}]},{"@type":"WebPage","@id":"https:\/\/www.isdi.education\/es\/blog\/rodrigo-miranda-nuevo-director-general-del-isdi","url":"https:\/\/www.isdi.education\/es\/blog\/rodrigo-miranda-nuevo-director-general-del-isdi","name":"Rodrigo Miranda, nuevo director general del ISDI - ISDI Espa\u00f1a","isPartOf":{"@id":"https:\/\/www.isdi.education\/es\/#website"},"primaryImageOfPage":{"@id":"https:\/\/www.isdi.education\/es\/blog\/rodrigo-miranda-nuevo-director-general-del-isdi#primaryimage"},"image":{"@id":"https:\/\/www.isdi.education\/es\/blog\/rodrigo-miranda-nuevo-director-general-del-isdi#primaryimage"},"thumbnailUrl":"https:\/\/www.isdi.education\/es\/wp-content\/uploads\/2024\/03\/blog-default-isdi-thumbnail.webp","datePublished":"2012-04-16T00:00:00+00:00","dateModified":"2024-04-22T15:21:37+00:00","description":"Rodrigo Miranda, con amplia experiencia en el sector digital y como business angel de emprendedores, se convierte en nuevo director general de ISDI.","breadcrumb":{"@id":"https:\/\/www.isdi.education\/es\/blog\/rodrigo-miranda-nuevo-director-general-del-isdi#breadcrumb"},"inLanguage":"es","potentialAction":[{"@type":"ReadAction","target":["https:\/\/www.isdi.education\/es\/blog\/rodrigo-miranda-nuevo-director-general-del-isdi"]}]},{"@type":"ImageObject","inLanguage":"es","@id":"https:\/\/www.isdi.education\/es\/blog\/rodrigo-miranda-nuevo-director-general-del-isdi#primaryimage","url":"https:\/\/www.isdi.education\/es\/wp-content\/uploads\/2024\/03\/blog-default-isdi-thumbnail.webp","contentUrl":"https:\/\/www.isdi.education\/es\/wp-content\/uploads\/2024\/03\/blog-default-isdi-thumbnail.webp","width":1920,"height":1080,"caption":"Los 20 influencers m\u00e1s punteros del M\u00e9xico Digital"},{"@type":"BreadcrumbList","@id":"https:\/\/www.isdi.education\/es\/blog\/rodrigo-miranda-nuevo-director-general-del-isdi#breadcrumb","itemListElement":[{"@type":"ListItem","position":1,"name":"Inicio","item":"https:\/\/www.isdi.education\/es\/"},{"@type":"ListItem","position":2,"name":"Rodrigo Miranda, nuevo director general del ISDI"}]},{"@type":"WebSite","@id":"https:\/\/www.isdi.education\/es\/#website","url":"https:\/\/www.isdi.education\/es\/","name":"ISDI Espa\u00f1a | La Escuela de Negocios de la Era Digital","description":"Descubre la formaci\u00f3n que te abrir\u00e1 las puertas a la era digital. Entra a formar parte de la primera escuela de negocios y direcci\u00f3n nativa digital.","publisher":{"@id":"https:\/\/www.isdi.education\/es\/#organization"},"inLanguage":"es"},{"@type":"Organization","@id":"https:\/\/www.isdi.education\/es\/#organization","name":"ISDI Espa\u00f1a | La Escuela de Negocios de la Era Digital","url":"https:\/\/www.isdi.education\/es\/","logo":{"@type":"ImageObject","inLanguage":"es","@id":"https:\/\/www.isdi.education\/es\/#\/schema\/logo\/image\/","url":"https:\/\/www.isdi.education\/es\/wp-content\/uploads\/2024\/02\/cropped-Favicon.png","contentUrl":"https:\/\/www.isdi.education\/es\/wp-content\/uploads\/2024\/02\/cropped-Favicon.png","width":512,"height":512,"caption":"ISDI Espa\u00f1a | La Escuela de Negocios de la Era Digital"},"image":{"@id":"https:\/\/www.isdi.education\/es\/#\/schema\/logo\/image\/"},"sameAs":["https:\/\/www.facebook.com\/isdi.education","https:\/\/www.linkedin.com\/school\/isdi\/?originalSubdomain=es","https:\/\/www.instagram.com\/isdi_edu\/?hl=es","https:\/\/www.tiktok.com\/@isdi_edu","https:\/\/www.youtube.com\/user\/ISDItv"]},{"@type":"Person","@id":"https:\/\/www.isdi.education\/es\/#\/schema\/person\/9f30c33eda685abbcfaabf1e7b9e9f76","name":"infofuturo","image":{"@type":"ImageObject","inLanguage":"es","@id":"https:\/\/www.isdi.education\/es\/wp-content\/litespeed\/avatar\/1\/06e1ec358746bcb8bb25471d95ddc6aa.jpg?ver=1776848319","url":"https:\/\/www.isdi.education\/es\/wp-content\/litespeed\/avatar\/1\/06e1ec358746bcb8bb25471d95ddc6aa.jpg?ver=1776848319","contentUrl":"https:\/\/www.isdi.education\/es\/wp-content\/litespeed\/avatar\/1\/06e1ec358746bcb8bb25471d95ddc6aa.jpg?ver=1776848319","caption":"infofuturo"},"url":"https:\/\/www.isdi.education\/es\/author\/infofuturo"}]}},"_links":{"self":[{"href":"https:\/\/www.isdi.education\/es\/wp-json\/wp\/v2\/posts\/14629","targetHints":{"allow":["GET"]}}],"collection":[{"href":"https:\/\/www.isdi.education\/es\/wp-json\/wp\/v2\/posts"}],"about":[{"href":"https:\/\/www.isdi.education\/es\/wp-json\/wp\/v2\/types\/post"}],"author":[{"embeddable":true,"href":"https:\/\/www.isdi.education\/es\/wp-json\/wp\/v2\/users\/23"}],"replies":[{"embeddable":true,"href":"https:\/\/www.isdi.education\/es\/wp-json\/wp\/v2\/comments?post=14629"}],"version-history":[{"count":0,"href":"https:\/\/www.isdi.education\/es\/wp-json\/wp\/v2\/posts\/14629\/revisions"}],"wp:featuredmedia":[{"embeddable":true,"href":"https:\/\/www.isdi.education\/es\/wp-json\/wp\/v2\/media\/13933"}],"wp:attachment":[{"href":"https:\/\/www.isdi.education\/es\/wp-json\/wp\/v2\/media?parent=14629"}],"wp:term":[{"taxonomy":"category","embeddable":true,"href":"https:\/\/www.isdi.education\/es\/wp-json\/wp\/v2\/categories?post=14629"},{"taxonomy":"post_tag","embeddable":true,"href":"https:\/\/www.isdi.education\/es\/wp-json\/wp\/v2\/tags?post=14629"}],"curies":[{"name":"wp","href":"https:\/\/api.w.org\/{rel}","templated":true}]}}