{"id":14613,"date":"2016-08-10T00:00:00","date_gmt":"2016-08-10T00:00:00","guid":{"rendered":"https:\/\/www.isdi.education\/es\/redes-sociales-profesionales\/"},"modified":"2024-04-22T15:14:32","modified_gmt":"2024-04-22T15:14:32","slug":"redes-sociales-profesionales","status":"publish","type":"post","link":"https:\/\/www.isdi.education\/es\/blog\/redes-sociales-profesionales","title":{"rendered":"REDES SOCIALES PROFESIONALES"},"content":{"rendered":"<div id=\"07M-wysiwyg-1\" class=\"07M-wysiwyg anchor--link \" data-anchor-content>\n<section class=\"wysiwyg mb-xl\">\n<div class=\"wrapper wrapper--small\">\n<div class=\"wysiwyg__content\">\n<div>\n<p>Las redes sociales c\u00f3mo la misma palabra lo indica sirven para socializar, para crear un red de contactos con los que compartir experiencias virtuales y mantenerte en contacto sin problemas de fronteras ni distancias.<\/p>\n<p>El uso del <strong>Social Media <\/strong>lo asociamos de primera instancia a las relaciones personales y al entretenimiento personal. Sin embargo su uso va mucho m\u00e1s all\u00e1 y\u00a0 es un pilar b\u00e1sico en la nueva din\u00e1mica del mundo laboral. Estamos hablando de las<strong>\u00a0Redes Sociales Profesionales<\/strong>.<\/p>\n<p>Seguramente la primera que os ha venido a la cabeza haya sido Linkedin. Linkedin es la red social profesional con mayor n\u00famero de usuarios, y se est\u00e1 convirtiendo en la mayor base de datos de perfiles laborales. Pero no es la \u00fanica, aqu\u00ed os dejamos una lista con<strong> las mejores Redes Sociales Profesionales<\/strong>.<\/p>\n<p><strong><u>Redes sociales profesionales<\/u><\/strong><\/p>\n<p> <strong>LINKEDIN<\/strong><\/p>\n<p>Fundada en 2002, es la red social de referencia en el mundo laboral. Puedes acceder a ella a trav\u00e9s de su p\u00e1gina web o descarg\u00e1ndote el app. Podr\u00e1s abrirte cuenta tanto a nivel personal como a nombre de\u00a0 una empresa.<\/p>\n<p>La misma plataforma contiene un app espec\u00edfica para buscar empleo que se llama <strong>Linkedin Job Search<\/strong> y otra app si eres el reclutador de nuevos talentos, <strong>Linkedin Recruitter<\/strong>.<\/p>\n<p>Linkedin te permite crear una amplia red de contactos laborales y mostrarles tu curriculum de una manera m\u00e1s din\u00e1mica, en la que tus contactos podr\u00e1n validar tus aptitudes ayudando\u00a0 a aumentar tu reputaci\u00f3n.<\/p>\n<p>Act\u00faa de <strong>curriculum, carta de motivaci\u00f3n y carta de recomendaci\u00f3n<\/strong>. Te mantiene al d\u00eda de novedades de empresas y sectores laborales, te permite publicar noticias y compartirlas, al igual que en Facebook, y tus contactos podr\u00e1n recomendar tus publicaciones.<\/p>\n<p>Podr\u00e1s utilizarla de forma totalmente gratuita. Tambi\u00e9n tienes la opci\u00f3n Premium que ofrece m\u00e1s opciones, sobre todo a nivel de privacidad. Podr\u00e1s ver todas las personas que han visto tu perfil o ver el de los dem\u00e1s de forma an\u00f3nima.<\/p>\n<p> <strong>XING<\/strong><\/p>\n<p>Xing naci\u00f3 en 2003. Es <strong>competencia directa de LinkedIn <\/strong>y ambas comparten funciones muy similares. Al igual que Linkedin dispone de <strong>grupos tem\u00e1ticos y foros <\/strong>para plantear dudas, intercambiar informaci\u00f3n o generar opiniones sobre temas determinados.<\/p>\n<p>Encontrar\u00e1s ofertas de empleo, p\u00e1ginas de empresa y un apartado para publicar o conocer eventos.<\/p>\n<p>Ofrece la posibilidad de contactar entre los miembros de la red a trav\u00e9s de plataformas de mensajer\u00eda instant\u00e1nea o con llamadas telef\u00f3nicas online.<\/p>\n<p>Tambi\u00e9n permite cuenta gratuita o Premium.<\/p>\n<p> <strong>VIADEO<\/strong><\/p>\n<p>Viadeo es una red social profesional que naci\u00f3 en 2004. Con ella podr\u00e1s <strong>ofertar y demandar empleo a trav\u00e9s de un buscador<\/strong>. Funciona de forma diferente seg\u00fan el pa\u00eds del usuario atendiendo de esta forma las necesidades de los diferentes mercados y las peculiaridades de cada pa\u00eds.<\/p>\n<p>Una caracter\u00edstica a resaltar de Viadeo, es su <strong>herramienta de b\u00fasqueda con la que podr\u00e1s localizar a antiguos compa\u00f1eros de trabajo o estudios o trabajadores freelance<\/strong>. Si ambos contactos confirman la invitaci\u00f3n aparecer\u00e1n en listado de direcciones.<\/p>\n<p>El registro es gratuito y puede hacerse con una cuenta b\u00e1sica o una cuenta Premium.<\/p>\n<p>En el mundo laboral digital existen numerosas <strong>p\u00e1ginas y apps de b\u00fasqueda de empleo<\/strong> como son<strong> jobandtalent <\/strong>e <strong>infojobs,<\/strong> entre las m\u00e1s conocidas. Sin embargo, a diferencia de las Redes Sociales Profesionales, estas plataformas solo act\u00faan de<strong> intermediario<\/strong> entre t\u00fa y la empresa, encontrando su oferta de empleo y contestando a esta por medio de un curriculum o carta de presentaci\u00f3n.<\/p>\n<p>En la nueva era digital, <strong>las Redes Sociales Profesionales son el futuro del departamento de Recursos Humanos<\/strong>. Encontrar a los mejores talentos en el sector y a las personas que mejor encajan con los valores de tu empresa es una tarea que el mundo del Social Media est\u00e1 facilitando y abriendo un nuevo abanico de posibilidades.<\/p>\n<p>Si te ha gustado este post y quieres saber m\u00e1s sobre el ecosistema laboral en internet, sus din\u00e1micas y sus herramientas, echa un vistazo a nuestro <strong>Digital Business Executive Program.<\/strong><\/p>\n<\/div><\/div>\n<\/p><\/div>\n<\/section><\/div>\n","protected":false},"excerpt":{"rendered":"<p>Las redes sociales c\u00f3mo la misma palabra lo indica sirven para socializar, para crear un red de contactos con los que compartir experiencias virtuales y mantenerte en contacto sin problemas de fronteras ni distancias. El uso del Social Media lo asociamos de primera instancia a las relaciones personales y al entretenimiento personal. Sin embargo su&#8230;<\/p>\n","protected":false},"author":23,"featured_media":14612,"comment_status":"open","ping_status":"closed","sticky":false,"template":"","format":"standard","meta":{"_acf_changed":false,"footnotes":""},"categories":[44],"tags":[],"class_list":["post-14613","post","type-post","status-publish","format-standard","has-post-thumbnail","hentry","category-marketing-digital"],"acf":{"photo_gallery":{"galeria":[[]]}},"yoast_head":"<!-- This site is optimized with the Yoast SEO plugin v27.4 - https:\/\/yoast.com\/product\/yoast-seo-wordpress\/ -->\n<title>REDES SOCIALES PROFESIONALES - ISDI Espa\u00f1a<\/title>\n<meta name=\"description\" content=\"Las redes sociales profesionales se convierten en elementos clave, permitiendo crear bases de datos de perfiles para reclutadores y empleados.\" \/>\n<meta name=\"robots\" content=\"index, follow, max-snippet:-1, max-image-preview:large, max-video-preview:-1\" \/>\n<link rel=\"canonical\" href=\"https:\/\/www.isdi.education\/es\/blog\/redes-sociales-profesionales\" \/>\n<meta property=\"og:locale\" content=\"es_ES\" \/>\n<meta property=\"og:type\" content=\"article\" \/>\n<meta property=\"og:title\" content=\"REDES SOCIALES PROFESIONALES - ISDI Espa\u00f1a\" \/>\n<meta property=\"og:description\" content=\"Las redes sociales profesionales se convierten en elementos clave, permitiendo crear bases de datos de perfiles para reclutadores y empleados.\" \/>\n<meta property=\"og:url\" content=\"https:\/\/www.isdi.education\/es\/blog\/redes-sociales-profesionales\" \/>\n<meta property=\"og:site_name\" content=\"ISDI Espa\u00f1a\" \/>\n<meta property=\"article:publisher\" content=\"https:\/\/www.facebook.com\/isdi.education\" \/>\n<meta property=\"article:published_time\" content=\"2016-08-10T00:00:00+00:00\" \/>\n<meta property=\"article:modified_time\" content=\"2024-04-22T15:14:32+00:00\" \/>\n<meta property=\"og:image\" content=\"https:\/\/www.isdi.education\/es\/wp-content\/uploads\/2024\/03\/768-redes_profesionales_listado_0.png\" \/>\n\t<meta property=\"og:image:width\" content=\"371\" \/>\n\t<meta property=\"og:image:height\" content=\"247\" \/>\n\t<meta property=\"og:image:type\" content=\"image\/png\" \/>\n<meta name=\"author\" content=\"infofuturo\" \/>\n<meta name=\"twitter:card\" content=\"summary_large_image\" \/>\n<meta name=\"twitter:label1\" content=\"Escrito por\" \/>\n\t<meta name=\"twitter:data1\" content=\"infofuturo\" \/>\n\t<meta name=\"twitter:label2\" content=\"Tiempo de lectura\" \/>\n\t<meta name=\"twitter:data2\" content=\"3 minutos\" \/>\n<script type=\"application\/ld+json\" class=\"yoast-schema-graph\">{\"@context\":\"https:\\\/\\\/schema.org\",\"@graph\":[{\"@type\":\"Article\",\"@id\":\"https:\\\/\\\/www.isdi.education\\\/es\\\/blog\\\/redes-sociales-profesionales#article\",\"isPartOf\":{\"@id\":\"https:\\\/\\\/www.isdi.education\\\/es\\\/blog\\\/redes-sociales-profesionales\"},\"author\":{\"name\":\"infofuturo\",\"@id\":\"https:\\\/\\\/www.isdi.education\\\/es\\\/#\\\/schema\\\/person\\\/9f30c33eda685abbcfaabf1e7b9e9f76\"},\"headline\":\"REDES SOCIALES PROFESIONALES\",\"datePublished\":\"2016-08-10T00:00:00+00:00\",\"dateModified\":\"2024-04-22T15:14:32+00:00\",\"mainEntityOfPage\":{\"@id\":\"https:\\\/\\\/www.isdi.education\\\/es\\\/blog\\\/redes-sociales-profesionales\"},\"wordCount\":698,\"commentCount\":0,\"publisher\":{\"@id\":\"https:\\\/\\\/www.isdi.education\\\/es\\\/#organization\"},\"image\":{\"@id\":\"https:\\\/\\\/www.isdi.education\\\/es\\\/blog\\\/redes-sociales-profesionales#primaryimage\"},\"thumbnailUrl\":\"https:\\\/\\\/www.isdi.education\\\/es\\\/wp-content\\\/uploads\\\/2024\\\/03\\\/768-redes_profesionales_listado_0.png\",\"articleSection\":[\"Marketing Digital\"],\"inLanguage\":\"es\",\"potentialAction\":[{\"@type\":\"CommentAction\",\"name\":\"Comment\",\"target\":[\"https:\\\/\\\/www.isdi.education\\\/es\\\/blog\\\/redes-sociales-profesionales#respond\"]}]},{\"@type\":\"WebPage\",\"@id\":\"https:\\\/\\\/www.isdi.education\\\/es\\\/blog\\\/redes-sociales-profesionales\",\"url\":\"https:\\\/\\\/www.isdi.education\\\/es\\\/blog\\\/redes-sociales-profesionales\",\"name\":\"REDES SOCIALES PROFESIONALES - ISDI Espa\u00f1a\",\"isPartOf\":{\"@id\":\"https:\\\/\\\/www.isdi.education\\\/es\\\/#website\"},\"primaryImageOfPage\":{\"@id\":\"https:\\\/\\\/www.isdi.education\\\/es\\\/blog\\\/redes-sociales-profesionales#primaryimage\"},\"image\":{\"@id\":\"https:\\\/\\\/www.isdi.education\\\/es\\\/blog\\\/redes-sociales-profesionales#primaryimage\"},\"thumbnailUrl\":\"https:\\\/\\\/www.isdi.education\\\/es\\\/wp-content\\\/uploads\\\/2024\\\/03\\\/768-redes_profesionales_listado_0.png\",\"datePublished\":\"2016-08-10T00:00:00+00:00\",\"dateModified\":\"2024-04-22T15:14:32+00:00\",\"description\":\"Las redes sociales profesionales se convierten en elementos clave, permitiendo crear bases de datos de perfiles para reclutadores y empleados.\",\"breadcrumb\":{\"@id\":\"https:\\\/\\\/www.isdi.education\\\/es\\\/blog\\\/redes-sociales-profesionales#breadcrumb\"},\"inLanguage\":\"es\",\"potentialAction\":[{\"@type\":\"ReadAction\",\"target\":[\"https:\\\/\\\/www.isdi.education\\\/es\\\/blog\\\/redes-sociales-profesionales\"]}]},{\"@type\":\"ImageObject\",\"inLanguage\":\"es\",\"@id\":\"https:\\\/\\\/www.isdi.education\\\/es\\\/blog\\\/redes-sociales-profesionales#primaryimage\",\"url\":\"https:\\\/\\\/www.isdi.education\\\/es\\\/wp-content\\\/uploads\\\/2024\\\/03\\\/768-redes_profesionales_listado_0.png\",\"contentUrl\":\"https:\\\/\\\/www.isdi.education\\\/es\\\/wp-content\\\/uploads\\\/2024\\\/03\\\/768-redes_profesionales_listado_0.png\",\"width\":371,\"height\":247,\"caption\":\"REDES SOCIALES PROFESIONALES\"},{\"@type\":\"BreadcrumbList\",\"@id\":\"https:\\\/\\\/www.isdi.education\\\/es\\\/blog\\\/redes-sociales-profesionales#breadcrumb\",\"itemListElement\":[{\"@type\":\"ListItem\",\"position\":1,\"name\":\"Inicio\",\"item\":\"https:\\\/\\\/www.isdi.education\\\/es\\\/\"},{\"@type\":\"ListItem\",\"position\":2,\"name\":\"REDES SOCIALES PROFESIONALES\"}]},{\"@type\":\"WebSite\",\"@id\":\"https:\\\/\\\/www.isdi.education\\\/es\\\/#website\",\"url\":\"https:\\\/\\\/www.isdi.education\\\/es\\\/\",\"name\":\"ISDI Espa\u00f1a | La Escuela de Negocios de la Era Digital\",\"description\":\"Descubre la formaci\u00f3n que te abrir\u00e1 las puertas a la era digital. Entra a formar parte de la primera escuela de negocios y direcci\u00f3n nativa digital.\",\"publisher\":{\"@id\":\"https:\\\/\\\/www.isdi.education\\\/es\\\/#organization\"},\"inLanguage\":\"es\"},{\"@type\":\"Organization\",\"@id\":\"https:\\\/\\\/www.isdi.education\\\/es\\\/#organization\",\"name\":\"ISDI Espa\u00f1a | La Escuela de Negocios de la Era Digital\",\"url\":\"https:\\\/\\\/www.isdi.education\\\/es\\\/\",\"logo\":{\"@type\":\"ImageObject\",\"inLanguage\":\"es\",\"@id\":\"https:\\\/\\\/www.isdi.education\\\/es\\\/#\\\/schema\\\/logo\\\/image\\\/\",\"url\":\"https:\\\/\\\/www.isdi.education\\\/es\\\/wp-content\\\/uploads\\\/2024\\\/02\\\/cropped-Favicon.png\",\"contentUrl\":\"https:\\\/\\\/www.isdi.education\\\/es\\\/wp-content\\\/uploads\\\/2024\\\/02\\\/cropped-Favicon.png\",\"width\":512,\"height\":512,\"caption\":\"ISDI Espa\u00f1a | La Escuela de Negocios de la Era Digital\"},\"image\":{\"@id\":\"https:\\\/\\\/www.isdi.education\\\/es\\\/#\\\/schema\\\/logo\\\/image\\\/\"},\"sameAs\":[\"https:\\\/\\\/www.facebook.com\\\/isdi.education\",\"https:\\\/\\\/www.linkedin.com\\\/school\\\/isdi\\\/?originalSubdomain=es\",\"https:\\\/\\\/www.instagram.com\\\/isdi_edu\\\/?hl=es\",\"https:\\\/\\\/www.tiktok.com\\\/@isdi_edu\",\"https:\\\/\\\/www.youtube.com\\\/user\\\/ISDItv\"]},{\"@type\":\"Person\",\"@id\":\"https:\\\/\\\/www.isdi.education\\\/es\\\/#\\\/schema\\\/person\\\/9f30c33eda685abbcfaabf1e7b9e9f76\",\"name\":\"infofuturo\",\"image\":{\"@type\":\"ImageObject\",\"inLanguage\":\"es\",\"@id\":\"https:\\\/\\\/www.isdi.education\\\/es\\\/wp-content\\\/litespeed\\\/avatar\\\/1\\\/06e1ec358746bcb8bb25471d95ddc6aa.jpg?ver=1777453142\",\"url\":\"https:\\\/\\\/www.isdi.education\\\/es\\\/wp-content\\\/litespeed\\\/avatar\\\/1\\\/06e1ec358746bcb8bb25471d95ddc6aa.jpg?ver=1777453142\",\"contentUrl\":\"https:\\\/\\\/www.isdi.education\\\/es\\\/wp-content\\\/litespeed\\\/avatar\\\/1\\\/06e1ec358746bcb8bb25471d95ddc6aa.jpg?ver=1777453142\",\"caption\":\"infofuturo\"},\"url\":\"https:\\\/\\\/www.isdi.education\\\/es\\\/author\\\/infofuturo\"}]}<\/script>\n<!-- \/ Yoast SEO plugin. -->","yoast_head_json":{"title":"REDES SOCIALES PROFESIONALES - ISDI Espa\u00f1a","description":"Las redes sociales profesionales se convierten en elementos clave, permitiendo crear bases de datos de perfiles para reclutadores y empleados.","robots":{"index":"index","follow":"follow","max-snippet":"max-snippet:-1","max-image-preview":"max-image-preview:large","max-video-preview":"max-video-preview:-1"},"canonical":"https:\/\/www.isdi.education\/es\/blog\/redes-sociales-profesionales","og_locale":"es_ES","og_type":"article","og_title":"REDES SOCIALES PROFESIONALES - ISDI Espa\u00f1a","og_description":"Las redes sociales profesionales se convierten en elementos clave, permitiendo crear bases de datos de perfiles para reclutadores y empleados.","og_url":"https:\/\/www.isdi.education\/es\/blog\/redes-sociales-profesionales","og_site_name":"ISDI Espa\u00f1a","article_publisher":"https:\/\/www.facebook.com\/isdi.education","article_published_time":"2016-08-10T00:00:00+00:00","article_modified_time":"2024-04-22T15:14:32+00:00","og_image":[{"width":371,"height":247,"url":"https:\/\/www.isdi.education\/es\/wp-content\/uploads\/2024\/03\/768-redes_profesionales_listado_0.png","type":"image\/png"}],"author":"infofuturo","twitter_card":"summary_large_image","twitter_misc":{"Escrito por":"infofuturo","Tiempo de lectura":"3 minutos"},"schema":{"@context":"https:\/\/schema.org","@graph":[{"@type":"Article","@id":"https:\/\/www.isdi.education\/es\/blog\/redes-sociales-profesionales#article","isPartOf":{"@id":"https:\/\/www.isdi.education\/es\/blog\/redes-sociales-profesionales"},"author":{"name":"infofuturo","@id":"https:\/\/www.isdi.education\/es\/#\/schema\/person\/9f30c33eda685abbcfaabf1e7b9e9f76"},"headline":"REDES SOCIALES PROFESIONALES","datePublished":"2016-08-10T00:00:00+00:00","dateModified":"2024-04-22T15:14:32+00:00","mainEntityOfPage":{"@id":"https:\/\/www.isdi.education\/es\/blog\/redes-sociales-profesionales"},"wordCount":698,"commentCount":0,"publisher":{"@id":"https:\/\/www.isdi.education\/es\/#organization"},"image":{"@id":"https:\/\/www.isdi.education\/es\/blog\/redes-sociales-profesionales#primaryimage"},"thumbnailUrl":"https:\/\/www.isdi.education\/es\/wp-content\/uploads\/2024\/03\/768-redes_profesionales_listado_0.png","articleSection":["Marketing Digital"],"inLanguage":"es","potentialAction":[{"@type":"CommentAction","name":"Comment","target":["https:\/\/www.isdi.education\/es\/blog\/redes-sociales-profesionales#respond"]}]},{"@type":"WebPage","@id":"https:\/\/www.isdi.education\/es\/blog\/redes-sociales-profesionales","url":"https:\/\/www.isdi.education\/es\/blog\/redes-sociales-profesionales","name":"REDES SOCIALES PROFESIONALES - ISDI Espa\u00f1a","isPartOf":{"@id":"https:\/\/www.isdi.education\/es\/#website"},"primaryImageOfPage":{"@id":"https:\/\/www.isdi.education\/es\/blog\/redes-sociales-profesionales#primaryimage"},"image":{"@id":"https:\/\/www.isdi.education\/es\/blog\/redes-sociales-profesionales#primaryimage"},"thumbnailUrl":"https:\/\/www.isdi.education\/es\/wp-content\/uploads\/2024\/03\/768-redes_profesionales_listado_0.png","datePublished":"2016-08-10T00:00:00+00:00","dateModified":"2024-04-22T15:14:32+00:00","description":"Las redes sociales profesionales se convierten en elementos clave, permitiendo crear bases de datos de perfiles para reclutadores y empleados.","breadcrumb":{"@id":"https:\/\/www.isdi.education\/es\/blog\/redes-sociales-profesionales#breadcrumb"},"inLanguage":"es","potentialAction":[{"@type":"ReadAction","target":["https:\/\/www.isdi.education\/es\/blog\/redes-sociales-profesionales"]}]},{"@type":"ImageObject","inLanguage":"es","@id":"https:\/\/www.isdi.education\/es\/blog\/redes-sociales-profesionales#primaryimage","url":"https:\/\/www.isdi.education\/es\/wp-content\/uploads\/2024\/03\/768-redes_profesionales_listado_0.png","contentUrl":"https:\/\/www.isdi.education\/es\/wp-content\/uploads\/2024\/03\/768-redes_profesionales_listado_0.png","width":371,"height":247,"caption":"REDES SOCIALES PROFESIONALES"},{"@type":"BreadcrumbList","@id":"https:\/\/www.isdi.education\/es\/blog\/redes-sociales-profesionales#breadcrumb","itemListElement":[{"@type":"ListItem","position":1,"name":"Inicio","item":"https:\/\/www.isdi.education\/es\/"},{"@type":"ListItem","position":2,"name":"REDES SOCIALES PROFESIONALES"}]},{"@type":"WebSite","@id":"https:\/\/www.isdi.education\/es\/#website","url":"https:\/\/www.isdi.education\/es\/","name":"ISDI Espa\u00f1a | La Escuela de Negocios de la Era Digital","description":"Descubre la formaci\u00f3n que te abrir\u00e1 las puertas a la era digital. Entra a formar parte de la primera escuela de negocios y direcci\u00f3n nativa digital.","publisher":{"@id":"https:\/\/www.isdi.education\/es\/#organization"},"inLanguage":"es"},{"@type":"Organization","@id":"https:\/\/www.isdi.education\/es\/#organization","name":"ISDI Espa\u00f1a | La Escuela de Negocios de la Era Digital","url":"https:\/\/www.isdi.education\/es\/","logo":{"@type":"ImageObject","inLanguage":"es","@id":"https:\/\/www.isdi.education\/es\/#\/schema\/logo\/image\/","url":"https:\/\/www.isdi.education\/es\/wp-content\/uploads\/2024\/02\/cropped-Favicon.png","contentUrl":"https:\/\/www.isdi.education\/es\/wp-content\/uploads\/2024\/02\/cropped-Favicon.png","width":512,"height":512,"caption":"ISDI Espa\u00f1a | La Escuela de Negocios de la Era Digital"},"image":{"@id":"https:\/\/www.isdi.education\/es\/#\/schema\/logo\/image\/"},"sameAs":["https:\/\/www.facebook.com\/isdi.education","https:\/\/www.linkedin.com\/school\/isdi\/?originalSubdomain=es","https:\/\/www.instagram.com\/isdi_edu\/?hl=es","https:\/\/www.tiktok.com\/@isdi_edu","https:\/\/www.youtube.com\/user\/ISDItv"]},{"@type":"Person","@id":"https:\/\/www.isdi.education\/es\/#\/schema\/person\/9f30c33eda685abbcfaabf1e7b9e9f76","name":"infofuturo","image":{"@type":"ImageObject","inLanguage":"es","@id":"https:\/\/www.isdi.education\/es\/wp-content\/litespeed\/avatar\/1\/06e1ec358746bcb8bb25471d95ddc6aa.jpg?ver=1777453142","url":"https:\/\/www.isdi.education\/es\/wp-content\/litespeed\/avatar\/1\/06e1ec358746bcb8bb25471d95ddc6aa.jpg?ver=1777453142","contentUrl":"https:\/\/www.isdi.education\/es\/wp-content\/litespeed\/avatar\/1\/06e1ec358746bcb8bb25471d95ddc6aa.jpg?ver=1777453142","caption":"infofuturo"},"url":"https:\/\/www.isdi.education\/es\/author\/infofuturo"}]}},"_links":{"self":[{"href":"https:\/\/www.isdi.education\/es\/wp-json\/wp\/v2\/posts\/14613","targetHints":{"allow":["GET"]}}],"collection":[{"href":"https:\/\/www.isdi.education\/es\/wp-json\/wp\/v2\/posts"}],"about":[{"href":"https:\/\/www.isdi.education\/es\/wp-json\/wp\/v2\/types\/post"}],"author":[{"embeddable":true,"href":"https:\/\/www.isdi.education\/es\/wp-json\/wp\/v2\/users\/23"}],"replies":[{"embeddable":true,"href":"https:\/\/www.isdi.education\/es\/wp-json\/wp\/v2\/comments?post=14613"}],"version-history":[{"count":0,"href":"https:\/\/www.isdi.education\/es\/wp-json\/wp\/v2\/posts\/14613\/revisions"}],"wp:featuredmedia":[{"embeddable":true,"href":"https:\/\/www.isdi.education\/es\/wp-json\/wp\/v2\/media\/14612"}],"wp:attachment":[{"href":"https:\/\/www.isdi.education\/es\/wp-json\/wp\/v2\/media?parent=14613"}],"wp:term":[{"taxonomy":"category","embeddable":true,"href":"https:\/\/www.isdi.education\/es\/wp-json\/wp\/v2\/categories?post=14613"},{"taxonomy":"post_tag","embeddable":true,"href":"https:\/\/www.isdi.education\/es\/wp-json\/wp\/v2\/tags?post=14613"}],"curies":[{"name":"wp","href":"https:\/\/api.w.org\/{rel}","templated":true}]}}