{"id":14553,"date":"2021-03-31T00:00:00","date_gmt":"2021-03-31T00:00:00","guid":{"rendered":"https:\/\/www.isdi.education\/es\/optimismo-digital-marzo-mejor-de-dos-en-dos\/"},"modified":"2024-04-23T10:10:14","modified_gmt":"2024-04-23T10:10:14","slug":"optimismo-digital-marzo-mejor-de-dos-en-dos","status":"publish","type":"post","link":"https:\/\/www.isdi.education\/es\/blog\/optimismo-digital-marzo-mejor-de-dos-en-dos","title":{"rendered":"Optimismo Digital Marzo: Mejor, de dos en dos"},"content":{"rendered":"<div id=\"07M-wysiwyg-1\" class=\"07M-wysiwyg anchor--link \" data-anchor-content>\n<section class=\"wysiwyg mb-xl\">\n<div class=\"wrapper wrapper--small\">\n<p class=\"t-small mb-xs\">\n<div class=\"wysiwyg__content\">\n<div>\n<h2 class=\"c-noticia-entradilla\"><\/h2>\n<p>\u00a0<\/p>\n<p>Este mes de marzo bien podr\u00eda haberse resumido con un triple doble: dos startups espa\u00f1olas han recibido importantes operaciones de ampliaci\u00f3n de capital; Amazon va a abrir dos nuevos centros log\u00edsticos en dos provincias espa\u00f1olas diferentes y dos de las empresas de telecomunicaciones han anunciado mejoras en su cobertura, m\u00f3vil y cableada. Pero debemos a\u00f1adir la OPA de \u00faltima hora: la de M\u00e1sM\u00f3vil a Euskatel.<\/p>\n<p>De hecho, y despu\u00e9s de semanas hablando de una posible fusi\u00f3n de M\u00e1sM\u00f3vil y Vodafone, la primera anunciaba una oferta amistosa, de 2.000 millones de euros, para hacerse con el control de Euskatel. Una proposici\u00f3n que\u00a0ha sido aceptada por la operadora vasca, que cuenta con 840.000 clientes. Esta operaci\u00f3n reforzar\u00e1 a\u00fan m\u00e1s el papel de M\u00e1sM\u00f3vil como cuarta operadora de telecomunicaciones en Espa\u00f1a.<\/p>\n<p>De no ser por esta OPA, la gran noticia de marzo hab\u00eda sido la protagonizada por Jobandtalent. Una de las startups m\u00e1s reconocidas y de larga proyecci\u00f3n de nuestro pa\u00eds ha conseguido\u00a0captar 100 millones de euros de financiaci\u00f3n y a\u00f1adir otros 83 millones de euros en forma de deuda. Jobandtalent ha evolucionado hasta convertirse en una aplicaci\u00f3n que conecta a trabajadores que buscan empleo con empresas demandantes de estos servicios. Esta \u00faltima ronda est\u00e1 protagonizada por el fondo de inversi\u00f3n en tecnolog\u00eda m\u00e1s grande del mundo, SoftBank Vision Fund, y supone la primera inversi\u00f3n\u00a0de este fondo\u00a0en una compa\u00f1\u00eda espa\u00f1ola. Cabe recorda que en el \u00faltimo trimestre del a\u00f1o pasado la compa\u00f1\u00eda cerr\u00f3 otra ronda de 88 millones de euros.<\/p>\n<p>Mientras, la empresa de origen vasco\u00a0Sherpa.ai lograba siete millones de euros\u00a0con los que la compa\u00f1\u00eda quiere liderar el mercado europeo de la inteligencia artificial.\u00a0<strong>La compa\u00f1\u00eda fue valorada en entre 125 y 150 millones de d\u00f3lares antes de lanzar su nueva plataforma, el pasado verano,<\/strong>\u00a0y tiene previsto poner en marcha en breve una ronda Series B de unos 20 millones. Este dinero se emplear\u00e1 sobre todo en sus esfuerzos de aplicar la inteligencia artificial a la privacidad de datos. Algo que ven factible tras lanzar el pasado agosto su nueva plataforma de IA y privacidad que permite utilizar la potencia de los algoritmos de inteligencia artificial sin necesidad de compartir datos privados, gracias al aprendizaje federado, pues los modelos se entrenan de forma local y solo las mejoras se combinan en la nube y se agregan a un modelo global.<\/p>\n<p>No dejamos el pa\u00eds vasco para contar que quieres fundaran Ticketbis (Jon Uriarte y Ander Michelena) est\u00e1n centrando ahora sus esfuerzos en el negocio de la gesti\u00f3n de activos inmobiliarios. Para ello, impulsaron L\u00edbere Hospitality, la operadora de apartamentos urbanos, creada hace dos a\u00f1os coincidiendo con el lanzamiento de su socimi All Iron RE I, empresa cotizada en BME Growth y con activos por valor de m\u00e1s de 75 millones de euros. Sin embargo, es ahora cuando los emprendedores espa\u00f1oles quieren lanzarse de lleno a este negocio, con perfil de riesgo y de inversores diferente al de la socimi, pero complementarios. \u00bfEl objetivo? Ser una alternativa a los hoteles y a los particulares que ofrecen sus viviendas a trav\u00e9s de Airbnb y otras plataformas similares aunque,\u00a0tal y como confiesa uno de los fundadores, la idea es \u201creplicar lo que hicimos con Ticketbis\u201d, la plataforma de compraventa de entradas que vendieron en 2016 por 165 millones.<\/p>\n<p>Vayamos ahora con dos grandes aperturas anunciadas en este mes. Y las dos por parte de Amazon. Por un lado, la empresa ha anunciado que ha elegido Murcia como sede de su cuarto centro log\u00edstico robotizado de nuestro pa\u00eds.\u00a0<strong>Esta nueva instalaci\u00f3n tendr\u00e1 160.000 metros del municipio de Corvera<\/strong>, cerca del aeropuerto y aproximadamente a unos 20 kil\u00f3metros de la ciudad de Murcia. Amazon\u00a0ha empezado a reclutar personal\u00a0para esta instalaci\u00f3n con diferentes perfiles. Cabe se\u00f1alar que, desde 2020, Amazon cuenta con una estaci\u00f3n log\u00edstica de \u00faltima milla, que est\u00e1 apenas a 200 metros de distancia de este nuevo. Los centros robotizados est\u00e1n en El Prat (Barcelona), Dos Hermanas (Sevilla) y en un centro de distribuci\u00f3n en Barber\u00e1 del Vall\u00e9s (Barcelona).<\/p>\n<p>El otro centro log\u00edstico que Amazon ha anunciado que\u00a0abrir\u00e1 estar\u00e1 en Alicante. Se espera que sea este verano cuando est\u00e9 ya operativo y\u00a0<strong>que de empleo a 60 personas de forma permanente y otros 300 de manera indirecta.\u00a0<\/strong>Se trata del segundo almac\u00e9n en la Comunidad Valenciana tras la de Paterna (Valencia). La instalaci\u00f3n, que contar\u00e1 con m\u00e1s de 8.000 metros cuadrados, dar\u00e1 servicio a los clientes de la compa\u00f1\u00eda en la ciudad y en las zonas lim\u00edtrofes.<\/p>\n<p>En materia de telecomunicaciones, una de las dos buenas noticias es que Vodafone ha anunciado que ya\u00a0son 25 las ciudades que tienen cobertura 5G en Espa\u00f1a. De esta forma, los habitantes y visitantes de Toledo, Castell\u00f3n, Santa Cruz de Tenerife y Las Palmas de Gran Canaria pueden ya disfrutar de esta tecnolog\u00eda, que da m\u00e1s ancho de banda (con velocidades de descarga de hasta 1 Gbps) y menor latencia (inferior 10 milisegundos en condiciones ideales), entre otras prestaciones. Seg\u00fan la operadora, la cobertura 5G de Vodafone alcanza a m\u00e1s del 50% de la poblaci\u00f3n en estas ciudades.<\/p>\n<p>En cuanto a las comunicaciones cableadas, Telxius, una divisi\u00f3n de Telef\u00f3nica, acaba de firmar un contrato con Interxion en Francia. En un comunicado, la operadora espa\u00f1ola se\u00f1ala que ha firmado un\u00a0acuerdo con Interxion que le permite conectarse al cable submarino Dunant\u00a0con las instalaciones que esta compa\u00f1\u00eda tiene en Par\u00eds. Cabe se\u00f1alar que Dunant es el primer cable submarino que conecta directamente Francia con EE.UU. que se despliega en los \u00faltimos 15 a\u00f1os, y es una de las infraestructuras de nueva generaci\u00f3n para hacer frente a la demanda de aumento de capacidad en las redes de telecomunicaciones.<\/p>\n<h3><strong>ISDI Accelerator<\/strong><\/h3>\n<p>Hoy, 31 de marzo, se cierra la convocatoria de\u00a0<strong>#UNICEFLab<\/strong>. Si est\u00e1s trabajando en un proyecto de impacto social positivo enfocado a la infancia y sus familias, no lo dudes y pres\u00e9ntate. Junto a UNICEF Espa\u00f1a te ayudaremos a lanzar tu producto al mercado gracias a un competitivo programa de aceleraci\u00f3n. Encuentra toda la info en la\u00a0web y si te perdiste el webinar del pasado 17 de Marzo, lo tienes disponible aqu\u00ed.<\/p>\n<p>El <strong>6 de Abril,<\/strong> ISDI Accelerator lanza la 3\u00aa y \u00faltima convocatoria de <strong>IMPACT EdTech, <\/strong>programa\u00a0de startups desarrollado bajo el programa H2020 para innovaciones en educaci\u00f3n digital. Si tienes una startup o PYME trabajando en el sector de Educaci\u00f3n Tecnol\u00f3gica, pres\u00e9ntate y podr\u00e1s ser financiado con hasta <strong>\u20ac197K a fondo perdido<\/strong>, entrar en el programa de incubaci\u00f3n \/ aceleraci\u00f3n liderado por European Schoolnet, ISDI Accelerator y FundingBox. Entra en la web para m\u00e1s info.<\/p>\n<p>Foto de <strong>Ashwin Vaswani<\/strong> para <strong>Unsplash<\/strong><\/p>\n<\/div><\/div>\n<\/p><\/div>\n<\/section><\/div>\n","protected":false},"excerpt":{"rendered":"<p>Dos importantes rondas, dos nuevas aperturas, dos open-call todav\u00eda abiertas y una OPA de \u00faltima hora<\/p>\n","protected":false},"author":23,"featured_media":14552,"comment_status":"open","ping_status":"closed","sticky":false,"template":"","format":"standard","meta":{"_acf_changed":false,"footnotes":""},"categories":[1],"tags":[],"class_list":["post-14553","post","type-post","status-publish","format-standard","has-post-thumbnail","hentry","category-noticias-isdi"],"acf":{"photo_gallery":{"galeria":[[]]}},"yoast_head":"<!-- This site is optimized with the Yoast SEO plugin v27.4 - https:\/\/yoast.com\/product\/yoast-seo-wordpress\/ -->\n<title>Optimismo Digital Marzo: Mejor, de dos en dos - ISDI Espa\u00f1a<\/title>\n<meta name=\"description\" content=\"Marzo de 2021 ha tra\u00eddo novedades en pares: rondas de negociaci\u00f3n, OPAs, nuevas aperturas y open calls est\u00e1n entre las primicias del mes. \u00a1Desc\u00fabrelas!\" \/>\n<meta name=\"robots\" content=\"index, follow, max-snippet:-1, max-image-preview:large, max-video-preview:-1\" \/>\n<link rel=\"canonical\" href=\"https:\/\/www.isdi.education\/es\/blog\/optimismo-digital-marzo-mejor-de-dos-en-dos\" \/>\n<meta property=\"og:locale\" content=\"es_ES\" \/>\n<meta property=\"og:type\" content=\"article\" \/>\n<meta property=\"og:title\" content=\"Optimismo Digital Marzo: Mejor, de dos en dos - ISDI Espa\u00f1a\" \/>\n<meta property=\"og:description\" content=\"Marzo de 2021 ha tra\u00eddo novedades en pares: rondas de negociaci\u00f3n, OPAs, nuevas aperturas y open calls est\u00e1n entre las primicias del mes. \u00a1Desc\u00fabrelas!\" \/>\n<meta property=\"og:url\" content=\"https:\/\/www.isdi.education\/es\/blog\/optimismo-digital-marzo-mejor-de-dos-en-dos\" \/>\n<meta property=\"og:site_name\" content=\"ISDI Espa\u00f1a\" \/>\n<meta property=\"article:publisher\" content=\"https:\/\/www.facebook.com\/isdi.education\" \/>\n<meta property=\"article:published_time\" content=\"2021-03-31T00:00:00+00:00\" \/>\n<meta property=\"article:modified_time\" content=\"2024-04-23T10:10:14+00:00\" \/>\n<meta property=\"og:image\" content=\"https:\/\/www.isdi.education\/es\/wp-content\/uploads\/2024\/03\/745-ashwin-vaswani-jqz7q_s3xoe-unsplash.jpg\" \/>\n\t<meta property=\"og:image:width\" content=\"600\" \/>\n\t<meta property=\"og:image:height\" content=\"400\" \/>\n\t<meta property=\"og:image:type\" content=\"image\/jpeg\" \/>\n<meta name=\"author\" content=\"infofuturo\" \/>\n<meta name=\"twitter:card\" content=\"summary_large_image\" \/>\n<meta name=\"twitter:label1\" content=\"Escrito por\" \/>\n\t<meta name=\"twitter:data1\" content=\"infofuturo\" \/>\n\t<meta name=\"twitter:label2\" content=\"Tiempo de lectura\" \/>\n\t<meta name=\"twitter:data2\" content=\"6 minutos\" \/>\n<script type=\"application\/ld+json\" class=\"yoast-schema-graph\">{\"@context\":\"https:\\\/\\\/schema.org\",\"@graph\":[{\"@type\":\"Article\",\"@id\":\"https:\\\/\\\/www.isdi.education\\\/es\\\/blog\\\/optimismo-digital-marzo-mejor-de-dos-en-dos#article\",\"isPartOf\":{\"@id\":\"https:\\\/\\\/www.isdi.education\\\/es\\\/blog\\\/optimismo-digital-marzo-mejor-de-dos-en-dos\"},\"author\":{\"name\":\"infofuturo\",\"@id\":\"https:\\\/\\\/www.isdi.education\\\/es\\\/#\\\/schema\\\/person\\\/9f30c33eda685abbcfaabf1e7b9e9f76\"},\"headline\":\"Optimismo Digital Marzo: Mejor, de dos en dos\",\"datePublished\":\"2021-03-31T00:00:00+00:00\",\"dateModified\":\"2024-04-23T10:10:14+00:00\",\"mainEntityOfPage\":{\"@id\":\"https:\\\/\\\/www.isdi.education\\\/es\\\/blog\\\/optimismo-digital-marzo-mejor-de-dos-en-dos\"},\"wordCount\":1176,\"commentCount\":0,\"publisher\":{\"@id\":\"https:\\\/\\\/www.isdi.education\\\/es\\\/#organization\"},\"image\":{\"@id\":\"https:\\\/\\\/www.isdi.education\\\/es\\\/blog\\\/optimismo-digital-marzo-mejor-de-dos-en-dos#primaryimage\"},\"thumbnailUrl\":\"https:\\\/\\\/www.isdi.education\\\/es\\\/wp-content\\\/uploads\\\/2024\\\/03\\\/745-ashwin-vaswani-jqz7q_s3xoe-unsplash.jpg\",\"articleSection\":[\"Noticias ISDI\"],\"inLanguage\":\"es\",\"potentialAction\":[{\"@type\":\"CommentAction\",\"name\":\"Comment\",\"target\":[\"https:\\\/\\\/www.isdi.education\\\/es\\\/blog\\\/optimismo-digital-marzo-mejor-de-dos-en-dos#respond\"]}]},{\"@type\":\"WebPage\",\"@id\":\"https:\\\/\\\/www.isdi.education\\\/es\\\/blog\\\/optimismo-digital-marzo-mejor-de-dos-en-dos\",\"url\":\"https:\\\/\\\/www.isdi.education\\\/es\\\/blog\\\/optimismo-digital-marzo-mejor-de-dos-en-dos\",\"name\":\"Optimismo Digital Marzo: Mejor, de dos en dos - ISDI Espa\u00f1a\",\"isPartOf\":{\"@id\":\"https:\\\/\\\/www.isdi.education\\\/es\\\/#website\"},\"primaryImageOfPage\":{\"@id\":\"https:\\\/\\\/www.isdi.education\\\/es\\\/blog\\\/optimismo-digital-marzo-mejor-de-dos-en-dos#primaryimage\"},\"image\":{\"@id\":\"https:\\\/\\\/www.isdi.education\\\/es\\\/blog\\\/optimismo-digital-marzo-mejor-de-dos-en-dos#primaryimage\"},\"thumbnailUrl\":\"https:\\\/\\\/www.isdi.education\\\/es\\\/wp-content\\\/uploads\\\/2024\\\/03\\\/745-ashwin-vaswani-jqz7q_s3xoe-unsplash.jpg\",\"datePublished\":\"2021-03-31T00:00:00+00:00\",\"dateModified\":\"2024-04-23T10:10:14+00:00\",\"description\":\"Marzo de 2021 ha tra\u00eddo novedades en pares: rondas de negociaci\u00f3n, OPAs, nuevas aperturas y open calls est\u00e1n entre las primicias del mes. \u00a1Desc\u00fabrelas!\",\"breadcrumb\":{\"@id\":\"https:\\\/\\\/www.isdi.education\\\/es\\\/blog\\\/optimismo-digital-marzo-mejor-de-dos-en-dos#breadcrumb\"},\"inLanguage\":\"es\",\"potentialAction\":[{\"@type\":\"ReadAction\",\"target\":[\"https:\\\/\\\/www.isdi.education\\\/es\\\/blog\\\/optimismo-digital-marzo-mejor-de-dos-en-dos\"]}]},{\"@type\":\"ImageObject\",\"inLanguage\":\"es\",\"@id\":\"https:\\\/\\\/www.isdi.education\\\/es\\\/blog\\\/optimismo-digital-marzo-mejor-de-dos-en-dos#primaryimage\",\"url\":\"https:\\\/\\\/www.isdi.education\\\/es\\\/wp-content\\\/uploads\\\/2024\\\/03\\\/745-ashwin-vaswani-jqz7q_s3xoe-unsplash.jpg\",\"contentUrl\":\"https:\\\/\\\/www.isdi.education\\\/es\\\/wp-content\\\/uploads\\\/2024\\\/03\\\/745-ashwin-vaswani-jqz7q_s3xoe-unsplash.jpg\",\"width\":600,\"height\":400,\"caption\":\"Optimismo Digital Marzo: Mejor, de dos en dos\"},{\"@type\":\"BreadcrumbList\",\"@id\":\"https:\\\/\\\/www.isdi.education\\\/es\\\/blog\\\/optimismo-digital-marzo-mejor-de-dos-en-dos#breadcrumb\",\"itemListElement\":[{\"@type\":\"ListItem\",\"position\":1,\"name\":\"Inicio\",\"item\":\"https:\\\/\\\/www.isdi.education\\\/es\\\/\"},{\"@type\":\"ListItem\",\"position\":2,\"name\":\"Optimismo Digital Marzo: Mejor, de dos en dos\"}]},{\"@type\":\"WebSite\",\"@id\":\"https:\\\/\\\/www.isdi.education\\\/es\\\/#website\",\"url\":\"https:\\\/\\\/www.isdi.education\\\/es\\\/\",\"name\":\"ISDI Espa\u00f1a | La Escuela de Negocios de la Era Digital\",\"description\":\"Descubre la formaci\u00f3n que te abrir\u00e1 las puertas a la era digital. Entra a formar parte de la primera escuela de negocios y direcci\u00f3n nativa digital.\",\"publisher\":{\"@id\":\"https:\\\/\\\/www.isdi.education\\\/es\\\/#organization\"},\"inLanguage\":\"es\"},{\"@type\":\"Organization\",\"@id\":\"https:\\\/\\\/www.isdi.education\\\/es\\\/#organization\",\"name\":\"ISDI Espa\u00f1a | La Escuela de Negocios de la Era Digital\",\"url\":\"https:\\\/\\\/www.isdi.education\\\/es\\\/\",\"logo\":{\"@type\":\"ImageObject\",\"inLanguage\":\"es\",\"@id\":\"https:\\\/\\\/www.isdi.education\\\/es\\\/#\\\/schema\\\/logo\\\/image\\\/\",\"url\":\"https:\\\/\\\/www.isdi.education\\\/es\\\/wp-content\\\/uploads\\\/2024\\\/02\\\/cropped-Favicon.png\",\"contentUrl\":\"https:\\\/\\\/www.isdi.education\\\/es\\\/wp-content\\\/uploads\\\/2024\\\/02\\\/cropped-Favicon.png\",\"width\":512,\"height\":512,\"caption\":\"ISDI Espa\u00f1a | La Escuela de Negocios de la Era Digital\"},\"image\":{\"@id\":\"https:\\\/\\\/www.isdi.education\\\/es\\\/#\\\/schema\\\/logo\\\/image\\\/\"},\"sameAs\":[\"https:\\\/\\\/www.facebook.com\\\/isdi.education\",\"https:\\\/\\\/www.linkedin.com\\\/school\\\/isdi\\\/?originalSubdomain=es\",\"https:\\\/\\\/www.instagram.com\\\/isdi_edu\\\/?hl=es\",\"https:\\\/\\\/www.tiktok.com\\\/@isdi_edu\",\"https:\\\/\\\/www.youtube.com\\\/user\\\/ISDItv\"]},{\"@type\":\"Person\",\"@id\":\"https:\\\/\\\/www.isdi.education\\\/es\\\/#\\\/schema\\\/person\\\/9f30c33eda685abbcfaabf1e7b9e9f76\",\"name\":\"infofuturo\",\"image\":{\"@type\":\"ImageObject\",\"inLanguage\":\"es\",\"@id\":\"https:\\\/\\\/www.isdi.education\\\/es\\\/wp-content\\\/litespeed\\\/avatar\\\/1\\\/06e1ec358746bcb8bb25471d95ddc6aa.jpg?ver=1776848319\",\"url\":\"https:\\\/\\\/www.isdi.education\\\/es\\\/wp-content\\\/litespeed\\\/avatar\\\/1\\\/06e1ec358746bcb8bb25471d95ddc6aa.jpg?ver=1776848319\",\"contentUrl\":\"https:\\\/\\\/www.isdi.education\\\/es\\\/wp-content\\\/litespeed\\\/avatar\\\/1\\\/06e1ec358746bcb8bb25471d95ddc6aa.jpg?ver=1776848319\",\"caption\":\"infofuturo\"},\"url\":\"https:\\\/\\\/www.isdi.education\\\/es\\\/author\\\/infofuturo\"}]}<\/script>\n<!-- \/ Yoast SEO plugin. -->","yoast_head_json":{"title":"Optimismo Digital Marzo: Mejor, de dos en dos - ISDI Espa\u00f1a","description":"Marzo de 2021 ha tra\u00eddo novedades en pares: rondas de negociaci\u00f3n, OPAs, nuevas aperturas y open calls est\u00e1n entre las primicias del mes. \u00a1Desc\u00fabrelas!","robots":{"index":"index","follow":"follow","max-snippet":"max-snippet:-1","max-image-preview":"max-image-preview:large","max-video-preview":"max-video-preview:-1"},"canonical":"https:\/\/www.isdi.education\/es\/blog\/optimismo-digital-marzo-mejor-de-dos-en-dos","og_locale":"es_ES","og_type":"article","og_title":"Optimismo Digital Marzo: Mejor, de dos en dos - ISDI Espa\u00f1a","og_description":"Marzo de 2021 ha tra\u00eddo novedades en pares: rondas de negociaci\u00f3n, OPAs, nuevas aperturas y open calls est\u00e1n entre las primicias del mes. \u00a1Desc\u00fabrelas!","og_url":"https:\/\/www.isdi.education\/es\/blog\/optimismo-digital-marzo-mejor-de-dos-en-dos","og_site_name":"ISDI Espa\u00f1a","article_publisher":"https:\/\/www.facebook.com\/isdi.education","article_published_time":"2021-03-31T00:00:00+00:00","article_modified_time":"2024-04-23T10:10:14+00:00","og_image":[{"width":600,"height":400,"url":"https:\/\/www.isdi.education\/es\/wp-content\/uploads\/2024\/03\/745-ashwin-vaswani-jqz7q_s3xoe-unsplash.jpg","type":"image\/jpeg"}],"author":"infofuturo","twitter_card":"summary_large_image","twitter_misc":{"Escrito por":"infofuturo","Tiempo de lectura":"6 minutos"},"schema":{"@context":"https:\/\/schema.org","@graph":[{"@type":"Article","@id":"https:\/\/www.isdi.education\/es\/blog\/optimismo-digital-marzo-mejor-de-dos-en-dos#article","isPartOf":{"@id":"https:\/\/www.isdi.education\/es\/blog\/optimismo-digital-marzo-mejor-de-dos-en-dos"},"author":{"name":"infofuturo","@id":"https:\/\/www.isdi.education\/es\/#\/schema\/person\/9f30c33eda685abbcfaabf1e7b9e9f76"},"headline":"Optimismo Digital Marzo: Mejor, de dos en dos","datePublished":"2021-03-31T00:00:00+00:00","dateModified":"2024-04-23T10:10:14+00:00","mainEntityOfPage":{"@id":"https:\/\/www.isdi.education\/es\/blog\/optimismo-digital-marzo-mejor-de-dos-en-dos"},"wordCount":1176,"commentCount":0,"publisher":{"@id":"https:\/\/www.isdi.education\/es\/#organization"},"image":{"@id":"https:\/\/www.isdi.education\/es\/blog\/optimismo-digital-marzo-mejor-de-dos-en-dos#primaryimage"},"thumbnailUrl":"https:\/\/www.isdi.education\/es\/wp-content\/uploads\/2024\/03\/745-ashwin-vaswani-jqz7q_s3xoe-unsplash.jpg","articleSection":["Noticias ISDI"],"inLanguage":"es","potentialAction":[{"@type":"CommentAction","name":"Comment","target":["https:\/\/www.isdi.education\/es\/blog\/optimismo-digital-marzo-mejor-de-dos-en-dos#respond"]}]},{"@type":"WebPage","@id":"https:\/\/www.isdi.education\/es\/blog\/optimismo-digital-marzo-mejor-de-dos-en-dos","url":"https:\/\/www.isdi.education\/es\/blog\/optimismo-digital-marzo-mejor-de-dos-en-dos","name":"Optimismo Digital Marzo: Mejor, de dos en dos - ISDI Espa\u00f1a","isPartOf":{"@id":"https:\/\/www.isdi.education\/es\/#website"},"primaryImageOfPage":{"@id":"https:\/\/www.isdi.education\/es\/blog\/optimismo-digital-marzo-mejor-de-dos-en-dos#primaryimage"},"image":{"@id":"https:\/\/www.isdi.education\/es\/blog\/optimismo-digital-marzo-mejor-de-dos-en-dos#primaryimage"},"thumbnailUrl":"https:\/\/www.isdi.education\/es\/wp-content\/uploads\/2024\/03\/745-ashwin-vaswani-jqz7q_s3xoe-unsplash.jpg","datePublished":"2021-03-31T00:00:00+00:00","dateModified":"2024-04-23T10:10:14+00:00","description":"Marzo de 2021 ha tra\u00eddo novedades en pares: rondas de negociaci\u00f3n, OPAs, nuevas aperturas y open calls est\u00e1n entre las primicias del mes. \u00a1Desc\u00fabrelas!","breadcrumb":{"@id":"https:\/\/www.isdi.education\/es\/blog\/optimismo-digital-marzo-mejor-de-dos-en-dos#breadcrumb"},"inLanguage":"es","potentialAction":[{"@type":"ReadAction","target":["https:\/\/www.isdi.education\/es\/blog\/optimismo-digital-marzo-mejor-de-dos-en-dos"]}]},{"@type":"ImageObject","inLanguage":"es","@id":"https:\/\/www.isdi.education\/es\/blog\/optimismo-digital-marzo-mejor-de-dos-en-dos#primaryimage","url":"https:\/\/www.isdi.education\/es\/wp-content\/uploads\/2024\/03\/745-ashwin-vaswani-jqz7q_s3xoe-unsplash.jpg","contentUrl":"https:\/\/www.isdi.education\/es\/wp-content\/uploads\/2024\/03\/745-ashwin-vaswani-jqz7q_s3xoe-unsplash.jpg","width":600,"height":400,"caption":"Optimismo Digital Marzo: Mejor, de dos en dos"},{"@type":"BreadcrumbList","@id":"https:\/\/www.isdi.education\/es\/blog\/optimismo-digital-marzo-mejor-de-dos-en-dos#breadcrumb","itemListElement":[{"@type":"ListItem","position":1,"name":"Inicio","item":"https:\/\/www.isdi.education\/es\/"},{"@type":"ListItem","position":2,"name":"Optimismo Digital Marzo: Mejor, de dos en dos"}]},{"@type":"WebSite","@id":"https:\/\/www.isdi.education\/es\/#website","url":"https:\/\/www.isdi.education\/es\/","name":"ISDI Espa\u00f1a | La Escuela de Negocios de la Era Digital","description":"Descubre la formaci\u00f3n que te abrir\u00e1 las puertas a la era digital. Entra a formar parte de la primera escuela de negocios y direcci\u00f3n nativa digital.","publisher":{"@id":"https:\/\/www.isdi.education\/es\/#organization"},"inLanguage":"es"},{"@type":"Organization","@id":"https:\/\/www.isdi.education\/es\/#organization","name":"ISDI Espa\u00f1a | La Escuela de Negocios de la Era Digital","url":"https:\/\/www.isdi.education\/es\/","logo":{"@type":"ImageObject","inLanguage":"es","@id":"https:\/\/www.isdi.education\/es\/#\/schema\/logo\/image\/","url":"https:\/\/www.isdi.education\/es\/wp-content\/uploads\/2024\/02\/cropped-Favicon.png","contentUrl":"https:\/\/www.isdi.education\/es\/wp-content\/uploads\/2024\/02\/cropped-Favicon.png","width":512,"height":512,"caption":"ISDI Espa\u00f1a | La Escuela de Negocios de la Era Digital"},"image":{"@id":"https:\/\/www.isdi.education\/es\/#\/schema\/logo\/image\/"},"sameAs":["https:\/\/www.facebook.com\/isdi.education","https:\/\/www.linkedin.com\/school\/isdi\/?originalSubdomain=es","https:\/\/www.instagram.com\/isdi_edu\/?hl=es","https:\/\/www.tiktok.com\/@isdi_edu","https:\/\/www.youtube.com\/user\/ISDItv"]},{"@type":"Person","@id":"https:\/\/www.isdi.education\/es\/#\/schema\/person\/9f30c33eda685abbcfaabf1e7b9e9f76","name":"infofuturo","image":{"@type":"ImageObject","inLanguage":"es","@id":"https:\/\/www.isdi.education\/es\/wp-content\/litespeed\/avatar\/1\/06e1ec358746bcb8bb25471d95ddc6aa.jpg?ver=1776848319","url":"https:\/\/www.isdi.education\/es\/wp-content\/litespeed\/avatar\/1\/06e1ec358746bcb8bb25471d95ddc6aa.jpg?ver=1776848319","contentUrl":"https:\/\/www.isdi.education\/es\/wp-content\/litespeed\/avatar\/1\/06e1ec358746bcb8bb25471d95ddc6aa.jpg?ver=1776848319","caption":"infofuturo"},"url":"https:\/\/www.isdi.education\/es\/author\/infofuturo"}]}},"_links":{"self":[{"href":"https:\/\/www.isdi.education\/es\/wp-json\/wp\/v2\/posts\/14553","targetHints":{"allow":["GET"]}}],"collection":[{"href":"https:\/\/www.isdi.education\/es\/wp-json\/wp\/v2\/posts"}],"about":[{"href":"https:\/\/www.isdi.education\/es\/wp-json\/wp\/v2\/types\/post"}],"author":[{"embeddable":true,"href":"https:\/\/www.isdi.education\/es\/wp-json\/wp\/v2\/users\/23"}],"replies":[{"embeddable":true,"href":"https:\/\/www.isdi.education\/es\/wp-json\/wp\/v2\/comments?post=14553"}],"version-history":[{"count":0,"href":"https:\/\/www.isdi.education\/es\/wp-json\/wp\/v2\/posts\/14553\/revisions"}],"wp:featuredmedia":[{"embeddable":true,"href":"https:\/\/www.isdi.education\/es\/wp-json\/wp\/v2\/media\/14552"}],"wp:attachment":[{"href":"https:\/\/www.isdi.education\/es\/wp-json\/wp\/v2\/media?parent=14553"}],"wp:term":[{"taxonomy":"category","embeddable":true,"href":"https:\/\/www.isdi.education\/es\/wp-json\/wp\/v2\/categories?post=14553"},{"taxonomy":"post_tag","embeddable":true,"href":"https:\/\/www.isdi.education\/es\/wp-json\/wp\/v2\/tags?post=14553"}],"curies":[{"name":"wp","href":"https:\/\/api.w.org\/{rel}","templated":true}]}}