{"id":14506,"date":"2011-05-10T00:00:00","date_gmt":"2011-05-10T00:00:00","guid":{"rendered":"https:\/\/www.isdi.education\/es\/la-lucha-por-la-supervivencia-y-la-seleccion-natural-iii\/"},"modified":"2024-04-22T14:25:11","modified_gmt":"2024-04-22T14:25:11","slug":"la-lucha-por-la-supervivencia-y-la-seleccion-natural-iii","status":"publish","type":"post","link":"https:\/\/www.isdi.education\/es\/blog\/la-lucha-por-la-supervivencia-y-la-seleccion-natural-iii","title":{"rendered":"La lucha por la supervivencia y la selecci\u00f3n natural I\/II"},"content":{"rendered":"<div id=\"07M-wysiwyg-1\" class=\"07M-wysiwyg anchor--link \" data-anchor-content=\"\">\n<section class=\"wysiwyg mb-xl\">\n<div class=\"wrapper wrapper--small\">\n<div class=\"wysiwyg__content\">\n<div>\n<p>La selecci\u00f3n natural seg\u00fan predicaba Darwin, junto con la evoluci\u00f3n de las especies, hacen que un individuo de una determinada especie se adapte al medio, con lo que encontramos que el mejor adaptado es el que sobrevive. Algo an\u00e1logo ocurre con las empresas hoy en d\u00eda: no sobrevive la m\u00e1s fuerte sino la que mejor se adapta. Pero \u00bfcon qu\u00e9 mecanismos de adaptaci\u00f3n cuentan las empresas? \u00bfC\u00f3mo evoluciona el medio y con qu\u00e9 rapidez? \u00bfPor qu\u00e9 desaparecen las m\u00e1s fuertes?<\/p>\n<p>Seg\u00fan cuenta el propio Charles Darwin, sucedi\u00f3 que leyendo por diversi\u00f3n el ensayo sobre la poblaci\u00f3n de Malthus, comenz\u00f3 a estar bien preparado para apreciar la lucha por la existencia que se da en todas partes a partir de observaciones a largo plazo de los h\u00e1bitos de animales y plantas, y de inmediato, le impact\u00f3 el hecho de que bajo tales circunstancias las variaciones favorables tendieran a ser preservadas, mientras que las desfavorables ser\u00edan destruidas. El resultado de esto ser\u00eda la formaci\u00f3n de nuevas especies, y en palabras de Darwin \u2018Aqu\u00ed, por tanto, por fin hab\u00eda una teor\u00eda con la que trabajar\u2019.<\/p>\n<p>El resultado de esta teor\u00eda no es otra cosa que \u2018El origen de las especies por medio de la selecci\u00f3n natural, o la preservaci\u00f3n de las razas favorecidas en la lucha por la vida\u2019, hacia 1859.<\/p>\n<ul>\n<li>En esta revolucionaria teor\u00eda para la \u00e9poca se dan las siguientes subcategor\u00edas:<\/li>\n<li>El hecho de la evoluci\u00f3n<\/li>\n<li>La postulaci\u00f3n de un origen com\u00fan para todos los organismos<\/li>\n<li>La diversificaci\u00f3n de las especies<\/li>\n<li>El gradualismo<\/li>\n<li>La selecci\u00f3n natural<\/li>\n<\/ul>\n<p style=\"text-align: center\">Fuente: Frontispiece to Huxley&#8217;s Evidence as to Man&#8217;s Place in Nature (1863)<\/p>\n<p>Mediante la teor\u00eda del origen com\u00fan, Darwin logr\u00f3 integrar evidencias procedentes de campos tan dispares como la bio-geograf\u00eda, la paleontolog\u00eda, la anatom\u00eda o la embriolog\u00eda. La convergencia de todas estas evidencias demostraba la comunidad de descendencia de todos los organismos vivos y extintos. De este modo, Darwin ofrec\u00eda una demostraci\u00f3n sistem\u00e1tica de la evoluci\u00f3n de las especies, generadas todas a partir de un tronco com\u00fan, cuya diversidad era fruto de cambios graduales (el gradualismo) y no de cat\u00e1strofes o de inmovilismos, y tambi\u00e9n de la selecci\u00f3n natural, es decir, de la mejor adaptaci\u00f3n al medio.<\/p>\n<p>Una situaci\u00f3n an\u00e1loga se puede dar con el mundo empresarial y econ\u00f3mico hoy en d\u00eda. Podr\u00edamos elaborar una teor\u00eda en la que el medioambiente estuviera compuesto de empresas de diferentes \u00e1reas (individuos de diferentes especies), cuya supervivencia dependiera de la adaptaci\u00f3n al medio de cada una de ellas, y que su permanencia en el medio (el mercado) depende m\u00e1s de cambios graduales que no de cat\u00e1strofes puntuales. Salvando el hecho de que todas las empresas-especies derivan de un tronco com\u00fan, que tambi\u00e9n podr\u00eda ser postulado, nos queda por averiguar con qu\u00e9 mecanismos cuentan dichas empresas para la adaptaci\u00f3n a los cambios en el mercado y la b\u00fasqueda de la certidumbre.<\/p>\n<p>La teor\u00eda de la evoluci\u00f3n de las especies la explica el propio Darwin de manera sucinta y sencilla al inicio de su obra: \u2018Como de cada especie nacen muchos m\u00e1s individuos de los que pueden sobrevivir, y como, en consecuencia, hay una lucha por la vida, que se repite frecuentemente, se sigue que todo ser, si var\u00eda, por d\u00e9bilmente que sea, de alg\u00fan modo provechoso para \u00e9l bajo las complejas y a veces variables condiciones de la vida, tendr\u00e1 mayor probabilidad de sobrevivir y, de ser as\u00ed, ser\u00e1 naturalmente seleccionado. Seg\u00fan el poderoso principio de la herencia, toda variedad seleccionada tender\u00e1 a propagar su nueva y modificada forma.\u2019<\/p>\n<p>Aqu\u00ed tenemos el germen de la teor\u00eda de Darwin, y tambi\u00e9n de la nuestra. Es decir, tenemos una continua lucha por la permanencia en el mercado, en un mercado saturado y limitado, y que toda empresa que implemente un cambio, que podemos llamar innovaci\u00f3n, por peque\u00f1o que sea, puede redundar en mayor probabilidad para permanecer en ese mercado variable, casi de manera natural. Y seg\u00fan el poderoso principio de la herencia, toda empresa seleccionada tiende a propagar su modificada forma, es decir, otras implementar\u00e1n estos peque\u00f1os cambios y los asumir\u00e1n como propios.<\/p>\n<h4><i>Dibujo del matem\u00e1tico Escher donde elige peces y aves para dividir una superficie plana. Ambas formas se entrelazan y presentan un motivo doble: son peces y aves. Queda sugerida la evoluci\u00f3n de las especies como una forma de desarrollo y transformaci\u00f3n. S\u00f3lo hay coexistencia en el \u00abeje de simetr\u00eda\u00bb horizontal<\/i><\/h4>\n<p>Darwin argument\u00f3 de manera vehemente un origen com\u00fan de las especies pero evit\u00f3 el entonces controvertido t\u00e9rmino \u00abevoluci\u00f3n\u201d, ya que supon\u00eda un enorme y trascendental cambio en la mentalidad de la \u00e9poca porque significaba que el hombre como se conoc\u00eda no siempre hab\u00eda sido as\u00ed, sino que era la consecuencia de una largu\u00edsima cadena de generaciones de individuos de diferentes especies.<\/p>\n<p>\u00bfEs esto aplicable al mundo empresarial? \u00bfSe puede hablar de evoluci\u00f3n de empresas? Sin duda. Muchos ejemplos corroboran esta afirmaci\u00f3n, como por ejemplo el de Virgin Megastore, especializada en la venta de m\u00fasica y entretenimiento por todo el mundo y ahora especializada en vuelos comerciales con la rama Virgin Atlantic. O la compa\u00f1\u00eda Reuters (hoy ThomsonReuters) que comienza transmitiendo valores de la bolsa y hoy en d\u00eda es l\u00edder en informaci\u00f3n legal, tecnol\u00f3gica y de noticias. O m\u00e1s recientemente la compa\u00f1\u00eda Warner, los famosos estudios de Hollywood, han comprado portales de Internet.<\/p>\n<p>\u00bfPor qu\u00e9 estas compa\u00f1\u00edas act\u00faan as\u00ed? \u00bfCu\u00e1les son esas peque\u00f1as variaciones que marcan la permanencia de una empresa? Evidentemente toda empresa es consciente de que no puede permanecer inmutable en un entorno continuamente cambiante. Esas variaciones que en la teor\u00eda de Darwin son de origen gen\u00e9tico y adaptativo, en el mundo empresarial tienen que ver con investigaci\u00f3n, an\u00e1lisis, revisi\u00f3n de la tecnolog\u00eda y la industria, sinton\u00eda con las demandas de los clientes, cuestionarse sobre la ventaja competitiva, observar a la competencia, aprender de las buenas pr\u00e1cticas, a\u00f1adir valor, interacci\u00f3n con otros negocios, an\u00e1lisis de riesgos, etc.<\/p>\n<p>Sergio Larreina<\/p>\n<p>Director Inteligencia Competitiva \u2013 Pons Patentes y Marcas<\/p>\n<\/div>\n<\/div>\n<\/div>\n<\/section>\n<\/div>\n","protected":false},"excerpt":{"rendered":"<p>La selecci\u00f3n natural seg\u00fan predicaba Darwin, junto con la evoluci\u00f3n de las especies, hacen que un individuo de una determinada especie se adapte al medio, con lo que encontramos que el mejor adaptado es el que sobrevive. Algo an\u00e1logo ocurre con las empresas hoy en d\u00eda: no sobrevive la m\u00e1s fuerte sino la que mejor&#8230;<\/p>\n","protected":false},"author":23,"featured_media":14505,"comment_status":"open","ping_status":"closed","sticky":false,"template":"","format":"standard","meta":{"_acf_changed":false,"footnotes":""},"categories":[1],"tags":[],"class_list":["post-14506","post","type-post","status-publish","format-standard","has-post-thumbnail","hentry","category-noticias-isdi"],"acf":{"photo_gallery":{"galeria":[[]]}},"yoast_head":"<!-- This site is optimized with the Yoast SEO plugin v27.4 - https:\/\/yoast.com\/product\/yoast-seo-wordpress\/ -->\n<title>La lucha por la supervivencia y la selecci\u00f3n natural I\/II - ISDI Espa\u00f1a<\/title>\n<meta name=\"description\" content=\"Existen parecidos entre la teor\u00eda evolutiva de Darwin y el cambiante ecosistema empresarial. Podemos decir incluso que las empresas tambi\u00e9n evolucionan.\" \/>\n<meta name=\"robots\" content=\"index, follow, max-snippet:-1, max-image-preview:large, max-video-preview:-1\" \/>\n<link rel=\"canonical\" href=\"https:\/\/www.isdi.education\/es\/blog\/la-lucha-por-la-supervivencia-y-la-seleccion-natural-iii\" \/>\n<meta property=\"og:locale\" content=\"es_ES\" \/>\n<meta property=\"og:type\" content=\"article\" \/>\n<meta property=\"og:title\" content=\"La lucha por la supervivencia y la selecci\u00f3n natural I\/II - ISDI Espa\u00f1a\" \/>\n<meta property=\"og:description\" content=\"Existen parecidos entre la teor\u00eda evolutiva de Darwin y el cambiante ecosistema empresarial. Podemos decir incluso que las empresas tambi\u00e9n evolucionan.\" \/>\n<meta property=\"og:url\" content=\"https:\/\/www.isdi.education\/es\/blog\/la-lucha-por-la-supervivencia-y-la-seleccion-natural-iii\" \/>\n<meta property=\"og:site_name\" content=\"ISDI Espa\u00f1a\" \/>\n<meta property=\"article:publisher\" content=\"https:\/\/www.facebook.com\/isdi.education\" \/>\n<meta property=\"article:published_time\" content=\"2011-05-10T00:00:00+00:00\" \/>\n<meta property=\"article:modified_time\" content=\"2024-04-22T14:25:11+00:00\" \/>\n<meta property=\"og:image\" content=\"https:\/\/www.isdi.education\/es\/wp-content\/uploads\/2024\/03\/726-seleccion.jpg\" \/>\n\t<meta property=\"og:image:width\" content=\"357\" \/>\n\t<meta property=\"og:image:height\" content=\"238\" \/>\n\t<meta property=\"og:image:type\" content=\"image\/jpeg\" \/>\n<meta name=\"author\" content=\"infofuturo\" \/>\n<meta name=\"twitter:card\" content=\"summary_large_image\" \/>\n<meta name=\"twitter:label1\" content=\"Escrito por\" \/>\n\t<meta name=\"twitter:data1\" content=\"infofuturo\" \/>\n\t<meta name=\"twitter:label2\" content=\"Tiempo de lectura\" \/>\n\t<meta name=\"twitter:data2\" content=\"5 minutos\" \/>\n<script type=\"application\/ld+json\" class=\"yoast-schema-graph\">{\"@context\":\"https:\\\/\\\/schema.org\",\"@graph\":[{\"@type\":\"Article\",\"@id\":\"https:\\\/\\\/www.isdi.education\\\/es\\\/blog\\\/la-lucha-por-la-supervivencia-y-la-seleccion-natural-iii#article\",\"isPartOf\":{\"@id\":\"https:\\\/\\\/www.isdi.education\\\/es\\\/blog\\\/la-lucha-por-la-supervivencia-y-la-seleccion-natural-iii\"},\"author\":{\"name\":\"infofuturo\",\"@id\":\"https:\\\/\\\/www.isdi.education\\\/es\\\/#\\\/schema\\\/person\\\/9f30c33eda685abbcfaabf1e7b9e9f76\"},\"headline\":\"La lucha por la supervivencia y la selecci\u00f3n natural I\\\/II\",\"datePublished\":\"2011-05-10T00:00:00+00:00\",\"dateModified\":\"2024-04-22T14:25:11+00:00\",\"mainEntityOfPage\":{\"@id\":\"https:\\\/\\\/www.isdi.education\\\/es\\\/blog\\\/la-lucha-por-la-supervivencia-y-la-seleccion-natural-iii\"},\"wordCount\":1101,\"commentCount\":0,\"publisher\":{\"@id\":\"https:\\\/\\\/www.isdi.education\\\/es\\\/#organization\"},\"image\":{\"@id\":\"https:\\\/\\\/www.isdi.education\\\/es\\\/blog\\\/la-lucha-por-la-supervivencia-y-la-seleccion-natural-iii#primaryimage\"},\"thumbnailUrl\":\"https:\\\/\\\/www.isdi.education\\\/es\\\/wp-content\\\/uploads\\\/2024\\\/03\\\/726-seleccion.jpg\",\"articleSection\":[\"Noticias ISDI\"],\"inLanguage\":\"es\",\"potentialAction\":[{\"@type\":\"CommentAction\",\"name\":\"Comment\",\"target\":[\"https:\\\/\\\/www.isdi.education\\\/es\\\/blog\\\/la-lucha-por-la-supervivencia-y-la-seleccion-natural-iii#respond\"]}]},{\"@type\":\"WebPage\",\"@id\":\"https:\\\/\\\/www.isdi.education\\\/es\\\/blog\\\/la-lucha-por-la-supervivencia-y-la-seleccion-natural-iii\",\"url\":\"https:\\\/\\\/www.isdi.education\\\/es\\\/blog\\\/la-lucha-por-la-supervivencia-y-la-seleccion-natural-iii\",\"name\":\"La lucha por la supervivencia y la selecci\u00f3n natural I\\\/II - ISDI Espa\u00f1a\",\"isPartOf\":{\"@id\":\"https:\\\/\\\/www.isdi.education\\\/es\\\/#website\"},\"primaryImageOfPage\":{\"@id\":\"https:\\\/\\\/www.isdi.education\\\/es\\\/blog\\\/la-lucha-por-la-supervivencia-y-la-seleccion-natural-iii#primaryimage\"},\"image\":{\"@id\":\"https:\\\/\\\/www.isdi.education\\\/es\\\/blog\\\/la-lucha-por-la-supervivencia-y-la-seleccion-natural-iii#primaryimage\"},\"thumbnailUrl\":\"https:\\\/\\\/www.isdi.education\\\/es\\\/wp-content\\\/uploads\\\/2024\\\/03\\\/726-seleccion.jpg\",\"datePublished\":\"2011-05-10T00:00:00+00:00\",\"dateModified\":\"2024-04-22T14:25:11+00:00\",\"description\":\"Existen parecidos entre la teor\u00eda evolutiva de Darwin y el cambiante ecosistema empresarial. Podemos decir incluso que las empresas tambi\u00e9n evolucionan.\",\"breadcrumb\":{\"@id\":\"https:\\\/\\\/www.isdi.education\\\/es\\\/blog\\\/la-lucha-por-la-supervivencia-y-la-seleccion-natural-iii#breadcrumb\"},\"inLanguage\":\"es\",\"potentialAction\":[{\"@type\":\"ReadAction\",\"target\":[\"https:\\\/\\\/www.isdi.education\\\/es\\\/blog\\\/la-lucha-por-la-supervivencia-y-la-seleccion-natural-iii\"]}]},{\"@type\":\"ImageObject\",\"inLanguage\":\"es\",\"@id\":\"https:\\\/\\\/www.isdi.education\\\/es\\\/blog\\\/la-lucha-por-la-supervivencia-y-la-seleccion-natural-iii#primaryimage\",\"url\":\"https:\\\/\\\/www.isdi.education\\\/es\\\/wp-content\\\/uploads\\\/2024\\\/03\\\/726-seleccion.jpg\",\"contentUrl\":\"https:\\\/\\\/www.isdi.education\\\/es\\\/wp-content\\\/uploads\\\/2024\\\/03\\\/726-seleccion.jpg\",\"width\":357,\"height\":238,\"caption\":\"La lucha por la supervivencia y la selecci\u00f3n natural I\\\/II\"},{\"@type\":\"BreadcrumbList\",\"@id\":\"https:\\\/\\\/www.isdi.education\\\/es\\\/blog\\\/la-lucha-por-la-supervivencia-y-la-seleccion-natural-iii#breadcrumb\",\"itemListElement\":[{\"@type\":\"ListItem\",\"position\":1,\"name\":\"Inicio\",\"item\":\"https:\\\/\\\/www.isdi.education\\\/es\\\/\"},{\"@type\":\"ListItem\",\"position\":2,\"name\":\"La lucha por la supervivencia y la selecci\u00f3n natural I\\\/II\"}]},{\"@type\":\"WebSite\",\"@id\":\"https:\\\/\\\/www.isdi.education\\\/es\\\/#website\",\"url\":\"https:\\\/\\\/www.isdi.education\\\/es\\\/\",\"name\":\"ISDI Espa\u00f1a | La Escuela de Negocios de la Era Digital\",\"description\":\"Descubre la formaci\u00f3n que te abrir\u00e1 las puertas a la era digital. Entra a formar parte de la primera escuela de negocios y direcci\u00f3n nativa digital.\",\"publisher\":{\"@id\":\"https:\\\/\\\/www.isdi.education\\\/es\\\/#organization\"},\"inLanguage\":\"es\"},{\"@type\":\"Organization\",\"@id\":\"https:\\\/\\\/www.isdi.education\\\/es\\\/#organization\",\"name\":\"ISDI Espa\u00f1a | La Escuela de Negocios de la Era Digital\",\"url\":\"https:\\\/\\\/www.isdi.education\\\/es\\\/\",\"logo\":{\"@type\":\"ImageObject\",\"inLanguage\":\"es\",\"@id\":\"https:\\\/\\\/www.isdi.education\\\/es\\\/#\\\/schema\\\/logo\\\/image\\\/\",\"url\":\"https:\\\/\\\/www.isdi.education\\\/es\\\/wp-content\\\/uploads\\\/2024\\\/02\\\/cropped-Favicon.png\",\"contentUrl\":\"https:\\\/\\\/www.isdi.education\\\/es\\\/wp-content\\\/uploads\\\/2024\\\/02\\\/cropped-Favicon.png\",\"width\":512,\"height\":512,\"caption\":\"ISDI Espa\u00f1a | La Escuela de Negocios de la Era Digital\"},\"image\":{\"@id\":\"https:\\\/\\\/www.isdi.education\\\/es\\\/#\\\/schema\\\/logo\\\/image\\\/\"},\"sameAs\":[\"https:\\\/\\\/www.facebook.com\\\/isdi.education\",\"https:\\\/\\\/www.linkedin.com\\\/school\\\/isdi\\\/?originalSubdomain=es\",\"https:\\\/\\\/www.instagram.com\\\/isdi_edu\\\/?hl=es\",\"https:\\\/\\\/www.tiktok.com\\\/@isdi_edu\",\"https:\\\/\\\/www.youtube.com\\\/user\\\/ISDItv\"]},{\"@type\":\"Person\",\"@id\":\"https:\\\/\\\/www.isdi.education\\\/es\\\/#\\\/schema\\\/person\\\/9f30c33eda685abbcfaabf1e7b9e9f76\",\"name\":\"infofuturo\",\"image\":{\"@type\":\"ImageObject\",\"inLanguage\":\"es\",\"@id\":\"https:\\\/\\\/www.isdi.education\\\/es\\\/wp-content\\\/litespeed\\\/avatar\\\/1\\\/06e1ec358746bcb8bb25471d95ddc6aa.jpg?ver=1776848319\",\"url\":\"https:\\\/\\\/www.isdi.education\\\/es\\\/wp-content\\\/litespeed\\\/avatar\\\/1\\\/06e1ec358746bcb8bb25471d95ddc6aa.jpg?ver=1776848319\",\"contentUrl\":\"https:\\\/\\\/www.isdi.education\\\/es\\\/wp-content\\\/litespeed\\\/avatar\\\/1\\\/06e1ec358746bcb8bb25471d95ddc6aa.jpg?ver=1776848319\",\"caption\":\"infofuturo\"},\"url\":\"https:\\\/\\\/www.isdi.education\\\/es\\\/author\\\/infofuturo\"}]}<\/script>\n<!-- \/ Yoast SEO plugin. -->","yoast_head_json":{"title":"La lucha por la supervivencia y la selecci\u00f3n natural I\/II - ISDI Espa\u00f1a","description":"Existen parecidos entre la teor\u00eda evolutiva de Darwin y el cambiante ecosistema empresarial. Podemos decir incluso que las empresas tambi\u00e9n evolucionan.","robots":{"index":"index","follow":"follow","max-snippet":"max-snippet:-1","max-image-preview":"max-image-preview:large","max-video-preview":"max-video-preview:-1"},"canonical":"https:\/\/www.isdi.education\/es\/blog\/la-lucha-por-la-supervivencia-y-la-seleccion-natural-iii","og_locale":"es_ES","og_type":"article","og_title":"La lucha por la supervivencia y la selecci\u00f3n natural I\/II - ISDI Espa\u00f1a","og_description":"Existen parecidos entre la teor\u00eda evolutiva de Darwin y el cambiante ecosistema empresarial. Podemos decir incluso que las empresas tambi\u00e9n evolucionan.","og_url":"https:\/\/www.isdi.education\/es\/blog\/la-lucha-por-la-supervivencia-y-la-seleccion-natural-iii","og_site_name":"ISDI Espa\u00f1a","article_publisher":"https:\/\/www.facebook.com\/isdi.education","article_published_time":"2011-05-10T00:00:00+00:00","article_modified_time":"2024-04-22T14:25:11+00:00","og_image":[{"width":357,"height":238,"url":"https:\/\/www.isdi.education\/es\/wp-content\/uploads\/2024\/03\/726-seleccion.jpg","type":"image\/jpeg"}],"author":"infofuturo","twitter_card":"summary_large_image","twitter_misc":{"Escrito por":"infofuturo","Tiempo de lectura":"5 minutos"},"schema":{"@context":"https:\/\/schema.org","@graph":[{"@type":"Article","@id":"https:\/\/www.isdi.education\/es\/blog\/la-lucha-por-la-supervivencia-y-la-seleccion-natural-iii#article","isPartOf":{"@id":"https:\/\/www.isdi.education\/es\/blog\/la-lucha-por-la-supervivencia-y-la-seleccion-natural-iii"},"author":{"name":"infofuturo","@id":"https:\/\/www.isdi.education\/es\/#\/schema\/person\/9f30c33eda685abbcfaabf1e7b9e9f76"},"headline":"La lucha por la supervivencia y la selecci\u00f3n natural I\/II","datePublished":"2011-05-10T00:00:00+00:00","dateModified":"2024-04-22T14:25:11+00:00","mainEntityOfPage":{"@id":"https:\/\/www.isdi.education\/es\/blog\/la-lucha-por-la-supervivencia-y-la-seleccion-natural-iii"},"wordCount":1101,"commentCount":0,"publisher":{"@id":"https:\/\/www.isdi.education\/es\/#organization"},"image":{"@id":"https:\/\/www.isdi.education\/es\/blog\/la-lucha-por-la-supervivencia-y-la-seleccion-natural-iii#primaryimage"},"thumbnailUrl":"https:\/\/www.isdi.education\/es\/wp-content\/uploads\/2024\/03\/726-seleccion.jpg","articleSection":["Noticias ISDI"],"inLanguage":"es","potentialAction":[{"@type":"CommentAction","name":"Comment","target":["https:\/\/www.isdi.education\/es\/blog\/la-lucha-por-la-supervivencia-y-la-seleccion-natural-iii#respond"]}]},{"@type":"WebPage","@id":"https:\/\/www.isdi.education\/es\/blog\/la-lucha-por-la-supervivencia-y-la-seleccion-natural-iii","url":"https:\/\/www.isdi.education\/es\/blog\/la-lucha-por-la-supervivencia-y-la-seleccion-natural-iii","name":"La lucha por la supervivencia y la selecci\u00f3n natural I\/II - ISDI Espa\u00f1a","isPartOf":{"@id":"https:\/\/www.isdi.education\/es\/#website"},"primaryImageOfPage":{"@id":"https:\/\/www.isdi.education\/es\/blog\/la-lucha-por-la-supervivencia-y-la-seleccion-natural-iii#primaryimage"},"image":{"@id":"https:\/\/www.isdi.education\/es\/blog\/la-lucha-por-la-supervivencia-y-la-seleccion-natural-iii#primaryimage"},"thumbnailUrl":"https:\/\/www.isdi.education\/es\/wp-content\/uploads\/2024\/03\/726-seleccion.jpg","datePublished":"2011-05-10T00:00:00+00:00","dateModified":"2024-04-22T14:25:11+00:00","description":"Existen parecidos entre la teor\u00eda evolutiva de Darwin y el cambiante ecosistema empresarial. Podemos decir incluso que las empresas tambi\u00e9n evolucionan.","breadcrumb":{"@id":"https:\/\/www.isdi.education\/es\/blog\/la-lucha-por-la-supervivencia-y-la-seleccion-natural-iii#breadcrumb"},"inLanguage":"es","potentialAction":[{"@type":"ReadAction","target":["https:\/\/www.isdi.education\/es\/blog\/la-lucha-por-la-supervivencia-y-la-seleccion-natural-iii"]}]},{"@type":"ImageObject","inLanguage":"es","@id":"https:\/\/www.isdi.education\/es\/blog\/la-lucha-por-la-supervivencia-y-la-seleccion-natural-iii#primaryimage","url":"https:\/\/www.isdi.education\/es\/wp-content\/uploads\/2024\/03\/726-seleccion.jpg","contentUrl":"https:\/\/www.isdi.education\/es\/wp-content\/uploads\/2024\/03\/726-seleccion.jpg","width":357,"height":238,"caption":"La lucha por la supervivencia y la selecci\u00f3n natural I\/II"},{"@type":"BreadcrumbList","@id":"https:\/\/www.isdi.education\/es\/blog\/la-lucha-por-la-supervivencia-y-la-seleccion-natural-iii#breadcrumb","itemListElement":[{"@type":"ListItem","position":1,"name":"Inicio","item":"https:\/\/www.isdi.education\/es\/"},{"@type":"ListItem","position":2,"name":"La lucha por la supervivencia y la selecci\u00f3n natural I\/II"}]},{"@type":"WebSite","@id":"https:\/\/www.isdi.education\/es\/#website","url":"https:\/\/www.isdi.education\/es\/","name":"ISDI Espa\u00f1a | La Escuela de Negocios de la Era Digital","description":"Descubre la formaci\u00f3n que te abrir\u00e1 las puertas a la era digital. Entra a formar parte de la primera escuela de negocios y direcci\u00f3n nativa digital.","publisher":{"@id":"https:\/\/www.isdi.education\/es\/#organization"},"inLanguage":"es"},{"@type":"Organization","@id":"https:\/\/www.isdi.education\/es\/#organization","name":"ISDI Espa\u00f1a | La Escuela de Negocios de la Era Digital","url":"https:\/\/www.isdi.education\/es\/","logo":{"@type":"ImageObject","inLanguage":"es","@id":"https:\/\/www.isdi.education\/es\/#\/schema\/logo\/image\/","url":"https:\/\/www.isdi.education\/es\/wp-content\/uploads\/2024\/02\/cropped-Favicon.png","contentUrl":"https:\/\/www.isdi.education\/es\/wp-content\/uploads\/2024\/02\/cropped-Favicon.png","width":512,"height":512,"caption":"ISDI Espa\u00f1a | La Escuela de Negocios de la Era Digital"},"image":{"@id":"https:\/\/www.isdi.education\/es\/#\/schema\/logo\/image\/"},"sameAs":["https:\/\/www.facebook.com\/isdi.education","https:\/\/www.linkedin.com\/school\/isdi\/?originalSubdomain=es","https:\/\/www.instagram.com\/isdi_edu\/?hl=es","https:\/\/www.tiktok.com\/@isdi_edu","https:\/\/www.youtube.com\/user\/ISDItv"]},{"@type":"Person","@id":"https:\/\/www.isdi.education\/es\/#\/schema\/person\/9f30c33eda685abbcfaabf1e7b9e9f76","name":"infofuturo","image":{"@type":"ImageObject","inLanguage":"es","@id":"https:\/\/www.isdi.education\/es\/wp-content\/litespeed\/avatar\/1\/06e1ec358746bcb8bb25471d95ddc6aa.jpg?ver=1776848319","url":"https:\/\/www.isdi.education\/es\/wp-content\/litespeed\/avatar\/1\/06e1ec358746bcb8bb25471d95ddc6aa.jpg?ver=1776848319","contentUrl":"https:\/\/www.isdi.education\/es\/wp-content\/litespeed\/avatar\/1\/06e1ec358746bcb8bb25471d95ddc6aa.jpg?ver=1776848319","caption":"infofuturo"},"url":"https:\/\/www.isdi.education\/es\/author\/infofuturo"}]}},"_links":{"self":[{"href":"https:\/\/www.isdi.education\/es\/wp-json\/wp\/v2\/posts\/14506","targetHints":{"allow":["GET"]}}],"collection":[{"href":"https:\/\/www.isdi.education\/es\/wp-json\/wp\/v2\/posts"}],"about":[{"href":"https:\/\/www.isdi.education\/es\/wp-json\/wp\/v2\/types\/post"}],"author":[{"embeddable":true,"href":"https:\/\/www.isdi.education\/es\/wp-json\/wp\/v2\/users\/23"}],"replies":[{"embeddable":true,"href":"https:\/\/www.isdi.education\/es\/wp-json\/wp\/v2\/comments?post=14506"}],"version-history":[{"count":0,"href":"https:\/\/www.isdi.education\/es\/wp-json\/wp\/v2\/posts\/14506\/revisions"}],"wp:featuredmedia":[{"embeddable":true,"href":"https:\/\/www.isdi.education\/es\/wp-json\/wp\/v2\/media\/14505"}],"wp:attachment":[{"href":"https:\/\/www.isdi.education\/es\/wp-json\/wp\/v2\/media?parent=14506"}],"wp:term":[{"taxonomy":"category","embeddable":true,"href":"https:\/\/www.isdi.education\/es\/wp-json\/wp\/v2\/categories?post=14506"},{"taxonomy":"post_tag","embeddable":true,"href":"https:\/\/www.isdi.education\/es\/wp-json\/wp\/v2\/tags?post=14506"}],"curies":[{"name":"wp","href":"https:\/\/api.w.org\/{rel}","templated":true}]}}