{"id":14454,"date":"2011-10-07T00:00:00","date_gmt":"2011-10-07T00:00:00","guid":{"rendered":"https:\/\/www.isdi.education\/es\/he-sido-parte-del-problema-puedo-ser-parte-de-la-solucion\/"},"modified":"2025-01-08T08:15:13","modified_gmt":"2025-01-08T08:15:13","slug":"he-sido-parte-del-problema-puedo-ser-parte-de-la-solucion","status":"publish","type":"post","link":"https:\/\/www.isdi.education\/es\/blog\/he-sido-parte-del-problema-puedo-ser-parte-de-la-solucion","title":{"rendered":"He sido parte del problema. Puedo ser parte de la soluci\u00f3n"},"content":{"rendered":"<div id=\"07M-wysiwyg-1\" class=\"07M-wysiwyg anchor--link \" data-anchor-content=\"\">\n<section class=\"wysiwyg mb-xl\">\n<div class=\"wrapper wrapper--small\">\n<div class=\"wysiwyg__content\">\n<div>\n<p>En estos meses hemos sido testigos (por fin) de la movilizaci\u00f3n de la sociedad civil espa\u00f1ola para protestar, no s\u00f3lo por la crisis econ\u00f3mica, sino por la crisis \u00e9tica que la ha originado.<\/p>\n<p>Se ha culpado a pol\u00edticos y grandes empresas. \u00a0Sin duda, han tenido parte importante en el problema y es nuestro derecho y nuestra obligaci\u00f3n se\u00f1alar sus desmanes, poner en evidencia a los culpables y si hace falta manifestarse para que la ciudadan\u00eda tome conciencia del problema.<\/p>\n<p>Pero no hay que olvidar que <strong>cada uno de nosotros somos igualmente culpables o al menos c\u00f3mplices de la situaci\u00f3n en que nos encontramos<\/strong>. Hemos firmado hipotecas avaladas por dinero que no ten\u00edamos, incurrido en gastos innecesarios, votado a pol\u00edticos corruptos, aguantado incumplimiento de promesas electorales, consentido abusos de empresas\u2026 en fin, <strong>que hemos mantenido el sistema porque est\u00e1bamos c\u00f3modos en \u00e9l<\/strong> y no hemos salido a la calle a protestar hasta que el problema se ha hecho tan grande que casi nos ha ahogado.<\/p>\n<p>S\u00ed. Yo tambi\u00e9n he sido parte del problema<\/p>\n<p><strong>Pero\u2026 \u00bfpuedo ser parte de la soluci\u00f3n? <\/strong><\/p>\n<p>Es decir \u00bfpuedo hacer algo <strong>yo<\/strong> para ayudar al pa\u00eds a salir de la crisis?<\/p>\n<p>Si <strong>cada uno<\/strong> de nosotros, como personas, profesionales y peque\u00f1os empresarios, <strong>cada uno<\/strong> en la medida de sus capacidades, <strong>cada uno<\/strong> empleando parte de su energ\u00eda no s\u00f3lo en quejarse sino tambi\u00e9n en aportar y contribuir a acelerar la mejora de la competitividad de nuestro pa\u00eds para salir lo antes posible del actual entorno para resolver la crisis, <strong>entre todos<\/strong> podemos generar un enorme impacto.<\/p>\n<p>No hace falta que sean muchas ni grandes cosas.\u00a0 Un poco de muchos es much\u00edsimo.\u00a0 Es la manera de hacer las cosas en internet: <strong>crowdsourcing de la sociedad civil para aportar soluciones pr\u00e1cticas a la crisis.<\/strong><\/p>\n<p>Y si nos lo ponemos como prop\u00f3sito en firme, y lo decimos, posteamos, tuiteamos y publicamos, podemos crear una corriente, una plataforma de acci\u00f3n positiva.<\/p>\n<p>Nosotros queremos comprometernos a aportar para la soluci\u00f3n. Y para que quede constancia de nuestro compromiso, publicamos en nuestro blog nuestros peque\u00f1os prop\u00f3sitos personales como empresarios del ISDI, al margen de nuestra actividad empresarial, durante este a\u00f1o 2011 y 2012:<\/p>\n<p><strong>Pagaremos a nuestros proveedores en menos de 15 d\u00edas al recibo de la factura o al t\u00e9rmino del servicio. <\/strong><\/p>\n<p>La caja es la sangre de las PYMES.\u00a0 Es vergonzante (e ilegal) que la administraci\u00f3n p\u00fablica y grandes empresas, tengan o no tengan liquidez, paguen a los proveedores mal y tarde por un trabajo ya realizado.\u00a0 Esto origina un efecto bola de nieve que obliga a las PYMEs a diferir sus pagos a otras PYMEs, y finalmente a que todos entren en una financiaci\u00f3n con intereses por parte de los bancos. Si todos los que pueden pagaran a nuestros proveedores en plazos razonables se reducir\u00eda la deuda global y por tanto los costes financieros.<\/p>\n<p><strong>Invertiremos un porcentaje de nuestro beneficio en start ups de terceras personas.<\/strong><\/p>\n<p>Hay mucho <strong>talento en los futuros emprendedores espa\u00f1oles<\/strong>.\u00a0 La falta de financiaci\u00f3n es una de las causas por la que no se crean m\u00e1s empresas nuevas.\u00a0 Si en vez de especular con el ladrillo o la bolsa, invirti\u00e9ramos cada a\u00f1o parte del modesto beneficio de las empresas y de los particulares en creaci\u00f3n de nuevas empresas, estar\u00edamos generando riqueza real y futuro estrat\u00e9gico para nuestro pa\u00eds.<\/p>\n<p>Con esta iniciativa no pretendemos que nadie nos siga o que de hacerlo adopte estas mismas medidas.\u00a0 Cada uno tiene en su mano sus propias palancas. Pero nos gustar\u00eda que cada uno se concienciara de que la acci\u00f3n individual de empresas e individuos es clave y tomara las acciones a su alcance para <strong>ser parte de la soluci\u00f3n<\/strong>.<\/p>\n<\/div>\n<\/div>\n<\/div>\n<\/section>\n<\/div>\n","protected":false},"excerpt":{"rendered":"<p>En estos meses hemos sido testigos (por fin) de la movilizaci\u00f3n de la sociedad civil espa\u00f1ola para protestar, no s\u00f3lo por la crisis econ\u00f3mica, sino por la crisis \u00e9tica que la ha originado. Se ha culpado a pol\u00edticos y grandes empresas. \u00a0Sin duda, han tenido parte importante en el problema y es nuestro derecho y&#8230;<\/p>\n","protected":false},"author":23,"featured_media":14453,"comment_status":"open","ping_status":"closed","sticky":false,"template":"","format":"standard","meta":{"_acf_changed":false,"footnotes":""},"categories":[1],"tags":[],"class_list":["post-14454","post","type-post","status-publish","format-standard","has-post-thumbnail","hentry","category-noticias-isdi"],"acf":{"photo_gallery":{"galeria":[[]]}},"yoast_head":"<!-- This site is optimized with the Yoast SEO plugin v27.4 - https:\/\/yoast.com\/product\/yoast-seo-wordpress\/ -->\n<title>He sido parte del problema. Puedo ser parte de la soluci\u00f3n - ISDI Espa\u00f1a<\/title>\n<meta name=\"description\" content=\"La situaci\u00f3n cr\u00edtica de los \u00faltimos meses no ha sido exclusivamente culpa de grandes empresas y pol\u00edticos, tambi\u00e9n los ciudadanos han tenido su parte.\" \/>\n<meta name=\"robots\" content=\"index, follow, max-snippet:-1, max-image-preview:large, max-video-preview:-1\" \/>\n<link rel=\"canonical\" href=\"https:\/\/www.isdi.education\/es\/blog\/he-sido-parte-del-problema-puedo-ser-parte-de-la-solucion\" \/>\n<meta property=\"og:locale\" content=\"es_ES\" \/>\n<meta property=\"og:type\" content=\"article\" \/>\n<meta property=\"og:title\" content=\"He sido parte del problema. Puedo ser parte de la soluci\u00f3n - ISDI Espa\u00f1a\" \/>\n<meta property=\"og:description\" content=\"La situaci\u00f3n cr\u00edtica de los \u00faltimos meses no ha sido exclusivamente culpa de grandes empresas y pol\u00edticos, tambi\u00e9n los ciudadanos han tenido su parte.\" \/>\n<meta property=\"og:url\" content=\"https:\/\/www.isdi.education\/es\/blog\/he-sido-parte-del-problema-puedo-ser-parte-de-la-solucion\" \/>\n<meta property=\"og:site_name\" content=\"ISDI Espa\u00f1a\" \/>\n<meta property=\"article:publisher\" content=\"https:\/\/www.facebook.com\/isdi.education\" \/>\n<meta property=\"article:published_time\" content=\"2011-10-07T00:00:00+00:00\" \/>\n<meta property=\"article:modified_time\" content=\"2025-01-08T08:15:13+00:00\" \/>\n<meta property=\"og:image\" content=\"https:\/\/www.isdi.education\/es\/wp-content\/uploads\/2024\/03\/705-parte-de-la-solucion.jpg\" \/>\n\t<meta property=\"og:image:width\" content=\"423\" \/>\n\t<meta property=\"og:image:height\" content=\"282\" \/>\n\t<meta property=\"og:image:type\" content=\"image\/jpeg\" \/>\n<meta name=\"author\" content=\"infofuturo\" \/>\n<meta name=\"twitter:card\" content=\"summary_large_image\" \/>\n<meta name=\"twitter:label1\" content=\"Escrito por\" \/>\n\t<meta name=\"twitter:data1\" content=\"infofuturo\" \/>\n\t<meta name=\"twitter:label2\" content=\"Tiempo de lectura\" \/>\n\t<meta name=\"twitter:data2\" content=\"3 minutos\" \/>\n<script type=\"application\/ld+json\" class=\"yoast-schema-graph\">{\"@context\":\"https:\\\/\\\/schema.org\",\"@graph\":[{\"@type\":\"Article\",\"@id\":\"https:\\\/\\\/www.isdi.education\\\/es\\\/blog\\\/he-sido-parte-del-problema-puedo-ser-parte-de-la-solucion#article\",\"isPartOf\":{\"@id\":\"https:\\\/\\\/www.isdi.education\\\/es\\\/blog\\\/he-sido-parte-del-problema-puedo-ser-parte-de-la-solucion\"},\"author\":{\"name\":\"infofuturo\",\"@id\":\"https:\\\/\\\/www.isdi.education\\\/es\\\/#\\\/schema\\\/person\\\/9f30c33eda685abbcfaabf1e7b9e9f76\"},\"headline\":\"He sido parte del problema. Puedo ser parte de la soluci\u00f3n\",\"datePublished\":\"2011-10-07T00:00:00+00:00\",\"dateModified\":\"2025-01-08T08:15:13+00:00\",\"mainEntityOfPage\":{\"@id\":\"https:\\\/\\\/www.isdi.education\\\/es\\\/blog\\\/he-sido-parte-del-problema-puedo-ser-parte-de-la-solucion\"},\"wordCount\":666,\"commentCount\":0,\"publisher\":{\"@id\":\"https:\\\/\\\/www.isdi.education\\\/es\\\/#organization\"},\"image\":{\"@id\":\"https:\\\/\\\/www.isdi.education\\\/es\\\/blog\\\/he-sido-parte-del-problema-puedo-ser-parte-de-la-solucion#primaryimage\"},\"thumbnailUrl\":\"https:\\\/\\\/www.isdi.education\\\/es\\\/wp-content\\\/uploads\\\/2024\\\/03\\\/705-parte-de-la-solucion.jpg\",\"articleSection\":[\"Noticias ISDI\"],\"inLanguage\":\"es\",\"potentialAction\":[{\"@type\":\"CommentAction\",\"name\":\"Comment\",\"target\":[\"https:\\\/\\\/www.isdi.education\\\/es\\\/blog\\\/he-sido-parte-del-problema-puedo-ser-parte-de-la-solucion#respond\"]}]},{\"@type\":\"WebPage\",\"@id\":\"https:\\\/\\\/www.isdi.education\\\/es\\\/blog\\\/he-sido-parte-del-problema-puedo-ser-parte-de-la-solucion\",\"url\":\"https:\\\/\\\/www.isdi.education\\\/es\\\/blog\\\/he-sido-parte-del-problema-puedo-ser-parte-de-la-solucion\",\"name\":\"He sido parte del problema. Puedo ser parte de la soluci\u00f3n - ISDI Espa\u00f1a\",\"isPartOf\":{\"@id\":\"https:\\\/\\\/www.isdi.education\\\/es\\\/#website\"},\"primaryImageOfPage\":{\"@id\":\"https:\\\/\\\/www.isdi.education\\\/es\\\/blog\\\/he-sido-parte-del-problema-puedo-ser-parte-de-la-solucion#primaryimage\"},\"image\":{\"@id\":\"https:\\\/\\\/www.isdi.education\\\/es\\\/blog\\\/he-sido-parte-del-problema-puedo-ser-parte-de-la-solucion#primaryimage\"},\"thumbnailUrl\":\"https:\\\/\\\/www.isdi.education\\\/es\\\/wp-content\\\/uploads\\\/2024\\\/03\\\/705-parte-de-la-solucion.jpg\",\"datePublished\":\"2011-10-07T00:00:00+00:00\",\"dateModified\":\"2025-01-08T08:15:13+00:00\",\"description\":\"La situaci\u00f3n cr\u00edtica de los \u00faltimos meses no ha sido exclusivamente culpa de grandes empresas y pol\u00edticos, tambi\u00e9n los ciudadanos han tenido su parte.\",\"breadcrumb\":{\"@id\":\"https:\\\/\\\/www.isdi.education\\\/es\\\/blog\\\/he-sido-parte-del-problema-puedo-ser-parte-de-la-solucion#breadcrumb\"},\"inLanguage\":\"es\",\"potentialAction\":[{\"@type\":\"ReadAction\",\"target\":[\"https:\\\/\\\/www.isdi.education\\\/es\\\/blog\\\/he-sido-parte-del-problema-puedo-ser-parte-de-la-solucion\"]}]},{\"@type\":\"ImageObject\",\"inLanguage\":\"es\",\"@id\":\"https:\\\/\\\/www.isdi.education\\\/es\\\/blog\\\/he-sido-parte-del-problema-puedo-ser-parte-de-la-solucion#primaryimage\",\"url\":\"https:\\\/\\\/www.isdi.education\\\/es\\\/wp-content\\\/uploads\\\/2024\\\/03\\\/705-parte-de-la-solucion.jpg\",\"contentUrl\":\"https:\\\/\\\/www.isdi.education\\\/es\\\/wp-content\\\/uploads\\\/2024\\\/03\\\/705-parte-de-la-solucion.jpg\",\"width\":423,\"height\":282,\"caption\":\"He sido parte del problema. Puedo ser parte de la soluci\u00f3n\"},{\"@type\":\"BreadcrumbList\",\"@id\":\"https:\\\/\\\/www.isdi.education\\\/es\\\/blog\\\/he-sido-parte-del-problema-puedo-ser-parte-de-la-solucion#breadcrumb\",\"itemListElement\":[{\"@type\":\"ListItem\",\"position\":1,\"name\":\"Inicio\",\"item\":\"https:\\\/\\\/www.isdi.education\\\/es\\\/\"},{\"@type\":\"ListItem\",\"position\":2,\"name\":\"He sido parte del problema. Puedo ser parte de la soluci\u00f3n\"}]},{\"@type\":\"WebSite\",\"@id\":\"https:\\\/\\\/www.isdi.education\\\/es\\\/#website\",\"url\":\"https:\\\/\\\/www.isdi.education\\\/es\\\/\",\"name\":\"ISDI Espa\u00f1a | La Escuela de Negocios de la Era Digital\",\"description\":\"Descubre la formaci\u00f3n que te abrir\u00e1 las puertas a la era digital. Entra a formar parte de la primera escuela de negocios y direcci\u00f3n nativa digital.\",\"publisher\":{\"@id\":\"https:\\\/\\\/www.isdi.education\\\/es\\\/#organization\"},\"inLanguage\":\"es\"},{\"@type\":\"Organization\",\"@id\":\"https:\\\/\\\/www.isdi.education\\\/es\\\/#organization\",\"name\":\"ISDI Espa\u00f1a | La Escuela de Negocios de la Era Digital\",\"url\":\"https:\\\/\\\/www.isdi.education\\\/es\\\/\",\"logo\":{\"@type\":\"ImageObject\",\"inLanguage\":\"es\",\"@id\":\"https:\\\/\\\/www.isdi.education\\\/es\\\/#\\\/schema\\\/logo\\\/image\\\/\",\"url\":\"https:\\\/\\\/www.isdi.education\\\/es\\\/wp-content\\\/uploads\\\/2024\\\/02\\\/cropped-Favicon.png\",\"contentUrl\":\"https:\\\/\\\/www.isdi.education\\\/es\\\/wp-content\\\/uploads\\\/2024\\\/02\\\/cropped-Favicon.png\",\"width\":512,\"height\":512,\"caption\":\"ISDI Espa\u00f1a | La Escuela de Negocios de la Era Digital\"},\"image\":{\"@id\":\"https:\\\/\\\/www.isdi.education\\\/es\\\/#\\\/schema\\\/logo\\\/image\\\/\"},\"sameAs\":[\"https:\\\/\\\/www.facebook.com\\\/isdi.education\",\"https:\\\/\\\/www.linkedin.com\\\/school\\\/isdi\\\/?originalSubdomain=es\",\"https:\\\/\\\/www.instagram.com\\\/isdi_edu\\\/?hl=es\",\"https:\\\/\\\/www.tiktok.com\\\/@isdi_edu\",\"https:\\\/\\\/www.youtube.com\\\/user\\\/ISDItv\"]},{\"@type\":\"Person\",\"@id\":\"https:\\\/\\\/www.isdi.education\\\/es\\\/#\\\/schema\\\/person\\\/9f30c33eda685abbcfaabf1e7b9e9f76\",\"name\":\"infofuturo\",\"image\":{\"@type\":\"ImageObject\",\"inLanguage\":\"es\",\"@id\":\"https:\\\/\\\/www.isdi.education\\\/es\\\/wp-content\\\/litespeed\\\/avatar\\\/1\\\/06e1ec358746bcb8bb25471d95ddc6aa.jpg?ver=1777453142\",\"url\":\"https:\\\/\\\/www.isdi.education\\\/es\\\/wp-content\\\/litespeed\\\/avatar\\\/1\\\/06e1ec358746bcb8bb25471d95ddc6aa.jpg?ver=1777453142\",\"contentUrl\":\"https:\\\/\\\/www.isdi.education\\\/es\\\/wp-content\\\/litespeed\\\/avatar\\\/1\\\/06e1ec358746bcb8bb25471d95ddc6aa.jpg?ver=1777453142\",\"caption\":\"infofuturo\"},\"url\":\"https:\\\/\\\/www.isdi.education\\\/es\\\/author\\\/infofuturo\"}]}<\/script>\n<!-- \/ Yoast SEO plugin. -->","yoast_head_json":{"title":"He sido parte del problema. Puedo ser parte de la soluci\u00f3n - ISDI Espa\u00f1a","description":"La situaci\u00f3n cr\u00edtica de los \u00faltimos meses no ha sido exclusivamente culpa de grandes empresas y pol\u00edticos, tambi\u00e9n los ciudadanos han tenido su parte.","robots":{"index":"index","follow":"follow","max-snippet":"max-snippet:-1","max-image-preview":"max-image-preview:large","max-video-preview":"max-video-preview:-1"},"canonical":"https:\/\/www.isdi.education\/es\/blog\/he-sido-parte-del-problema-puedo-ser-parte-de-la-solucion","og_locale":"es_ES","og_type":"article","og_title":"He sido parte del problema. Puedo ser parte de la soluci\u00f3n - ISDI Espa\u00f1a","og_description":"La situaci\u00f3n cr\u00edtica de los \u00faltimos meses no ha sido exclusivamente culpa de grandes empresas y pol\u00edticos, tambi\u00e9n los ciudadanos han tenido su parte.","og_url":"https:\/\/www.isdi.education\/es\/blog\/he-sido-parte-del-problema-puedo-ser-parte-de-la-solucion","og_site_name":"ISDI Espa\u00f1a","article_publisher":"https:\/\/www.facebook.com\/isdi.education","article_published_time":"2011-10-07T00:00:00+00:00","article_modified_time":"2025-01-08T08:15:13+00:00","og_image":[{"width":423,"height":282,"url":"https:\/\/www.isdi.education\/es\/wp-content\/uploads\/2024\/03\/705-parte-de-la-solucion.jpg","type":"image\/jpeg"}],"author":"infofuturo","twitter_card":"summary_large_image","twitter_misc":{"Escrito por":"infofuturo","Tiempo de lectura":"3 minutos"},"schema":{"@context":"https:\/\/schema.org","@graph":[{"@type":"Article","@id":"https:\/\/www.isdi.education\/es\/blog\/he-sido-parte-del-problema-puedo-ser-parte-de-la-solucion#article","isPartOf":{"@id":"https:\/\/www.isdi.education\/es\/blog\/he-sido-parte-del-problema-puedo-ser-parte-de-la-solucion"},"author":{"name":"infofuturo","@id":"https:\/\/www.isdi.education\/es\/#\/schema\/person\/9f30c33eda685abbcfaabf1e7b9e9f76"},"headline":"He sido parte del problema. Puedo ser parte de la soluci\u00f3n","datePublished":"2011-10-07T00:00:00+00:00","dateModified":"2025-01-08T08:15:13+00:00","mainEntityOfPage":{"@id":"https:\/\/www.isdi.education\/es\/blog\/he-sido-parte-del-problema-puedo-ser-parte-de-la-solucion"},"wordCount":666,"commentCount":0,"publisher":{"@id":"https:\/\/www.isdi.education\/es\/#organization"},"image":{"@id":"https:\/\/www.isdi.education\/es\/blog\/he-sido-parte-del-problema-puedo-ser-parte-de-la-solucion#primaryimage"},"thumbnailUrl":"https:\/\/www.isdi.education\/es\/wp-content\/uploads\/2024\/03\/705-parte-de-la-solucion.jpg","articleSection":["Noticias ISDI"],"inLanguage":"es","potentialAction":[{"@type":"CommentAction","name":"Comment","target":["https:\/\/www.isdi.education\/es\/blog\/he-sido-parte-del-problema-puedo-ser-parte-de-la-solucion#respond"]}]},{"@type":"WebPage","@id":"https:\/\/www.isdi.education\/es\/blog\/he-sido-parte-del-problema-puedo-ser-parte-de-la-solucion","url":"https:\/\/www.isdi.education\/es\/blog\/he-sido-parte-del-problema-puedo-ser-parte-de-la-solucion","name":"He sido parte del problema. Puedo ser parte de la soluci\u00f3n - ISDI Espa\u00f1a","isPartOf":{"@id":"https:\/\/www.isdi.education\/es\/#website"},"primaryImageOfPage":{"@id":"https:\/\/www.isdi.education\/es\/blog\/he-sido-parte-del-problema-puedo-ser-parte-de-la-solucion#primaryimage"},"image":{"@id":"https:\/\/www.isdi.education\/es\/blog\/he-sido-parte-del-problema-puedo-ser-parte-de-la-solucion#primaryimage"},"thumbnailUrl":"https:\/\/www.isdi.education\/es\/wp-content\/uploads\/2024\/03\/705-parte-de-la-solucion.jpg","datePublished":"2011-10-07T00:00:00+00:00","dateModified":"2025-01-08T08:15:13+00:00","description":"La situaci\u00f3n cr\u00edtica de los \u00faltimos meses no ha sido exclusivamente culpa de grandes empresas y pol\u00edticos, tambi\u00e9n los ciudadanos han tenido su parte.","breadcrumb":{"@id":"https:\/\/www.isdi.education\/es\/blog\/he-sido-parte-del-problema-puedo-ser-parte-de-la-solucion#breadcrumb"},"inLanguage":"es","potentialAction":[{"@type":"ReadAction","target":["https:\/\/www.isdi.education\/es\/blog\/he-sido-parte-del-problema-puedo-ser-parte-de-la-solucion"]}]},{"@type":"ImageObject","inLanguage":"es","@id":"https:\/\/www.isdi.education\/es\/blog\/he-sido-parte-del-problema-puedo-ser-parte-de-la-solucion#primaryimage","url":"https:\/\/www.isdi.education\/es\/wp-content\/uploads\/2024\/03\/705-parte-de-la-solucion.jpg","contentUrl":"https:\/\/www.isdi.education\/es\/wp-content\/uploads\/2024\/03\/705-parte-de-la-solucion.jpg","width":423,"height":282,"caption":"He sido parte del problema. Puedo ser parte de la soluci\u00f3n"},{"@type":"BreadcrumbList","@id":"https:\/\/www.isdi.education\/es\/blog\/he-sido-parte-del-problema-puedo-ser-parte-de-la-solucion#breadcrumb","itemListElement":[{"@type":"ListItem","position":1,"name":"Inicio","item":"https:\/\/www.isdi.education\/es\/"},{"@type":"ListItem","position":2,"name":"He sido parte del problema. Puedo ser parte de la soluci\u00f3n"}]},{"@type":"WebSite","@id":"https:\/\/www.isdi.education\/es\/#website","url":"https:\/\/www.isdi.education\/es\/","name":"ISDI Espa\u00f1a | La Escuela de Negocios de la Era Digital","description":"Descubre la formaci\u00f3n que te abrir\u00e1 las puertas a la era digital. Entra a formar parte de la primera escuela de negocios y direcci\u00f3n nativa digital.","publisher":{"@id":"https:\/\/www.isdi.education\/es\/#organization"},"inLanguage":"es"},{"@type":"Organization","@id":"https:\/\/www.isdi.education\/es\/#organization","name":"ISDI Espa\u00f1a | La Escuela de Negocios de la Era Digital","url":"https:\/\/www.isdi.education\/es\/","logo":{"@type":"ImageObject","inLanguage":"es","@id":"https:\/\/www.isdi.education\/es\/#\/schema\/logo\/image\/","url":"https:\/\/www.isdi.education\/es\/wp-content\/uploads\/2024\/02\/cropped-Favicon.png","contentUrl":"https:\/\/www.isdi.education\/es\/wp-content\/uploads\/2024\/02\/cropped-Favicon.png","width":512,"height":512,"caption":"ISDI Espa\u00f1a | La Escuela de Negocios de la Era Digital"},"image":{"@id":"https:\/\/www.isdi.education\/es\/#\/schema\/logo\/image\/"},"sameAs":["https:\/\/www.facebook.com\/isdi.education","https:\/\/www.linkedin.com\/school\/isdi\/?originalSubdomain=es","https:\/\/www.instagram.com\/isdi_edu\/?hl=es","https:\/\/www.tiktok.com\/@isdi_edu","https:\/\/www.youtube.com\/user\/ISDItv"]},{"@type":"Person","@id":"https:\/\/www.isdi.education\/es\/#\/schema\/person\/9f30c33eda685abbcfaabf1e7b9e9f76","name":"infofuturo","image":{"@type":"ImageObject","inLanguage":"es","@id":"https:\/\/www.isdi.education\/es\/wp-content\/litespeed\/avatar\/1\/06e1ec358746bcb8bb25471d95ddc6aa.jpg?ver=1777453142","url":"https:\/\/www.isdi.education\/es\/wp-content\/litespeed\/avatar\/1\/06e1ec358746bcb8bb25471d95ddc6aa.jpg?ver=1777453142","contentUrl":"https:\/\/www.isdi.education\/es\/wp-content\/litespeed\/avatar\/1\/06e1ec358746bcb8bb25471d95ddc6aa.jpg?ver=1777453142","caption":"infofuturo"},"url":"https:\/\/www.isdi.education\/es\/author\/infofuturo"}]}},"_links":{"self":[{"href":"https:\/\/www.isdi.education\/es\/wp-json\/wp\/v2\/posts\/14454","targetHints":{"allow":["GET"]}}],"collection":[{"href":"https:\/\/www.isdi.education\/es\/wp-json\/wp\/v2\/posts"}],"about":[{"href":"https:\/\/www.isdi.education\/es\/wp-json\/wp\/v2\/types\/post"}],"author":[{"embeddable":true,"href":"https:\/\/www.isdi.education\/es\/wp-json\/wp\/v2\/users\/23"}],"replies":[{"embeddable":true,"href":"https:\/\/www.isdi.education\/es\/wp-json\/wp\/v2\/comments?post=14454"}],"version-history":[{"count":0,"href":"https:\/\/www.isdi.education\/es\/wp-json\/wp\/v2\/posts\/14454\/revisions"}],"wp:featuredmedia":[{"embeddable":true,"href":"https:\/\/www.isdi.education\/es\/wp-json\/wp\/v2\/media\/14453"}],"wp:attachment":[{"href":"https:\/\/www.isdi.education\/es\/wp-json\/wp\/v2\/media?parent=14454"}],"wp:term":[{"taxonomy":"category","embeddable":true,"href":"https:\/\/www.isdi.education\/es\/wp-json\/wp\/v2\/categories?post=14454"},{"taxonomy":"post_tag","embeddable":true,"href":"https:\/\/www.isdi.education\/es\/wp-json\/wp\/v2\/tags?post=14454"}],"curies":[{"name":"wp","href":"https:\/\/api.w.org\/{rel}","templated":true}]}}