{"id":14407,"date":"2016-07-27T00:00:00","date_gmt":"2016-07-27T00:00:00","guid":{"rendered":"https:\/\/www.isdi.education\/es\/conciliacion-familiar-laboral-empresas-concilian\/"},"modified":"2024-04-22T15:11:26","modified_gmt":"2024-04-22T15:11:26","slug":"conciliacion-familiar-laboral-empresas-concilian","status":"publish","type":"post","link":"https:\/\/www.isdi.education\/es\/blog\/conciliacion-familiar-laboral-empresas-concilian","title":{"rendered":"Conciliaci\u00f3n familiar y laboral: Empresas que concilian"},"content":{"rendered":"<div id=\"07M-wysiwyg-1\" class=\"07M-wysiwyg anchor--link \" data-anchor-content>\n<section class=\"wysiwyg mb-xl\">\n<div class=\"wrapper wrapper--small\">\n<p class=\"t-small mb-xs\">\n<div class=\"wysiwyg__content\">\n<div>\n<p style=\"text-align:justify\">Uno\u00a0 de los mayores problemas a los que nos enfrentamos en nuestro d\u00eda a d\u00eda, es la conciliaci\u00f3n de la vida profesional con la vida personal o familiar. La l\u00ednea que deber\u00eda separar ambas fronteras la mayor parte de las veces desaparece, y acabamos por saturarnos en ambos espacios, sin conciliar de forma adecuada.<\/p>\n<p style=\"text-align:justify\">Solo un 53% de las mujeres espa\u00f1olas est\u00e1n empleadas frente a los hombres con un 72%.<\/p>\n<p style=\"text-align:justify\">Las mujeres suelen optar por las jornadas reducidas para poder conciliar la vida laboral y familiar. Esto se podr\u00eda evitar si las empresas se comprometiesen a implantar medidas en su empresa, que favorecer\u00e1n a largo plazo a ambas partes.<\/p>\n<p style=\"text-align:justify\">En primer lugar, hay que eliminar de nuestra mente la idea de que conciliar es sin\u00f3nimo de trabajar menos. De hecho se produce el efecto contrario. Cuantas m\u00e1s facilidades se le d\u00e9 al trabajador para poder gestionar su vida personal, m\u00e1s receptivo estar\u00e1 a la hora de realizar su trabajo. Al dar facilidades a una persona le est\u00e1s mostrando que te importa y que est\u00e1s comprometido con ella, y lo mismo pasa en el mundo laboral. <strong>Si el empleado se siente valorado por su empresa, este responder\u00e1 en consonancia.<\/strong><\/p>\n<h2 style=\"text-align:justify\">Medidas<\/h2>\n<h3 style=\"text-align:justify\">Teletrabajo<\/h3>\n<p style=\"text-align:justify\">Es una de las medidas que m\u00e1s se est\u00e1n implantando en trabajos de oficina y despacho. Las <strong>facilidades que nos da la era digital en el \u00e1mbito de la conciliaci\u00f3n laboral y familiar<\/strong>, ha supuesto un gran avance para nuestra sociedad y la manera que tenemos de entender el trabajo.<\/p>\n<p style=\"text-align:justify\">Estamos conectados a todas horas y desde cualquier lugar, lo cual nos permite cambios de escenario para llevar a cabo nuestras responsabilidades. Sin embargo, a nivel personal, debemos tener cuidado si elegimos esta opci\u00f3n. Es muy f\u00e1cil caer en el \u201csobre-trabajo\u201d. \u00bfQui\u00e9n no sale del trabajo, y est\u00e1 constantemente mirando el mail? \u00bfCu\u00e1ntos acab\u00e1is trabajando m\u00e1s horas desde casa que desde la oficina? Hay que tener mucho cuidado en este aspecto, porque es muy f\u00e1cil caer en estos h\u00e1bitos y muy dif\u00edcil establecer cu\u00e1ndo parar.<\/p>\n<h3 style=\"text-align:justify\">Flexibilidad horaria<\/h3>\n<p style=\"text-align:justify\">Tiene un reflejo muy positivo en los \u00edndices de productividad de la empresa. Si el trabajador siente que podr\u00e1 salir a atender un compromiso m\u00e1s pronto o entrar m\u00e1s tarde, las horas de trabajo ser\u00e1n de mayor calidad. Hay que tener en cuenta que los altos niveles de estr\u00e9s perjudican tanto al trabajador como a los n\u00fameros de la empresa. Cuanto m\u00e1s contenta y relajada est\u00e9 nuestra plantilla, mayor rendimiento tendr\u00e1n.<\/p>\n<h3 style=\"text-align:justify\">Bajas maternales y paternales<\/h3>\n<p style=\"text-align:justify\">Es un tema tab\u00fa en muchos sectores de negocio. Para\u00a0 las mujeres era un h\u00e1ndicap quedarse embarazadas, porque para la empresa supon\u00eda mucho tiempo de baja. Equivocadamente enfocado, ya que una empresa que cuida a sus trabajadores y les apoya, tendr\u00e1 una plantilla comprometida. Si no creas un buen ambiente de trabajo y das buenas prestaciones a tus trabajadores, esto repercutir\u00e1 negativamente en los n\u00fameros.<\/p>\n<p style=\"text-align:justify\">En cuanto al papel del hombre en el tema de la bajas por nacimiento, hasta hace relativamente poco solo ten\u00eda permitido unos pocos d\u00edas libres para pasar con su familia cuando su pareja daba a luz. Ha sido recientemente que han empezado a reclamar sus derechos para poder estar presente en el cuidado del nuevo miembro de la familia. Muchas personas no entend\u00edan esta petici\u00f3n a pesar de ser un derecho que ambas partes deben tener.<\/p>\n<h3 style=\"text-align:justify\">Guarder\u00edas en el centro de trabajo<\/h3>\n<p style=\"text-align:justify\">No siempre se dispone de un familiar que cuide a los m\u00e1s peque\u00f1os. La b\u00fasqueda de guarder\u00eda es un continuo dolor de cabeza para los padres. Estos buscan un entorno adecuado para sus hijos y que a la vez est\u00e9 cerca y sea econ\u00f3mico. Al facilitar guarder\u00edas en la propia empresa, no solo eliminas este problema para tus trabajadores, sino que adem\u00e1s les permites pasar m\u00e1s tiempo de calidad con sus peque\u00f1os y trabajar m\u00e1s eficazmente. Si tu empleado est\u00e1 tranquilo sabiendo que su hijo est\u00e1 cerca de \u00e9l y a salvo, podr\u00e1 centrarse mejor en su trabajo.<\/p>\n<h3 style=\"text-align:justify\">Ayudas econ\u00f3micas<\/h3>\n<p style=\"text-align:justify\">Cu\u00e1ndo la familia crece los gastos aumentan. Algunas empresas proporcionan ayudas econ\u00f3micas a sus empleados, ya sea en forma de beca de libros o pagas extraordinarias.<\/p>\n<h3 style=\"text-align:justify\">Las empresas que mejor concilian<\/h3>\n<p style=\"text-align:justify\">Las <strong>10 empresas de EE.UU <\/strong>m\u00e1s familiarmente responsables:<\/p>\n<ul>\n<li style=\"text-align:justify\"><strong>Colgate-Palmolive<\/strong><\/li>\n<li style=\"text-align:justify\"><strong>Wegmans<\/strong><\/li>\n<li style=\"text-align:justify\"><strong>Coldwell Banker<\/strong><\/li>\n<li style=\"text-align:justify\"><strong>H&amp;R Block<\/strong><\/li>\n<li style=\"text-align:justify\"><strong>Google<\/strong><\/li>\n<li style=\"text-align:justify\"><strong>Nokia<\/strong><\/li>\n<li style=\"text-align:justify\"><strong>Philips<\/strong><\/li>\n<li style=\"text-align:justify\"><strong>Johnson&amp;Johnson<\/strong><\/li>\n<li style=\"text-align:justify\"><strong>Walt Disney Company<\/strong><\/li>\n<li style=\"text-align:justify\"><strong>Prudential<\/strong><\/li>\n<\/ul>\n<p style=\"text-align:justify\">Ranking de las <strong>empresas espa\u00f1olas<\/strong> que m\u00e1s favorecen la conciliaci\u00f3n.<\/p>\n<p style=\"text-align:justify\">Seg\u00fan un estudio realizado por el Instituto Internacional de Ciencias Pol\u00edticas, est\u00e1s son las 6 empresas espa\u00f1olas que m\u00e1s facilitan la conciliaci\u00f3n laboral-familiar.<\/p>\n<ul>\n<li style=\"text-align:justify\"><strong>Repsol<\/strong>: ofrece a sus empleados diversas medidas de conciliaci\u00f3n. La m\u00e1s destacada y que la diferencia de otras empresas, es la creaci\u00f3n de un <strong>comit\u00e9 de diversidad y conciliaci\u00f3n<\/strong>.\u00a0<\/li>\n<li style=\"text-align:justify\"><strong>Agbar<\/strong>: entre las medidas conciliadoras que aplican, destacamos sus \u00a0\u00a0<strong>ayudas econ\u00f3micas para hijos con diversidad<\/strong>.\u00a0<\/li>\n<li style=\"text-align:justify\"><strong>Vodafone:<\/strong> da muchas facilidades a sus empleados pero a destacar, se\u00f1alamos la <strong>baja maternal\/paternal, m\u00e1s larga <\/strong>que la que se ofrece en la ley.\u00a0<\/li>\n<li style=\"text-align:justify\"><strong>Mercadona<\/strong>: ofrece servicios de guarder\u00eda en el centro de trabajo, no abre ni domingos ni festivos, y la baja maternal es m\u00e1s larga que la que ofrece la ley.<\/li>\n<li style=\"text-align:justify\"><strong>L&#8217;Oreal<\/strong>: ofrecen flexibilidad horaria, <strong>servicios asistenciales para familiares de empleados<\/strong>, y <strong>permisos retribuidos para atenci\u00f3n de familiares.<\/strong>\u00a0<\/li>\n<li style=\"text-align:justify\"><strong>IBM:<\/strong>\u00a0ofrecen flexibilidad horaria para entrar y salir, teletrabajo, servicios asistenciales para los familiares de empleados.<\/li>\n<\/ul>\n<p style=\"text-align:justify\">Para finalizar ofreceros un consejo: <strong>\u201cTrabajador feliz, trabajador productivo\u201d<\/strong><\/p>\n<p style=\"text-align:justify\">Si te ha gustado y quieres saber m\u00e1s sobre este y otros temas relacionados, echa un vistazo a nuestra <a href=\"https:\/\/www.isdi.education\/es\/programas\/dtex\" target=\"_self\" rel=\"noopener\"><strong>Formaci\u00f3n en Talento Digital<\/strong><\/a>.<\/p>\n<\/div><\/div>\n<\/p><\/div>\n<\/section><\/div>\n","protected":false},"excerpt":{"rendered":"<p>Uno de los mayores problemas a los que nos enfrentamos en nuestro d\u00eda a d\u00eda, es la conciliaci\u00f3n de la vida profesional con la vida personal o familiar. La l\u00ednea que deber\u00eda separar ambas fronteras la mayor parte de las veces desaparece, y acabamos por saturarnos en ambos espacios, sin conciliar de forma adecuada.<\/p>\n","protected":false},"author":23,"featured_media":14406,"comment_status":"open","ping_status":"closed","sticky":false,"template":"","format":"standard","meta":{"_acf_changed":false,"footnotes":""},"categories":[40],"tags":[],"class_list":["post-14407","post","type-post","status-publish","format-standard","has-post-thumbnail","hentry","category-empresa"],"acf":{"photo_gallery":{"galeria":[[]]}},"yoast_head":"<!-- This site is optimized with the Yoast SEO plugin v27.4 - https:\/\/yoast.com\/product\/yoast-seo-wordpress\/ -->\n<title>Conciliaci\u00f3n familiar y laboral: Empresas que concilian - ISDI Espa\u00f1a<\/title>\n<meta name=\"description\" content=\"Te mostramos iniciativas llevadas a cabo por algunas de las mejores empresas para mejorar la conciliaci\u00f3n familiar y profesional de sus empleados.\" \/>\n<meta name=\"robots\" content=\"index, follow, max-snippet:-1, max-image-preview:large, max-video-preview:-1\" \/>\n<link rel=\"canonical\" href=\"https:\/\/www.isdi.education\/es\/blog\/conciliacion-familiar-laboral-empresas-concilian\" \/>\n<meta property=\"og:locale\" content=\"es_ES\" \/>\n<meta property=\"og:type\" content=\"article\" \/>\n<meta property=\"og:title\" content=\"Conciliaci\u00f3n familiar y laboral: Empresas que concilian - ISDI Espa\u00f1a\" \/>\n<meta property=\"og:description\" content=\"Te mostramos iniciativas llevadas a cabo por algunas de las mejores empresas para mejorar la conciliaci\u00f3n familiar y profesional de sus empleados.\" \/>\n<meta property=\"og:url\" content=\"https:\/\/www.isdi.education\/es\/blog\/conciliacion-familiar-laboral-empresas-concilian\" \/>\n<meta property=\"og:site_name\" content=\"ISDI Espa\u00f1a\" \/>\n<meta property=\"article:publisher\" content=\"https:\/\/www.facebook.com\/isdi.education\" \/>\n<meta property=\"article:published_time\" content=\"2016-07-27T00:00:00+00:00\" \/>\n<meta property=\"article:modified_time\" content=\"2024-04-22T15:11:26+00:00\" \/>\n<meta property=\"og:image\" content=\"https:\/\/www.isdi.education\/es\/wp-content\/uploads\/2024\/03\/690-listado-conciliacion.png\" \/>\n\t<meta property=\"og:image:width\" content=\"371\" \/>\n\t<meta property=\"og:image:height\" content=\"247\" \/>\n\t<meta property=\"og:image:type\" content=\"image\/png\" \/>\n<meta name=\"author\" content=\"infofuturo\" \/>\n<meta name=\"twitter:card\" content=\"summary_large_image\" \/>\n<meta name=\"twitter:label1\" content=\"Escrito por\" \/>\n\t<meta name=\"twitter:data1\" content=\"infofuturo\" \/>\n\t<meta name=\"twitter:label2\" content=\"Tiempo de lectura\" \/>\n\t<meta name=\"twitter:data2\" content=\"5 minutos\" \/>\n<script type=\"application\/ld+json\" class=\"yoast-schema-graph\">{\"@context\":\"https:\\\/\\\/schema.org\",\"@graph\":[{\"@type\":\"Article\",\"@id\":\"https:\\\/\\\/www.isdi.education\\\/es\\\/blog\\\/conciliacion-familiar-laboral-empresas-concilian#article\",\"isPartOf\":{\"@id\":\"https:\\\/\\\/www.isdi.education\\\/es\\\/blog\\\/conciliacion-familiar-laboral-empresas-concilian\"},\"author\":{\"name\":\"infofuturo\",\"@id\":\"https:\\\/\\\/www.isdi.education\\\/es\\\/#\\\/schema\\\/person\\\/9f30c33eda685abbcfaabf1e7b9e9f76\"},\"headline\":\"Conciliaci\u00f3n familiar y laboral: Empresas que concilian\",\"datePublished\":\"2016-07-27T00:00:00+00:00\",\"dateModified\":\"2024-04-22T15:11:26+00:00\",\"mainEntityOfPage\":{\"@id\":\"https:\\\/\\\/www.isdi.education\\\/es\\\/blog\\\/conciliacion-familiar-laboral-empresas-concilian\"},\"wordCount\":995,\"commentCount\":0,\"publisher\":{\"@id\":\"https:\\\/\\\/www.isdi.education\\\/es\\\/#organization\"},\"image\":{\"@id\":\"https:\\\/\\\/www.isdi.education\\\/es\\\/blog\\\/conciliacion-familiar-laboral-empresas-concilian#primaryimage\"},\"thumbnailUrl\":\"https:\\\/\\\/www.isdi.education\\\/es\\\/wp-content\\\/uploads\\\/2024\\\/03\\\/690-listado-conciliacion.png\",\"articleSection\":[\"Empresa\"],\"inLanguage\":\"es\",\"potentialAction\":[{\"@type\":\"CommentAction\",\"name\":\"Comment\",\"target\":[\"https:\\\/\\\/www.isdi.education\\\/es\\\/blog\\\/conciliacion-familiar-laboral-empresas-concilian#respond\"]}]},{\"@type\":\"WebPage\",\"@id\":\"https:\\\/\\\/www.isdi.education\\\/es\\\/blog\\\/conciliacion-familiar-laboral-empresas-concilian\",\"url\":\"https:\\\/\\\/www.isdi.education\\\/es\\\/blog\\\/conciliacion-familiar-laboral-empresas-concilian\",\"name\":\"Conciliaci\u00f3n familiar y laboral: Empresas que concilian - ISDI Espa\u00f1a\",\"isPartOf\":{\"@id\":\"https:\\\/\\\/www.isdi.education\\\/es\\\/#website\"},\"primaryImageOfPage\":{\"@id\":\"https:\\\/\\\/www.isdi.education\\\/es\\\/blog\\\/conciliacion-familiar-laboral-empresas-concilian#primaryimage\"},\"image\":{\"@id\":\"https:\\\/\\\/www.isdi.education\\\/es\\\/blog\\\/conciliacion-familiar-laboral-empresas-concilian#primaryimage\"},\"thumbnailUrl\":\"https:\\\/\\\/www.isdi.education\\\/es\\\/wp-content\\\/uploads\\\/2024\\\/03\\\/690-listado-conciliacion.png\",\"datePublished\":\"2016-07-27T00:00:00+00:00\",\"dateModified\":\"2024-04-22T15:11:26+00:00\",\"description\":\"Te mostramos iniciativas llevadas a cabo por algunas de las mejores empresas para mejorar la conciliaci\u00f3n familiar y profesional de sus empleados.\",\"breadcrumb\":{\"@id\":\"https:\\\/\\\/www.isdi.education\\\/es\\\/blog\\\/conciliacion-familiar-laboral-empresas-concilian#breadcrumb\"},\"inLanguage\":\"es\",\"potentialAction\":[{\"@type\":\"ReadAction\",\"target\":[\"https:\\\/\\\/www.isdi.education\\\/es\\\/blog\\\/conciliacion-familiar-laboral-empresas-concilian\"]}]},{\"@type\":\"ImageObject\",\"inLanguage\":\"es\",\"@id\":\"https:\\\/\\\/www.isdi.education\\\/es\\\/blog\\\/conciliacion-familiar-laboral-empresas-concilian#primaryimage\",\"url\":\"https:\\\/\\\/www.isdi.education\\\/es\\\/wp-content\\\/uploads\\\/2024\\\/03\\\/690-listado-conciliacion.png\",\"contentUrl\":\"https:\\\/\\\/www.isdi.education\\\/es\\\/wp-content\\\/uploads\\\/2024\\\/03\\\/690-listado-conciliacion.png\",\"width\":371,\"height\":247,\"caption\":\"Conciliaci\u00f3n familiar y laboral: Empresas que concilian\"},{\"@type\":\"BreadcrumbList\",\"@id\":\"https:\\\/\\\/www.isdi.education\\\/es\\\/blog\\\/conciliacion-familiar-laboral-empresas-concilian#breadcrumb\",\"itemListElement\":[{\"@type\":\"ListItem\",\"position\":1,\"name\":\"Inicio\",\"item\":\"https:\\\/\\\/www.isdi.education\\\/es\\\/\"},{\"@type\":\"ListItem\",\"position\":2,\"name\":\"Conciliaci\u00f3n familiar y laboral: Empresas que concilian\"}]},{\"@type\":\"WebSite\",\"@id\":\"https:\\\/\\\/www.isdi.education\\\/es\\\/#website\",\"url\":\"https:\\\/\\\/www.isdi.education\\\/es\\\/\",\"name\":\"ISDI Espa\u00f1a | La Escuela de Negocios de la Era Digital\",\"description\":\"Descubre la formaci\u00f3n que te abrir\u00e1 las puertas a la era digital. Entra a formar parte de la primera escuela de negocios y direcci\u00f3n nativa digital.\",\"publisher\":{\"@id\":\"https:\\\/\\\/www.isdi.education\\\/es\\\/#organization\"},\"inLanguage\":\"es\"},{\"@type\":\"Organization\",\"@id\":\"https:\\\/\\\/www.isdi.education\\\/es\\\/#organization\",\"name\":\"ISDI Espa\u00f1a | La Escuela de Negocios de la Era Digital\",\"url\":\"https:\\\/\\\/www.isdi.education\\\/es\\\/\",\"logo\":{\"@type\":\"ImageObject\",\"inLanguage\":\"es\",\"@id\":\"https:\\\/\\\/www.isdi.education\\\/es\\\/#\\\/schema\\\/logo\\\/image\\\/\",\"url\":\"https:\\\/\\\/www.isdi.education\\\/es\\\/wp-content\\\/uploads\\\/2024\\\/02\\\/cropped-Favicon.png\",\"contentUrl\":\"https:\\\/\\\/www.isdi.education\\\/es\\\/wp-content\\\/uploads\\\/2024\\\/02\\\/cropped-Favicon.png\",\"width\":512,\"height\":512,\"caption\":\"ISDI Espa\u00f1a | La Escuela de Negocios de la Era Digital\"},\"image\":{\"@id\":\"https:\\\/\\\/www.isdi.education\\\/es\\\/#\\\/schema\\\/logo\\\/image\\\/\"},\"sameAs\":[\"https:\\\/\\\/www.facebook.com\\\/isdi.education\",\"https:\\\/\\\/www.linkedin.com\\\/school\\\/isdi\\\/?originalSubdomain=es\",\"https:\\\/\\\/www.instagram.com\\\/isdi_edu\\\/?hl=es\",\"https:\\\/\\\/www.tiktok.com\\\/@isdi_edu\",\"https:\\\/\\\/www.youtube.com\\\/user\\\/ISDItv\"]},{\"@type\":\"Person\",\"@id\":\"https:\\\/\\\/www.isdi.education\\\/es\\\/#\\\/schema\\\/person\\\/9f30c33eda685abbcfaabf1e7b9e9f76\",\"name\":\"infofuturo\",\"image\":{\"@type\":\"ImageObject\",\"inLanguage\":\"es\",\"@id\":\"https:\\\/\\\/www.isdi.education\\\/es\\\/wp-content\\\/litespeed\\\/avatar\\\/1\\\/06e1ec358746bcb8bb25471d95ddc6aa.jpg?ver=1777453142\",\"url\":\"https:\\\/\\\/www.isdi.education\\\/es\\\/wp-content\\\/litespeed\\\/avatar\\\/1\\\/06e1ec358746bcb8bb25471d95ddc6aa.jpg?ver=1777453142\",\"contentUrl\":\"https:\\\/\\\/www.isdi.education\\\/es\\\/wp-content\\\/litespeed\\\/avatar\\\/1\\\/06e1ec358746bcb8bb25471d95ddc6aa.jpg?ver=1777453142\",\"caption\":\"infofuturo\"},\"url\":\"https:\\\/\\\/www.isdi.education\\\/es\\\/author\\\/infofuturo\"}]}<\/script>\n<!-- \/ Yoast SEO plugin. -->","yoast_head_json":{"title":"Conciliaci\u00f3n familiar y laboral: Empresas que concilian - ISDI Espa\u00f1a","description":"Te mostramos iniciativas llevadas a cabo por algunas de las mejores empresas para mejorar la conciliaci\u00f3n familiar y profesional de sus empleados.","robots":{"index":"index","follow":"follow","max-snippet":"max-snippet:-1","max-image-preview":"max-image-preview:large","max-video-preview":"max-video-preview:-1"},"canonical":"https:\/\/www.isdi.education\/es\/blog\/conciliacion-familiar-laboral-empresas-concilian","og_locale":"es_ES","og_type":"article","og_title":"Conciliaci\u00f3n familiar y laboral: Empresas que concilian - ISDI Espa\u00f1a","og_description":"Te mostramos iniciativas llevadas a cabo por algunas de las mejores empresas para mejorar la conciliaci\u00f3n familiar y profesional de sus empleados.","og_url":"https:\/\/www.isdi.education\/es\/blog\/conciliacion-familiar-laboral-empresas-concilian","og_site_name":"ISDI Espa\u00f1a","article_publisher":"https:\/\/www.facebook.com\/isdi.education","article_published_time":"2016-07-27T00:00:00+00:00","article_modified_time":"2024-04-22T15:11:26+00:00","og_image":[{"width":371,"height":247,"url":"https:\/\/www.isdi.education\/es\/wp-content\/uploads\/2024\/03\/690-listado-conciliacion.png","type":"image\/png"}],"author":"infofuturo","twitter_card":"summary_large_image","twitter_misc":{"Escrito por":"infofuturo","Tiempo de lectura":"5 minutos"},"schema":{"@context":"https:\/\/schema.org","@graph":[{"@type":"Article","@id":"https:\/\/www.isdi.education\/es\/blog\/conciliacion-familiar-laboral-empresas-concilian#article","isPartOf":{"@id":"https:\/\/www.isdi.education\/es\/blog\/conciliacion-familiar-laboral-empresas-concilian"},"author":{"name":"infofuturo","@id":"https:\/\/www.isdi.education\/es\/#\/schema\/person\/9f30c33eda685abbcfaabf1e7b9e9f76"},"headline":"Conciliaci\u00f3n familiar y laboral: Empresas que concilian","datePublished":"2016-07-27T00:00:00+00:00","dateModified":"2024-04-22T15:11:26+00:00","mainEntityOfPage":{"@id":"https:\/\/www.isdi.education\/es\/blog\/conciliacion-familiar-laboral-empresas-concilian"},"wordCount":995,"commentCount":0,"publisher":{"@id":"https:\/\/www.isdi.education\/es\/#organization"},"image":{"@id":"https:\/\/www.isdi.education\/es\/blog\/conciliacion-familiar-laboral-empresas-concilian#primaryimage"},"thumbnailUrl":"https:\/\/www.isdi.education\/es\/wp-content\/uploads\/2024\/03\/690-listado-conciliacion.png","articleSection":["Empresa"],"inLanguage":"es","potentialAction":[{"@type":"CommentAction","name":"Comment","target":["https:\/\/www.isdi.education\/es\/blog\/conciliacion-familiar-laboral-empresas-concilian#respond"]}]},{"@type":"WebPage","@id":"https:\/\/www.isdi.education\/es\/blog\/conciliacion-familiar-laboral-empresas-concilian","url":"https:\/\/www.isdi.education\/es\/blog\/conciliacion-familiar-laboral-empresas-concilian","name":"Conciliaci\u00f3n familiar y laboral: Empresas que concilian - ISDI Espa\u00f1a","isPartOf":{"@id":"https:\/\/www.isdi.education\/es\/#website"},"primaryImageOfPage":{"@id":"https:\/\/www.isdi.education\/es\/blog\/conciliacion-familiar-laboral-empresas-concilian#primaryimage"},"image":{"@id":"https:\/\/www.isdi.education\/es\/blog\/conciliacion-familiar-laboral-empresas-concilian#primaryimage"},"thumbnailUrl":"https:\/\/www.isdi.education\/es\/wp-content\/uploads\/2024\/03\/690-listado-conciliacion.png","datePublished":"2016-07-27T00:00:00+00:00","dateModified":"2024-04-22T15:11:26+00:00","description":"Te mostramos iniciativas llevadas a cabo por algunas de las mejores empresas para mejorar la conciliaci\u00f3n familiar y profesional de sus empleados.","breadcrumb":{"@id":"https:\/\/www.isdi.education\/es\/blog\/conciliacion-familiar-laboral-empresas-concilian#breadcrumb"},"inLanguage":"es","potentialAction":[{"@type":"ReadAction","target":["https:\/\/www.isdi.education\/es\/blog\/conciliacion-familiar-laboral-empresas-concilian"]}]},{"@type":"ImageObject","inLanguage":"es","@id":"https:\/\/www.isdi.education\/es\/blog\/conciliacion-familiar-laboral-empresas-concilian#primaryimage","url":"https:\/\/www.isdi.education\/es\/wp-content\/uploads\/2024\/03\/690-listado-conciliacion.png","contentUrl":"https:\/\/www.isdi.education\/es\/wp-content\/uploads\/2024\/03\/690-listado-conciliacion.png","width":371,"height":247,"caption":"Conciliaci\u00f3n familiar y laboral: Empresas que concilian"},{"@type":"BreadcrumbList","@id":"https:\/\/www.isdi.education\/es\/blog\/conciliacion-familiar-laboral-empresas-concilian#breadcrumb","itemListElement":[{"@type":"ListItem","position":1,"name":"Inicio","item":"https:\/\/www.isdi.education\/es\/"},{"@type":"ListItem","position":2,"name":"Conciliaci\u00f3n familiar y laboral: Empresas que concilian"}]},{"@type":"WebSite","@id":"https:\/\/www.isdi.education\/es\/#website","url":"https:\/\/www.isdi.education\/es\/","name":"ISDI Espa\u00f1a | La Escuela de Negocios de la Era Digital","description":"Descubre la formaci\u00f3n que te abrir\u00e1 las puertas a la era digital. Entra a formar parte de la primera escuela de negocios y direcci\u00f3n nativa digital.","publisher":{"@id":"https:\/\/www.isdi.education\/es\/#organization"},"inLanguage":"es"},{"@type":"Organization","@id":"https:\/\/www.isdi.education\/es\/#organization","name":"ISDI Espa\u00f1a | La Escuela de Negocios de la Era Digital","url":"https:\/\/www.isdi.education\/es\/","logo":{"@type":"ImageObject","inLanguage":"es","@id":"https:\/\/www.isdi.education\/es\/#\/schema\/logo\/image\/","url":"https:\/\/www.isdi.education\/es\/wp-content\/uploads\/2024\/02\/cropped-Favicon.png","contentUrl":"https:\/\/www.isdi.education\/es\/wp-content\/uploads\/2024\/02\/cropped-Favicon.png","width":512,"height":512,"caption":"ISDI Espa\u00f1a | La Escuela de Negocios de la Era Digital"},"image":{"@id":"https:\/\/www.isdi.education\/es\/#\/schema\/logo\/image\/"},"sameAs":["https:\/\/www.facebook.com\/isdi.education","https:\/\/www.linkedin.com\/school\/isdi\/?originalSubdomain=es","https:\/\/www.instagram.com\/isdi_edu\/?hl=es","https:\/\/www.tiktok.com\/@isdi_edu","https:\/\/www.youtube.com\/user\/ISDItv"]},{"@type":"Person","@id":"https:\/\/www.isdi.education\/es\/#\/schema\/person\/9f30c33eda685abbcfaabf1e7b9e9f76","name":"infofuturo","image":{"@type":"ImageObject","inLanguage":"es","@id":"https:\/\/www.isdi.education\/es\/wp-content\/litespeed\/avatar\/1\/06e1ec358746bcb8bb25471d95ddc6aa.jpg?ver=1777453142","url":"https:\/\/www.isdi.education\/es\/wp-content\/litespeed\/avatar\/1\/06e1ec358746bcb8bb25471d95ddc6aa.jpg?ver=1777453142","contentUrl":"https:\/\/www.isdi.education\/es\/wp-content\/litespeed\/avatar\/1\/06e1ec358746bcb8bb25471d95ddc6aa.jpg?ver=1777453142","caption":"infofuturo"},"url":"https:\/\/www.isdi.education\/es\/author\/infofuturo"}]}},"_links":{"self":[{"href":"https:\/\/www.isdi.education\/es\/wp-json\/wp\/v2\/posts\/14407","targetHints":{"allow":["GET"]}}],"collection":[{"href":"https:\/\/www.isdi.education\/es\/wp-json\/wp\/v2\/posts"}],"about":[{"href":"https:\/\/www.isdi.education\/es\/wp-json\/wp\/v2\/types\/post"}],"author":[{"embeddable":true,"href":"https:\/\/www.isdi.education\/es\/wp-json\/wp\/v2\/users\/23"}],"replies":[{"embeddable":true,"href":"https:\/\/www.isdi.education\/es\/wp-json\/wp\/v2\/comments?post=14407"}],"version-history":[{"count":0,"href":"https:\/\/www.isdi.education\/es\/wp-json\/wp\/v2\/posts\/14407\/revisions"}],"wp:featuredmedia":[{"embeddable":true,"href":"https:\/\/www.isdi.education\/es\/wp-json\/wp\/v2\/media\/14406"}],"wp:attachment":[{"href":"https:\/\/www.isdi.education\/es\/wp-json\/wp\/v2\/media?parent=14407"}],"wp:term":[{"taxonomy":"category","embeddable":true,"href":"https:\/\/www.isdi.education\/es\/wp-json\/wp\/v2\/categories?post=14407"},{"taxonomy":"post_tag","embeddable":true,"href":"https:\/\/www.isdi.education\/es\/wp-json\/wp\/v2\/tags?post=14407"}],"curies":[{"name":"wp","href":"https:\/\/api.w.org\/{rel}","templated":true}]}}