{"id":14209,"date":"2022-02-13T00:00:00","date_gmt":"2022-02-13T00:00:00","guid":{"rendered":"https:\/\/www.isdi.education\/es\/la-radio-y-su-adaptacion-al-mundo-digital\/"},"modified":"2024-04-22T14:38:56","modified_gmt":"2024-04-22T14:38:56","slug":"la-radio-y-su-adaptacion-al-mundo-digital","status":"publish","type":"post","link":"https:\/\/www.isdi.education\/es\/blog\/la-radio-y-su-adaptacion-al-mundo-digital","title":{"rendered":"Podcast: el triunfo de la gran adaptaci\u00f3n digital de la radio"},"content":{"rendered":"<div id=\"07M-wysiwyg-1\" class=\"07M-wysiwyg anchor--link \" data-anchor-content=\"\">\n<section class=\"wysiwyg mb-xl\">\n<div class=\"wrapper wrapper--small\">\n<div class=\"wysiwyg__content\">\n<div>\n<p style=\"text-align: justify\">La radio hace apenas 15 a\u00f1os, se consideraba un <strong>medio condenado a la extinci\u00f3n<\/strong> debido a que su formato tradicional ya no encajaba con los nuevos p\u00fablicos y estaba dejando de consumirse como antes. Sin embargo, lejos de tratar de recuperar oyentes manteniendo los mismos formatos, la radio ha sabido adaptarse mejor que otros medios tradicionales a las plataformas digitales. La radio est\u00e1 sabiendo incorporarse a este nueva era creando nuevos contenidos y f\u00f3rmulas de consumo adaptados al medio digital.<\/p>\n<p style=\"text-align: justify\">Seg\u00fan el informe &#8216;<strong>III Estado de la Voz y el Audio en Espa\u00f1a<\/strong>&#8216; realizado por la consultora\u00a0Prodigioso Volca\u0301n, afirma que <strong>un 53% de la poblacio\u0301n internauta espan\u0303ola escucha podcasts durante el an\u0303o pasado<\/strong>. Es decir, <strong>m\u00e1s de 18 millones<\/strong> \u2013m\u00e1s de la mitad de la poblaci\u00f3n con acceso a internet\u2013 de espa\u00f1oles consumieron podcast en 2021. Y es que podemos afirmar que el a\u00f1o pasado ha sido el a\u00f1o del formato podcast. S\u00ed, solo durante los meses del 2021, el n\u00famero de podcasts como de seguidores del mismo creci\u00f3 exponencialmente.<\/p>\n<p style=\"text-align: justify\">Por supuesto, otro de las plataformas que no han dudado en estudiar el comportamiento de los usuarios con respecto a este fen\u00f3meno ha sido Spotify. La plataforma de streaming de audio presenta un dato clave: la pandemia como el mayor precursor para iniciar el consumo de este nuevo sistema de escucha, de hecho, fue <strong>durante el confinamiento cuando el 38 % de los actuales oyentes de podcast comenz\u00f3 a probar este formato<\/strong> de \u00abnueva radio\u00bb.<\/p>\n<h2 style=\"text-align: justify\">\u00bfQu\u00e9 son los podcast y otros tipo de emisi\u00f3n en la era digital?<\/h2>\n<p style=\"text-align: justify\">La radio ha adoptado diferentes maneras de llegar al p\u00fablico: en directo, en diferido, mediante la exploraci\u00f3n de enlaces, la selecci\u00f3n de fragmentos, entre otros.<\/p>\n<ul>\n<li style=\"text-align: justify\"><strong>Podcast: <\/strong>son emisiones en diferido. Los podcast fueron uno de los primeros formatos adaptados a la era digital que llegaron a nuestras vidas.<strong> Son trozos de audio \u2013o programas completos\u2013 de duraci\u00f3n indeterminada<\/strong> con contenido interesante acontecido durante el programa. Se empezaron colgando en las p\u00e1ginas web de las emisoras y ahora ya cuentan con programas que se emiten solo en estos formatos.<\/li>\n<li style=\"text-align: justify\"><strong>Live: <\/strong>emisiones en tiempo real. Es el nuevo directo del mundo digital en el que los programas de radio emiten tanto en su p\u00e1gina web como en redes sociales como Facebook. En este caso el oyente se convierte en espectador al emitirse tambi\u00e9n en formato v\u00eddeo. Es una manera muy astuta de llegar al usuario dej\u00e1ndole ver c\u00f3mo funciona los programas por dentro.<\/li>\n<li style=\"text-align: justify\"><strong>Audiolibros<\/strong>: tanto el consumo como las ventas de audiolibros no paran de crecer en los \u00faltimos diez a\u00f1os seg\u00fan los resultados de la encuesta The Audio Publishers Association Sales and Consumer Survey. El tiempo para nuestro disfrute sigue siendo escaso y, es por ello, que aprovechamos distintos momentos para poder acercarnos a esta nueva lectura. Y es que, ya en 2020, los ingresos gracias a la venta de audiolibros crecieron un 12 % llegando a facturas 1,3 millones de d\u00f3lares.<\/li>\n<\/ul>\n<div id=\"07M-wysiwyg-1\" class=\"07M-wysiwyg anchor--link \" data-anchor-content=\"\">\n<section class=\"wysiwyg mb-xl\">\n<div class=\"wrapper wrapper--small\">\n<div class=\"wysiwyg__content\">\n<div>\n<h2>Plataformas digitales para el consumo radiof\u00f3nico<\/h2>\n<p>Los principales grupos radiof\u00f3nicos han desarrollado sus propias apps a trav\u00e9s de las cuales los oyentes pueden disfrutar de sus programas favoritos, tanto en directo como en diferido. Adem\u00e1s del contenido a la carta, estas plataformas enriquecen la experiencia radiof\u00f3nica con datos, im\u00e1genes, v\u00eddeos y recomendaciones para que el usuario interact\u00fae y sea cada vez m\u00e1s participativo. El consumidor es ahora prosumidor, pues tiene la capacidad de producir y gestionar su propia parrilla radiof\u00f3nica; y adem\u00e1s podr\u00e1 hacerlo desde distintas opciones:<\/p>\n<p><u>Aplicaci\u00f3n<\/u>: existen distintas apps de radio para instalar en tu m\u00f3vil. Desde las propias emisoras, a programas &#8216;per se&#8217; o, incluso, propias compa\u00f1\u00edas que han nacido desde los podcasts para ofrecer este servicio.<\/p>\n<p><u>Emisora<\/u>: las diferentes emisoras como los 40 principales han desarrollado su propia app con contenido exclusivo y acceso a las emisiones.<\/p>\n<p><u>A la carta<\/u>: con esta opci\u00f3n puedes acceder o los programas completos o a los mejores momentos todo esto tanto en formato audio o v\u00eddeo.<\/p>\n<p><u>En directo<\/u>: el formato &#8216;live&#8217;, aunque sigue perdiendo cada vez m\u00e1s audiencia, se sigue manteniendo como parte de la magia de la radio.<\/p>\n<h2>Pero \u00bfcu\u00e1les son las plataformas m\u00e1s utilizadas para escuchas podcasts?<\/h2>\n<p><u>Youtube<\/u>:<strong>\u00a0<\/strong>Diferentes programas de radio con mucha audiencia deciden colgar las secciones m\u00e1s interesantes del programa del d\u00eda o incluso dedican una hora exclusiva a los llamados Youtubers. El espacio YouTubers solo lo pueden ver aquellos que accedan al contenido en la plataforma, es decir este contenido no se emite por las ondas. Se convierte en un gancho de contenido exclusivo que funciona muy bien con el p\u00fablico millennial.<\/p>\n<p><u>Spotify<\/u>:<strong>\u00a0<\/strong>Spotify Radio es una opci\u00f3n dentro de la propia aplicaci\u00f3n de Spotify, que ofrece m\u00fasica ininterrumpida sin l\u00edmite de estaciones. Eliges una canci\u00f3n, un artista o g\u00e9nero y Spotify crea de forma instant\u00e1nea una emisora con este tipo de contenidos. No hay un l\u00edmite en el n\u00famero de emisoras que se pueden crear. Pocos son los atributos que destacaremos para hacer de este servicio el m\u00e1s empleado en Espa\u00f1a por el 57 % de los usuarios de internet.<\/p>\n<p><u>Ivoox<\/u>: literalmente se definen como \u00abun kiosco para escuchar radios y podcasts, una plataforma donde poder reproducir, descargar y compartir audios de todo tipo de tem\u00e1ticas y g\u00e9neros.\u00bb Una opci\u00f3n perfecta \u2013y la segunda escogida por los espa\u00f1oles\u2013 para los amantes de los podcast ya que se especializa en ellos, donde podr\u00e1s descubrir nuevos programas que no te querr\u00e1s perder.<\/p>\n<p>&nbsp;<\/p>\n<\/div>\n<\/div>\n<\/div>\n<\/section>\n<\/div>\n<div id=\"02M-cards-2\" class=\"02M-cards anchor--link \" data-anchor-content=\"\">\n<section class=\"cards mb-xl\">\n<div class=\"wrapper\"><\/div>\n<\/section>\n<\/div>\n<\/div>\n<\/div>\n<\/div>\n<\/section>\n<\/div>\n","protected":false},"excerpt":{"rendered":"<p>La era digital, lejos de haber enterrado ciertos medios de comunicaci\u00f3n como la radio, ha servido para que estos resurjan de sus cenizas<\/p>\n","protected":false},"author":23,"featured_media":14208,"comment_status":"open","ping_status":"closed","sticky":false,"template":"","format":"standard","meta":{"_acf_changed":false,"footnotes":""},"categories":[41],"tags":[],"class_list":["post-14209","post","type-post","status-publish","format-standard","has-post-thumbnail","hentry","category-innovacion-y-tecnologia"],"acf":{"photo_gallery":{"galeria":[[]]}},"yoast_head":"<!-- This site is optimized with the Yoast SEO plugin v27.4 - https:\/\/yoast.com\/product\/yoast-seo-wordpress\/ -->\n<title>\u00bfQu\u00e9 son los podcast y c\u00f3mo han desbancado a la radio? | ISDI<\/title>\n<meta name=\"description\" content=\"Te contamos qu\u00e9 son los podcast y cu\u00e1les son las otros tipos de emisi\u00f3n de la era digital, cu\u00e1les son las plataformas principales para escucharlos y mucho m\u00e1s.\" \/>\n<meta name=\"robots\" content=\"index, follow, max-snippet:-1, max-image-preview:large, max-video-preview:-1\" \/>\n<link rel=\"canonical\" href=\"https:\/\/www.isdi.education\/es\/blog\/la-radio-y-su-adaptacion-al-mundo-digital\" \/>\n<meta property=\"og:locale\" content=\"es_ES\" \/>\n<meta property=\"og:type\" content=\"article\" \/>\n<meta property=\"og:title\" content=\"\u00bfQu\u00e9 son los podcast y c\u00f3mo han desbancado a la radio? | ISDI\" \/>\n<meta property=\"og:description\" content=\"Te contamos qu\u00e9 son los podcast y cu\u00e1les son las otros tipos de emisi\u00f3n de la era digital, cu\u00e1les son las plataformas principales para escucharlos y mucho m\u00e1s.\" \/>\n<meta property=\"og:url\" content=\"https:\/\/www.isdi.education\/es\/blog\/la-radio-y-su-adaptacion-al-mundo-digital\" \/>\n<meta property=\"og:site_name\" content=\"ISDI Espa\u00f1a\" \/>\n<meta property=\"article:publisher\" content=\"https:\/\/www.facebook.com\/isdi.education\" \/>\n<meta property=\"article:published_time\" content=\"2022-02-13T00:00:00+00:00\" \/>\n<meta property=\"article:modified_time\" content=\"2024-04-22T14:38:56+00:00\" \/>\n<meta property=\"og:image\" content=\"https:\/\/www.isdi.education\/es\/wp-content\/uploads\/2024\/03\/2051-jeremy-enns-1vrWiQvtxW8-unsplash.jpg\" \/>\n\t<meta property=\"og:image:width\" content=\"600\" \/>\n\t<meta property=\"og:image:height\" content=\"400\" \/>\n\t<meta property=\"og:image:type\" content=\"image\/jpeg\" \/>\n<meta name=\"author\" content=\"infofuturo\" \/>\n<meta name=\"twitter:card\" content=\"summary_large_image\" \/>\n<meta name=\"twitter:label1\" content=\"Escrito por\" \/>\n\t<meta name=\"twitter:data1\" content=\"infofuturo\" \/>\n\t<meta name=\"twitter:label2\" content=\"Tiempo de lectura\" \/>\n\t<meta name=\"twitter:data2\" content=\"5 minutos\" \/>\n<script type=\"application\/ld+json\" class=\"yoast-schema-graph\">{\"@context\":\"https:\\\/\\\/schema.org\",\"@graph\":[{\"@type\":\"Article\",\"@id\":\"https:\\\/\\\/www.isdi.education\\\/es\\\/blog\\\/la-radio-y-su-adaptacion-al-mundo-digital#article\",\"isPartOf\":{\"@id\":\"https:\\\/\\\/www.isdi.education\\\/es\\\/blog\\\/la-radio-y-su-adaptacion-al-mundo-digital\"},\"author\":{\"name\":\"infofuturo\",\"@id\":\"https:\\\/\\\/www.isdi.education\\\/es\\\/#\\\/schema\\\/person\\\/9f30c33eda685abbcfaabf1e7b9e9f76\"},\"headline\":\"Podcast: el triunfo de la gran adaptaci\u00f3n digital de la radio\",\"datePublished\":\"2022-02-13T00:00:00+00:00\",\"dateModified\":\"2024-04-22T14:38:56+00:00\",\"mainEntityOfPage\":{\"@id\":\"https:\\\/\\\/www.isdi.education\\\/es\\\/blog\\\/la-radio-y-su-adaptacion-al-mundo-digital\"},\"wordCount\":967,\"commentCount\":0,\"publisher\":{\"@id\":\"https:\\\/\\\/www.isdi.education\\\/es\\\/#organization\"},\"image\":{\"@id\":\"https:\\\/\\\/www.isdi.education\\\/es\\\/blog\\\/la-radio-y-su-adaptacion-al-mundo-digital#primaryimage\"},\"thumbnailUrl\":\"https:\\\/\\\/www.isdi.education\\\/es\\\/wp-content\\\/uploads\\\/2024\\\/03\\\/2051-jeremy-enns-1vrWiQvtxW8-unsplash.jpg\",\"articleSection\":[\"Innovaci\u00f3n y Tecnolog\u00eda\"],\"inLanguage\":\"es\",\"potentialAction\":[{\"@type\":\"CommentAction\",\"name\":\"Comment\",\"target\":[\"https:\\\/\\\/www.isdi.education\\\/es\\\/blog\\\/la-radio-y-su-adaptacion-al-mundo-digital#respond\"]}]},{\"@type\":\"WebPage\",\"@id\":\"https:\\\/\\\/www.isdi.education\\\/es\\\/blog\\\/la-radio-y-su-adaptacion-al-mundo-digital\",\"url\":\"https:\\\/\\\/www.isdi.education\\\/es\\\/blog\\\/la-radio-y-su-adaptacion-al-mundo-digital\",\"name\":\"\u00bfQu\u00e9 son los podcast y c\u00f3mo han desbancado a la radio? | ISDI\",\"isPartOf\":{\"@id\":\"https:\\\/\\\/www.isdi.education\\\/es\\\/#website\"},\"primaryImageOfPage\":{\"@id\":\"https:\\\/\\\/www.isdi.education\\\/es\\\/blog\\\/la-radio-y-su-adaptacion-al-mundo-digital#primaryimage\"},\"image\":{\"@id\":\"https:\\\/\\\/www.isdi.education\\\/es\\\/blog\\\/la-radio-y-su-adaptacion-al-mundo-digital#primaryimage\"},\"thumbnailUrl\":\"https:\\\/\\\/www.isdi.education\\\/es\\\/wp-content\\\/uploads\\\/2024\\\/03\\\/2051-jeremy-enns-1vrWiQvtxW8-unsplash.jpg\",\"datePublished\":\"2022-02-13T00:00:00+00:00\",\"dateModified\":\"2024-04-22T14:38:56+00:00\",\"description\":\"Te contamos qu\u00e9 son los podcast y cu\u00e1les son las otros tipos de emisi\u00f3n de la era digital, cu\u00e1les son las plataformas principales para escucharlos y mucho m\u00e1s.\",\"breadcrumb\":{\"@id\":\"https:\\\/\\\/www.isdi.education\\\/es\\\/blog\\\/la-radio-y-su-adaptacion-al-mundo-digital#breadcrumb\"},\"inLanguage\":\"es\",\"potentialAction\":[{\"@type\":\"ReadAction\",\"target\":[\"https:\\\/\\\/www.isdi.education\\\/es\\\/blog\\\/la-radio-y-su-adaptacion-al-mundo-digital\"]}]},{\"@type\":\"ImageObject\",\"inLanguage\":\"es\",\"@id\":\"https:\\\/\\\/www.isdi.education\\\/es\\\/blog\\\/la-radio-y-su-adaptacion-al-mundo-digital#primaryimage\",\"url\":\"https:\\\/\\\/www.isdi.education\\\/es\\\/wp-content\\\/uploads\\\/2024\\\/03\\\/2051-jeremy-enns-1vrWiQvtxW8-unsplash.jpg\",\"contentUrl\":\"https:\\\/\\\/www.isdi.education\\\/es\\\/wp-content\\\/uploads\\\/2024\\\/03\\\/2051-jeremy-enns-1vrWiQvtxW8-unsplash.jpg\",\"width\":600,\"height\":400,\"caption\":\"Podcast: el triunfo de la gran adaptaci\u00f3n digital de la radio\"},{\"@type\":\"BreadcrumbList\",\"@id\":\"https:\\\/\\\/www.isdi.education\\\/es\\\/blog\\\/la-radio-y-su-adaptacion-al-mundo-digital#breadcrumb\",\"itemListElement\":[{\"@type\":\"ListItem\",\"position\":1,\"name\":\"Inicio\",\"item\":\"https:\\\/\\\/www.isdi.education\\\/es\\\/\"},{\"@type\":\"ListItem\",\"position\":2,\"name\":\"Podcast: el triunfo de la gran adaptaci\u00f3n digital de la radio\"}]},{\"@type\":\"WebSite\",\"@id\":\"https:\\\/\\\/www.isdi.education\\\/es\\\/#website\",\"url\":\"https:\\\/\\\/www.isdi.education\\\/es\\\/\",\"name\":\"ISDI Espa\u00f1a | La Escuela de Negocios de la Era Digital\",\"description\":\"Descubre la formaci\u00f3n que te abrir\u00e1 las puertas a la era digital. Entra a formar parte de la primera escuela de negocios y direcci\u00f3n nativa digital.\",\"publisher\":{\"@id\":\"https:\\\/\\\/www.isdi.education\\\/es\\\/#organization\"},\"inLanguage\":\"es\"},{\"@type\":\"Organization\",\"@id\":\"https:\\\/\\\/www.isdi.education\\\/es\\\/#organization\",\"name\":\"ISDI Espa\u00f1a | La Escuela de Negocios de la Era Digital\",\"url\":\"https:\\\/\\\/www.isdi.education\\\/es\\\/\",\"logo\":{\"@type\":\"ImageObject\",\"inLanguage\":\"es\",\"@id\":\"https:\\\/\\\/www.isdi.education\\\/es\\\/#\\\/schema\\\/logo\\\/image\\\/\",\"url\":\"https:\\\/\\\/www.isdi.education\\\/es\\\/wp-content\\\/uploads\\\/2024\\\/02\\\/cropped-Favicon.png\",\"contentUrl\":\"https:\\\/\\\/www.isdi.education\\\/es\\\/wp-content\\\/uploads\\\/2024\\\/02\\\/cropped-Favicon.png\",\"width\":512,\"height\":512,\"caption\":\"ISDI Espa\u00f1a | La Escuela de Negocios de la Era Digital\"},\"image\":{\"@id\":\"https:\\\/\\\/www.isdi.education\\\/es\\\/#\\\/schema\\\/logo\\\/image\\\/\"},\"sameAs\":[\"https:\\\/\\\/www.facebook.com\\\/isdi.education\",\"https:\\\/\\\/www.linkedin.com\\\/school\\\/isdi\\\/?originalSubdomain=es\",\"https:\\\/\\\/www.instagram.com\\\/isdi_edu\\\/?hl=es\",\"https:\\\/\\\/www.tiktok.com\\\/@isdi_edu\",\"https:\\\/\\\/www.youtube.com\\\/user\\\/ISDItv\"]},{\"@type\":\"Person\",\"@id\":\"https:\\\/\\\/www.isdi.education\\\/es\\\/#\\\/schema\\\/person\\\/9f30c33eda685abbcfaabf1e7b9e9f76\",\"name\":\"infofuturo\",\"image\":{\"@type\":\"ImageObject\",\"inLanguage\":\"es\",\"@id\":\"https:\\\/\\\/www.isdi.education\\\/es\\\/wp-content\\\/litespeed\\\/avatar\\\/1\\\/06e1ec358746bcb8bb25471d95ddc6aa.jpg?ver=1777453142\",\"url\":\"https:\\\/\\\/www.isdi.education\\\/es\\\/wp-content\\\/litespeed\\\/avatar\\\/1\\\/06e1ec358746bcb8bb25471d95ddc6aa.jpg?ver=1777453142\",\"contentUrl\":\"https:\\\/\\\/www.isdi.education\\\/es\\\/wp-content\\\/litespeed\\\/avatar\\\/1\\\/06e1ec358746bcb8bb25471d95ddc6aa.jpg?ver=1777453142\",\"caption\":\"infofuturo\"},\"url\":\"https:\\\/\\\/www.isdi.education\\\/es\\\/author\\\/infofuturo\"}]}<\/script>\n<!-- \/ Yoast SEO plugin. -->","yoast_head_json":{"title":"\u00bfQu\u00e9 son los podcast y c\u00f3mo han desbancado a la radio? | ISDI","description":"Te contamos qu\u00e9 son los podcast y cu\u00e1les son las otros tipos de emisi\u00f3n de la era digital, cu\u00e1les son las plataformas principales para escucharlos y mucho m\u00e1s.","robots":{"index":"index","follow":"follow","max-snippet":"max-snippet:-1","max-image-preview":"max-image-preview:large","max-video-preview":"max-video-preview:-1"},"canonical":"https:\/\/www.isdi.education\/es\/blog\/la-radio-y-su-adaptacion-al-mundo-digital","og_locale":"es_ES","og_type":"article","og_title":"\u00bfQu\u00e9 son los podcast y c\u00f3mo han desbancado a la radio? | ISDI","og_description":"Te contamos qu\u00e9 son los podcast y cu\u00e1les son las otros tipos de emisi\u00f3n de la era digital, cu\u00e1les son las plataformas principales para escucharlos y mucho m\u00e1s.","og_url":"https:\/\/www.isdi.education\/es\/blog\/la-radio-y-su-adaptacion-al-mundo-digital","og_site_name":"ISDI Espa\u00f1a","article_publisher":"https:\/\/www.facebook.com\/isdi.education","article_published_time":"2022-02-13T00:00:00+00:00","article_modified_time":"2024-04-22T14:38:56+00:00","og_image":[{"width":600,"height":400,"url":"https:\/\/www.isdi.education\/es\/wp-content\/uploads\/2024\/03\/2051-jeremy-enns-1vrWiQvtxW8-unsplash.jpg","type":"image\/jpeg"}],"author":"infofuturo","twitter_card":"summary_large_image","twitter_misc":{"Escrito por":"infofuturo","Tiempo de lectura":"5 minutos"},"schema":{"@context":"https:\/\/schema.org","@graph":[{"@type":"Article","@id":"https:\/\/www.isdi.education\/es\/blog\/la-radio-y-su-adaptacion-al-mundo-digital#article","isPartOf":{"@id":"https:\/\/www.isdi.education\/es\/blog\/la-radio-y-su-adaptacion-al-mundo-digital"},"author":{"name":"infofuturo","@id":"https:\/\/www.isdi.education\/es\/#\/schema\/person\/9f30c33eda685abbcfaabf1e7b9e9f76"},"headline":"Podcast: el triunfo de la gran adaptaci\u00f3n digital de la radio","datePublished":"2022-02-13T00:00:00+00:00","dateModified":"2024-04-22T14:38:56+00:00","mainEntityOfPage":{"@id":"https:\/\/www.isdi.education\/es\/blog\/la-radio-y-su-adaptacion-al-mundo-digital"},"wordCount":967,"commentCount":0,"publisher":{"@id":"https:\/\/www.isdi.education\/es\/#organization"},"image":{"@id":"https:\/\/www.isdi.education\/es\/blog\/la-radio-y-su-adaptacion-al-mundo-digital#primaryimage"},"thumbnailUrl":"https:\/\/www.isdi.education\/es\/wp-content\/uploads\/2024\/03\/2051-jeremy-enns-1vrWiQvtxW8-unsplash.jpg","articleSection":["Innovaci\u00f3n y Tecnolog\u00eda"],"inLanguage":"es","potentialAction":[{"@type":"CommentAction","name":"Comment","target":["https:\/\/www.isdi.education\/es\/blog\/la-radio-y-su-adaptacion-al-mundo-digital#respond"]}]},{"@type":"WebPage","@id":"https:\/\/www.isdi.education\/es\/blog\/la-radio-y-su-adaptacion-al-mundo-digital","url":"https:\/\/www.isdi.education\/es\/blog\/la-radio-y-su-adaptacion-al-mundo-digital","name":"\u00bfQu\u00e9 son los podcast y c\u00f3mo han desbancado a la radio? | ISDI","isPartOf":{"@id":"https:\/\/www.isdi.education\/es\/#website"},"primaryImageOfPage":{"@id":"https:\/\/www.isdi.education\/es\/blog\/la-radio-y-su-adaptacion-al-mundo-digital#primaryimage"},"image":{"@id":"https:\/\/www.isdi.education\/es\/blog\/la-radio-y-su-adaptacion-al-mundo-digital#primaryimage"},"thumbnailUrl":"https:\/\/www.isdi.education\/es\/wp-content\/uploads\/2024\/03\/2051-jeremy-enns-1vrWiQvtxW8-unsplash.jpg","datePublished":"2022-02-13T00:00:00+00:00","dateModified":"2024-04-22T14:38:56+00:00","description":"Te contamos qu\u00e9 son los podcast y cu\u00e1les son las otros tipos de emisi\u00f3n de la era digital, cu\u00e1les son las plataformas principales para escucharlos y mucho m\u00e1s.","breadcrumb":{"@id":"https:\/\/www.isdi.education\/es\/blog\/la-radio-y-su-adaptacion-al-mundo-digital#breadcrumb"},"inLanguage":"es","potentialAction":[{"@type":"ReadAction","target":["https:\/\/www.isdi.education\/es\/blog\/la-radio-y-su-adaptacion-al-mundo-digital"]}]},{"@type":"ImageObject","inLanguage":"es","@id":"https:\/\/www.isdi.education\/es\/blog\/la-radio-y-su-adaptacion-al-mundo-digital#primaryimage","url":"https:\/\/www.isdi.education\/es\/wp-content\/uploads\/2024\/03\/2051-jeremy-enns-1vrWiQvtxW8-unsplash.jpg","contentUrl":"https:\/\/www.isdi.education\/es\/wp-content\/uploads\/2024\/03\/2051-jeremy-enns-1vrWiQvtxW8-unsplash.jpg","width":600,"height":400,"caption":"Podcast: el triunfo de la gran adaptaci\u00f3n digital de la radio"},{"@type":"BreadcrumbList","@id":"https:\/\/www.isdi.education\/es\/blog\/la-radio-y-su-adaptacion-al-mundo-digital#breadcrumb","itemListElement":[{"@type":"ListItem","position":1,"name":"Inicio","item":"https:\/\/www.isdi.education\/es\/"},{"@type":"ListItem","position":2,"name":"Podcast: el triunfo de la gran adaptaci\u00f3n digital de la radio"}]},{"@type":"WebSite","@id":"https:\/\/www.isdi.education\/es\/#website","url":"https:\/\/www.isdi.education\/es\/","name":"ISDI Espa\u00f1a | La Escuela de Negocios de la Era Digital","description":"Descubre la formaci\u00f3n que te abrir\u00e1 las puertas a la era digital. Entra a formar parte de la primera escuela de negocios y direcci\u00f3n nativa digital.","publisher":{"@id":"https:\/\/www.isdi.education\/es\/#organization"},"inLanguage":"es"},{"@type":"Organization","@id":"https:\/\/www.isdi.education\/es\/#organization","name":"ISDI Espa\u00f1a | La Escuela de Negocios de la Era Digital","url":"https:\/\/www.isdi.education\/es\/","logo":{"@type":"ImageObject","inLanguage":"es","@id":"https:\/\/www.isdi.education\/es\/#\/schema\/logo\/image\/","url":"https:\/\/www.isdi.education\/es\/wp-content\/uploads\/2024\/02\/cropped-Favicon.png","contentUrl":"https:\/\/www.isdi.education\/es\/wp-content\/uploads\/2024\/02\/cropped-Favicon.png","width":512,"height":512,"caption":"ISDI Espa\u00f1a | La Escuela de Negocios de la Era Digital"},"image":{"@id":"https:\/\/www.isdi.education\/es\/#\/schema\/logo\/image\/"},"sameAs":["https:\/\/www.facebook.com\/isdi.education","https:\/\/www.linkedin.com\/school\/isdi\/?originalSubdomain=es","https:\/\/www.instagram.com\/isdi_edu\/?hl=es","https:\/\/www.tiktok.com\/@isdi_edu","https:\/\/www.youtube.com\/user\/ISDItv"]},{"@type":"Person","@id":"https:\/\/www.isdi.education\/es\/#\/schema\/person\/9f30c33eda685abbcfaabf1e7b9e9f76","name":"infofuturo","image":{"@type":"ImageObject","inLanguage":"es","@id":"https:\/\/www.isdi.education\/es\/wp-content\/litespeed\/avatar\/1\/06e1ec358746bcb8bb25471d95ddc6aa.jpg?ver=1777453142","url":"https:\/\/www.isdi.education\/es\/wp-content\/litespeed\/avatar\/1\/06e1ec358746bcb8bb25471d95ddc6aa.jpg?ver=1777453142","contentUrl":"https:\/\/www.isdi.education\/es\/wp-content\/litespeed\/avatar\/1\/06e1ec358746bcb8bb25471d95ddc6aa.jpg?ver=1777453142","caption":"infofuturo"},"url":"https:\/\/www.isdi.education\/es\/author\/infofuturo"}]}},"_links":{"self":[{"href":"https:\/\/www.isdi.education\/es\/wp-json\/wp\/v2\/posts\/14209","targetHints":{"allow":["GET"]}}],"collection":[{"href":"https:\/\/www.isdi.education\/es\/wp-json\/wp\/v2\/posts"}],"about":[{"href":"https:\/\/www.isdi.education\/es\/wp-json\/wp\/v2\/types\/post"}],"author":[{"embeddable":true,"href":"https:\/\/www.isdi.education\/es\/wp-json\/wp\/v2\/users\/23"}],"replies":[{"embeddable":true,"href":"https:\/\/www.isdi.education\/es\/wp-json\/wp\/v2\/comments?post=14209"}],"version-history":[{"count":0,"href":"https:\/\/www.isdi.education\/es\/wp-json\/wp\/v2\/posts\/14209\/revisions"}],"wp:featuredmedia":[{"embeddable":true,"href":"https:\/\/www.isdi.education\/es\/wp-json\/wp\/v2\/media\/14208"}],"wp:attachment":[{"href":"https:\/\/www.isdi.education\/es\/wp-json\/wp\/v2\/media?parent=14209"}],"wp:term":[{"taxonomy":"category","embeddable":true,"href":"https:\/\/www.isdi.education\/es\/wp-json\/wp\/v2\/categories?post=14209"},{"taxonomy":"post_tag","embeddable":true,"href":"https:\/\/www.isdi.education\/es\/wp-json\/wp\/v2\/tags?post=14209"}],"curies":[{"name":"wp","href":"https:\/\/api.w.org\/{rel}","templated":true}]}}