{"id":14188,"date":"2020-11-10T00:00:00","date_gmt":"2020-11-10T00:00:00","guid":{"rendered":"https:\/\/www.isdi.education\/es\/2021-el-ano-de-la-empleabilidad\/"},"modified":"2024-04-23T09:57:43","modified_gmt":"2024-04-23T09:57:43","slug":"2021-el-ano-de-la-empleabilidad","status":"publish","type":"post","link":"https:\/\/www.isdi.education\/es\/blog\/2021-el-ano-de-la-empleabilidad","title":{"rendered":"2021, el a\u00f1o de la empleabilidad"},"content":{"rendered":"<div id=\"07M-wysiwyg-1\" class=\"07M-wysiwyg anchor--link \" data-anchor-content>\n<section class=\"wysiwyg mb-xl\">\n<div class=\"wrapper wrapper--small\">\n<p class=\"t-small mb-xs\">\n<div class=\"wysiwyg__content\">\n<div>\n<p dir=\"ltr\">El 2021 ser\u00e1 el a\u00f1o de la empleabilidad. Millones de espa\u00f1oles y europeos van a necesitar reinventar su carrera profesional, adapt\u00e1ndola a la s\u00faper digitalizaci\u00f3n que se est\u00e1 produciendo desde hace a\u00f1os y muy especialmente a consecuencia de la pandemia por Covid-19 -la econom\u00eda digital representa ya un 19% del PIB en Espa\u00f1a-. Que vienen curvas en la econom\u00eda no es un secreto para nadie, de hecho a comienzos de noviembre Bruselas ha agudizado a\u00fan m\u00e1s la previsi\u00f3n de la ca\u00edda del PIB espa\u00f1ol (no todo son malas noticias: Gentiloni, comisario de Econom\u00eda de la zona Euro, ha asegurado que en 2021 y 2022 el crecimiento de Espa\u00f1a estar\u00e1 \u00abpor encima de la media\u00bb europea).En todo caso, vamos a ayudarte a sortear los obst\u00e1culos que est\u00e1n por venir. Y para ello, la formaci\u00f3n en conocimientos y habilidades digitales va a ser esencial a la hora de mejorar tu empleabilidad, es decir, esa suma de tangibles e intangibles que provocar\u00e1n que el departamento de RRHH de una empresa se decida por tu candidatura o, directamente, que escales posiciones en tu empresa o mejores tu carrera laboral.<\/p>\n<h3 dir=\"ltr\">Consigue tu primer empleo con ISDI<\/h3>\n<p dir=\"ltr\">A fin de cuentas, necesitas un CV que demuestre que te has transformado acorde a los nuevos tiempos. Tu futuro empleador ha de comprender que posees una visi\u00f3n y comprensi\u00f3n del ecosistema digital adecuada para los objetivos de la empresa, la cual est\u00e1 igualmente inmersa en un complejo proceso de transformaci\u00f3n digital para su propia supervivencia.\u00a0<\/p>\n<p dir=\"ltr\">Y para ello, desde ISDI vamos a impulsar tu candidatura, ayud\u00e1ndote a conseguir tu primer empleo en empresas l\u00edderes, despertando tu inter\u00e9s profesional en nuevas \u00e1reas, descubriendo qu\u00e9 profesional quieres realmente ser y en qu\u00e9 tipo de empresas. Spoiler: si est\u00e1n en un estado avanzado de digitalizaci\u00f3n, la posibilidad de \u00e9xito ser\u00e1 mucho mayor.\u00a0<\/p>\n<h3 dir=\"ltr\"><strong>\u00bfEn qu\u00e9 se concreta en los masters de ISDI?\u00a0<\/strong><\/h3>\n<p>Para bajarlo a la tierra, ISDI ha dise\u00f1ado todos sus programas formativos en clave de empleabilidad. De primeras, por su ejecuci\u00f3n eminentemente pr\u00e1ctica, todos los masters y cursos que se imparten en la escuela trabajan con la materia prima que los alumnos encontrar\u00e1n despu\u00e9s en el mercado laboral: la realidad. Una experiencia educativa que les permite conseguir una visi\u00f3n 360\u00ba de la nueva econom\u00eda digital mientras adquieren las habilidades que luego les pedir\u00e9n las empresas en sus ofertas.\u00a0<\/p>\n<h3><strong>\u00a1Match entre empresas y alumnos!<\/strong><\/h3>\n<p>Directamente, masters como el Digital MBA ayudan a sus alumnos -fundamentalmente j\u00f3venes que desean impulsar su carrera profesional o conseguir su primer empleo en una empresa puntera en el entorno digital- a mejorar su empleabilidad con diferentes eventos que les acercan a compa\u00f1\u00edas como Vodafone, Accenture, MAPFRE, L\u2019Oreal o WPP.<\/p>\n<p dir=\"ltr\">B\u00e1sicamente, se trata de conseguir un match entre la necesidad de la empresa y las capacidades que obtienen los alumnos en el m\u00e1ster. El funcionamiento es el siguiente:<\/p>\n<ul>\n<li dir=\"ltr\">\n<p dir=\"ltr\"><strong>Employer Branding Day. <\/strong>En este evento, las empresas presentan a los alumnos las \u00e1reas y proyectos de la compa\u00f1\u00eda en los que digital cobra una especial\u00a0relevancia y en los que van a necesitar talento procedente del Digital MBA.<\/p>\n<\/li>\n<li dir=\"ltr\">\n<p dir=\"ltr\"><strong>Scouting Day. <\/strong>Es el momento del pitching del alumno. En un Elevator Pitch de cinco minutos, los estudiantes del DMBA tendr\u00e1n que presentar su candidatura ante la empresa. Sus fortalezas principalmente, su capacidad de aportar a la empresa en diferentes \u00e1reas y proyectos gracias a sus recientes habilidades y conocimientos adquiridos.\u00a0<\/p>\n<\/li>\n<li dir=\"ltr\">\n<p dir=\"ltr\"><strong>Interviewing Day. <\/strong>Por \u00faltimo, es el momento de la cita. \u00bfHabr\u00e1 feeling? Al estilo de los Speed Dates, empresa y alumno se conocen en un evento lleno de dinamismo y posibilidades para ambas partes. Si se produce el match, se produce la empleabilidad.\u00a0<\/p>\n<\/li>\n<\/ul>\n<p>Una raz\u00f3n m\u00e1s por la que los masters de ISDI punt\u00faan alto en \u00edndices de empleabilidad, sin duda la clave del entorno profesional en a\u00f1os venideros, principalmente en el segmento joven.<\/p>\n<p>\u00a0<\/p><\/div>\n<\/p><\/div>\n<\/p><\/div>\n<\/section><\/div>\n","protected":false},"excerpt":{"rendered":"<p>Readaptarse a la nueva normalidad digital, clave para millones de perfiles que buscan mejorar su empleabilidad. Para ayudarles en sus objetivos, ISDI y EADA suman fuerzas con una formaci\u00f3n dise\u00f1ada sobre dos ejes clave para buscar empleo: liderazgo y negocio digital.<\/p>\n","protected":false},"author":23,"featured_media":14187,"comment_status":"open","ping_status":"closed","sticky":false,"template":"","format":"standard","meta":{"_acf_changed":false,"footnotes":""},"categories":[1],"tags":[],"class_list":["post-14188","post","type-post","status-publish","format-standard","has-post-thumbnail","hentry","category-noticias-isdi"],"acf":{"photo_gallery":{"galeria":[[]]}},"yoast_head":"<!-- This site is optimized with the Yoast SEO plugin v27.4 - https:\/\/yoast.com\/product\/yoast-seo-wordpress\/ -->\n<title>2021, el a\u00f1o de la empleabilidad - ISDI Espa\u00f1a<\/title>\n<meta name=\"description\" content=\"El 2021 ser\u00e1 el a\u00f1o de la empleabilidad. Millones de espa\u00f1oles y europeos van a tener que reinventar su carrera profesional, adapt\u00e1ndola a la digitalizaci\u00f3n.\" \/>\n<meta name=\"robots\" content=\"index, follow, max-snippet:-1, max-image-preview:large, max-video-preview:-1\" \/>\n<link rel=\"canonical\" href=\"https:\/\/www.isdi.education\/es\/blog\/2021-el-ano-de-la-empleabilidad\" \/>\n<meta property=\"og:locale\" content=\"es_ES\" \/>\n<meta property=\"og:type\" content=\"article\" \/>\n<meta property=\"og:title\" content=\"2021, el a\u00f1o de la empleabilidad - ISDI Espa\u00f1a\" \/>\n<meta property=\"og:description\" content=\"El 2021 ser\u00e1 el a\u00f1o de la empleabilidad. Millones de espa\u00f1oles y europeos van a tener que reinventar su carrera profesional, adapt\u00e1ndola a la digitalizaci\u00f3n.\" \/>\n<meta property=\"og:url\" content=\"https:\/\/www.isdi.education\/es\/blog\/2021-el-ano-de-la-empleabilidad\" \/>\n<meta property=\"og:site_name\" content=\"ISDI Espa\u00f1a\" \/>\n<meta property=\"article:publisher\" content=\"https:\/\/www.facebook.com\/isdi.education\" \/>\n<meta property=\"article:published_time\" content=\"2020-11-10T00:00:00+00:00\" \/>\n<meta property=\"article:modified_time\" content=\"2024-04-23T09:57:43+00:00\" \/>\n<meta property=\"og:image\" content=\"https:\/\/www.isdi.education\/es\/wp-content\/uploads\/2024\/03\/610-2021_empleabilidad.jpg\" \/>\n\t<meta property=\"og:image:width\" content=\"600\" \/>\n\t<meta property=\"og:image:height\" content=\"400\" \/>\n\t<meta property=\"og:image:type\" content=\"image\/jpeg\" \/>\n<meta name=\"author\" content=\"infofuturo\" \/>\n<meta name=\"twitter:card\" content=\"summary_large_image\" \/>\n<meta name=\"twitter:label1\" content=\"Escrito por\" \/>\n\t<meta name=\"twitter:data1\" content=\"infofuturo\" \/>\n\t<meta name=\"twitter:label2\" content=\"Tiempo de lectura\" \/>\n\t<meta name=\"twitter:data2\" content=\"3 minutos\" \/>\n<script type=\"application\/ld+json\" class=\"yoast-schema-graph\">{\"@context\":\"https:\\\/\\\/schema.org\",\"@graph\":[{\"@type\":\"Article\",\"@id\":\"https:\\\/\\\/www.isdi.education\\\/es\\\/blog\\\/2021-el-ano-de-la-empleabilidad#article\",\"isPartOf\":{\"@id\":\"https:\\\/\\\/www.isdi.education\\\/es\\\/blog\\\/2021-el-ano-de-la-empleabilidad\"},\"author\":{\"name\":\"infofuturo\",\"@id\":\"https:\\\/\\\/www.isdi.education\\\/es\\\/#\\\/schema\\\/person\\\/9f30c33eda685abbcfaabf1e7b9e9f76\"},\"headline\":\"2021, el a\u00f1o de la empleabilidad\",\"datePublished\":\"2020-11-10T00:00:00+00:00\",\"dateModified\":\"2024-04-23T09:57:43+00:00\",\"mainEntityOfPage\":{\"@id\":\"https:\\\/\\\/www.isdi.education\\\/es\\\/blog\\\/2021-el-ano-de-la-empleabilidad\"},\"wordCount\":684,\"commentCount\":0,\"publisher\":{\"@id\":\"https:\\\/\\\/www.isdi.education\\\/es\\\/#organization\"},\"image\":{\"@id\":\"https:\\\/\\\/www.isdi.education\\\/es\\\/blog\\\/2021-el-ano-de-la-empleabilidad#primaryimage\"},\"thumbnailUrl\":\"https:\\\/\\\/www.isdi.education\\\/es\\\/wp-content\\\/uploads\\\/2024\\\/03\\\/610-2021_empleabilidad.jpg\",\"articleSection\":[\"Noticias ISDI\"],\"inLanguage\":\"es\",\"potentialAction\":[{\"@type\":\"CommentAction\",\"name\":\"Comment\",\"target\":[\"https:\\\/\\\/www.isdi.education\\\/es\\\/blog\\\/2021-el-ano-de-la-empleabilidad#respond\"]}]},{\"@type\":\"WebPage\",\"@id\":\"https:\\\/\\\/www.isdi.education\\\/es\\\/blog\\\/2021-el-ano-de-la-empleabilidad\",\"url\":\"https:\\\/\\\/www.isdi.education\\\/es\\\/blog\\\/2021-el-ano-de-la-empleabilidad\",\"name\":\"2021, el a\u00f1o de la empleabilidad - ISDI Espa\u00f1a\",\"isPartOf\":{\"@id\":\"https:\\\/\\\/www.isdi.education\\\/es\\\/#website\"},\"primaryImageOfPage\":{\"@id\":\"https:\\\/\\\/www.isdi.education\\\/es\\\/blog\\\/2021-el-ano-de-la-empleabilidad#primaryimage\"},\"image\":{\"@id\":\"https:\\\/\\\/www.isdi.education\\\/es\\\/blog\\\/2021-el-ano-de-la-empleabilidad#primaryimage\"},\"thumbnailUrl\":\"https:\\\/\\\/www.isdi.education\\\/es\\\/wp-content\\\/uploads\\\/2024\\\/03\\\/610-2021_empleabilidad.jpg\",\"datePublished\":\"2020-11-10T00:00:00+00:00\",\"dateModified\":\"2024-04-23T09:57:43+00:00\",\"description\":\"El 2021 ser\u00e1 el a\u00f1o de la empleabilidad. Millones de espa\u00f1oles y europeos van a tener que reinventar su carrera profesional, adapt\u00e1ndola a la digitalizaci\u00f3n.\",\"breadcrumb\":{\"@id\":\"https:\\\/\\\/www.isdi.education\\\/es\\\/blog\\\/2021-el-ano-de-la-empleabilidad#breadcrumb\"},\"inLanguage\":\"es\",\"potentialAction\":[{\"@type\":\"ReadAction\",\"target\":[\"https:\\\/\\\/www.isdi.education\\\/es\\\/blog\\\/2021-el-ano-de-la-empleabilidad\"]}]},{\"@type\":\"ImageObject\",\"inLanguage\":\"es\",\"@id\":\"https:\\\/\\\/www.isdi.education\\\/es\\\/blog\\\/2021-el-ano-de-la-empleabilidad#primaryimage\",\"url\":\"https:\\\/\\\/www.isdi.education\\\/es\\\/wp-content\\\/uploads\\\/2024\\\/03\\\/610-2021_empleabilidad.jpg\",\"contentUrl\":\"https:\\\/\\\/www.isdi.education\\\/es\\\/wp-content\\\/uploads\\\/2024\\\/03\\\/610-2021_empleabilidad.jpg\",\"width\":600,\"height\":400,\"caption\":\"2021, el a\u00f1o de la empleabilidad\"},{\"@type\":\"BreadcrumbList\",\"@id\":\"https:\\\/\\\/www.isdi.education\\\/es\\\/blog\\\/2021-el-ano-de-la-empleabilidad#breadcrumb\",\"itemListElement\":[{\"@type\":\"ListItem\",\"position\":1,\"name\":\"Inicio\",\"item\":\"https:\\\/\\\/www.isdi.education\\\/es\\\/\"},{\"@type\":\"ListItem\",\"position\":2,\"name\":\"2021, el a\u00f1o de la empleabilidad\"}]},{\"@type\":\"WebSite\",\"@id\":\"https:\\\/\\\/www.isdi.education\\\/es\\\/#website\",\"url\":\"https:\\\/\\\/www.isdi.education\\\/es\\\/\",\"name\":\"ISDI Espa\u00f1a | La Escuela de Negocios de la Era Digital\",\"description\":\"Descubre la formaci\u00f3n que te abrir\u00e1 las puertas a la era digital. Entra a formar parte de la primera escuela de negocios y direcci\u00f3n nativa digital.\",\"publisher\":{\"@id\":\"https:\\\/\\\/www.isdi.education\\\/es\\\/#organization\"},\"inLanguage\":\"es\"},{\"@type\":\"Organization\",\"@id\":\"https:\\\/\\\/www.isdi.education\\\/es\\\/#organization\",\"name\":\"ISDI Espa\u00f1a | La Escuela de Negocios de la Era Digital\",\"url\":\"https:\\\/\\\/www.isdi.education\\\/es\\\/\",\"logo\":{\"@type\":\"ImageObject\",\"inLanguage\":\"es\",\"@id\":\"https:\\\/\\\/www.isdi.education\\\/es\\\/#\\\/schema\\\/logo\\\/image\\\/\",\"url\":\"https:\\\/\\\/www.isdi.education\\\/es\\\/wp-content\\\/uploads\\\/2024\\\/02\\\/cropped-Favicon.png\",\"contentUrl\":\"https:\\\/\\\/www.isdi.education\\\/es\\\/wp-content\\\/uploads\\\/2024\\\/02\\\/cropped-Favicon.png\",\"width\":512,\"height\":512,\"caption\":\"ISDI Espa\u00f1a | La Escuela de Negocios de la Era Digital\"},\"image\":{\"@id\":\"https:\\\/\\\/www.isdi.education\\\/es\\\/#\\\/schema\\\/logo\\\/image\\\/\"},\"sameAs\":[\"https:\\\/\\\/www.facebook.com\\\/isdi.education\",\"https:\\\/\\\/www.linkedin.com\\\/school\\\/isdi\\\/?originalSubdomain=es\",\"https:\\\/\\\/www.instagram.com\\\/isdi_edu\\\/?hl=es\",\"https:\\\/\\\/www.tiktok.com\\\/@isdi_edu\",\"https:\\\/\\\/www.youtube.com\\\/user\\\/ISDItv\"]},{\"@type\":\"Person\",\"@id\":\"https:\\\/\\\/www.isdi.education\\\/es\\\/#\\\/schema\\\/person\\\/9f30c33eda685abbcfaabf1e7b9e9f76\",\"name\":\"infofuturo\",\"image\":{\"@type\":\"ImageObject\",\"inLanguage\":\"es\",\"@id\":\"https:\\\/\\\/www.isdi.education\\\/es\\\/wp-content\\\/litespeed\\\/avatar\\\/1\\\/06e1ec358746bcb8bb25471d95ddc6aa.jpg?ver=1777453142\",\"url\":\"https:\\\/\\\/www.isdi.education\\\/es\\\/wp-content\\\/litespeed\\\/avatar\\\/1\\\/06e1ec358746bcb8bb25471d95ddc6aa.jpg?ver=1777453142\",\"contentUrl\":\"https:\\\/\\\/www.isdi.education\\\/es\\\/wp-content\\\/litespeed\\\/avatar\\\/1\\\/06e1ec358746bcb8bb25471d95ddc6aa.jpg?ver=1777453142\",\"caption\":\"infofuturo\"},\"url\":\"https:\\\/\\\/www.isdi.education\\\/es\\\/author\\\/infofuturo\"}]}<\/script>\n<!-- \/ Yoast SEO plugin. -->","yoast_head_json":{"title":"2021, el a\u00f1o de la empleabilidad - ISDI Espa\u00f1a","description":"El 2021 ser\u00e1 el a\u00f1o de la empleabilidad. Millones de espa\u00f1oles y europeos van a tener que reinventar su carrera profesional, adapt\u00e1ndola a la digitalizaci\u00f3n.","robots":{"index":"index","follow":"follow","max-snippet":"max-snippet:-1","max-image-preview":"max-image-preview:large","max-video-preview":"max-video-preview:-1"},"canonical":"https:\/\/www.isdi.education\/es\/blog\/2021-el-ano-de-la-empleabilidad","og_locale":"es_ES","og_type":"article","og_title":"2021, el a\u00f1o de la empleabilidad - ISDI Espa\u00f1a","og_description":"El 2021 ser\u00e1 el a\u00f1o de la empleabilidad. Millones de espa\u00f1oles y europeos van a tener que reinventar su carrera profesional, adapt\u00e1ndola a la digitalizaci\u00f3n.","og_url":"https:\/\/www.isdi.education\/es\/blog\/2021-el-ano-de-la-empleabilidad","og_site_name":"ISDI Espa\u00f1a","article_publisher":"https:\/\/www.facebook.com\/isdi.education","article_published_time":"2020-11-10T00:00:00+00:00","article_modified_time":"2024-04-23T09:57:43+00:00","og_image":[{"width":600,"height":400,"url":"https:\/\/www.isdi.education\/es\/wp-content\/uploads\/2024\/03\/610-2021_empleabilidad.jpg","type":"image\/jpeg"}],"author":"infofuturo","twitter_card":"summary_large_image","twitter_misc":{"Escrito por":"infofuturo","Tiempo de lectura":"3 minutos"},"schema":{"@context":"https:\/\/schema.org","@graph":[{"@type":"Article","@id":"https:\/\/www.isdi.education\/es\/blog\/2021-el-ano-de-la-empleabilidad#article","isPartOf":{"@id":"https:\/\/www.isdi.education\/es\/blog\/2021-el-ano-de-la-empleabilidad"},"author":{"name":"infofuturo","@id":"https:\/\/www.isdi.education\/es\/#\/schema\/person\/9f30c33eda685abbcfaabf1e7b9e9f76"},"headline":"2021, el a\u00f1o de la empleabilidad","datePublished":"2020-11-10T00:00:00+00:00","dateModified":"2024-04-23T09:57:43+00:00","mainEntityOfPage":{"@id":"https:\/\/www.isdi.education\/es\/blog\/2021-el-ano-de-la-empleabilidad"},"wordCount":684,"commentCount":0,"publisher":{"@id":"https:\/\/www.isdi.education\/es\/#organization"},"image":{"@id":"https:\/\/www.isdi.education\/es\/blog\/2021-el-ano-de-la-empleabilidad#primaryimage"},"thumbnailUrl":"https:\/\/www.isdi.education\/es\/wp-content\/uploads\/2024\/03\/610-2021_empleabilidad.jpg","articleSection":["Noticias ISDI"],"inLanguage":"es","potentialAction":[{"@type":"CommentAction","name":"Comment","target":["https:\/\/www.isdi.education\/es\/blog\/2021-el-ano-de-la-empleabilidad#respond"]}]},{"@type":"WebPage","@id":"https:\/\/www.isdi.education\/es\/blog\/2021-el-ano-de-la-empleabilidad","url":"https:\/\/www.isdi.education\/es\/blog\/2021-el-ano-de-la-empleabilidad","name":"2021, el a\u00f1o de la empleabilidad - ISDI Espa\u00f1a","isPartOf":{"@id":"https:\/\/www.isdi.education\/es\/#website"},"primaryImageOfPage":{"@id":"https:\/\/www.isdi.education\/es\/blog\/2021-el-ano-de-la-empleabilidad#primaryimage"},"image":{"@id":"https:\/\/www.isdi.education\/es\/blog\/2021-el-ano-de-la-empleabilidad#primaryimage"},"thumbnailUrl":"https:\/\/www.isdi.education\/es\/wp-content\/uploads\/2024\/03\/610-2021_empleabilidad.jpg","datePublished":"2020-11-10T00:00:00+00:00","dateModified":"2024-04-23T09:57:43+00:00","description":"El 2021 ser\u00e1 el a\u00f1o de la empleabilidad. Millones de espa\u00f1oles y europeos van a tener que reinventar su carrera profesional, adapt\u00e1ndola a la digitalizaci\u00f3n.","breadcrumb":{"@id":"https:\/\/www.isdi.education\/es\/blog\/2021-el-ano-de-la-empleabilidad#breadcrumb"},"inLanguage":"es","potentialAction":[{"@type":"ReadAction","target":["https:\/\/www.isdi.education\/es\/blog\/2021-el-ano-de-la-empleabilidad"]}]},{"@type":"ImageObject","inLanguage":"es","@id":"https:\/\/www.isdi.education\/es\/blog\/2021-el-ano-de-la-empleabilidad#primaryimage","url":"https:\/\/www.isdi.education\/es\/wp-content\/uploads\/2024\/03\/610-2021_empleabilidad.jpg","contentUrl":"https:\/\/www.isdi.education\/es\/wp-content\/uploads\/2024\/03\/610-2021_empleabilidad.jpg","width":600,"height":400,"caption":"2021, el a\u00f1o de la empleabilidad"},{"@type":"BreadcrumbList","@id":"https:\/\/www.isdi.education\/es\/blog\/2021-el-ano-de-la-empleabilidad#breadcrumb","itemListElement":[{"@type":"ListItem","position":1,"name":"Inicio","item":"https:\/\/www.isdi.education\/es\/"},{"@type":"ListItem","position":2,"name":"2021, el a\u00f1o de la empleabilidad"}]},{"@type":"WebSite","@id":"https:\/\/www.isdi.education\/es\/#website","url":"https:\/\/www.isdi.education\/es\/","name":"ISDI Espa\u00f1a | La Escuela de Negocios de la Era Digital","description":"Descubre la formaci\u00f3n que te abrir\u00e1 las puertas a la era digital. Entra a formar parte de la primera escuela de negocios y direcci\u00f3n nativa digital.","publisher":{"@id":"https:\/\/www.isdi.education\/es\/#organization"},"inLanguage":"es"},{"@type":"Organization","@id":"https:\/\/www.isdi.education\/es\/#organization","name":"ISDI Espa\u00f1a | La Escuela de Negocios de la Era Digital","url":"https:\/\/www.isdi.education\/es\/","logo":{"@type":"ImageObject","inLanguage":"es","@id":"https:\/\/www.isdi.education\/es\/#\/schema\/logo\/image\/","url":"https:\/\/www.isdi.education\/es\/wp-content\/uploads\/2024\/02\/cropped-Favicon.png","contentUrl":"https:\/\/www.isdi.education\/es\/wp-content\/uploads\/2024\/02\/cropped-Favicon.png","width":512,"height":512,"caption":"ISDI Espa\u00f1a | La Escuela de Negocios de la Era Digital"},"image":{"@id":"https:\/\/www.isdi.education\/es\/#\/schema\/logo\/image\/"},"sameAs":["https:\/\/www.facebook.com\/isdi.education","https:\/\/www.linkedin.com\/school\/isdi\/?originalSubdomain=es","https:\/\/www.instagram.com\/isdi_edu\/?hl=es","https:\/\/www.tiktok.com\/@isdi_edu","https:\/\/www.youtube.com\/user\/ISDItv"]},{"@type":"Person","@id":"https:\/\/www.isdi.education\/es\/#\/schema\/person\/9f30c33eda685abbcfaabf1e7b9e9f76","name":"infofuturo","image":{"@type":"ImageObject","inLanguage":"es","@id":"https:\/\/www.isdi.education\/es\/wp-content\/litespeed\/avatar\/1\/06e1ec358746bcb8bb25471d95ddc6aa.jpg?ver=1777453142","url":"https:\/\/www.isdi.education\/es\/wp-content\/litespeed\/avatar\/1\/06e1ec358746bcb8bb25471d95ddc6aa.jpg?ver=1777453142","contentUrl":"https:\/\/www.isdi.education\/es\/wp-content\/litespeed\/avatar\/1\/06e1ec358746bcb8bb25471d95ddc6aa.jpg?ver=1777453142","caption":"infofuturo"},"url":"https:\/\/www.isdi.education\/es\/author\/infofuturo"}]}},"_links":{"self":[{"href":"https:\/\/www.isdi.education\/es\/wp-json\/wp\/v2\/posts\/14188","targetHints":{"allow":["GET"]}}],"collection":[{"href":"https:\/\/www.isdi.education\/es\/wp-json\/wp\/v2\/posts"}],"about":[{"href":"https:\/\/www.isdi.education\/es\/wp-json\/wp\/v2\/types\/post"}],"author":[{"embeddable":true,"href":"https:\/\/www.isdi.education\/es\/wp-json\/wp\/v2\/users\/23"}],"replies":[{"embeddable":true,"href":"https:\/\/www.isdi.education\/es\/wp-json\/wp\/v2\/comments?post=14188"}],"version-history":[{"count":0,"href":"https:\/\/www.isdi.education\/es\/wp-json\/wp\/v2\/posts\/14188\/revisions"}],"wp:featuredmedia":[{"embeddable":true,"href":"https:\/\/www.isdi.education\/es\/wp-json\/wp\/v2\/media\/14187"}],"wp:attachment":[{"href":"https:\/\/www.isdi.education\/es\/wp-json\/wp\/v2\/media?parent=14188"}],"wp:term":[{"taxonomy":"category","embeddable":true,"href":"https:\/\/www.isdi.education\/es\/wp-json\/wp\/v2\/categories?post=14188"},{"taxonomy":"post_tag","embeddable":true,"href":"https:\/\/www.isdi.education\/es\/wp-json\/wp\/v2\/tags?post=14188"}],"curies":[{"name":"wp","href":"https:\/\/api.w.org\/{rel}","templated":true}]}}