{"id":14110,"date":"2023-04-25T00:00:00","date_gmt":"2023-04-25T00:00:00","guid":{"rendered":"https:\/\/www.isdi.education\/es\/emprendimiento-salta-del-escalon-del-fracaso-al-del-exito\/"},"modified":"2024-04-29T13:31:25","modified_gmt":"2024-04-29T13:31:25","slug":"emprendimiento-salta-del-escalon-del-fracaso-al-del-exito","status":"publish","type":"post","link":"https:\/\/www.isdi.education\/es\/blog\/emprendimiento-salta-del-escalon-del-fracaso-al-del-exito","title":{"rendered":"Emprendimiento: salta del escal\u00f3n del fracaso al del \u00e9xito"},"content":{"rendered":"<div id=\"07M-wysiwyg-1\" class=\"07M-wysiwyg anchor--link \" data-anchor-content=\"\">\n<section class=\"wysiwyg mb-xl\">\n<div class=\"wrapper wrapper--small\">\n<div class=\"wysiwyg__content\">\n<div>\n<p style=\"text-align: justify;\">Seg\u00fan un estudio del <i>Journal of Empirical Entrepreneurship,<\/i> 8 de cada 10 startups fracasan en los 3 primeros a\u00f1os de vida o, lo que es lo mismo, en la fase de concepci\u00f3n. En muchas ocasiones no prosperan porque son demasiado arriesgadas y\/o experimentales y el mercado a\u00fan no est\u00e1 listo, otras porque su potencial de crecimiento no es el esperado o incluso porque no se trata de una innovaci\u00f3n escalable. Las razones pueden ser innumerables, aunque la m\u00e1s frecuente es la falta de demanda del producto o del servicio; es decir, <strong>la falta de validaci\u00f3n del mercado<\/strong>.<\/p>\n<h2 style=\"text-align: justify;\">\u00bfTe hab\u00edas parado a pensar en ello?<\/h2>\n<p style=\"text-align: justify;\">Que tus amigos o familia piensen que es una buena idea no significa realmente que lo sea. Por eso, en la aceleradora de ISDI, <a href=\"https:\/\/accelerator.isdi.education\/\" target=\"_self\" rel=\"noopener\"><strong><u>ISDI Accelerator<\/u><\/strong><\/a>, y gracias a sus proyectos de incubaci\u00f3n, aceleraci\u00f3n y coordinaci\u00f3n con mentores, <strong>llevan los \u00faltimos 9 a\u00f1os ayudando a que miles de startups encuentren su camino al \u00e9xito<\/strong>.<\/p>\n<h2 style=\"text-align: justify;\">\u00bfQu\u00e9 es lo que necesita tu proyecto?<\/h2>\n<p style=\"text-align: justify;\"><a href=\"https:\/\/www.isdi.education\/es\/blog\/como-emprender-en-la-era-digital\" target=\"_self\" rel=\"noopener\">Emprender<\/a> es un largo y tortuoso camino. Y no es una frase po\u00e9tica, es la descripci\u00f3n m\u00e1s gr\u00e1fica que se nos ocurre para explicar este proceso. Avanzar\u00e1s, retroceder\u00e1s, volver\u00e1s al comienzo, pivotar\u00e1s, cambiar\u00e1s de concepto\u2026 Pero <strong>esa flexibilidad, esa capacidad de adaptaci\u00f3n ser\u00e1 la que definir\u00e1 en gran medida el \u00e9xito de tu startup<\/strong>.<\/p>\n<p style=\"text-align: justify;\">En funci\u00f3n de la fase de desarrollo en la que te encuentres deber\u00e1s rodearte de uno u otro tipo de expertos.<\/p>\n<p><img fetchpriority=\"high\" decoding=\"async\" class=\"alignnone size-full wp-image-22380\" src=\"https:\/\/www.isdi.education\/es\/wp-content\/uploads\/2023\/04\/1930-emprendimientoII.webp\" alt=\"incubadora de startups ISDI\" width=\"1050\" height=\"450\" srcset=\"https:\/\/www.isdi.education\/es\/wp-content\/uploads\/2023\/04\/1930-emprendimientoII.webp 1050w, https:\/\/www.isdi.education\/es\/wp-content\/uploads\/2023\/04\/1930-emprendimientoII-300x129.webp 300w, https:\/\/www.isdi.education\/es\/wp-content\/uploads\/2023\/04\/1930-emprendimientoII-1024x439.webp 1024w, https:\/\/www.isdi.education\/es\/wp-content\/uploads\/2023\/04\/1930-emprendimientoII-768x329.webp 768w\" sizes=\"(max-width: 1050px) 100vw, 1050px\" \/><\/p>\n<h2>Incubadora de Startups<\/h2>\n<p>Tienes una idea y un posible plan de negocio inicial. Has comenzado a valorar su viabilidad con tus conocidos, pero necesitas dar un paso m\u00e1s all\u00e1. Est\u00e1s en la fase\u00a0<i><strong>pre-semilla<\/strong><\/i><strong>\u00a0o\u00a0<\/strong><i><strong>pre-seed<\/strong><\/i>, una etapa fundamental y, quiz\u00e1s, una de las menos comentadas en todo el argumentario del emprendimiento, pero a la que deber\u00edas de dedicar el mayor tiempo y esfuerzo.<\/p>\n<p>Algunos procesos de incubaci\u00f3n llegan a necesitar hasta 1 a\u00f1o, el objetivo en este tiempo es construir los mejores cimientos para tu startup, validar bien la idea, encontrar la mejor estrategia de producto, desarrollar un MVP (M\u00ednimo Producto Viable) o crear un prototipo y planificar el plan de negocio y crecimiento que la har\u00e1 viable. En definitiva,\u00a0<strong>llegar preparados a la\u00a0<\/strong><i><strong>fase seed<\/strong><\/i><strong>\u00a0o\u00a0<\/strong><i><strong>semilla<\/strong><\/i><strong>\u00a0con un proyecto s\u00f3lido y estructurado, listo para comenzar a\u00a0<\/strong><i><strong>pitchearlo<\/strong><\/i><strong>\u00a0ante inversores y mercado<\/strong>, como los proyectos desarrollados por los\u00a0<i>alumni<\/i>\u00a0de ISDI a trav\u00e9s de\u00a0<a href=\"https:\/\/accelerator.isdi.education\/isdi-lanza-isdi-start\/\" target=\"_self\" rel=\"noopener\"><u>ISDI Start<\/u><\/a>: un programa de incubaci\u00f3n deslocalizado, con mentores especializados, al que pueden acceder todos los antiguos alumnos de la escuela y su ecosistema.<\/p>\n<h2>Aceleradora de Startups<\/h2>\n<p>Has llegado a este momento con tu MVP bajo el brazo, validado y mejorado con el feedback de posibles inversores y posibles clientes. Est\u00e1s en la\u00a0<i>fase\u00a0<strong>Early-Stage<\/strong><\/i>\u00a0y ahora lo que necesitas es CORRER. Esa es la clave de una aceleradora: ayudarte a que en apenas 3\/6 meses, con la ayuda de los mejores mentores, tengas\u00a0<strong>tu proyecto listo para captar financiaci\u00f3n y entrar en el mercado<\/strong>. A partir de este momento, la b\u00fasqueda de alianzas, la creaci\u00f3n de tu equipo, las estrategias de crecimiento y captaci\u00f3n son m\u00e1s relevantes que nunca. Y que te seleccionen en\u00a0<strong>un buen programa de aceleraci\u00f3n<\/strong>\u00a0puede ser la diferencia que necesites para multiplicar las oportunidades de tu proyecto.<\/p>\n<p>Las siguientes fases de tu negocio:\u00a0<i><strong>Growth<\/strong><\/i><strong>,\u00a0<\/strong><i><strong>Expansion<\/strong><\/i><strong>\u00a0<\/strong>e incluso\u00a0<i><strong>Exit<\/strong><\/i>\u00a0vendr\u00e1n marcadas por la capacidad que tenga tu startup para irrumpir con fuerza y convertirse en un proyecto de alto valor para el mercado.<\/p>\n<h2>\u00bfEstas preparado para emprender?<\/h2>\n<p><strong>\u00bfSab\u00edas que ISDI es la escuela de negocios con mayor \u00edndice de creaci\u00f3n de startups tras cursar sus programas?\u00a0<\/strong>En los \u00faltimos 10 a\u00f1os hemos ayudado en\u00a0<a href=\"https:\/\/www.isdi.education\/es\/blog\/isdi-se-consolida-como-lanzadera-de-startups\" target=\"_self\" rel=\"noopener\"><u>la creaci\u00f3n de m\u00e1s de 450 empresas<\/u><\/a>\u00a0y, la mayor\u00eda de ellas, han pasado por nuestros programas de incubaci\u00f3n o aceleraci\u00f3n.<\/p>\n<p>\u00bfSab\u00edas que\u00a0<strong>ISDI Accelerator es una de las principales aceleradoras europeas\u00a0<\/strong>y que tiene en marcha<strong>\u00a0proyectos de aceleraci\u00f3n con financiaci\u00f3n p\u00fablica y privada\u00a0<\/strong>en sectores tan variados como automoci\u00f3n, EdTech, emprendimiento social o incluso Inteligencia Artificial? Puedes seguir todas sus convocatorias\u00a0<a href=\"https:\/\/accelerator.isdi.education\/news\/\" target=\"_self\" rel=\"noopener\"><u>en su web<\/u><\/a>.<\/p>\n<\/div>\n<\/div>\n<\/div>\n<\/section>\n<\/div>\n","protected":false},"excerpt":{"rendered":"<p>Genial. Tienes una idea, es probable que incluso tengas clar\u00edsimo el nombre y dise\u00f1ado tu primer logo. \u00bfPero de verdad has pensado en todo lo importante para que tu proyecto prospere? Haz check de todo en este art\u00edculo.<\/p>\n","protected":false},"author":23,"featured_media":14109,"comment_status":"open","ping_status":"closed","sticky":true,"template":"","format":"standard","meta":{"_acf_changed":false,"footnotes":""},"categories":[1],"tags":[],"class_list":["post-14110","post","type-post","status-publish","format-standard","has-post-thumbnail","hentry","category-noticias-isdi"],"acf":{"photo_gallery":{"galeria":[[]]}},"yoast_head":"<!-- This site is optimized with the Yoast SEO plugin v27.4 - https:\/\/yoast.com\/product\/yoast-seo-wordpress\/ -->\n<title>Emprendimiento: del fracaso al \u00e9xito<\/title>\n<meta name=\"description\" content=\"\u00bfQuieres emprender? Con la incubadora y aceleradora de ISDI tendr\u00e1s la gu\u00eda y el empuj\u00f3n que necesitas para tu proyecto. Descubre c\u00f3mo podemos ayudarte.\" \/>\n<meta name=\"robots\" content=\"index, follow, max-snippet:-1, max-image-preview:large, max-video-preview:-1\" \/>\n<link rel=\"canonical\" href=\"https:\/\/www.isdi.education\/es\/blog\/emprendimiento-salta-del-escalon-del-fracaso-al-del-exito\" \/>\n<meta property=\"og:locale\" content=\"es_ES\" \/>\n<meta property=\"og:type\" content=\"article\" \/>\n<meta property=\"og:title\" content=\"Emprendimiento: del fracaso al \u00e9xito\" \/>\n<meta property=\"og:description\" content=\"\u00bfQuieres emprender? Con la incubadora y aceleradora de ISDI tendr\u00e1s la gu\u00eda y el empuj\u00f3n que necesitas para tu proyecto. Descubre c\u00f3mo podemos ayudarte.\" \/>\n<meta property=\"og:url\" content=\"https:\/\/www.isdi.education\/es\/blog\/emprendimiento-salta-del-escalon-del-fracaso-al-del-exito\" \/>\n<meta property=\"og:site_name\" content=\"ISDI Espa\u00f1a\" \/>\n<meta property=\"article:publisher\" content=\"https:\/\/www.facebook.com\/isdi.education\" \/>\n<meta property=\"article:published_time\" content=\"2023-04-25T00:00:00+00:00\" \/>\n<meta property=\"article:modified_time\" content=\"2024-04-29T13:31:25+00:00\" \/>\n<meta property=\"og:image\" content=\"https:\/\/www.isdi.education\/es\/wp-content\/uploads\/2024\/03\/1929-blog_emprendimiento.jpg\" \/>\n\t<meta property=\"og:image:width\" content=\"600\" \/>\n\t<meta property=\"og:image:height\" content=\"400\" \/>\n\t<meta property=\"og:image:type\" content=\"image\/jpeg\" \/>\n<meta name=\"author\" content=\"infofuturo\" \/>\n<meta name=\"twitter:card\" content=\"summary_large_image\" \/>\n<meta name=\"twitter:label1\" content=\"Escrito por\" \/>\n\t<meta name=\"twitter:data1\" content=\"infofuturo\" \/>\n\t<meta name=\"twitter:label2\" content=\"Tiempo de lectura\" \/>\n\t<meta name=\"twitter:data2\" content=\"4 minutos\" \/>\n<script type=\"application\/ld+json\" class=\"yoast-schema-graph\">{\"@context\":\"https:\\\/\\\/schema.org\",\"@graph\":[{\"@type\":\"Article\",\"@id\":\"https:\\\/\\\/www.isdi.education\\\/es\\\/blog\\\/emprendimiento-salta-del-escalon-del-fracaso-al-del-exito#article\",\"isPartOf\":{\"@id\":\"https:\\\/\\\/www.isdi.education\\\/es\\\/blog\\\/emprendimiento-salta-del-escalon-del-fracaso-al-del-exito\"},\"author\":{\"name\":\"infofuturo\",\"@id\":\"https:\\\/\\\/www.isdi.education\\\/es\\\/#\\\/schema\\\/person\\\/9f30c33eda685abbcfaabf1e7b9e9f76\"},\"headline\":\"Emprendimiento: salta del escal\u00f3n del fracaso al del \u00e9xito\",\"datePublished\":\"2023-04-25T00:00:00+00:00\",\"dateModified\":\"2024-04-29T13:31:25+00:00\",\"mainEntityOfPage\":{\"@id\":\"https:\\\/\\\/www.isdi.education\\\/es\\\/blog\\\/emprendimiento-salta-del-escalon-del-fracaso-al-del-exito\"},\"wordCount\":729,\"commentCount\":0,\"publisher\":{\"@id\":\"https:\\\/\\\/www.isdi.education\\\/es\\\/#organization\"},\"image\":{\"@id\":\"https:\\\/\\\/www.isdi.education\\\/es\\\/blog\\\/emprendimiento-salta-del-escalon-del-fracaso-al-del-exito#primaryimage\"},\"thumbnailUrl\":\"https:\\\/\\\/www.isdi.education\\\/es\\\/wp-content\\\/uploads\\\/2024\\\/03\\\/1929-blog_emprendimiento.jpg\",\"articleSection\":[\"Noticias ISDI\"],\"inLanguage\":\"es\",\"potentialAction\":[{\"@type\":\"CommentAction\",\"name\":\"Comment\",\"target\":[\"https:\\\/\\\/www.isdi.education\\\/es\\\/blog\\\/emprendimiento-salta-del-escalon-del-fracaso-al-del-exito#respond\"]}]},{\"@type\":\"WebPage\",\"@id\":\"https:\\\/\\\/www.isdi.education\\\/es\\\/blog\\\/emprendimiento-salta-del-escalon-del-fracaso-al-del-exito\",\"url\":\"https:\\\/\\\/www.isdi.education\\\/es\\\/blog\\\/emprendimiento-salta-del-escalon-del-fracaso-al-del-exito\",\"name\":\"Emprendimiento: del fracaso al \u00e9xito\",\"isPartOf\":{\"@id\":\"https:\\\/\\\/www.isdi.education\\\/es\\\/#website\"},\"primaryImageOfPage\":{\"@id\":\"https:\\\/\\\/www.isdi.education\\\/es\\\/blog\\\/emprendimiento-salta-del-escalon-del-fracaso-al-del-exito#primaryimage\"},\"image\":{\"@id\":\"https:\\\/\\\/www.isdi.education\\\/es\\\/blog\\\/emprendimiento-salta-del-escalon-del-fracaso-al-del-exito#primaryimage\"},\"thumbnailUrl\":\"https:\\\/\\\/www.isdi.education\\\/es\\\/wp-content\\\/uploads\\\/2024\\\/03\\\/1929-blog_emprendimiento.jpg\",\"datePublished\":\"2023-04-25T00:00:00+00:00\",\"dateModified\":\"2024-04-29T13:31:25+00:00\",\"description\":\"\u00bfQuieres emprender? Con la incubadora y aceleradora de ISDI tendr\u00e1s la gu\u00eda y el empuj\u00f3n que necesitas para tu proyecto. Descubre c\u00f3mo podemos ayudarte.\",\"breadcrumb\":{\"@id\":\"https:\\\/\\\/www.isdi.education\\\/es\\\/blog\\\/emprendimiento-salta-del-escalon-del-fracaso-al-del-exito#breadcrumb\"},\"inLanguage\":\"es\",\"potentialAction\":[{\"@type\":\"ReadAction\",\"target\":[\"https:\\\/\\\/www.isdi.education\\\/es\\\/blog\\\/emprendimiento-salta-del-escalon-del-fracaso-al-del-exito\"]}]},{\"@type\":\"ImageObject\",\"inLanguage\":\"es\",\"@id\":\"https:\\\/\\\/www.isdi.education\\\/es\\\/blog\\\/emprendimiento-salta-del-escalon-del-fracaso-al-del-exito#primaryimage\",\"url\":\"https:\\\/\\\/www.isdi.education\\\/es\\\/wp-content\\\/uploads\\\/2024\\\/03\\\/1929-blog_emprendimiento.jpg\",\"contentUrl\":\"https:\\\/\\\/www.isdi.education\\\/es\\\/wp-content\\\/uploads\\\/2024\\\/03\\\/1929-blog_emprendimiento.jpg\",\"width\":600,\"height\":400,\"caption\":\"Emprendimiento: salta del escal\u00f3n del fracaso al del \u00e9xito\"},{\"@type\":\"BreadcrumbList\",\"@id\":\"https:\\\/\\\/www.isdi.education\\\/es\\\/blog\\\/emprendimiento-salta-del-escalon-del-fracaso-al-del-exito#breadcrumb\",\"itemListElement\":[{\"@type\":\"ListItem\",\"position\":1,\"name\":\"Inicio\",\"item\":\"https:\\\/\\\/www.isdi.education\\\/es\\\/\"},{\"@type\":\"ListItem\",\"position\":2,\"name\":\"Emprendimiento: salta del escal\u00f3n del fracaso al del \u00e9xito\"}]},{\"@type\":\"WebSite\",\"@id\":\"https:\\\/\\\/www.isdi.education\\\/es\\\/#website\",\"url\":\"https:\\\/\\\/www.isdi.education\\\/es\\\/\",\"name\":\"ISDI Espa\u00f1a | La Escuela de Negocios de la Era Digital\",\"description\":\"Descubre la formaci\u00f3n que te abrir\u00e1 las puertas a la era digital. Entra a formar parte de la primera escuela de negocios y direcci\u00f3n nativa digital.\",\"publisher\":{\"@id\":\"https:\\\/\\\/www.isdi.education\\\/es\\\/#organization\"},\"inLanguage\":\"es\"},{\"@type\":\"Organization\",\"@id\":\"https:\\\/\\\/www.isdi.education\\\/es\\\/#organization\",\"name\":\"ISDI Espa\u00f1a | La Escuela de Negocios de la Era Digital\",\"url\":\"https:\\\/\\\/www.isdi.education\\\/es\\\/\",\"logo\":{\"@type\":\"ImageObject\",\"inLanguage\":\"es\",\"@id\":\"https:\\\/\\\/www.isdi.education\\\/es\\\/#\\\/schema\\\/logo\\\/image\\\/\",\"url\":\"https:\\\/\\\/www.isdi.education\\\/es\\\/wp-content\\\/uploads\\\/2024\\\/02\\\/cropped-Favicon.png\",\"contentUrl\":\"https:\\\/\\\/www.isdi.education\\\/es\\\/wp-content\\\/uploads\\\/2024\\\/02\\\/cropped-Favicon.png\",\"width\":512,\"height\":512,\"caption\":\"ISDI Espa\u00f1a | La Escuela de Negocios de la Era Digital\"},\"image\":{\"@id\":\"https:\\\/\\\/www.isdi.education\\\/es\\\/#\\\/schema\\\/logo\\\/image\\\/\"},\"sameAs\":[\"https:\\\/\\\/www.facebook.com\\\/isdi.education\",\"https:\\\/\\\/www.linkedin.com\\\/school\\\/isdi\\\/?originalSubdomain=es\",\"https:\\\/\\\/www.instagram.com\\\/isdi_edu\\\/?hl=es\",\"https:\\\/\\\/www.tiktok.com\\\/@isdi_edu\",\"https:\\\/\\\/www.youtube.com\\\/user\\\/ISDItv\"]},{\"@type\":\"Person\",\"@id\":\"https:\\\/\\\/www.isdi.education\\\/es\\\/#\\\/schema\\\/person\\\/9f30c33eda685abbcfaabf1e7b9e9f76\",\"name\":\"infofuturo\",\"image\":{\"@type\":\"ImageObject\",\"inLanguage\":\"es\",\"@id\":\"https:\\\/\\\/www.isdi.education\\\/es\\\/wp-content\\\/litespeed\\\/avatar\\\/1\\\/06e1ec358746bcb8bb25471d95ddc6aa.jpg?ver=1777453142\",\"url\":\"https:\\\/\\\/www.isdi.education\\\/es\\\/wp-content\\\/litespeed\\\/avatar\\\/1\\\/06e1ec358746bcb8bb25471d95ddc6aa.jpg?ver=1777453142\",\"contentUrl\":\"https:\\\/\\\/www.isdi.education\\\/es\\\/wp-content\\\/litespeed\\\/avatar\\\/1\\\/06e1ec358746bcb8bb25471d95ddc6aa.jpg?ver=1777453142\",\"caption\":\"infofuturo\"},\"url\":\"https:\\\/\\\/www.isdi.education\\\/es\\\/author\\\/infofuturo\"}]}<\/script>\n<!-- \/ Yoast SEO plugin. -->","yoast_head_json":{"title":"Emprendimiento: del fracaso al \u00e9xito","description":"\u00bfQuieres emprender? Con la incubadora y aceleradora de ISDI tendr\u00e1s la gu\u00eda y el empuj\u00f3n que necesitas para tu proyecto. Descubre c\u00f3mo podemos ayudarte.","robots":{"index":"index","follow":"follow","max-snippet":"max-snippet:-1","max-image-preview":"max-image-preview:large","max-video-preview":"max-video-preview:-1"},"canonical":"https:\/\/www.isdi.education\/es\/blog\/emprendimiento-salta-del-escalon-del-fracaso-al-del-exito","og_locale":"es_ES","og_type":"article","og_title":"Emprendimiento: del fracaso al \u00e9xito","og_description":"\u00bfQuieres emprender? Con la incubadora y aceleradora de ISDI tendr\u00e1s la gu\u00eda y el empuj\u00f3n que necesitas para tu proyecto. Descubre c\u00f3mo podemos ayudarte.","og_url":"https:\/\/www.isdi.education\/es\/blog\/emprendimiento-salta-del-escalon-del-fracaso-al-del-exito","og_site_name":"ISDI Espa\u00f1a","article_publisher":"https:\/\/www.facebook.com\/isdi.education","article_published_time":"2023-04-25T00:00:00+00:00","article_modified_time":"2024-04-29T13:31:25+00:00","og_image":[{"width":600,"height":400,"url":"https:\/\/www.isdi.education\/es\/wp-content\/uploads\/2024\/03\/1929-blog_emprendimiento.jpg","type":"image\/jpeg"}],"author":"infofuturo","twitter_card":"summary_large_image","twitter_misc":{"Escrito por":"infofuturo","Tiempo de lectura":"4 minutos"},"schema":{"@context":"https:\/\/schema.org","@graph":[{"@type":"Article","@id":"https:\/\/www.isdi.education\/es\/blog\/emprendimiento-salta-del-escalon-del-fracaso-al-del-exito#article","isPartOf":{"@id":"https:\/\/www.isdi.education\/es\/blog\/emprendimiento-salta-del-escalon-del-fracaso-al-del-exito"},"author":{"name":"infofuturo","@id":"https:\/\/www.isdi.education\/es\/#\/schema\/person\/9f30c33eda685abbcfaabf1e7b9e9f76"},"headline":"Emprendimiento: salta del escal\u00f3n del fracaso al del \u00e9xito","datePublished":"2023-04-25T00:00:00+00:00","dateModified":"2024-04-29T13:31:25+00:00","mainEntityOfPage":{"@id":"https:\/\/www.isdi.education\/es\/blog\/emprendimiento-salta-del-escalon-del-fracaso-al-del-exito"},"wordCount":729,"commentCount":0,"publisher":{"@id":"https:\/\/www.isdi.education\/es\/#organization"},"image":{"@id":"https:\/\/www.isdi.education\/es\/blog\/emprendimiento-salta-del-escalon-del-fracaso-al-del-exito#primaryimage"},"thumbnailUrl":"https:\/\/www.isdi.education\/es\/wp-content\/uploads\/2024\/03\/1929-blog_emprendimiento.jpg","articleSection":["Noticias ISDI"],"inLanguage":"es","potentialAction":[{"@type":"CommentAction","name":"Comment","target":["https:\/\/www.isdi.education\/es\/blog\/emprendimiento-salta-del-escalon-del-fracaso-al-del-exito#respond"]}]},{"@type":"WebPage","@id":"https:\/\/www.isdi.education\/es\/blog\/emprendimiento-salta-del-escalon-del-fracaso-al-del-exito","url":"https:\/\/www.isdi.education\/es\/blog\/emprendimiento-salta-del-escalon-del-fracaso-al-del-exito","name":"Emprendimiento: del fracaso al \u00e9xito","isPartOf":{"@id":"https:\/\/www.isdi.education\/es\/#website"},"primaryImageOfPage":{"@id":"https:\/\/www.isdi.education\/es\/blog\/emprendimiento-salta-del-escalon-del-fracaso-al-del-exito#primaryimage"},"image":{"@id":"https:\/\/www.isdi.education\/es\/blog\/emprendimiento-salta-del-escalon-del-fracaso-al-del-exito#primaryimage"},"thumbnailUrl":"https:\/\/www.isdi.education\/es\/wp-content\/uploads\/2024\/03\/1929-blog_emprendimiento.jpg","datePublished":"2023-04-25T00:00:00+00:00","dateModified":"2024-04-29T13:31:25+00:00","description":"\u00bfQuieres emprender? Con la incubadora y aceleradora de ISDI tendr\u00e1s la gu\u00eda y el empuj\u00f3n que necesitas para tu proyecto. Descubre c\u00f3mo podemos ayudarte.","breadcrumb":{"@id":"https:\/\/www.isdi.education\/es\/blog\/emprendimiento-salta-del-escalon-del-fracaso-al-del-exito#breadcrumb"},"inLanguage":"es","potentialAction":[{"@type":"ReadAction","target":["https:\/\/www.isdi.education\/es\/blog\/emprendimiento-salta-del-escalon-del-fracaso-al-del-exito"]}]},{"@type":"ImageObject","inLanguage":"es","@id":"https:\/\/www.isdi.education\/es\/blog\/emprendimiento-salta-del-escalon-del-fracaso-al-del-exito#primaryimage","url":"https:\/\/www.isdi.education\/es\/wp-content\/uploads\/2024\/03\/1929-blog_emprendimiento.jpg","contentUrl":"https:\/\/www.isdi.education\/es\/wp-content\/uploads\/2024\/03\/1929-blog_emprendimiento.jpg","width":600,"height":400,"caption":"Emprendimiento: salta del escal\u00f3n del fracaso al del \u00e9xito"},{"@type":"BreadcrumbList","@id":"https:\/\/www.isdi.education\/es\/blog\/emprendimiento-salta-del-escalon-del-fracaso-al-del-exito#breadcrumb","itemListElement":[{"@type":"ListItem","position":1,"name":"Inicio","item":"https:\/\/www.isdi.education\/es\/"},{"@type":"ListItem","position":2,"name":"Emprendimiento: salta del escal\u00f3n del fracaso al del \u00e9xito"}]},{"@type":"WebSite","@id":"https:\/\/www.isdi.education\/es\/#website","url":"https:\/\/www.isdi.education\/es\/","name":"ISDI Espa\u00f1a | La Escuela de Negocios de la Era Digital","description":"Descubre la formaci\u00f3n que te abrir\u00e1 las puertas a la era digital. Entra a formar parte de la primera escuela de negocios y direcci\u00f3n nativa digital.","publisher":{"@id":"https:\/\/www.isdi.education\/es\/#organization"},"inLanguage":"es"},{"@type":"Organization","@id":"https:\/\/www.isdi.education\/es\/#organization","name":"ISDI Espa\u00f1a | La Escuela de Negocios de la Era Digital","url":"https:\/\/www.isdi.education\/es\/","logo":{"@type":"ImageObject","inLanguage":"es","@id":"https:\/\/www.isdi.education\/es\/#\/schema\/logo\/image\/","url":"https:\/\/www.isdi.education\/es\/wp-content\/uploads\/2024\/02\/cropped-Favicon.png","contentUrl":"https:\/\/www.isdi.education\/es\/wp-content\/uploads\/2024\/02\/cropped-Favicon.png","width":512,"height":512,"caption":"ISDI Espa\u00f1a | La Escuela de Negocios de la Era Digital"},"image":{"@id":"https:\/\/www.isdi.education\/es\/#\/schema\/logo\/image\/"},"sameAs":["https:\/\/www.facebook.com\/isdi.education","https:\/\/www.linkedin.com\/school\/isdi\/?originalSubdomain=es","https:\/\/www.instagram.com\/isdi_edu\/?hl=es","https:\/\/www.tiktok.com\/@isdi_edu","https:\/\/www.youtube.com\/user\/ISDItv"]},{"@type":"Person","@id":"https:\/\/www.isdi.education\/es\/#\/schema\/person\/9f30c33eda685abbcfaabf1e7b9e9f76","name":"infofuturo","image":{"@type":"ImageObject","inLanguage":"es","@id":"https:\/\/www.isdi.education\/es\/wp-content\/litespeed\/avatar\/1\/06e1ec358746bcb8bb25471d95ddc6aa.jpg?ver=1777453142","url":"https:\/\/www.isdi.education\/es\/wp-content\/litespeed\/avatar\/1\/06e1ec358746bcb8bb25471d95ddc6aa.jpg?ver=1777453142","contentUrl":"https:\/\/www.isdi.education\/es\/wp-content\/litespeed\/avatar\/1\/06e1ec358746bcb8bb25471d95ddc6aa.jpg?ver=1777453142","caption":"infofuturo"},"url":"https:\/\/www.isdi.education\/es\/author\/infofuturo"}]}},"_links":{"self":[{"href":"https:\/\/www.isdi.education\/es\/wp-json\/wp\/v2\/posts\/14110","targetHints":{"allow":["GET"]}}],"collection":[{"href":"https:\/\/www.isdi.education\/es\/wp-json\/wp\/v2\/posts"}],"about":[{"href":"https:\/\/www.isdi.education\/es\/wp-json\/wp\/v2\/types\/post"}],"author":[{"embeddable":true,"href":"https:\/\/www.isdi.education\/es\/wp-json\/wp\/v2\/users\/23"}],"replies":[{"embeddable":true,"href":"https:\/\/www.isdi.education\/es\/wp-json\/wp\/v2\/comments?post=14110"}],"version-history":[{"count":0,"href":"https:\/\/www.isdi.education\/es\/wp-json\/wp\/v2\/posts\/14110\/revisions"}],"wp:featuredmedia":[{"embeddable":true,"href":"https:\/\/www.isdi.education\/es\/wp-json\/wp\/v2\/media\/14109"}],"wp:attachment":[{"href":"https:\/\/www.isdi.education\/es\/wp-json\/wp\/v2\/media?parent=14110"}],"wp:term":[{"taxonomy":"category","embeddable":true,"href":"https:\/\/www.isdi.education\/es\/wp-json\/wp\/v2\/categories?post=14110"},{"taxonomy":"post_tag","embeddable":true,"href":"https:\/\/www.isdi.education\/es\/wp-json\/wp\/v2\/tags?post=14110"}],"curies":[{"name":"wp","href":"https:\/\/api.w.org\/{rel}","templated":true}]}}