{"id":14068,"date":"2021-02-11T00:00:00","date_gmt":"2021-02-11T00:00:00","guid":{"rendered":"https:\/\/www.isdi.education\/es\/data-age\/"},"modified":"2024-04-23T06:25:06","modified_gmt":"2024-04-23T06:25:06","slug":"data-age","status":"publish","type":"post","link":"https:\/\/www.isdi.education\/es\/blog\/data-age","title":{"rendered":"Prepararse para la siguiente etapa de la Edad de los Datos"},"content":{"rendered":"<div id=\"07M-wysiwyg-1\" class=\"07M-wysiwyg anchor--link \" data-anchor-content>\n<section class=\"wysiwyg mb-xl\">\n<div class=\"wrapper wrapper--small\">\n<p class=\"t-small mb-xs\">\n<div class=\"wysiwyg__content\">\n<div>\n<p dir=\"ltr\">Vivimos en la era de los datos. <strong>Todos los d\u00edas se generan (y generamos) miles de datos<\/strong>: desde nuestros tel\u00e9fonos m\u00f3viles, pero tambi\u00e9n desde cada vez m\u00e1s dispositivos conectados a internet que funcionan de forma inteligente.<\/p>\n<p dir=\"ltr\">Esta generaci\u00f3n de informaci\u00f3n se produce en todos los \u00e1mbitos, tanto p\u00fablicos como privados. Tanto personales como profesionales. De hecho, no hay sector de actividad que sea ajeno a esta tendencia: medicina, entretenimiento, transporte, log\u00edstica, agricultura, servicios, ciudades\u2026\u00a0<\/p>\n<p dir=\"ltr\">Con toda esta informaci\u00f3n a nuestro alcance, los diferentes organismos deben poder analizar los datos para poder tomar mejores decisiones. El dato positivo es que\u00a08 de cada 10 empresas reconocen\u00a0en el informe \u201cThe Data Age is here. Are you ready?\u201d que<strong> los datos son \u00abmuy\u00bb o \u00abextremadamente\u00bb valiosos para su organizaci\u00f3n<\/strong>. Sin embargo, pr\u00e1cticamente la mitad tienen miedo de quedarse atr\u00e1s con respecto a sus competidores en la habilidad y destreza para sacar partido de todo este volumen de informaci\u00f3n.<\/p>\n<h3 dir=\"ltr\">Seguir el ritmo<\/h3>\n<p dir=\"ltr\">Esta incapacidad manifiesta de los responsables de negocio se debe, en parte, a que la generaci\u00f3n de informaci\u00f3n tiene una velocidad de crucero mucho m\u00e1s r\u00e1pida de lo que las empresas y organismo son capaces de asimilar.\u00a0<\/p>\n<p dir=\"ltr\">Se calcula que, cada d\u00eda, se env\u00edan 294.000 millones de correos electr\u00f3nicos, 65.000 millones de mensajes en WhatsApp y se realizan 5 mil millones de b\u00fasquedas. Unos n\u00fameros que no dejan de crecer.<\/p>\n<p dir=\"ltr\"><strong>Cuanto m\u00e1s se desarrolla la tecnolog\u00eda, m\u00e1s datos generamos<\/strong>. Algunas de ellas est\u00e1n empezando a asomar t\u00edmidamente en el mercado, por lo que, con la llegada de 5G, se espera que tendencias como el dge Computing o el IoT (Internet de las Cosas) explosione a\u00fan m\u00e1s. As\u00ed pues, la pregunta es \u00bfc\u00f3mo podemos prepararnos, pues, para toda esta avalancha de datos que est\u00e1 por llegar?<\/p>\n<h3 dir=\"ltr\">Los datos no son el enemigo<\/h3>\n<p dir=\"ltr\">En primer lugar, debemos mantener la calma. Los datos, por muy abrumadores que nos puedan resultar, no son nuestro enemigo. M\u00e1s bien al contrario. Bien comprendidos, analizados y gestionados, <strong>pueden ofrecer una gran competitividad y productividad<\/strong>.<\/p>\n<p>Aunque es cierto que todos deber\u00edamos tener una mayor cultura de los datos y, por tanto, profundizar en este tipo de alfabetizaci\u00f3n, no todos debemos convertirnos en unos cient\u00edficos de datos. Es decir; igual que se insiste que todos vamos a tener que saber algo de programaci\u00f3n, lo mismo pasa con los datos. De ah\u00ed a ser unos expertos en la materia va un buen tramo. Y podemos verlo tambi\u00e9n desde el retrovisor: todos hemos tenido que realizar una alfabetizaci\u00f3n digital e ir incorporando nuevas herramientas y tecnolog\u00edas. Si lo hemos sabido hacer en el pasado, con los datos no tiene por qu\u00e9 ser diferente.<\/p>\n<h3 dir=\"ltr\">Datos para todos<\/h3>\n<p dir=\"ltr\">De hecho, <strong>los datos deben ser tratados por todas las personas de una empresa<\/strong>, no solo por su m\u00e1ximo responsable. En definitiva, todos trabajamos con datos y debemos ser capaces de enterndero, aunque sean los ingenieros, arquitectos o administradores de bases de datos los que los traten y preparen.<\/p>\n<p dir=\"ltr\">Para ello es imprescindible tener una pol\u00edtica en la que se permita aprovechar los datos y el an\u00e1lisis en toda la organizaci\u00f3n: ventas, marketing, atenci\u00f3n al cliente, desarrollo de productos\u2026<\/p>\n<p dir=\"ltr\">Un buen ejemplo del tratamiento de datos por parte de toda la empresa es Netflix. Cada d\u00eda, millones de datos sobre los h\u00e1bitos de visualizaci\u00f3n y b\u00fasqueda de sus usuarios son analizados para la toma de decisiones sobre qu\u00e9 productos comprar, qu\u00e9 series desarrollar, qu\u00e9 contenidos ofrecer&#8230;.<\/p>\n<h3>Un negocio impulsado por datos<\/h3>\n<p dir=\"ltr\">Al final, el objetivo es que el negocio est\u00e9 siempre impulsado por datos. Para lograrlo, se deben dar una serie de pasos:<\/p>\n<ul>\n<li dir=\"ltr\">\n<p dir=\"ltr\"><strong>Comprender los datos<\/strong>. Ante tal cantidad de informaci\u00f3n, hay que saber separar el grano de la paja y hacerlo en cada una de las decisiones que se tomen. Lo que en marketing puede ser accesorio, en desarrollo de producto puede llegar a ser trascendental. Por eso, es importante el siguiente punto<\/p>\n<\/li>\n<li dir=\"ltr\">\n<p dir=\"ltr\"><strong>Seleccionar los datos<\/strong>: Para no tener decisiones sesgadas o magnificadas<\/p>\n<\/li>\n<li dir=\"ltr\">\n<p dir=\"ltr\"><strong>Analizar la estrategia<\/strong> tanto actual como futura. Tener la mente abierta para posibles fallos en el tratamiento de los datos es importante.\u00a0<\/p>\n<\/li>\n<\/ul>\n<p dir=\"ltr\">As\u00ed pues, tener una mente abierta, ser capaz de aplicar la anal\u00edtica de la informaci\u00f3n que recibimos y compartir los datos es b\u00e1sico tanto para el desarrollo propio personal como de cada uno de los negocios.\u00a0<\/p>\n<p dir=\"ltr\">Puede que la avalancha de informaci\u00f3n nos abrume al principio, pero con paciencia y actitud conseguiremos que los datos acaben siendo nuestros mejores compa\u00f1eros de viaje.<\/p>\n<p dir=\"ltr\">Photo by Franki Chamaki on Unsplash<\/p>\n<\/div><\/div>\n<\/p><\/div>\n<\/section><\/div>\n","protected":false},"excerpt":{"rendered":"<p>El 86% de las empresas no se siente preparada para la siguiente etapa en la Edad de los Datos. Y t\u00fa, \u00bfte has preparado para afrontar todos los cambios que est\u00e1n por venir?<\/p>\n","protected":false},"author":23,"featured_media":14067,"comment_status":"open","ping_status":"closed","sticky":false,"template":"","format":"standard","meta":{"_acf_changed":false,"footnotes":""},"categories":[38],"tags":[],"class_list":["post-14068","post","type-post","status-publish","format-standard","has-post-thumbnail","hentry","category-data"],"acf":{"photo_gallery":{"galeria":[[]]}},"yoast_head":"<!-- This site is optimized with the Yoast SEO plugin v27.4 - https:\/\/yoast.com\/product\/yoast-seo-wordpress\/ -->\n<title>Prepararse para la siguiente etapa de la Edad de los Datos - ISDI Espa\u00f1a<\/title>\n<meta name=\"description\" content=\"La edad de los datos sigue imparable hacia su siguiente fase, \u00bfestamos preparados? Descubre lo que supone la data age y c\u00f3mo afrontarla.\" \/>\n<meta name=\"robots\" content=\"index, follow, max-snippet:-1, max-image-preview:large, max-video-preview:-1\" \/>\n<link rel=\"canonical\" href=\"https:\/\/www.isdi.education\/es\/blog\/data-age\" \/>\n<meta property=\"og:locale\" content=\"es_ES\" \/>\n<meta property=\"og:type\" content=\"article\" \/>\n<meta property=\"og:title\" content=\"Prepararse para la siguiente etapa de la Edad de los Datos - ISDI Espa\u00f1a\" \/>\n<meta property=\"og:description\" content=\"La edad de los datos sigue imparable hacia su siguiente fase, \u00bfestamos preparados? Descubre lo que supone la data age y c\u00f3mo afrontarla.\" \/>\n<meta property=\"og:url\" content=\"https:\/\/www.isdi.education\/es\/blog\/data-age\" \/>\n<meta property=\"og:site_name\" content=\"ISDI Espa\u00f1a\" \/>\n<meta property=\"article:publisher\" content=\"https:\/\/www.facebook.com\/isdi.education\" \/>\n<meta property=\"article:published_time\" content=\"2021-02-11T00:00:00+00:00\" \/>\n<meta property=\"article:modified_time\" content=\"2024-04-23T06:25:06+00:00\" \/>\n<meta property=\"og:image\" content=\"https:\/\/www.isdi.education\/es\/wp-content\/uploads\/2024\/03\/397-data_age.jpg\" \/>\n\t<meta property=\"og:image:width\" content=\"600\" \/>\n\t<meta property=\"og:image:height\" content=\"400\" \/>\n\t<meta property=\"og:image:type\" content=\"image\/jpeg\" \/>\n<meta name=\"author\" content=\"infofuturo\" \/>\n<meta name=\"twitter:card\" content=\"summary_large_image\" \/>\n<meta name=\"twitter:label1\" content=\"Escrito por\" \/>\n\t<meta name=\"twitter:data1\" content=\"infofuturo\" \/>\n\t<meta name=\"twitter:label2\" content=\"Tiempo de lectura\" \/>\n\t<meta name=\"twitter:data2\" content=\"4 minutos\" \/>\n<script type=\"application\/ld+json\" class=\"yoast-schema-graph\">{\"@context\":\"https:\\\/\\\/schema.org\",\"@graph\":[{\"@type\":\"Article\",\"@id\":\"https:\\\/\\\/www.isdi.education\\\/es\\\/blog\\\/data-age#article\",\"isPartOf\":{\"@id\":\"https:\\\/\\\/www.isdi.education\\\/es\\\/blog\\\/data-age\"},\"author\":{\"name\":\"infofuturo\",\"@id\":\"https:\\\/\\\/www.isdi.education\\\/es\\\/#\\\/schema\\\/person\\\/9f30c33eda685abbcfaabf1e7b9e9f76\"},\"headline\":\"Prepararse para la siguiente etapa de la Edad de los Datos\",\"datePublished\":\"2021-02-11T00:00:00+00:00\",\"dateModified\":\"2024-04-23T06:25:06+00:00\",\"mainEntityOfPage\":{\"@id\":\"https:\\\/\\\/www.isdi.education\\\/es\\\/blog\\\/data-age\"},\"wordCount\":808,\"commentCount\":0,\"publisher\":{\"@id\":\"https:\\\/\\\/www.isdi.education\\\/es\\\/#organization\"},\"image\":{\"@id\":\"https:\\\/\\\/www.isdi.education\\\/es\\\/blog\\\/data-age#primaryimage\"},\"thumbnailUrl\":\"https:\\\/\\\/www.isdi.education\\\/es\\\/wp-content\\\/uploads\\\/2024\\\/03\\\/397-data_age.jpg\",\"articleSection\":[\"Data\"],\"inLanguage\":\"es\",\"potentialAction\":[{\"@type\":\"CommentAction\",\"name\":\"Comment\",\"target\":[\"https:\\\/\\\/www.isdi.education\\\/es\\\/blog\\\/data-age#respond\"]}]},{\"@type\":\"WebPage\",\"@id\":\"https:\\\/\\\/www.isdi.education\\\/es\\\/blog\\\/data-age\",\"url\":\"https:\\\/\\\/www.isdi.education\\\/es\\\/blog\\\/data-age\",\"name\":\"Prepararse para la siguiente etapa de la Edad de los Datos - ISDI Espa\u00f1a\",\"isPartOf\":{\"@id\":\"https:\\\/\\\/www.isdi.education\\\/es\\\/#website\"},\"primaryImageOfPage\":{\"@id\":\"https:\\\/\\\/www.isdi.education\\\/es\\\/blog\\\/data-age#primaryimage\"},\"image\":{\"@id\":\"https:\\\/\\\/www.isdi.education\\\/es\\\/blog\\\/data-age#primaryimage\"},\"thumbnailUrl\":\"https:\\\/\\\/www.isdi.education\\\/es\\\/wp-content\\\/uploads\\\/2024\\\/03\\\/397-data_age.jpg\",\"datePublished\":\"2021-02-11T00:00:00+00:00\",\"dateModified\":\"2024-04-23T06:25:06+00:00\",\"description\":\"La edad de los datos sigue imparable hacia su siguiente fase, \u00bfestamos preparados? Descubre lo que supone la data age y c\u00f3mo afrontarla.\",\"breadcrumb\":{\"@id\":\"https:\\\/\\\/www.isdi.education\\\/es\\\/blog\\\/data-age#breadcrumb\"},\"inLanguage\":\"es\",\"potentialAction\":[{\"@type\":\"ReadAction\",\"target\":[\"https:\\\/\\\/www.isdi.education\\\/es\\\/blog\\\/data-age\"]}]},{\"@type\":\"ImageObject\",\"inLanguage\":\"es\",\"@id\":\"https:\\\/\\\/www.isdi.education\\\/es\\\/blog\\\/data-age#primaryimage\",\"url\":\"https:\\\/\\\/www.isdi.education\\\/es\\\/wp-content\\\/uploads\\\/2024\\\/03\\\/397-data_age.jpg\",\"contentUrl\":\"https:\\\/\\\/www.isdi.education\\\/es\\\/wp-content\\\/uploads\\\/2024\\\/03\\\/397-data_age.jpg\",\"width\":600,\"height\":400,\"caption\":\"Prepararse para la siguiente etapa de la Edad de los Datos\"},{\"@type\":\"BreadcrumbList\",\"@id\":\"https:\\\/\\\/www.isdi.education\\\/es\\\/blog\\\/data-age#breadcrumb\",\"itemListElement\":[{\"@type\":\"ListItem\",\"position\":1,\"name\":\"Inicio\",\"item\":\"https:\\\/\\\/www.isdi.education\\\/es\\\/\"},{\"@type\":\"ListItem\",\"position\":2,\"name\":\"Prepararse para la siguiente etapa de la Edad de los Datos\"}]},{\"@type\":\"WebSite\",\"@id\":\"https:\\\/\\\/www.isdi.education\\\/es\\\/#website\",\"url\":\"https:\\\/\\\/www.isdi.education\\\/es\\\/\",\"name\":\"ISDI Espa\u00f1a | La Escuela de Negocios de la Era Digital\",\"description\":\"Descubre la formaci\u00f3n que te abrir\u00e1 las puertas a la era digital. Entra a formar parte de la primera escuela de negocios y direcci\u00f3n nativa digital.\",\"publisher\":{\"@id\":\"https:\\\/\\\/www.isdi.education\\\/es\\\/#organization\"},\"inLanguage\":\"es\"},{\"@type\":\"Organization\",\"@id\":\"https:\\\/\\\/www.isdi.education\\\/es\\\/#organization\",\"name\":\"ISDI Espa\u00f1a | La Escuela de Negocios de la Era Digital\",\"url\":\"https:\\\/\\\/www.isdi.education\\\/es\\\/\",\"logo\":{\"@type\":\"ImageObject\",\"inLanguage\":\"es\",\"@id\":\"https:\\\/\\\/www.isdi.education\\\/es\\\/#\\\/schema\\\/logo\\\/image\\\/\",\"url\":\"https:\\\/\\\/www.isdi.education\\\/es\\\/wp-content\\\/uploads\\\/2024\\\/02\\\/cropped-Favicon.png\",\"contentUrl\":\"https:\\\/\\\/www.isdi.education\\\/es\\\/wp-content\\\/uploads\\\/2024\\\/02\\\/cropped-Favicon.png\",\"width\":512,\"height\":512,\"caption\":\"ISDI Espa\u00f1a | La Escuela de Negocios de la Era Digital\"},\"image\":{\"@id\":\"https:\\\/\\\/www.isdi.education\\\/es\\\/#\\\/schema\\\/logo\\\/image\\\/\"},\"sameAs\":[\"https:\\\/\\\/www.facebook.com\\\/isdi.education\",\"https:\\\/\\\/www.linkedin.com\\\/school\\\/isdi\\\/?originalSubdomain=es\",\"https:\\\/\\\/www.instagram.com\\\/isdi_edu\\\/?hl=es\",\"https:\\\/\\\/www.tiktok.com\\\/@isdi_edu\",\"https:\\\/\\\/www.youtube.com\\\/user\\\/ISDItv\"]},{\"@type\":\"Person\",\"@id\":\"https:\\\/\\\/www.isdi.education\\\/es\\\/#\\\/schema\\\/person\\\/9f30c33eda685abbcfaabf1e7b9e9f76\",\"name\":\"infofuturo\",\"image\":{\"@type\":\"ImageObject\",\"inLanguage\":\"es\",\"@id\":\"https:\\\/\\\/www.isdi.education\\\/es\\\/wp-content\\\/litespeed\\\/avatar\\\/1\\\/06e1ec358746bcb8bb25471d95ddc6aa.jpg?ver=1777453142\",\"url\":\"https:\\\/\\\/www.isdi.education\\\/es\\\/wp-content\\\/litespeed\\\/avatar\\\/1\\\/06e1ec358746bcb8bb25471d95ddc6aa.jpg?ver=1777453142\",\"contentUrl\":\"https:\\\/\\\/www.isdi.education\\\/es\\\/wp-content\\\/litespeed\\\/avatar\\\/1\\\/06e1ec358746bcb8bb25471d95ddc6aa.jpg?ver=1777453142\",\"caption\":\"infofuturo\"},\"url\":\"https:\\\/\\\/www.isdi.education\\\/es\\\/author\\\/infofuturo\"}]}<\/script>\n<!-- \/ Yoast SEO plugin. -->","yoast_head_json":{"title":"Prepararse para la siguiente etapa de la Edad de los Datos - ISDI Espa\u00f1a","description":"La edad de los datos sigue imparable hacia su siguiente fase, \u00bfestamos preparados? Descubre lo que supone la data age y c\u00f3mo afrontarla.","robots":{"index":"index","follow":"follow","max-snippet":"max-snippet:-1","max-image-preview":"max-image-preview:large","max-video-preview":"max-video-preview:-1"},"canonical":"https:\/\/www.isdi.education\/es\/blog\/data-age","og_locale":"es_ES","og_type":"article","og_title":"Prepararse para la siguiente etapa de la Edad de los Datos - ISDI Espa\u00f1a","og_description":"La edad de los datos sigue imparable hacia su siguiente fase, \u00bfestamos preparados? Descubre lo que supone la data age y c\u00f3mo afrontarla.","og_url":"https:\/\/www.isdi.education\/es\/blog\/data-age","og_site_name":"ISDI Espa\u00f1a","article_publisher":"https:\/\/www.facebook.com\/isdi.education","article_published_time":"2021-02-11T00:00:00+00:00","article_modified_time":"2024-04-23T06:25:06+00:00","og_image":[{"width":600,"height":400,"url":"https:\/\/www.isdi.education\/es\/wp-content\/uploads\/2024\/03\/397-data_age.jpg","type":"image\/jpeg"}],"author":"infofuturo","twitter_card":"summary_large_image","twitter_misc":{"Escrito por":"infofuturo","Tiempo de lectura":"4 minutos"},"schema":{"@context":"https:\/\/schema.org","@graph":[{"@type":"Article","@id":"https:\/\/www.isdi.education\/es\/blog\/data-age#article","isPartOf":{"@id":"https:\/\/www.isdi.education\/es\/blog\/data-age"},"author":{"name":"infofuturo","@id":"https:\/\/www.isdi.education\/es\/#\/schema\/person\/9f30c33eda685abbcfaabf1e7b9e9f76"},"headline":"Prepararse para la siguiente etapa de la Edad de los Datos","datePublished":"2021-02-11T00:00:00+00:00","dateModified":"2024-04-23T06:25:06+00:00","mainEntityOfPage":{"@id":"https:\/\/www.isdi.education\/es\/blog\/data-age"},"wordCount":808,"commentCount":0,"publisher":{"@id":"https:\/\/www.isdi.education\/es\/#organization"},"image":{"@id":"https:\/\/www.isdi.education\/es\/blog\/data-age#primaryimage"},"thumbnailUrl":"https:\/\/www.isdi.education\/es\/wp-content\/uploads\/2024\/03\/397-data_age.jpg","articleSection":["Data"],"inLanguage":"es","potentialAction":[{"@type":"CommentAction","name":"Comment","target":["https:\/\/www.isdi.education\/es\/blog\/data-age#respond"]}]},{"@type":"WebPage","@id":"https:\/\/www.isdi.education\/es\/blog\/data-age","url":"https:\/\/www.isdi.education\/es\/blog\/data-age","name":"Prepararse para la siguiente etapa de la Edad de los Datos - ISDI Espa\u00f1a","isPartOf":{"@id":"https:\/\/www.isdi.education\/es\/#website"},"primaryImageOfPage":{"@id":"https:\/\/www.isdi.education\/es\/blog\/data-age#primaryimage"},"image":{"@id":"https:\/\/www.isdi.education\/es\/blog\/data-age#primaryimage"},"thumbnailUrl":"https:\/\/www.isdi.education\/es\/wp-content\/uploads\/2024\/03\/397-data_age.jpg","datePublished":"2021-02-11T00:00:00+00:00","dateModified":"2024-04-23T06:25:06+00:00","description":"La edad de los datos sigue imparable hacia su siguiente fase, \u00bfestamos preparados? Descubre lo que supone la data age y c\u00f3mo afrontarla.","breadcrumb":{"@id":"https:\/\/www.isdi.education\/es\/blog\/data-age#breadcrumb"},"inLanguage":"es","potentialAction":[{"@type":"ReadAction","target":["https:\/\/www.isdi.education\/es\/blog\/data-age"]}]},{"@type":"ImageObject","inLanguage":"es","@id":"https:\/\/www.isdi.education\/es\/blog\/data-age#primaryimage","url":"https:\/\/www.isdi.education\/es\/wp-content\/uploads\/2024\/03\/397-data_age.jpg","contentUrl":"https:\/\/www.isdi.education\/es\/wp-content\/uploads\/2024\/03\/397-data_age.jpg","width":600,"height":400,"caption":"Prepararse para la siguiente etapa de la Edad de los Datos"},{"@type":"BreadcrumbList","@id":"https:\/\/www.isdi.education\/es\/blog\/data-age#breadcrumb","itemListElement":[{"@type":"ListItem","position":1,"name":"Inicio","item":"https:\/\/www.isdi.education\/es\/"},{"@type":"ListItem","position":2,"name":"Prepararse para la siguiente etapa de la Edad de los Datos"}]},{"@type":"WebSite","@id":"https:\/\/www.isdi.education\/es\/#website","url":"https:\/\/www.isdi.education\/es\/","name":"ISDI Espa\u00f1a | La Escuela de Negocios de la Era Digital","description":"Descubre la formaci\u00f3n que te abrir\u00e1 las puertas a la era digital. Entra a formar parte de la primera escuela de negocios y direcci\u00f3n nativa digital.","publisher":{"@id":"https:\/\/www.isdi.education\/es\/#organization"},"inLanguage":"es"},{"@type":"Organization","@id":"https:\/\/www.isdi.education\/es\/#organization","name":"ISDI Espa\u00f1a | La Escuela de Negocios de la Era Digital","url":"https:\/\/www.isdi.education\/es\/","logo":{"@type":"ImageObject","inLanguage":"es","@id":"https:\/\/www.isdi.education\/es\/#\/schema\/logo\/image\/","url":"https:\/\/www.isdi.education\/es\/wp-content\/uploads\/2024\/02\/cropped-Favicon.png","contentUrl":"https:\/\/www.isdi.education\/es\/wp-content\/uploads\/2024\/02\/cropped-Favicon.png","width":512,"height":512,"caption":"ISDI Espa\u00f1a | La Escuela de Negocios de la Era Digital"},"image":{"@id":"https:\/\/www.isdi.education\/es\/#\/schema\/logo\/image\/"},"sameAs":["https:\/\/www.facebook.com\/isdi.education","https:\/\/www.linkedin.com\/school\/isdi\/?originalSubdomain=es","https:\/\/www.instagram.com\/isdi_edu\/?hl=es","https:\/\/www.tiktok.com\/@isdi_edu","https:\/\/www.youtube.com\/user\/ISDItv"]},{"@type":"Person","@id":"https:\/\/www.isdi.education\/es\/#\/schema\/person\/9f30c33eda685abbcfaabf1e7b9e9f76","name":"infofuturo","image":{"@type":"ImageObject","inLanguage":"es","@id":"https:\/\/www.isdi.education\/es\/wp-content\/litespeed\/avatar\/1\/06e1ec358746bcb8bb25471d95ddc6aa.jpg?ver=1777453142","url":"https:\/\/www.isdi.education\/es\/wp-content\/litespeed\/avatar\/1\/06e1ec358746bcb8bb25471d95ddc6aa.jpg?ver=1777453142","contentUrl":"https:\/\/www.isdi.education\/es\/wp-content\/litespeed\/avatar\/1\/06e1ec358746bcb8bb25471d95ddc6aa.jpg?ver=1777453142","caption":"infofuturo"},"url":"https:\/\/www.isdi.education\/es\/author\/infofuturo"}]}},"_links":{"self":[{"href":"https:\/\/www.isdi.education\/es\/wp-json\/wp\/v2\/posts\/14068","targetHints":{"allow":["GET"]}}],"collection":[{"href":"https:\/\/www.isdi.education\/es\/wp-json\/wp\/v2\/posts"}],"about":[{"href":"https:\/\/www.isdi.education\/es\/wp-json\/wp\/v2\/types\/post"}],"author":[{"embeddable":true,"href":"https:\/\/www.isdi.education\/es\/wp-json\/wp\/v2\/users\/23"}],"replies":[{"embeddable":true,"href":"https:\/\/www.isdi.education\/es\/wp-json\/wp\/v2\/comments?post=14068"}],"version-history":[{"count":0,"href":"https:\/\/www.isdi.education\/es\/wp-json\/wp\/v2\/posts\/14068\/revisions"}],"wp:featuredmedia":[{"embeddable":true,"href":"https:\/\/www.isdi.education\/es\/wp-json\/wp\/v2\/media\/14067"}],"wp:attachment":[{"href":"https:\/\/www.isdi.education\/es\/wp-json\/wp\/v2\/media?parent=14068"}],"wp:term":[{"taxonomy":"category","embeddable":true,"href":"https:\/\/www.isdi.education\/es\/wp-json\/wp\/v2\/categories?post=14068"},{"taxonomy":"post_tag","embeddable":true,"href":"https:\/\/www.isdi.education\/es\/wp-json\/wp\/v2\/tags?post=14068"}],"curies":[{"name":"wp","href":"https:\/\/api.w.org\/{rel}","templated":true}]}}