{"id":14054,"date":"2021-07-29T00:00:00","date_gmt":"2021-07-29T00:00:00","guid":{"rendered":"https:\/\/www.isdi.education\/es\/optimismo-digital-julio-sentando-las-bases-para-el-crecimiento-futuro\/"},"modified":"2024-04-23T10:02:32","modified_gmt":"2024-04-23T10:02:32","slug":"optimismo-digital-julio-sentando-las-bases-para-el-crecimiento-futuro","status":"publish","type":"post","link":"https:\/\/www.isdi.education\/es\/blog\/optimismo-digital-julio-sentando-las-bases-para-el-crecimiento-futuro","title":{"rendered":"Optimismo Digital Julio:  Sentando las bases para el crecimiento futuro"},"content":{"rendered":"<div id=\"07M-wysiwyg-1\" class=\"07M-wysiwyg anchor--link \" data-anchor-content>\n<section class=\"wysiwyg mb-xl\">\n<div class=\"wrapper wrapper--small\">\n<p class=\"t-small mb-xs\">\n<div class=\"wysiwyg__content\">\n<div>\n<p>El gobierno ha anunciado, en este sentido, dos importantes medidas. Por un lado, la <a href=\"https:\/\/www.eleconomista.es\/legislacion\/noticias\/11317506\/07\/21\/La-ley-de-startups-alivia-la-fiscalidad-de-los-business-angels-para-impulsar-la-inversion.html\"><u>conocida y esperada <\/u><strong><u>Ley de Startups era por fin aprobada<\/u><\/strong><\/a>, con medidas como un 15% de Impuesto de Sociedades (frente al 25% actual) para este tipo de empresas, el aplazamiento de deudas tributarias o una menor tributaci\u00f3n del IRPF en los sueldos m\u00e1s altos para atraer talento extranjero.<\/p>\n<p>Seg\u00fan Carme Artigas, secretaria de Estado de Inteligencia Artificial, esta ley permitir\u00e1 que \u201c<a href=\"https:\/\/cincodias.elpais.com\/cincodias\/2021\/07\/06\/companias\/1625592746_000383.html\"><u>no haga falta ya ser un h\u00e9roe para emprender en Espa\u00f1a<\/u><\/a>\u201d, ya que destaca por la \u201c<strong>eliminaci\u00f3n de barreras fiscales y la introducci\u00f3n de incentivos tributarios para su creaci\u00f3n<\/strong>\u201d, as\u00ed como \u201cl<strong>a apuesta por atraer talento de fuera\u201d y convertir a Espa\u00f1a \u201cen un foco de conocimiento<\/strong>\u201d.<\/p>\n<p>Pero, adem\u00e1s, el Gobierno ha lanzado durante este mes el <a href=\"https:\/\/cincodias.elpais.com\/cincodias\/2021\/07\/19\/companias\/1626698189_453915.html\"><u>fondo Next Tech<\/u><\/a>, que quiere ayudar a las startups en crecimiento (scale ups) a que sigan mejorando sus n\u00fameros y aspiren a convertirse en unicornios. El objetivo es <strong>movilizar recursos conjuntos en colaboraci\u00f3n p\u00fablico-privada de 4.000 millones en un periodo inicial de cuatro a\u00f1os<\/strong>. Si se activaran dichos fondos se doblar\u00eda la capacidad de inversi\u00f3n p\u00fablica de Francia, situando a Espa\u00f1a solo por detr\u00e1s de Alemania en Europa.<\/p>\n<p>Cabe se\u00f1alar que<strong> <\/strong><a href=\"https:\/\/www.diariodesevilla.es\/empresas-al-dia\/start-ups-Espana-Portugal-puestos-Covid_0_1593741111.html\"><strong><u>las start-ups de Espa\u00f1a y Portugal<\/u><\/strong><\/a><strong> han creado 6.000 nuevos puestos<\/strong> de trabajo en 2020, pese el Covid, que 7 de cada 10 han incrementado su plantilla (y el 90% espera aumentarla en 2021), y que, de media, han visto un incremento de su facturaci\u00f3n del 22%, seg\u00fan el\u00a0 estudio \u201cAn\u00e1lisis de una nueva generaci\u00f3n de start-ups en Espa\u00f1a y Portugal\u201d de CaixaBank y el IESE.<\/p>\n<p>Si estos anuncios del gobierno pueden sentar las bases para un mayor emprendimiento y de largo recorrido, <strong>las empresas privadas tambi\u00e9n han anunciado importantes inversiones<\/strong> cuyos resultados se materializar\u00e1n dentro de unos meses u a\u00f1os. Muchos de estos proyectos tienen que ver con la inteligencia artificial.\u00a0<\/p>\n<p>As\u00ed, Indra, Google y la Universidad de Granada van a sumar fuerzas para crear un centro de inteligencia artificial en la ciudad andaluza que contar\u00e1 con m\u00e1s de 100 doctores en IA y 165 consultores, desarrolladores e investigadores y un ecosistema de startups y emprendedores. El objetivo de este espacio es que sea <a href=\"https:\/\/www.xataka.com\/pro\/granada-se-situa-mapa-ia-acoge-uno-centros-desarrollo-avanzados-europa\"><u>uno de los centros m\u00e1s avanzados de Europa<\/u><\/a>, para lo que desarrollar\u00e1 soluciones que tendr\u00e1n un impacto real en aspectos como salud y calidad de vida, sostenibilidad, econom\u00eda circular, democratizaci\u00f3n del comercio electr\u00f3nico, optimizaci\u00f3n de procesos industriales, empleo inteligente o educaci\u00f3n, han a\u00f1adido las entidades.\u00a0<\/p>\n<p>Mientras, la espa\u00f1ola Aeternal Mentis tambi\u00e9n anunciaba la <a href=\"https:\/\/cincodias.elpais.com\/cincodias\/2021\/07\/21\/companias\/1626865099_922876.html\"><u>construcci\u00f3n de un centro de inteligencia artificial, esta vez en \u00c1lava<\/u><\/a>, que contar\u00e1 con 13.000 metros cuadrados, 150 cient\u00edficos y una inversi\u00f3n de 18 millones de euros. El objetivo es que parte del centro de entrenamiento est\u00e9 operativo a lo largo del primer semestre de 2022. Los impulsores del proyecto explican que han encontrado \u201cimportantes carencias de infraestructuras\u201d para el procesamiento y emulaci\u00f3n de herramientas de inteligencia artificial. Y que los pocos operadores que existen en este mercado se encuentran en Estados Unidos -b\u00e1sicamente Amazon, Microsoft y Google-, por lo que consideran que existe un vac\u00edo en este sector en Europa que quieren llenar. Su gran meta, por tanto, no es otra que convertirse en la alternativa europea a esos grandes operadores norteamericanos.<\/p>\n<p>En este sentido, cabe se\u00f1alar que el Gobierno sopesa <a href=\"https:\/\/cincodias.elpais.com\/cincodias\/2021\/07\/22\/companias\/1626964806_533819.html\"><u>lanzar una prueba piloto<\/u><\/a> para poner en pr\u00e1ctica la nueva norma de la UE y crea un Observatorio del impacto social de los algoritmos, siendo as\u00ed pioneros en Europa en la regulaci\u00f3n de la inteligencia artificial. No solo en la aprobaci\u00f3n de leyes que regulen este \u00e1mbito, sino tambi\u00e9n en su aplicaci\u00f3n pr\u00e1ctica.\u00a0<\/p>\n<p>Pero, m\u00e1s all\u00e1 de todo esto, en julio tambi\u00e9n hemos visto importantes operaciones en el ecosistema tecnol\u00f3gico nacional, como los <a href=\"https:\/\/cincodias.elpais.com\/cincodias\/2021\/07\/21\/companias\/1626892493_251018.html\"><u>5 millones de euros que ha recibido la espa\u00f1ola TherapyChat<\/u><\/a> para llevar su servicio de psicolog\u00eda online a Italia y Francia; <a href=\"https:\/\/www.elindependiente.com\/futuro\/2021\/07\/21\/abb-compra-asti-y-lleva-a-burgos-la-sede-de-robots-moviles-autonomos\/\"><u>la adquisici\u00f3n de ASTI por parte de ABB<\/u><\/a> para ser un l\u00edder en robots m\u00f3viles aut\u00f3nomos con sede central en Burgos; la <a href=\"https:\/\/www.elconfidencial.com\/tecnologia\/2021-07-16\/bipi-startup-coches-suscripcion-kibo-automocion_3187912\/\"><u>compra, por 100 millones de euros, de la startup Bipi<\/u><\/a>, dedicada a los coches por suscripci\u00f3n; los <a href=\"https:\/\/www.businessinsider.es\/startup-moda-lookiero-cierra-ronda-25-millones-euros-895963\"><u>25 millones de euros<\/u><\/a> que ha captado la startup espa\u00f1ola Lookiero; los <a href=\"https:\/\/www.lavanguardia.com\/economia\/20210713\/7596318\/venvirotech-ronda-residuos-plastico.html\"><u>11 millones que ha recaudado Venvirotech<\/u><\/a> para lanzar en enero un biopl\u00e1stico biodegradable, del que quiere producir m\u00e1s de 20.000 toneladas en 2 a\u00f1os revalorizando m\u00e1s de 200.000 toneladas de residuo org\u00e1nico; los tres millones de euros que la operadora de infraestructuras Globalv\u00eda <a href=\"https:\/\/cincodias.elpais.com\/cincodias\/2021\/07\/20\/companias\/1626766999_219043.html\"><u>ha invertido en Meep<\/u><\/a>, la startup espa\u00f1ola especializada en el desarrollo de soluciones de movilidad como servicio; o saber que el <a href=\"https:\/\/cincodias.elpais.com\/cincodias\/2021\/07\/20\/companias\/1626772760_749026.html\"><u>capital riesgo se est\u00e1 recuperando<\/u><\/a> en nuestro pa\u00eds\u00a0 y dispara la inversi\u00f3n con m\u00e1s de 2.000 millones de euros.<\/p>\n<p>Como podemos ver, un verano de lo m\u00e1s caliente y que est\u00e1 abonando el terreno para que en los pr\u00f3ximos meses y a\u00f1os sigamos teniendo muy buenas noticias tecnol\u00f3gicas en Espa\u00f1a.<\/p>\n<\/div><\/div>\n<\/p><\/div>\n<\/section><\/div>\n","protected":false},"excerpt":{"rendered":"<p>Julio ha sido un mes de mucha actividad en el panorama tecnol\u00f3gico espa\u00f1ol. Ha habido grandes rondas de financiaci\u00f3n, importantes movimientos legislativos y anuncios de destacadas inversiones. Aspectos todos ellos que est\u00e1n sentando las bases para el crecimiento futuro del ecosistema digital y tecnol\u00f3gico en nuestro pa\u00eds.<\/p>\n","protected":false},"author":23,"featured_media":14053,"comment_status":"open","ping_status":"closed","sticky":false,"template":"","format":"standard","meta":{"_acf_changed":false,"footnotes":""},"categories":[1],"tags":[],"class_list":["post-14054","post","type-post","status-publish","format-standard","has-post-thumbnail","hentry","category-noticias-isdi"],"acf":{"photo_gallery":{"galeria":[[]]}},"yoast_head":"<!-- This site is optimized with the Yoast SEO plugin v27.4 - https:\/\/yoast.com\/product\/yoast-seo-wordpress\/ -->\n<title>Optimismo Digital Julio: Sentando las bases para el crecimiento futuro - ISDI Espa\u00f1a<\/title>\n<meta name=\"description\" content=\"Descubre todas las novedades del panorama tecnol\u00f3gico espa\u00f1ol y qu\u00e9 movimientos legislativos han tenido lugar este mes de julio. \u00a1Te informamos!\" \/>\n<meta name=\"robots\" content=\"index, follow, max-snippet:-1, max-image-preview:large, max-video-preview:-1\" \/>\n<link rel=\"canonical\" href=\"https:\/\/www.isdi.education\/es\/blog\/optimismo-digital-julio-sentando-las-bases-para-el-crecimiento-futuro\" \/>\n<meta property=\"og:locale\" content=\"es_ES\" \/>\n<meta property=\"og:type\" content=\"article\" \/>\n<meta property=\"og:title\" content=\"Optimismo Digital Julio: Sentando las bases para el crecimiento futuro - ISDI Espa\u00f1a\" \/>\n<meta property=\"og:description\" content=\"Descubre todas las novedades del panorama tecnol\u00f3gico espa\u00f1ol y qu\u00e9 movimientos legislativos han tenido lugar este mes de julio. \u00a1Te informamos!\" \/>\n<meta property=\"og:url\" content=\"https:\/\/www.isdi.education\/es\/blog\/optimismo-digital-julio-sentando-las-bases-para-el-crecimiento-futuro\" \/>\n<meta property=\"og:site_name\" content=\"ISDI Espa\u00f1a\" \/>\n<meta property=\"article:publisher\" content=\"https:\/\/www.facebook.com\/isdi.education\" \/>\n<meta property=\"article:published_time\" content=\"2021-07-29T00:00:00+00:00\" \/>\n<meta property=\"article:modified_time\" content=\"2024-04-23T10:02:32+00:00\" \/>\n<meta property=\"og:image\" content=\"https:\/\/www.isdi.education\/es\/wp-content\/uploads\/2024\/03\/1084-apps20thumn.jpg\" \/>\n\t<meta property=\"og:image:width\" content=\"600\" \/>\n\t<meta property=\"og:image:height\" content=\"400\" \/>\n\t<meta property=\"og:image:type\" content=\"image\/jpeg\" \/>\n<meta name=\"author\" content=\"infofuturo\" \/>\n<meta name=\"twitter:card\" content=\"summary_large_image\" \/>\n<meta name=\"twitter:label1\" content=\"Escrito por\" \/>\n\t<meta name=\"twitter:data1\" content=\"infofuturo\" \/>\n\t<meta name=\"twitter:label2\" content=\"Tiempo de lectura\" \/>\n\t<meta name=\"twitter:data2\" content=\"4 minutos\" \/>\n<script type=\"application\/ld+json\" class=\"yoast-schema-graph\">{\"@context\":\"https:\\\/\\\/schema.org\",\"@graph\":[{\"@type\":\"Article\",\"@id\":\"https:\\\/\\\/www.isdi.education\\\/es\\\/blog\\\/optimismo-digital-julio-sentando-las-bases-para-el-crecimiento-futuro#article\",\"isPartOf\":{\"@id\":\"https:\\\/\\\/www.isdi.education\\\/es\\\/blog\\\/optimismo-digital-julio-sentando-las-bases-para-el-crecimiento-futuro\"},\"author\":{\"name\":\"infofuturo\",\"@id\":\"https:\\\/\\\/www.isdi.education\\\/es\\\/#\\\/schema\\\/person\\\/9f30c33eda685abbcfaabf1e7b9e9f76\"},\"headline\":\"Optimismo Digital Julio: Sentando las bases para el crecimiento futuro\",\"datePublished\":\"2021-07-29T00:00:00+00:00\",\"dateModified\":\"2024-04-23T10:02:32+00:00\",\"mainEntityOfPage\":{\"@id\":\"https:\\\/\\\/www.isdi.education\\\/es\\\/blog\\\/optimismo-digital-julio-sentando-las-bases-para-el-crecimiento-futuro\"},\"wordCount\":877,\"commentCount\":0,\"publisher\":{\"@id\":\"https:\\\/\\\/www.isdi.education\\\/es\\\/#organization\"},\"image\":{\"@id\":\"https:\\\/\\\/www.isdi.education\\\/es\\\/blog\\\/optimismo-digital-julio-sentando-las-bases-para-el-crecimiento-futuro#primaryimage\"},\"thumbnailUrl\":\"https:\\\/\\\/www.isdi.education\\\/es\\\/wp-content\\\/uploads\\\/2024\\\/03\\\/1084-apps20thumn.jpg\",\"articleSection\":[\"Noticias ISDI\"],\"inLanguage\":\"es\",\"potentialAction\":[{\"@type\":\"CommentAction\",\"name\":\"Comment\",\"target\":[\"https:\\\/\\\/www.isdi.education\\\/es\\\/blog\\\/optimismo-digital-julio-sentando-las-bases-para-el-crecimiento-futuro#respond\"]}]},{\"@type\":\"WebPage\",\"@id\":\"https:\\\/\\\/www.isdi.education\\\/es\\\/blog\\\/optimismo-digital-julio-sentando-las-bases-para-el-crecimiento-futuro\",\"url\":\"https:\\\/\\\/www.isdi.education\\\/es\\\/blog\\\/optimismo-digital-julio-sentando-las-bases-para-el-crecimiento-futuro\",\"name\":\"Optimismo Digital Julio: Sentando las bases para el crecimiento futuro - ISDI Espa\u00f1a\",\"isPartOf\":{\"@id\":\"https:\\\/\\\/www.isdi.education\\\/es\\\/#website\"},\"primaryImageOfPage\":{\"@id\":\"https:\\\/\\\/www.isdi.education\\\/es\\\/blog\\\/optimismo-digital-julio-sentando-las-bases-para-el-crecimiento-futuro#primaryimage\"},\"image\":{\"@id\":\"https:\\\/\\\/www.isdi.education\\\/es\\\/blog\\\/optimismo-digital-julio-sentando-las-bases-para-el-crecimiento-futuro#primaryimage\"},\"thumbnailUrl\":\"https:\\\/\\\/www.isdi.education\\\/es\\\/wp-content\\\/uploads\\\/2024\\\/03\\\/1084-apps20thumn.jpg\",\"datePublished\":\"2021-07-29T00:00:00+00:00\",\"dateModified\":\"2024-04-23T10:02:32+00:00\",\"description\":\"Descubre todas las novedades del panorama tecnol\u00f3gico espa\u00f1ol y qu\u00e9 movimientos legislativos han tenido lugar este mes de julio. \u00a1Te informamos!\",\"breadcrumb\":{\"@id\":\"https:\\\/\\\/www.isdi.education\\\/es\\\/blog\\\/optimismo-digital-julio-sentando-las-bases-para-el-crecimiento-futuro#breadcrumb\"},\"inLanguage\":\"es\",\"potentialAction\":[{\"@type\":\"ReadAction\",\"target\":[\"https:\\\/\\\/www.isdi.education\\\/es\\\/blog\\\/optimismo-digital-julio-sentando-las-bases-para-el-crecimiento-futuro\"]}]},{\"@type\":\"ImageObject\",\"inLanguage\":\"es\",\"@id\":\"https:\\\/\\\/www.isdi.education\\\/es\\\/blog\\\/optimismo-digital-julio-sentando-las-bases-para-el-crecimiento-futuro#primaryimage\",\"url\":\"https:\\\/\\\/www.isdi.education\\\/es\\\/wp-content\\\/uploads\\\/2024\\\/03\\\/1084-apps20thumn.jpg\",\"contentUrl\":\"https:\\\/\\\/www.isdi.education\\\/es\\\/wp-content\\\/uploads\\\/2024\\\/03\\\/1084-apps20thumn.jpg\",\"width\":600,\"height\":400,\"caption\":\"Optimismo Digital Julio: Sentando las bases para el crecimiento futuro\"},{\"@type\":\"BreadcrumbList\",\"@id\":\"https:\\\/\\\/www.isdi.education\\\/es\\\/blog\\\/optimismo-digital-julio-sentando-las-bases-para-el-crecimiento-futuro#breadcrumb\",\"itemListElement\":[{\"@type\":\"ListItem\",\"position\":1,\"name\":\"Inicio\",\"item\":\"https:\\\/\\\/www.isdi.education\\\/es\\\/\"},{\"@type\":\"ListItem\",\"position\":2,\"name\":\"Optimismo Digital Julio: Sentando las bases para el crecimiento futuro\"}]},{\"@type\":\"WebSite\",\"@id\":\"https:\\\/\\\/www.isdi.education\\\/es\\\/#website\",\"url\":\"https:\\\/\\\/www.isdi.education\\\/es\\\/\",\"name\":\"ISDI Espa\u00f1a | La Escuela de Negocios de la Era Digital\",\"description\":\"Descubre la formaci\u00f3n que te abrir\u00e1 las puertas a la era digital. Entra a formar parte de la primera escuela de negocios y direcci\u00f3n nativa digital.\",\"publisher\":{\"@id\":\"https:\\\/\\\/www.isdi.education\\\/es\\\/#organization\"},\"inLanguage\":\"es\"},{\"@type\":\"Organization\",\"@id\":\"https:\\\/\\\/www.isdi.education\\\/es\\\/#organization\",\"name\":\"ISDI Espa\u00f1a | La Escuela de Negocios de la Era Digital\",\"url\":\"https:\\\/\\\/www.isdi.education\\\/es\\\/\",\"logo\":{\"@type\":\"ImageObject\",\"inLanguage\":\"es\",\"@id\":\"https:\\\/\\\/www.isdi.education\\\/es\\\/#\\\/schema\\\/logo\\\/image\\\/\",\"url\":\"https:\\\/\\\/www.isdi.education\\\/es\\\/wp-content\\\/uploads\\\/2024\\\/02\\\/cropped-Favicon.png\",\"contentUrl\":\"https:\\\/\\\/www.isdi.education\\\/es\\\/wp-content\\\/uploads\\\/2024\\\/02\\\/cropped-Favicon.png\",\"width\":512,\"height\":512,\"caption\":\"ISDI Espa\u00f1a | La Escuela de Negocios de la Era Digital\"},\"image\":{\"@id\":\"https:\\\/\\\/www.isdi.education\\\/es\\\/#\\\/schema\\\/logo\\\/image\\\/\"},\"sameAs\":[\"https:\\\/\\\/www.facebook.com\\\/isdi.education\",\"https:\\\/\\\/www.linkedin.com\\\/school\\\/isdi\\\/?originalSubdomain=es\",\"https:\\\/\\\/www.instagram.com\\\/isdi_edu\\\/?hl=es\",\"https:\\\/\\\/www.tiktok.com\\\/@isdi_edu\",\"https:\\\/\\\/www.youtube.com\\\/user\\\/ISDItv\"]},{\"@type\":\"Person\",\"@id\":\"https:\\\/\\\/www.isdi.education\\\/es\\\/#\\\/schema\\\/person\\\/9f30c33eda685abbcfaabf1e7b9e9f76\",\"name\":\"infofuturo\",\"image\":{\"@type\":\"ImageObject\",\"inLanguage\":\"es\",\"@id\":\"https:\\\/\\\/www.isdi.education\\\/es\\\/wp-content\\\/litespeed\\\/avatar\\\/1\\\/06e1ec358746bcb8bb25471d95ddc6aa.jpg?ver=1777453142\",\"url\":\"https:\\\/\\\/www.isdi.education\\\/es\\\/wp-content\\\/litespeed\\\/avatar\\\/1\\\/06e1ec358746bcb8bb25471d95ddc6aa.jpg?ver=1777453142\",\"contentUrl\":\"https:\\\/\\\/www.isdi.education\\\/es\\\/wp-content\\\/litespeed\\\/avatar\\\/1\\\/06e1ec358746bcb8bb25471d95ddc6aa.jpg?ver=1777453142\",\"caption\":\"infofuturo\"},\"url\":\"https:\\\/\\\/www.isdi.education\\\/es\\\/author\\\/infofuturo\"}]}<\/script>\n<!-- \/ Yoast SEO plugin. -->","yoast_head_json":{"title":"Optimismo Digital Julio: Sentando las bases para el crecimiento futuro - ISDI Espa\u00f1a","description":"Descubre todas las novedades del panorama tecnol\u00f3gico espa\u00f1ol y qu\u00e9 movimientos legislativos han tenido lugar este mes de julio. \u00a1Te informamos!","robots":{"index":"index","follow":"follow","max-snippet":"max-snippet:-1","max-image-preview":"max-image-preview:large","max-video-preview":"max-video-preview:-1"},"canonical":"https:\/\/www.isdi.education\/es\/blog\/optimismo-digital-julio-sentando-las-bases-para-el-crecimiento-futuro","og_locale":"es_ES","og_type":"article","og_title":"Optimismo Digital Julio: Sentando las bases para el crecimiento futuro - ISDI Espa\u00f1a","og_description":"Descubre todas las novedades del panorama tecnol\u00f3gico espa\u00f1ol y qu\u00e9 movimientos legislativos han tenido lugar este mes de julio. \u00a1Te informamos!","og_url":"https:\/\/www.isdi.education\/es\/blog\/optimismo-digital-julio-sentando-las-bases-para-el-crecimiento-futuro","og_site_name":"ISDI Espa\u00f1a","article_publisher":"https:\/\/www.facebook.com\/isdi.education","article_published_time":"2021-07-29T00:00:00+00:00","article_modified_time":"2024-04-23T10:02:32+00:00","og_image":[{"width":600,"height":400,"url":"https:\/\/www.isdi.education\/es\/wp-content\/uploads\/2024\/03\/1084-apps20thumn.jpg","type":"image\/jpeg"}],"author":"infofuturo","twitter_card":"summary_large_image","twitter_misc":{"Escrito por":"infofuturo","Tiempo de lectura":"4 minutos"},"schema":{"@context":"https:\/\/schema.org","@graph":[{"@type":"Article","@id":"https:\/\/www.isdi.education\/es\/blog\/optimismo-digital-julio-sentando-las-bases-para-el-crecimiento-futuro#article","isPartOf":{"@id":"https:\/\/www.isdi.education\/es\/blog\/optimismo-digital-julio-sentando-las-bases-para-el-crecimiento-futuro"},"author":{"name":"infofuturo","@id":"https:\/\/www.isdi.education\/es\/#\/schema\/person\/9f30c33eda685abbcfaabf1e7b9e9f76"},"headline":"Optimismo Digital Julio: Sentando las bases para el crecimiento futuro","datePublished":"2021-07-29T00:00:00+00:00","dateModified":"2024-04-23T10:02:32+00:00","mainEntityOfPage":{"@id":"https:\/\/www.isdi.education\/es\/blog\/optimismo-digital-julio-sentando-las-bases-para-el-crecimiento-futuro"},"wordCount":877,"commentCount":0,"publisher":{"@id":"https:\/\/www.isdi.education\/es\/#organization"},"image":{"@id":"https:\/\/www.isdi.education\/es\/blog\/optimismo-digital-julio-sentando-las-bases-para-el-crecimiento-futuro#primaryimage"},"thumbnailUrl":"https:\/\/www.isdi.education\/es\/wp-content\/uploads\/2024\/03\/1084-apps20thumn.jpg","articleSection":["Noticias ISDI"],"inLanguage":"es","potentialAction":[{"@type":"CommentAction","name":"Comment","target":["https:\/\/www.isdi.education\/es\/blog\/optimismo-digital-julio-sentando-las-bases-para-el-crecimiento-futuro#respond"]}]},{"@type":"WebPage","@id":"https:\/\/www.isdi.education\/es\/blog\/optimismo-digital-julio-sentando-las-bases-para-el-crecimiento-futuro","url":"https:\/\/www.isdi.education\/es\/blog\/optimismo-digital-julio-sentando-las-bases-para-el-crecimiento-futuro","name":"Optimismo Digital Julio: Sentando las bases para el crecimiento futuro - ISDI Espa\u00f1a","isPartOf":{"@id":"https:\/\/www.isdi.education\/es\/#website"},"primaryImageOfPage":{"@id":"https:\/\/www.isdi.education\/es\/blog\/optimismo-digital-julio-sentando-las-bases-para-el-crecimiento-futuro#primaryimage"},"image":{"@id":"https:\/\/www.isdi.education\/es\/blog\/optimismo-digital-julio-sentando-las-bases-para-el-crecimiento-futuro#primaryimage"},"thumbnailUrl":"https:\/\/www.isdi.education\/es\/wp-content\/uploads\/2024\/03\/1084-apps20thumn.jpg","datePublished":"2021-07-29T00:00:00+00:00","dateModified":"2024-04-23T10:02:32+00:00","description":"Descubre todas las novedades del panorama tecnol\u00f3gico espa\u00f1ol y qu\u00e9 movimientos legislativos han tenido lugar este mes de julio. \u00a1Te informamos!","breadcrumb":{"@id":"https:\/\/www.isdi.education\/es\/blog\/optimismo-digital-julio-sentando-las-bases-para-el-crecimiento-futuro#breadcrumb"},"inLanguage":"es","potentialAction":[{"@type":"ReadAction","target":["https:\/\/www.isdi.education\/es\/blog\/optimismo-digital-julio-sentando-las-bases-para-el-crecimiento-futuro"]}]},{"@type":"ImageObject","inLanguage":"es","@id":"https:\/\/www.isdi.education\/es\/blog\/optimismo-digital-julio-sentando-las-bases-para-el-crecimiento-futuro#primaryimage","url":"https:\/\/www.isdi.education\/es\/wp-content\/uploads\/2024\/03\/1084-apps20thumn.jpg","contentUrl":"https:\/\/www.isdi.education\/es\/wp-content\/uploads\/2024\/03\/1084-apps20thumn.jpg","width":600,"height":400,"caption":"Optimismo Digital Julio: Sentando las bases para el crecimiento futuro"},{"@type":"BreadcrumbList","@id":"https:\/\/www.isdi.education\/es\/blog\/optimismo-digital-julio-sentando-las-bases-para-el-crecimiento-futuro#breadcrumb","itemListElement":[{"@type":"ListItem","position":1,"name":"Inicio","item":"https:\/\/www.isdi.education\/es\/"},{"@type":"ListItem","position":2,"name":"Optimismo Digital Julio: Sentando las bases para el crecimiento futuro"}]},{"@type":"WebSite","@id":"https:\/\/www.isdi.education\/es\/#website","url":"https:\/\/www.isdi.education\/es\/","name":"ISDI Espa\u00f1a | La Escuela de Negocios de la Era Digital","description":"Descubre la formaci\u00f3n que te abrir\u00e1 las puertas a la era digital. Entra a formar parte de la primera escuela de negocios y direcci\u00f3n nativa digital.","publisher":{"@id":"https:\/\/www.isdi.education\/es\/#organization"},"inLanguage":"es"},{"@type":"Organization","@id":"https:\/\/www.isdi.education\/es\/#organization","name":"ISDI Espa\u00f1a | La Escuela de Negocios de la Era Digital","url":"https:\/\/www.isdi.education\/es\/","logo":{"@type":"ImageObject","inLanguage":"es","@id":"https:\/\/www.isdi.education\/es\/#\/schema\/logo\/image\/","url":"https:\/\/www.isdi.education\/es\/wp-content\/uploads\/2024\/02\/cropped-Favicon.png","contentUrl":"https:\/\/www.isdi.education\/es\/wp-content\/uploads\/2024\/02\/cropped-Favicon.png","width":512,"height":512,"caption":"ISDI Espa\u00f1a | La Escuela de Negocios de la Era Digital"},"image":{"@id":"https:\/\/www.isdi.education\/es\/#\/schema\/logo\/image\/"},"sameAs":["https:\/\/www.facebook.com\/isdi.education","https:\/\/www.linkedin.com\/school\/isdi\/?originalSubdomain=es","https:\/\/www.instagram.com\/isdi_edu\/?hl=es","https:\/\/www.tiktok.com\/@isdi_edu","https:\/\/www.youtube.com\/user\/ISDItv"]},{"@type":"Person","@id":"https:\/\/www.isdi.education\/es\/#\/schema\/person\/9f30c33eda685abbcfaabf1e7b9e9f76","name":"infofuturo","image":{"@type":"ImageObject","inLanguage":"es","@id":"https:\/\/www.isdi.education\/es\/wp-content\/litespeed\/avatar\/1\/06e1ec358746bcb8bb25471d95ddc6aa.jpg?ver=1777453142","url":"https:\/\/www.isdi.education\/es\/wp-content\/litespeed\/avatar\/1\/06e1ec358746bcb8bb25471d95ddc6aa.jpg?ver=1777453142","contentUrl":"https:\/\/www.isdi.education\/es\/wp-content\/litespeed\/avatar\/1\/06e1ec358746bcb8bb25471d95ddc6aa.jpg?ver=1777453142","caption":"infofuturo"},"url":"https:\/\/www.isdi.education\/es\/author\/infofuturo"}]}},"_links":{"self":[{"href":"https:\/\/www.isdi.education\/es\/wp-json\/wp\/v2\/posts\/14054","targetHints":{"allow":["GET"]}}],"collection":[{"href":"https:\/\/www.isdi.education\/es\/wp-json\/wp\/v2\/posts"}],"about":[{"href":"https:\/\/www.isdi.education\/es\/wp-json\/wp\/v2\/types\/post"}],"author":[{"embeddable":true,"href":"https:\/\/www.isdi.education\/es\/wp-json\/wp\/v2\/users\/23"}],"replies":[{"embeddable":true,"href":"https:\/\/www.isdi.education\/es\/wp-json\/wp\/v2\/comments?post=14054"}],"version-history":[{"count":0,"href":"https:\/\/www.isdi.education\/es\/wp-json\/wp\/v2\/posts\/14054\/revisions"}],"wp:featuredmedia":[{"embeddable":true,"href":"https:\/\/www.isdi.education\/es\/wp-json\/wp\/v2\/media\/14053"}],"wp:attachment":[{"href":"https:\/\/www.isdi.education\/es\/wp-json\/wp\/v2\/media?parent=14054"}],"wp:term":[{"taxonomy":"category","embeddable":true,"href":"https:\/\/www.isdi.education\/es\/wp-json\/wp\/v2\/categories?post=14054"},{"taxonomy":"post_tag","embeddable":true,"href":"https:\/\/www.isdi.education\/es\/wp-json\/wp\/v2\/tags?post=14054"}],"curies":[{"name":"wp","href":"https:\/\/api.w.org\/{rel}","templated":true}]}}